{"id":909,"date":"2008-03-15T12:18:50","date_gmt":"2008-03-15T17:18:50","guid":{"rendered":"http:\/\/www.visit-ulcinj.com\/blog\/2008\/03\/15\/mali-i-zi-kerkon-mirekuptim-per-njohjen-e-kosoves\/"},"modified":"2008-07-02T13:05:45","modified_gmt":"2008-07-02T18:05:45","slug":"mali-i-zi-kerkon-mirekuptim-per-njohjen-e-kosoves","status":"publish","type":"post","link":"https:\/\/www.visit-ulcinj.com\/blog\/2008\/03\/15\/mali-i-zi-kerkon-mirekuptim-per-njohjen-e-kosoves\/","title":{"rendered":"Mali i Zi k\u00ebrkon mir\u00ebkuptim p\u00ebr njohjen e Kosov\u00ebs"},"content":{"rendered":"<p><a title=\"Ivo Sanader_Milo ?ukanovi?\" rel=\"lightbox[pics-1205601108]\" href=\"http:\/\/www.visit-ulcinj.com\/blog\/wp-content\/uploads\/2008\/03\/ivo-sanader-_milo-dukanovic.jpg\"><img loading=\"lazy\" src=\"http:\/\/www.visit-ulcinj.com\/blog\/wp-content\/uploads\/2008\/03\/ivo-sanader-_milo-dukanovic.thumbnail.jpg\" alt=\"Ivo Sanader_Milo ?ukanovi?\" width=\"200\" height=\"129\" align=\"left\" \/><\/a>Kryeministri malazez Millo Gjukanoviq, dhe ai kroat, Ivo Sanader, deklaruan t\u00eb m\u00ebrkur\u00ebn n\u00eb Zagreb se t\u00eb dy vendet do t\u00eb marrin q\u00ebndrime t\u00eb ndara sa i p\u00ebrket njohjes s\u00eb Kosov\u00ebs<br \/>\nNjohjen, kan\u00eb th\u00ebn\u00eb Gjukanoviq dhe Sanader, do ta b\u00ebjn\u00eb n\u00eb baz\u00eb t\u00eb interesave t\u00eb shteteve t\u00eb tyre, si dhe t\u00eb interesave t\u00eb partner\u00ebve evropian\u00eb.<br \/>\nBurime qeveritare n\u00eb Podgoric\u00eb, kan\u00eb b\u00ebr\u00eb t\u00eb ditur se Mali i Zi ka k\u00ebrkuar mir\u00ebkuptim nga Brukseli lidhur me q\u00ebndrimin aktual q\u00eb do t\u00eb mbaj\u00eb ndaj Kosov\u00ebs.<br \/>\nKjo, p\u00ebr faktin se nj\u00eb pjes\u00eb e madhe e banor\u00ebve jan\u00eb t\u00eb nacionalitetit serb, ndon\u00ebse n\u00eb Mal t\u00eb Zi jetojn\u00eb edhe nj\u00eb num\u00ebr i konsideruesh\u00ebm i shqiptar\u00ebve. Por Kroacia, pritet q\u00eb shpejt t\u00eb njoh\u00eb pavar\u00ebsin\u00eb e Kosov\u00ebs.<\/p>\n<p><strong>Telegrafi<\/strong><\/p>\n<!-- vimeo error: not a vimeo video -->\n","protected":false},"excerpt":{"rendered":"<p><img loading=\"lazy\" src=\"http:\/\/www.visit-ulcinj.com\/blog\/wp-content\/uploads\/2008\/03\/ivo-sanader-_milo-dukanovic.thumbnail.jpg\" alt=\"Ivo Sanader_Milo ?ukanovi?\" align=\"left\" height=\"140\" width=\"140\" \/><\/p>\n","protected":false},"author":1,"featured_media":0,"comment_status":"open","ping_status":"closed","sticky":false,"template":"","format":"standard","meta":{"spay_email":"","jetpack_publicize_message":"","jetpack_is_tweetstorm":false,"jetpack_publicize_feature_enabled":true},"categories":[1],"tags":[],"jetpack_publicize_connections":[],"yoast_head":"<!-- This site is optimized with the Yoast SEO plugin v19.1 - https:\/\/yoast.com\/wordpress\/plugins\/seo\/ -->\n<title>Mali i Zi k\u00ebrkon mir\u00ebkuptim p\u00ebr njohjen e Kosov\u00ebs - Lajme nga Ulqini<\/title>\n<meta name=\"robots\" content=\"index, follow, max-snippet:-1, max-image-preview:large, max-video-preview:-1\" \/>\n<link rel=\"canonical\" href=\"https:\/\/www.visit-ulcinj.com\/blog\/2008\/03\/15\/mali-i-zi-kerkon-mirekuptim-per-njohjen-e-kosoves\/\" \/>\n<meta property=\"og:locale\" content=\"en_US\" \/>\n<meta property=\"og:type\" content=\"article\" \/>\n<meta property=\"og:title\" content=\"Mali i Zi k\u00ebrkon mir\u00ebkuptim p\u00ebr njohjen e Kosov\u00ebs - Lajme nga Ulqini\" \/>\n<meta property=\"og:url\" content=\"https:\/\/www.visit-ulcinj.com\/blog\/2008\/03\/15\/mali-i-zi-kerkon-mirekuptim-per-njohjen-e-kosoves\/\" \/>\n<meta property=\"og:site_name\" content=\"Lajme nga Ulqini\" \/>\n<meta property=\"article:published_time\" content=\"2008-03-15T17:18:50+00:00\" \/>\n<meta property=\"article:modified_time\" content=\"2008-07-02T18:05:45+00:00\" \/>\n<meta property=\"og:image\" content=\"http:\/\/www.visit-ulcinj.com\/blog\/wp-content\/uploads\/2008\/03\/ivo-sanader-_milo-dukanovic.thumbnail.jpg\" \/>\n<meta name=\"twitter:label1\" content=\"Written by\" \/>\n\t<meta name=\"twitter:data1\" content=\"ulqini\" \/>\n\t<meta name=\"twitter:label2\" content=\"Est. reading time\" \/>\n\t<meta name=\"twitter:data2\" content=\"1 minute\" \/>\n<script type=\"application\/ld+json\" class=\"yoast-schema-graph\">{\"@context\":\"https:\/\/schema.org\",\"@graph\":[{\"@type\":\"WebSite\",\"@id\":\"https:\/\/www.visit-ulcinj.com\/blog\/#website\",\"url\":\"https:\/\/www.visit-ulcinj.com\/blog\/\",\"name\":\"Lajme nga Ulqini\",\"description\":\"Lajme,Vijesti,Ulqini,Ulqin,Crna Gora,Mali i Zi\",\"potentialAction\":[{\"@type\":\"SearchAction\",\"target\":{\"@type\":\"EntryPoint\",\"urlTemplate\":\"https:\/\/www.visit-ulcinj.com\/blog\/?s={search_term_string}\"},\"query-input\":\"required name=search_term_string\"}],\"inLanguage\":\"en-US\"},{\"@type\":\"ImageObject\",\"inLanguage\":\"en-US\",\"@id\":\"https:\/\/www.visit-ulcinj.com\/blog\/2008\/03\/15\/mali-i-zi-kerkon-mirekuptim-per-njohjen-e-kosoves\/#primaryimage\",\"url\":\"http:\/\/www.visit-ulcinj.com\/blog\/wp-content\/uploads\/2008\/03\/ivo-sanader-_milo-dukanovic.thumbnail.jpg\",\"contentUrl\":\"http:\/\/www.visit-ulcinj.com\/blog\/wp-content\/uploads\/2008\/03\/ivo-sanader-_milo-dukanovic.thumbnail.jpg\"},{\"@type\":\"WebPage\",\"@id\":\"https:\/\/www.visit-ulcinj.com\/blog\/2008\/03\/15\/mali-i-zi-kerkon-mirekuptim-per-njohjen-e-kosoves\/#webpage\",\"url\":\"https:\/\/www.visit-ulcinj.com\/blog\/2008\/03\/15\/mali-i-zi-kerkon-mirekuptim-per-njohjen-e-kosoves\/\",\"name\":\"Mali i Zi k\u00ebrkon mir\u00ebkuptim p\u00ebr njohjen e Kosov\u00ebs - Lajme nga Ulqini\",\"isPartOf\":{\"@id\":\"https:\/\/www.visit-ulcinj.com\/blog\/#website\"},\"primaryImageOfPage\":{\"@id\":\"https:\/\/www.visit-ulcinj.com\/blog\/2008\/03\/15\/mali-i-zi-kerkon-mirekuptim-per-njohjen-e-kosoves\/#primaryimage\"},\"datePublished\":\"2008-03-15T17:18:50+00:00\",\"dateModified\":\"2008-07-02T18:05:45+00:00\",\"author\":{\"@id\":\"https:\/\/www.visit-ulcinj.com\/blog\/#\/schema\/person\/dcab619c614d3038751c63bc2aadc06d\"},\"breadcrumb\":{\"@id\":\"https:\/\/www.visit-ulcinj.com\/blog\/2008\/03\/15\/mali-i-zi-kerkon-mirekuptim-per-njohjen-e-kosoves\/#breadcrumb\"},\"inLanguage\":\"en-US\",\"potentialAction\":[{\"@type\":\"ReadAction\",\"target\":[\"https:\/\/www.visit-ulcinj.com\/blog\/2008\/03\/15\/mali-i-zi-kerkon-mirekuptim-per-njohjen-e-kosoves\/\"]}]},{\"@type\":\"BreadcrumbList\",\"@id\":\"https:\/\/www.visit-ulcinj.com\/blog\/2008\/03\/15\/mali-i-zi-kerkon-mirekuptim-per-njohjen-e-kosoves\/#breadcrumb\",\"itemListElement\":[{\"@type\":\"ListItem\",\"position\":1,\"name\":\"Mali i Zi k\u00ebrkon mir\u00ebkuptim p\u00ebr njohjen e Kosov\u00ebs\"}]},{\"@type\":\"Person\",\"@id\":\"https:\/\/www.visit-ulcinj.com\/blog\/#\/schema\/person\/dcab619c614d3038751c63bc2aadc06d\",\"name\":\"ulqini\",\"sameAs\":[\"http:\/\/www.visit-ulcinj.com\"],\"url\":\"https:\/\/www.visit-ulcinj.com\/blog\/author\/admin\/\"}]}<\/script>\n<!-- \/ Yoast SEO plugin. -->","yoast_head_json":{"title":"Mali i Zi k\u00ebrkon mir\u00ebkuptim p\u00ebr njohjen e Kosov\u00ebs - Lajme nga Ulqini","robots":{"index":"index","follow":"follow","max-snippet":"max-snippet:-1","max-image-preview":"max-image-preview:large","max-video-preview":"max-video-preview:-1"},"canonical":"https:\/\/www.visit-ulcinj.com\/blog\/2008\/03\/15\/mali-i-zi-kerkon-mirekuptim-per-njohjen-e-kosoves\/","og_locale":"en_US","og_type":"article","og_title":"Mali i Zi k\u00ebrkon mir\u00ebkuptim p\u00ebr njohjen e Kosov\u00ebs - Lajme nga Ulqini","og_url":"https:\/\/www.visit-ulcinj.com\/blog\/2008\/03\/15\/mali-i-zi-kerkon-mirekuptim-per-njohjen-e-kosoves\/","og_site_name":"Lajme nga Ulqini","article_published_time":"2008-03-15T17:18:50+00:00","article_modified_time":"2008-07-02T18:05:45+00:00","og_image":[{"url":"http:\/\/www.visit-ulcinj.com\/blog\/wp-content\/uploads\/2008\/03\/ivo-sanader-_milo-dukanovic.thumbnail.jpg"}],"twitter_misc":{"Written by":"ulqini","Est. reading time":"1 minute"},"schema":{"@context":"https:\/\/schema.org","@graph":[{"@type":"WebSite","@id":"https:\/\/www.visit-ulcinj.com\/blog\/#website","url":"https:\/\/www.visit-ulcinj.com\/blog\/","name":"Lajme nga Ulqini","description":"Lajme,Vijesti,Ulqini,Ulqin,Crna Gora,Mali i Zi","potentialAction":[{"@type":"SearchAction","target":{"@type":"EntryPoint","urlTemplate":"https:\/\/www.visit-ulcinj.com\/blog\/?s={search_term_string}"},"query-input":"required name=search_term_string"}],"inLanguage":"en-US"},{"@type":"ImageObject","inLanguage":"en-US","@id":"https:\/\/www.visit-ulcinj.com\/blog\/2008\/03\/15\/mali-i-zi-kerkon-mirekuptim-per-njohjen-e-kosoves\/#primaryimage","url":"http:\/\/www.visit-ulcinj.com\/blog\/wp-content\/uploads\/2008\/03\/ivo-sanader-_milo-dukanovic.thumbnail.jpg","contentUrl":"http:\/\/www.visit-ulcinj.com\/blog\/wp-content\/uploads\/2008\/03\/ivo-sanader-_milo-dukanovic.thumbnail.jpg"},{"@type":"WebPage","@id":"https:\/\/www.visit-ulcinj.com\/blog\/2008\/03\/15\/mali-i-zi-kerkon-mirekuptim-per-njohjen-e-kosoves\/#webpage","url":"https:\/\/www.visit-ulcinj.com\/blog\/2008\/03\/15\/mali-i-zi-kerkon-mirekuptim-per-njohjen-e-kosoves\/","name":"Mali i Zi k\u00ebrkon mir\u00ebkuptim p\u00ebr njohjen e Kosov\u00ebs - Lajme nga Ulqini","isPartOf":{"@id":"https:\/\/www.visit-ulcinj.com\/blog\/#website"},"primaryImageOfPage":{"@id":"https:\/\/www.visit-ulcinj.com\/blog\/2008\/03\/15\/mali-i-zi-kerkon-mirekuptim-per-njohjen-e-kosoves\/#primaryimage"},"datePublished":"2008-03-15T17:18:50+00:00","dateModified":"2008-07-02T18:05:45+00:00","author":{"@id":"https:\/\/www.visit-ulcinj.com\/blog\/#\/schema\/person\/dcab619c614d3038751c63bc2aadc06d"},"breadcrumb":{"@id":"https:\/\/www.visit-ulcinj.com\/blog\/2008\/03\/15\/mali-i-zi-kerkon-mirekuptim-per-njohjen-e-kosoves\/#breadcrumb"},"inLanguage":"en-US","potentialAction":[{"@type":"ReadAction","target":["https:\/\/www.visit-ulcinj.com\/blog\/2008\/03\/15\/mali-i-zi-kerkon-mirekuptim-per-njohjen-e-kosoves\/"]}]},{"@type":"BreadcrumbList","@id":"https:\/\/www.visit-ulcinj.com\/blog\/2008\/03\/15\/mali-i-zi-kerkon-mirekuptim-per-njohjen-e-kosoves\/#breadcrumb","itemListElement":[{"@type":"ListItem","position":1,"name":"Mali i Zi k\u00ebrkon mir\u00ebkuptim p\u00ebr njohjen e Kosov\u00ebs"}]},{"@type":"Person","@id":"https:\/\/www.visit-ulcinj.com\/blog\/#\/schema\/person\/dcab619c614d3038751c63bc2aadc06d","name":"ulqini","sameAs":["http:\/\/www.visit-ulcinj.com"],"url":"https:\/\/www.visit-ulcinj.com\/blog\/author\/admin\/"}]}},"jetpack_featured_media_url":"","jetpack_sharing_enabled":true,"jetpack_shortlink":"https:\/\/wp.me\/pe6lTn-eF","_links":{"self":[{"href":"https:\/\/www.visit-ulcinj.com\/blog\/wp-json\/wp\/v2\/posts\/909"}],"collection":[{"href":"https:\/\/www.visit-ulcinj.com\/blog\/wp-json\/wp\/v2\/posts"}],"about":[{"href":"https:\/\/www.visit-ulcinj.com\/blog\/wp-json\/wp\/v2\/types\/post"}],"author":[{"embeddable":true,"href":"https:\/\/www.visit-ulcinj.com\/blog\/wp-json\/wp\/v2\/users\/1"}],"replies":[{"embeddable":true,"href":"https:\/\/www.visit-ulcinj.com\/blog\/wp-json\/wp\/v2\/comments?post=909"}],"version-history":[{"count":0,"href":"https:\/\/www.visit-ulcinj.com\/blog\/wp-json\/wp\/v2\/posts\/909\/revisions"}],"wp:attachment":[{"href":"https:\/\/www.visit-ulcinj.com\/blog\/wp-json\/wp\/v2\/media?parent=909"}],"wp:term":[{"taxonomy":"category","embeddable":true,"href":"https:\/\/www.visit-ulcinj.com\/blog\/wp-json\/wp\/v2\/categories?post=909"},{"taxonomy":"post_tag","embeddable":true,"href":"https:\/\/www.visit-ulcinj.com\/blog\/wp-json\/wp\/v2\/tags?post=909"}],"curies":[{"name":"wp","href":"https:\/\/api.w.org\/{rel}","templated":true}]}}