{"id":90936,"date":"2015-06-12T12:08:18","date_gmt":"2015-06-12T11:08:18","guid":{"rendered":"http:\/\/www.visit-ulcinj.com\/blog\/?p=90936"},"modified":"2015-06-13T14:23:58","modified_gmt":"2015-06-13T13:23:58","slug":"sonte-ne-ulqin-finalja-e-festivalit-netet-e-klipit-shqiptar","status":"publish","type":"post","link":"https:\/\/www.visit-ulcinj.com\/blog\/2015\/06\/12\/sonte-ne-ulqin-finalja-e-festivalit-netet-e-klipit-shqiptar\/","title":{"rendered":"Sonte n\u00eb Ulqin finalja e Festivalit &#8220;Netet e Klipit Shqiptar&#8221;"},"content":{"rendered":"<p><a href=\"http:\/\/www.visit-ulcinj.com\/blog\/wp-content\/uploads\/2015\/06\/Festivali-ne-Ulqin-Netet-e-Klipit-Shqiptar-2015.jpg\"><img loading=\"lazy\" class=\"alignleft wp-image-90937\" src=\"http:\/\/www.visit-ulcinj.com\/blog\/wp-content\/uploads\/2015\/06\/Festivali-ne-Ulqin-Netet-e-Klipit-Shqiptar-2015.jpg\" alt=\"Festivali-ne-Ulqin-Netet e Klipit Shqiptar 2015\" width=\"508\" height=\"380\" \/><\/a>Sonte me 12 qershor, Ulqini do te mireprese naten Gala te ndarjes se \u00e7mimeve te &#8220;Netet e Klipit Shqiptar 2015&#8221;.<br \/>\nNderkohe pergatitjet per kete mbremje kane filluar, ndaj sonte po ju propozojme skenografine e nates Gala!<\/p>\n<p>N\u00eb Sall\u00ebn e madhe t\u00eb Qendr\u00ebs p\u00ebr kultur\u00eb n\u00eb k\u00ebt\u00eb qytet do t\u00eb mbahet Gara e 14 finale e k\u00ebtij manifestim \u201cNet\u00ebt e kripit shqiptar\u201d, t\u00eb cilin do ta transmetojn\u00eb televizionet shtet\u00ebrore t\u00eb Shqip\u00ebris\u00eb, Kosov\u00ebs dhe Maqedonis\u00eb.<\/p>\n<p>Dy prezantuesit e Nates Gala te Edicionit te 14 te Festivalit te Videoklipit shqiptar, Adela Xhamani dhe Herion Mustafaraj, kane filluar punen per naten finale te ndarjes se \u00e7mimeve qe do te mbahet ne Ulqin me 12 qershor. Sot u shkrepen fotot e para\u2026 \u2026 Na ndiqni ne ditet ne vijim per me teper!<\/p>\n<p>Meq\u00eb t\u00eb gjith\u00eb k\u00ebto televizione emitojn\u00eb programin edhe n\u00eb satelit, kjo do t\u00eb thot\u00eb q\u00eb 48 klipe t\u00eb k\u00ebng\u00ebtar\u00ebve t\u00eb njohur t\u00eb muzik\u00ebs zbavit\u00ebse nga Ulqini do t\u00eb mund ti p\u00ebrcjellin Shqiptar\u00ebt an\u00eb e mban\u00eb bot\u00ebs.<\/p>\n","protected":false},"excerpt":{"rendered":"<p>Sonte me 12 qershor, Ulqini do te mireprese naten Gala te ndarjes se \u00e7mimeve te &#8220;Netet e Klipit Shqiptar 2015&#8221;. Nderkohe pergatitjet per kete mbremje kane filluar, ndaj sonte po ju propozojme skenografine e nates Gala! N\u00eb Sall\u00ebn e madhe t\u00eb Qendr\u00ebs p\u00ebr kultur\u00eb n\u00eb k\u00ebt\u00eb qytet do t\u00eb mbahet Gara e 14 finale e [&hellip;]<\/p>\n","protected":false},"author":1,"featured_media":0,"comment_status":"closed","ping_status":"closed","sticky":false,"template":"","format":"standard","meta":{"spay_email":"","jetpack_publicize_message":"","jetpack_is_tweetstorm":false,"jetpack_publicize_feature_enabled":true},"categories":[1],"tags":[],"jetpack_publicize_connections":[],"yoast_head":"<!-- This site is optimized with the Yoast SEO plugin v19.1 - https:\/\/yoast.com\/wordpress\/plugins\/seo\/ -->\n<title>Sonte n\u00eb Ulqin finalja e Festivalit &quot;Netet e Klipit Shqiptar&quot; - Lajme nga Ulqini<\/title>\n<meta name=\"description\" content=\"Sonte me 12 qershor, Ulqini do te mireprese naten Gala te ndarjes se \u00e7mimeve te &quot;Netet e Klipit Shqiptar 2015&quot;. Nderkohe pergatitjet per kete mbremje kane\" \/>\n<meta name=\"robots\" content=\"index, follow, max-snippet:-1, max-image-preview:large, max-video-preview:-1\" \/>\n<link rel=\"canonical\" href=\"https:\/\/www.visit-ulcinj.com\/blog\/2015\/06\/12\/sonte-ne-ulqin-finalja-e-festivalit-netet-e-klipit-shqiptar\/\" \/>\n<meta property=\"og:locale\" content=\"en_US\" \/>\n<meta property=\"og:type\" content=\"article\" \/>\n<meta property=\"og:title\" content=\"Sonte n\u00eb Ulqin finalja e Festivalit &quot;Netet e Klipit Shqiptar&quot; - Lajme nga Ulqini\" \/>\n<meta property=\"og:description\" content=\"Sonte me 12 qershor, Ulqini do te mireprese naten Gala te ndarjes se \u00e7mimeve te &quot;Netet e Klipit Shqiptar 2015&quot;. Nderkohe pergatitjet per kete mbremje kane\" \/>\n<meta property=\"og:url\" content=\"https:\/\/www.visit-ulcinj.com\/blog\/2015\/06\/12\/sonte-ne-ulqin-finalja-e-festivalit-netet-e-klipit-shqiptar\/\" \/>\n<meta property=\"og:site_name\" content=\"Lajme nga Ulqini\" \/>\n<meta property=\"article:published_time\" content=\"2015-06-12T11:08:18+00:00\" \/>\n<meta property=\"article:modified_time\" content=\"2015-06-13T13:23:58+00:00\" \/>\n<meta property=\"og:image\" content=\"http:\/\/www.visit-ulcinj.com\/blog\/wp-content\/uploads\/2015\/06\/Festivali-ne-Ulqin-Netet-e-Klipit-Shqiptar-2015.jpg\" \/>\n<meta name=\"twitter:label1\" content=\"Written by\" \/>\n\t<meta name=\"twitter:data1\" content=\"ulqini\" \/>\n\t<meta name=\"twitter:label2\" content=\"Est. reading time\" \/>\n\t<meta name=\"twitter:data2\" content=\"1 minute\" \/>\n<script type=\"application\/ld+json\" class=\"yoast-schema-graph\">{\"@context\":\"https:\/\/schema.org\",\"@graph\":[{\"@type\":\"WebSite\",\"@id\":\"https:\/\/www.visit-ulcinj.com\/blog\/#website\",\"url\":\"https:\/\/www.visit-ulcinj.com\/blog\/\",\"name\":\"Lajme nga Ulqini\",\"description\":\"Lajme,Vijesti,Ulqini,Ulqin,Crna Gora,Mali i Zi\",\"potentialAction\":[{\"@type\":\"SearchAction\",\"target\":{\"@type\":\"EntryPoint\",\"urlTemplate\":\"https:\/\/www.visit-ulcinj.com\/blog\/?s={search_term_string}\"},\"query-input\":\"required name=search_term_string\"}],\"inLanguage\":\"en-US\"},{\"@type\":\"ImageObject\",\"inLanguage\":\"en-US\",\"@id\":\"https:\/\/www.visit-ulcinj.com\/blog\/2015\/06\/12\/sonte-ne-ulqin-finalja-e-festivalit-netet-e-klipit-shqiptar\/#primaryimage\",\"url\":\"http:\/\/www.visit-ulcinj.com\/blog\/wp-content\/uploads\/2015\/06\/Festivali-ne-Ulqin-Netet-e-Klipit-Shqiptar-2015.jpg\",\"contentUrl\":\"http:\/\/www.visit-ulcinj.com\/blog\/wp-content\/uploads\/2015\/06\/Festivali-ne-Ulqin-Netet-e-Klipit-Shqiptar-2015.jpg\"},{\"@type\":\"WebPage\",\"@id\":\"https:\/\/www.visit-ulcinj.com\/blog\/2015\/06\/12\/sonte-ne-ulqin-finalja-e-festivalit-netet-e-klipit-shqiptar\/#webpage\",\"url\":\"https:\/\/www.visit-ulcinj.com\/blog\/2015\/06\/12\/sonte-ne-ulqin-finalja-e-festivalit-netet-e-klipit-shqiptar\/\",\"name\":\"Sonte n\u00eb Ulqin finalja e Festivalit \\\"Netet e Klipit Shqiptar\\\" - Lajme nga Ulqini\",\"isPartOf\":{\"@id\":\"https:\/\/www.visit-ulcinj.com\/blog\/#website\"},\"primaryImageOfPage\":{\"@id\":\"https:\/\/www.visit-ulcinj.com\/blog\/2015\/06\/12\/sonte-ne-ulqin-finalja-e-festivalit-netet-e-klipit-shqiptar\/#primaryimage\"},\"datePublished\":\"2015-06-12T11:08:18+00:00\",\"dateModified\":\"2015-06-13T13:23:58+00:00\",\"author\":{\"@id\":\"https:\/\/www.visit-ulcinj.com\/blog\/#\/schema\/person\/dcab619c614d3038751c63bc2aadc06d\"},\"description\":\"Sonte me 12 qershor, Ulqini do te mireprese naten Gala te ndarjes se \u00e7mimeve te \\\"Netet e Klipit Shqiptar 2015\\\". Nderkohe pergatitjet per kete mbremje kane\",\"breadcrumb\":{\"@id\":\"https:\/\/www.visit-ulcinj.com\/blog\/2015\/06\/12\/sonte-ne-ulqin-finalja-e-festivalit-netet-e-klipit-shqiptar\/#breadcrumb\"},\"inLanguage\":\"en-US\",\"potentialAction\":[{\"@type\":\"ReadAction\",\"target\":[\"https:\/\/www.visit-ulcinj.com\/blog\/2015\/06\/12\/sonte-ne-ulqin-finalja-e-festivalit-netet-e-klipit-shqiptar\/\"]}]},{\"@type\":\"BreadcrumbList\",\"@id\":\"https:\/\/www.visit-ulcinj.com\/blog\/2015\/06\/12\/sonte-ne-ulqin-finalja-e-festivalit-netet-e-klipit-shqiptar\/#breadcrumb\",\"itemListElement\":[{\"@type\":\"ListItem\",\"position\":1,\"name\":\"Sonte n\u00eb Ulqin finalja e Festivalit &#8220;Netet e Klipit Shqiptar&#8221;\"}]},{\"@type\":\"Person\",\"@id\":\"https:\/\/www.visit-ulcinj.com\/blog\/#\/schema\/person\/dcab619c614d3038751c63bc2aadc06d\",\"name\":\"ulqini\",\"sameAs\":[\"http:\/\/www.visit-ulcinj.com\"],\"url\":\"https:\/\/www.visit-ulcinj.com\/blog\/author\/admin\/\"}]}<\/script>\n<!-- \/ Yoast SEO plugin. -->","yoast_head_json":{"title":"Sonte n\u00eb Ulqin finalja e Festivalit \"Netet e Klipit Shqiptar\" - Lajme nga Ulqini","description":"Sonte me 12 qershor, Ulqini do te mireprese naten Gala te ndarjes se \u00e7mimeve te \"Netet e Klipit Shqiptar 2015\". Nderkohe pergatitjet per kete mbremje kane","robots":{"index":"index","follow":"follow","max-snippet":"max-snippet:-1","max-image-preview":"max-image-preview:large","max-video-preview":"max-video-preview:-1"},"canonical":"https:\/\/www.visit-ulcinj.com\/blog\/2015\/06\/12\/sonte-ne-ulqin-finalja-e-festivalit-netet-e-klipit-shqiptar\/","og_locale":"en_US","og_type":"article","og_title":"Sonte n\u00eb Ulqin finalja e Festivalit \"Netet e Klipit Shqiptar\" - Lajme nga Ulqini","og_description":"Sonte me 12 qershor, Ulqini do te mireprese naten Gala te ndarjes se \u00e7mimeve te \"Netet e Klipit Shqiptar 2015\". Nderkohe pergatitjet per kete mbremje kane","og_url":"https:\/\/www.visit-ulcinj.com\/blog\/2015\/06\/12\/sonte-ne-ulqin-finalja-e-festivalit-netet-e-klipit-shqiptar\/","og_site_name":"Lajme nga Ulqini","article_published_time":"2015-06-12T11:08:18+00:00","article_modified_time":"2015-06-13T13:23:58+00:00","og_image":[{"url":"http:\/\/www.visit-ulcinj.com\/blog\/wp-content\/uploads\/2015\/06\/Festivali-ne-Ulqin-Netet-e-Klipit-Shqiptar-2015.jpg"}],"twitter_misc":{"Written by":"ulqini","Est. reading time":"1 minute"},"schema":{"@context":"https:\/\/schema.org","@graph":[{"@type":"WebSite","@id":"https:\/\/www.visit-ulcinj.com\/blog\/#website","url":"https:\/\/www.visit-ulcinj.com\/blog\/","name":"Lajme nga Ulqini","description":"Lajme,Vijesti,Ulqini,Ulqin,Crna Gora,Mali i Zi","potentialAction":[{"@type":"SearchAction","target":{"@type":"EntryPoint","urlTemplate":"https:\/\/www.visit-ulcinj.com\/blog\/?s={search_term_string}"},"query-input":"required name=search_term_string"}],"inLanguage":"en-US"},{"@type":"ImageObject","inLanguage":"en-US","@id":"https:\/\/www.visit-ulcinj.com\/blog\/2015\/06\/12\/sonte-ne-ulqin-finalja-e-festivalit-netet-e-klipit-shqiptar\/#primaryimage","url":"http:\/\/www.visit-ulcinj.com\/blog\/wp-content\/uploads\/2015\/06\/Festivali-ne-Ulqin-Netet-e-Klipit-Shqiptar-2015.jpg","contentUrl":"http:\/\/www.visit-ulcinj.com\/blog\/wp-content\/uploads\/2015\/06\/Festivali-ne-Ulqin-Netet-e-Klipit-Shqiptar-2015.jpg"},{"@type":"WebPage","@id":"https:\/\/www.visit-ulcinj.com\/blog\/2015\/06\/12\/sonte-ne-ulqin-finalja-e-festivalit-netet-e-klipit-shqiptar\/#webpage","url":"https:\/\/www.visit-ulcinj.com\/blog\/2015\/06\/12\/sonte-ne-ulqin-finalja-e-festivalit-netet-e-klipit-shqiptar\/","name":"Sonte n\u00eb Ulqin finalja e Festivalit \"Netet e Klipit Shqiptar\" - Lajme nga Ulqini","isPartOf":{"@id":"https:\/\/www.visit-ulcinj.com\/blog\/#website"},"primaryImageOfPage":{"@id":"https:\/\/www.visit-ulcinj.com\/blog\/2015\/06\/12\/sonte-ne-ulqin-finalja-e-festivalit-netet-e-klipit-shqiptar\/#primaryimage"},"datePublished":"2015-06-12T11:08:18+00:00","dateModified":"2015-06-13T13:23:58+00:00","author":{"@id":"https:\/\/www.visit-ulcinj.com\/blog\/#\/schema\/person\/dcab619c614d3038751c63bc2aadc06d"},"description":"Sonte me 12 qershor, Ulqini do te mireprese naten Gala te ndarjes se \u00e7mimeve te \"Netet e Klipit Shqiptar 2015\". Nderkohe pergatitjet per kete mbremje kane","breadcrumb":{"@id":"https:\/\/www.visit-ulcinj.com\/blog\/2015\/06\/12\/sonte-ne-ulqin-finalja-e-festivalit-netet-e-klipit-shqiptar\/#breadcrumb"},"inLanguage":"en-US","potentialAction":[{"@type":"ReadAction","target":["https:\/\/www.visit-ulcinj.com\/blog\/2015\/06\/12\/sonte-ne-ulqin-finalja-e-festivalit-netet-e-klipit-shqiptar\/"]}]},{"@type":"BreadcrumbList","@id":"https:\/\/www.visit-ulcinj.com\/blog\/2015\/06\/12\/sonte-ne-ulqin-finalja-e-festivalit-netet-e-klipit-shqiptar\/#breadcrumb","itemListElement":[{"@type":"ListItem","position":1,"name":"Sonte n\u00eb Ulqin finalja e Festivalit &#8220;Netet e Klipit Shqiptar&#8221;"}]},{"@type":"Person","@id":"https:\/\/www.visit-ulcinj.com\/blog\/#\/schema\/person\/dcab619c614d3038751c63bc2aadc06d","name":"ulqini","sameAs":["http:\/\/www.visit-ulcinj.com"],"url":"https:\/\/www.visit-ulcinj.com\/blog\/author\/admin\/"}]}},"jetpack_featured_media_url":"","jetpack_sharing_enabled":true,"jetpack_shortlink":"https:\/\/wp.me\/pe6lTn-nEI","_links":{"self":[{"href":"https:\/\/www.visit-ulcinj.com\/blog\/wp-json\/wp\/v2\/posts\/90936"}],"collection":[{"href":"https:\/\/www.visit-ulcinj.com\/blog\/wp-json\/wp\/v2\/posts"}],"about":[{"href":"https:\/\/www.visit-ulcinj.com\/blog\/wp-json\/wp\/v2\/types\/post"}],"author":[{"embeddable":true,"href":"https:\/\/www.visit-ulcinj.com\/blog\/wp-json\/wp\/v2\/users\/1"}],"replies":[{"embeddable":true,"href":"https:\/\/www.visit-ulcinj.com\/blog\/wp-json\/wp\/v2\/comments?post=90936"}],"version-history":[{"count":1,"href":"https:\/\/www.visit-ulcinj.com\/blog\/wp-json\/wp\/v2\/posts\/90936\/revisions"}],"predecessor-version":[{"id":90938,"href":"https:\/\/www.visit-ulcinj.com\/blog\/wp-json\/wp\/v2\/posts\/90936\/revisions\/90938"}],"wp:attachment":[{"href":"https:\/\/www.visit-ulcinj.com\/blog\/wp-json\/wp\/v2\/media?parent=90936"}],"wp:term":[{"taxonomy":"category","embeddable":true,"href":"https:\/\/www.visit-ulcinj.com\/blog\/wp-json\/wp\/v2\/categories?post=90936"},{"taxonomy":"post_tag","embeddable":true,"href":"https:\/\/www.visit-ulcinj.com\/blog\/wp-json\/wp\/v2\/tags?post=90936"}],"curies":[{"name":"wp","href":"https:\/\/api.w.org\/{rel}","templated":true}]}}