{"id":90946,"date":"2015-06-12T16:43:58","date_gmt":"2015-06-12T15:43:58","guid":{"rendered":"http:\/\/www.visit-ulcinj.com\/blog\/?p=90946"},"modified":"2015-06-12T16:43:58","modified_gmt":"2015-06-12T15:43:58","slug":"turizmi-ulqinit-ne-optiken-e-gazetareve","status":"publish","type":"post","link":"https:\/\/www.visit-ulcinj.com\/blog\/2015\/06\/12\/turizmi-ulqinit-ne-optiken-e-gazetareve\/","title":{"rendered":"Turizmi i Ulqinit n\u00eb optik\u00ebn e gazetar\u00ebve"},"content":{"rendered":"<p><a href=\"http:\/\/www.visit-ulcinj.com\/blog\/wp-content\/uploads\/2015\/06\/Turizmi-i-ulqinit-kryporja-gvozdenovic.jpg\"><img loading=\"lazy\" class=\"alignleft wp-image-90948\" src=\"http:\/\/www.visit-ulcinj.com\/blog\/wp-content\/uploads\/2015\/06\/Turizmi-i-ulqinit-kryporja-gvozdenovic.jpg\" alt=\"Turizmi i ulqinit-kryporja-gvozdenovic\" width=\"508\" height=\"381\" srcset=\"https:\/\/www.visit-ulcinj.com\/blog\/wp-content\/uploads\/2015\/06\/Turizmi-i-ulqinit-kryporja-gvozdenovic.jpg 640w, https:\/\/www.visit-ulcinj.com\/blog\/wp-content\/uploads\/2015\/06\/Turizmi-i-ulqinit-kryporja-gvozdenovic-300x225.jpg 300w\" sizes=\"(max-width: 508px) 100vw, 508px\" \/><\/a>Mas medjet\u00a0\u00a0 I kushtojn\u00eb\u00a0 hapsir\u00eb \u00a0\u00a0vizit\u00ebs s\u00eb Ministrit \u00a0\u00a0t\u00eb \u00a0zhvillimit\u00a0\u00a0 t\u00eb q\u00ebndruesh\u00ebm\u00a0 dhe turizmit \u00a0\u00a0Branimir\u00a0 Gvozdenoviq\u00a0 dhe bashk\u00ebpun\u00ebtor\u00ebve t\u00eb tij n\u00eb qytetin ton\u00eb<\/p>\n<p>Deklaratat\u00a0 e Ministrit\u00a0 Gvozdenoviq dhe Kryetarit\u00a0 t\u00eb Ulqinit Z .Fatmir Gjeka rreth p\u00ebrgatitjeve\u00a0 t\u00eb sezonit turistik \u00a0dhe vler\u00ebsimet\u00a0 q\u00eb\u00a0 sezoni\u00a0 i ketij viti ka\u00a0 filluar mbar\u00eb,\u00a0 z\u00ebn\u00eb vend q\u00ebndror\u00eb n\u00eb\u00a0 faqet e gazetave.<\/p>\n<p>Po ashtu\u00a0 citohet Ministri Gvozdenoviq p\u00ebr paralajm\u00ebrimin e shpejt\u00eb t\u00eb \u00a0sjelljes s\u00eb Planit\u00a0 hapsinor-urbanistik si faktor i r\u00ebnd\u00ebsish\u00ebm\u00a0 p\u00ebr\u00a0 zhvillimin e\u00a0 qytetit ton\u00eb dhe nisjen e\u00a0 investimeve\u00a0 n\u00eb kanalizim dhe ujsjelles .<\/p>\n<p>Vizita n\u00eb Kriporen e qytetit\u00a0\u00a0 e Ministrit , p\u00ebrfaqesuesve t\u00eb lart\u00eb\u00a0 t\u00eb BE dhe strukturave udh\u00ebheq\u00ebse komunale\u00a0 jep shpres\u00eb se \u00a0c\u00ebshtja e kripores\u00a0 tashm\u00eb ka\u00a0 hyr\u00eb\u00a0 n\u00eb rrug\u00ebn e zgjidhjes \u00a0dhe\u00a0 se\u00a0 pal\u00ebt jan\u00eb\u00a0 t\u00eb interesuara q\u00eb procesi i\u00a0 krip\u00ebs n\u00eb m\u00ebnyre klasike t\u00eb jet\u00ebsohet dhe krahas\u00a0 k\u00ebsaj\u00a0 kriporja t\u00eb jet\u00eb\u00a0 dhe oaz\u00eb\u00a0 p\u00ebr\u00a0 zogjt\u00eb.<\/p>\n<p>Komuna Ulqinit<\/p>\n","protected":false},"excerpt":{"rendered":"<p>Mas medjet\u00a0\u00a0 I kushtojn\u00eb\u00a0 hapsir\u00eb \u00a0\u00a0vizit\u00ebs s\u00eb Ministrit \u00a0\u00a0t\u00eb \u00a0zhvillimit\u00a0\u00a0 t\u00eb q\u00ebndruesh\u00ebm\u00a0 dhe turizmit \u00a0\u00a0Branimir\u00a0 Gvozdenoviq\u00a0 dhe bashk\u00ebpun\u00ebtor\u00ebve t\u00eb tij n\u00eb qytetin ton\u00eb Deklaratat\u00a0 e Ministrit\u00a0 Gvozdenoviq dhe Kryetarit\u00a0 t\u00eb Ulqinit Z .Fatmir Gjeka rreth p\u00ebrgatitjeve\u00a0 t\u00eb sezonit turistik \u00a0dhe vler\u00ebsimet\u00a0 q\u00eb\u00a0 sezoni\u00a0 i ketij viti ka\u00a0 filluar mbar\u00eb,\u00a0 z\u00ebn\u00eb vend q\u00ebndror\u00eb n\u00eb\u00a0 faqet e [&hellip;]<\/p>\n","protected":false},"author":1,"featured_media":0,"comment_status":"closed","ping_status":"closed","sticky":false,"template":"","format":"standard","meta":{"spay_email":"","jetpack_publicize_message":"","jetpack_is_tweetstorm":false,"jetpack_publicize_feature_enabled":true},"categories":[15],"tags":[],"jetpack_publicize_connections":[],"yoast_head":"<!-- This site is optimized with the Yoast SEO plugin v19.1 - https:\/\/yoast.com\/wordpress\/plugins\/seo\/ -->\n<title>Turizmi i Ulqinit n\u00eb optik\u00ebn e gazetar\u00ebve - Lajme nga Ulqini<\/title>\n<meta name=\"description\" content=\"Mas medjet\u00a0\u00a0 I kushtojn\u00eb\u00a0 hapsir\u00eb \u00a0\u00a0vizit\u00ebs s\u00eb Ministrit \u00a0\u00a0t\u00eb \u00a0zhvillimit\u00a0\u00a0 t\u00eb q\u00ebndruesh\u00ebm\u00a0 dhe turizmit \u00a0\u00a0Branimir\u00a0 Gvozdenoviq\u00a0 dhe bashk\u00ebpun\u00ebtor\u00ebve t\u00eb\" \/>\n<meta name=\"robots\" content=\"index, follow, max-snippet:-1, max-image-preview:large, max-video-preview:-1\" \/>\n<link rel=\"canonical\" href=\"https:\/\/www.visit-ulcinj.com\/blog\/2015\/06\/12\/turizmi-ulqinit-ne-optiken-e-gazetareve\/\" \/>\n<meta property=\"og:locale\" content=\"en_US\" \/>\n<meta property=\"og:type\" content=\"article\" \/>\n<meta property=\"og:title\" content=\"Turizmi i Ulqinit n\u00eb optik\u00ebn e gazetar\u00ebve - Lajme nga Ulqini\" \/>\n<meta property=\"og:description\" content=\"Mas medjet\u00a0\u00a0 I kushtojn\u00eb\u00a0 hapsir\u00eb \u00a0\u00a0vizit\u00ebs s\u00eb Ministrit \u00a0\u00a0t\u00eb \u00a0zhvillimit\u00a0\u00a0 t\u00eb q\u00ebndruesh\u00ebm\u00a0 dhe turizmit \u00a0\u00a0Branimir\u00a0 Gvozdenoviq\u00a0 dhe bashk\u00ebpun\u00ebtor\u00ebve t\u00eb\" \/>\n<meta property=\"og:url\" content=\"https:\/\/www.visit-ulcinj.com\/blog\/2015\/06\/12\/turizmi-ulqinit-ne-optiken-e-gazetareve\/\" \/>\n<meta property=\"og:site_name\" content=\"Lajme nga Ulqini\" \/>\n<meta property=\"article:published_time\" content=\"2015-06-12T15:43:58+00:00\" \/>\n<meta property=\"og:image\" content=\"http:\/\/www.visit-ulcinj.com\/blog\/wp-content\/uploads\/2015\/06\/Turizmi-i-ulqinit-kryporja-gvozdenovic.jpg\" \/>\n<meta name=\"twitter:label1\" content=\"Written by\" \/>\n\t<meta name=\"twitter:data1\" content=\"ulqini\" \/>\n\t<meta name=\"twitter:label2\" content=\"Est. reading time\" \/>\n\t<meta name=\"twitter:data2\" content=\"1 minute\" \/>\n<script type=\"application\/ld+json\" class=\"yoast-schema-graph\">{\"@context\":\"https:\/\/schema.org\",\"@graph\":[{\"@type\":\"WebSite\",\"@id\":\"https:\/\/www.visit-ulcinj.com\/blog\/#website\",\"url\":\"https:\/\/www.visit-ulcinj.com\/blog\/\",\"name\":\"Lajme nga Ulqini\",\"description\":\"Lajme,Vijesti,Ulqini,Ulqin,Crna Gora,Mali i Zi\",\"potentialAction\":[{\"@type\":\"SearchAction\",\"target\":{\"@type\":\"EntryPoint\",\"urlTemplate\":\"https:\/\/www.visit-ulcinj.com\/blog\/?s={search_term_string}\"},\"query-input\":\"required name=search_term_string\"}],\"inLanguage\":\"en-US\"},{\"@type\":\"ImageObject\",\"inLanguage\":\"en-US\",\"@id\":\"https:\/\/www.visit-ulcinj.com\/blog\/2015\/06\/12\/turizmi-ulqinit-ne-optiken-e-gazetareve\/#primaryimage\",\"url\":\"https:\/\/www.visit-ulcinj.com\/blog\/wp-content\/uploads\/2015\/06\/Turizmi-i-ulqinit-kryporja-gvozdenovic.jpg\",\"contentUrl\":\"https:\/\/www.visit-ulcinj.com\/blog\/wp-content\/uploads\/2015\/06\/Turizmi-i-ulqinit-kryporja-gvozdenovic.jpg\",\"width\":640,\"height\":480},{\"@type\":\"WebPage\",\"@id\":\"https:\/\/www.visit-ulcinj.com\/blog\/2015\/06\/12\/turizmi-ulqinit-ne-optiken-e-gazetareve\/#webpage\",\"url\":\"https:\/\/www.visit-ulcinj.com\/blog\/2015\/06\/12\/turizmi-ulqinit-ne-optiken-e-gazetareve\/\",\"name\":\"Turizmi i Ulqinit n\u00eb optik\u00ebn e gazetar\u00ebve - Lajme nga Ulqini\",\"isPartOf\":{\"@id\":\"https:\/\/www.visit-ulcinj.com\/blog\/#website\"},\"primaryImageOfPage\":{\"@id\":\"https:\/\/www.visit-ulcinj.com\/blog\/2015\/06\/12\/turizmi-ulqinit-ne-optiken-e-gazetareve\/#primaryimage\"},\"datePublished\":\"2015-06-12T15:43:58+00:00\",\"dateModified\":\"2015-06-12T15:43:58+00:00\",\"author\":{\"@id\":\"https:\/\/www.visit-ulcinj.com\/blog\/#\/schema\/person\/dcab619c614d3038751c63bc2aadc06d\"},\"description\":\"Mas medjet\u00a0\u00a0 I kushtojn\u00eb\u00a0 hapsir\u00eb \u00a0\u00a0vizit\u00ebs s\u00eb Ministrit \u00a0\u00a0t\u00eb \u00a0zhvillimit\u00a0\u00a0 t\u00eb q\u00ebndruesh\u00ebm\u00a0 dhe turizmit \u00a0\u00a0Branimir\u00a0 Gvozdenoviq\u00a0 dhe bashk\u00ebpun\u00ebtor\u00ebve t\u00eb\",\"breadcrumb\":{\"@id\":\"https:\/\/www.visit-ulcinj.com\/blog\/2015\/06\/12\/turizmi-ulqinit-ne-optiken-e-gazetareve\/#breadcrumb\"},\"inLanguage\":\"en-US\",\"potentialAction\":[{\"@type\":\"ReadAction\",\"target\":[\"https:\/\/www.visit-ulcinj.com\/blog\/2015\/06\/12\/turizmi-ulqinit-ne-optiken-e-gazetareve\/\"]}]},{\"@type\":\"BreadcrumbList\",\"@id\":\"https:\/\/www.visit-ulcinj.com\/blog\/2015\/06\/12\/turizmi-ulqinit-ne-optiken-e-gazetareve\/#breadcrumb\",\"itemListElement\":[{\"@type\":\"ListItem\",\"position\":1,\"name\":\"Turizmi i Ulqinit n\u00eb optik\u00ebn e gazetar\u00ebve\"}]},{\"@type\":\"Person\",\"@id\":\"https:\/\/www.visit-ulcinj.com\/blog\/#\/schema\/person\/dcab619c614d3038751c63bc2aadc06d\",\"name\":\"ulqini\",\"sameAs\":[\"http:\/\/www.visit-ulcinj.com\"],\"url\":\"https:\/\/www.visit-ulcinj.com\/blog\/author\/admin\/\"}]}<\/script>\n<!-- \/ Yoast SEO plugin. -->","yoast_head_json":{"title":"Turizmi i Ulqinit n\u00eb optik\u00ebn e gazetar\u00ebve - Lajme nga Ulqini","description":"Mas medjet\u00a0\u00a0 I kushtojn\u00eb\u00a0 hapsir\u00eb \u00a0\u00a0vizit\u00ebs s\u00eb Ministrit \u00a0\u00a0t\u00eb \u00a0zhvillimit\u00a0\u00a0 t\u00eb q\u00ebndruesh\u00ebm\u00a0 dhe turizmit \u00a0\u00a0Branimir\u00a0 Gvozdenoviq\u00a0 dhe bashk\u00ebpun\u00ebtor\u00ebve t\u00eb","robots":{"index":"index","follow":"follow","max-snippet":"max-snippet:-1","max-image-preview":"max-image-preview:large","max-video-preview":"max-video-preview:-1"},"canonical":"https:\/\/www.visit-ulcinj.com\/blog\/2015\/06\/12\/turizmi-ulqinit-ne-optiken-e-gazetareve\/","og_locale":"en_US","og_type":"article","og_title":"Turizmi i Ulqinit n\u00eb optik\u00ebn e gazetar\u00ebve - Lajme nga Ulqini","og_description":"Mas medjet\u00a0\u00a0 I kushtojn\u00eb\u00a0 hapsir\u00eb \u00a0\u00a0vizit\u00ebs s\u00eb Ministrit \u00a0\u00a0t\u00eb \u00a0zhvillimit\u00a0\u00a0 t\u00eb q\u00ebndruesh\u00ebm\u00a0 dhe turizmit \u00a0\u00a0Branimir\u00a0 Gvozdenoviq\u00a0 dhe bashk\u00ebpun\u00ebtor\u00ebve t\u00eb","og_url":"https:\/\/www.visit-ulcinj.com\/blog\/2015\/06\/12\/turizmi-ulqinit-ne-optiken-e-gazetareve\/","og_site_name":"Lajme nga Ulqini","article_published_time":"2015-06-12T15:43:58+00:00","og_image":[{"url":"http:\/\/www.visit-ulcinj.com\/blog\/wp-content\/uploads\/2015\/06\/Turizmi-i-ulqinit-kryporja-gvozdenovic.jpg"}],"twitter_misc":{"Written by":"ulqini","Est. reading time":"1 minute"},"schema":{"@context":"https:\/\/schema.org","@graph":[{"@type":"WebSite","@id":"https:\/\/www.visit-ulcinj.com\/blog\/#website","url":"https:\/\/www.visit-ulcinj.com\/blog\/","name":"Lajme nga Ulqini","description":"Lajme,Vijesti,Ulqini,Ulqin,Crna Gora,Mali i Zi","potentialAction":[{"@type":"SearchAction","target":{"@type":"EntryPoint","urlTemplate":"https:\/\/www.visit-ulcinj.com\/blog\/?s={search_term_string}"},"query-input":"required name=search_term_string"}],"inLanguage":"en-US"},{"@type":"ImageObject","inLanguage":"en-US","@id":"https:\/\/www.visit-ulcinj.com\/blog\/2015\/06\/12\/turizmi-ulqinit-ne-optiken-e-gazetareve\/#primaryimage","url":"https:\/\/www.visit-ulcinj.com\/blog\/wp-content\/uploads\/2015\/06\/Turizmi-i-ulqinit-kryporja-gvozdenovic.jpg","contentUrl":"https:\/\/www.visit-ulcinj.com\/blog\/wp-content\/uploads\/2015\/06\/Turizmi-i-ulqinit-kryporja-gvozdenovic.jpg","width":640,"height":480},{"@type":"WebPage","@id":"https:\/\/www.visit-ulcinj.com\/blog\/2015\/06\/12\/turizmi-ulqinit-ne-optiken-e-gazetareve\/#webpage","url":"https:\/\/www.visit-ulcinj.com\/blog\/2015\/06\/12\/turizmi-ulqinit-ne-optiken-e-gazetareve\/","name":"Turizmi i Ulqinit n\u00eb optik\u00ebn e gazetar\u00ebve - Lajme nga Ulqini","isPartOf":{"@id":"https:\/\/www.visit-ulcinj.com\/blog\/#website"},"primaryImageOfPage":{"@id":"https:\/\/www.visit-ulcinj.com\/blog\/2015\/06\/12\/turizmi-ulqinit-ne-optiken-e-gazetareve\/#primaryimage"},"datePublished":"2015-06-12T15:43:58+00:00","dateModified":"2015-06-12T15:43:58+00:00","author":{"@id":"https:\/\/www.visit-ulcinj.com\/blog\/#\/schema\/person\/dcab619c614d3038751c63bc2aadc06d"},"description":"Mas medjet\u00a0\u00a0 I kushtojn\u00eb\u00a0 hapsir\u00eb \u00a0\u00a0vizit\u00ebs s\u00eb Ministrit \u00a0\u00a0t\u00eb \u00a0zhvillimit\u00a0\u00a0 t\u00eb q\u00ebndruesh\u00ebm\u00a0 dhe turizmit \u00a0\u00a0Branimir\u00a0 Gvozdenoviq\u00a0 dhe bashk\u00ebpun\u00ebtor\u00ebve t\u00eb","breadcrumb":{"@id":"https:\/\/www.visit-ulcinj.com\/blog\/2015\/06\/12\/turizmi-ulqinit-ne-optiken-e-gazetareve\/#breadcrumb"},"inLanguage":"en-US","potentialAction":[{"@type":"ReadAction","target":["https:\/\/www.visit-ulcinj.com\/blog\/2015\/06\/12\/turizmi-ulqinit-ne-optiken-e-gazetareve\/"]}]},{"@type":"BreadcrumbList","@id":"https:\/\/www.visit-ulcinj.com\/blog\/2015\/06\/12\/turizmi-ulqinit-ne-optiken-e-gazetareve\/#breadcrumb","itemListElement":[{"@type":"ListItem","position":1,"name":"Turizmi i Ulqinit n\u00eb optik\u00ebn e gazetar\u00ebve"}]},{"@type":"Person","@id":"https:\/\/www.visit-ulcinj.com\/blog\/#\/schema\/person\/dcab619c614d3038751c63bc2aadc06d","name":"ulqini","sameAs":["http:\/\/www.visit-ulcinj.com"],"url":"https:\/\/www.visit-ulcinj.com\/blog\/author\/admin\/"}]}},"jetpack_featured_media_url":"","jetpack_sharing_enabled":true,"jetpack_shortlink":"https:\/\/wp.me\/pe6lTn-nES","_links":{"self":[{"href":"https:\/\/www.visit-ulcinj.com\/blog\/wp-json\/wp\/v2\/posts\/90946"}],"collection":[{"href":"https:\/\/www.visit-ulcinj.com\/blog\/wp-json\/wp\/v2\/posts"}],"about":[{"href":"https:\/\/www.visit-ulcinj.com\/blog\/wp-json\/wp\/v2\/types\/post"}],"author":[{"embeddable":true,"href":"https:\/\/www.visit-ulcinj.com\/blog\/wp-json\/wp\/v2\/users\/1"}],"replies":[{"embeddable":true,"href":"https:\/\/www.visit-ulcinj.com\/blog\/wp-json\/wp\/v2\/comments?post=90946"}],"version-history":[{"count":1,"href":"https:\/\/www.visit-ulcinj.com\/blog\/wp-json\/wp\/v2\/posts\/90946\/revisions"}],"predecessor-version":[{"id":90949,"href":"https:\/\/www.visit-ulcinj.com\/blog\/wp-json\/wp\/v2\/posts\/90946\/revisions\/90949"}],"wp:attachment":[{"href":"https:\/\/www.visit-ulcinj.com\/blog\/wp-json\/wp\/v2\/media?parent=90946"}],"wp:term":[{"taxonomy":"category","embeddable":true,"href":"https:\/\/www.visit-ulcinj.com\/blog\/wp-json\/wp\/v2\/categories?post=90946"},{"taxonomy":"post_tag","embeddable":true,"href":"https:\/\/www.visit-ulcinj.com\/blog\/wp-json\/wp\/v2\/tags?post=90946"}],"curies":[{"name":"wp","href":"https:\/\/api.w.org\/{rel}","templated":true}]}}