{"id":90950,"date":"2015-06-13T14:17:41","date_gmt":"2015-06-13T13:17:41","guid":{"rendered":"http:\/\/www.visit-ulcinj.com\/blog\/?p=90950"},"modified":"2015-06-13T14:55:39","modified_gmt":"2015-06-13T13:55:39","slug":"mesianizmi-ne-trashegimin-intelektuale-te-botes-sabbatai-zevi-dhe-ulqini","status":"publish","type":"post","link":"https:\/\/www.visit-ulcinj.com\/blog\/2015\/06\/13\/mesianizmi-ne-trashegimin-intelektuale-te-botes-sabbatai-zevi-dhe-ulqini\/","title":{"rendered":"Mesianizmi n\u00eb trash\u00ebgimin intelektuale t\u00eb bot\u00ebs: Sabbatai Zevi dhe Ulqini"},"content":{"rendered":"<p><a href=\"http:\/\/www.visit-ulcinj.com\/blog\/wp-content\/uploads\/2015\/06\/LIGJ\u00cbRAT\u00cb-P\u00cbR-SABATAJ-SEVIN-ULQIN.jpg\"><img loading=\"lazy\" class=\"alignleft wp-image-90952\" src=\"http:\/\/www.visit-ulcinj.com\/blog\/wp-content\/uploads\/2015\/06\/LIGJ\u00cbRAT\u00cb-P\u00cbR-SABATAJ-SEVIN-ULQIN.jpg\" alt=\"LIGJ\u00cbRAT\u00cb P\u00cbR SABATAJ SEVIN ULQIN\" width=\"508\" height=\"381\" srcset=\"https:\/\/www.visit-ulcinj.com\/blog\/wp-content\/uploads\/2015\/06\/LIGJ\u00cbRAT\u00cb-P\u00cbR-SABATAJ-SEVIN-ULQIN.jpg 960w, https:\/\/www.visit-ulcinj.com\/blog\/wp-content\/uploads\/2015\/06\/LIGJ\u00cbRAT\u00cb-P\u00cbR-SABATAJ-SEVIN-ULQIN-300x225.jpg 300w\" sizes=\"(max-width: 508px) 100vw, 508px\" \/><\/a>Mbrem\u00eb Shoqata Almanah, Komuna e Ulqinit, shoqata &#8220;Kalaja dhe kompanija &#8220;Real Estate&#8221; n\u00eb hapsirat e &#8220;Palatit VENECIJA&#8221; kan\u00eb organizuar l\u00ebgjerat\u00ebn p\u00ebr mesian e fundit t\u00eb rrejsh\u00ebm Shabtaj Cvin, i cili vitet e fundit t\u00eb jet\u00ebs s\u00eb tij i ka kaluar n\u00eb Ulqin, n\u00eb Kalan\u00eb ton\u00eb, m\u00eb emrin Mehmet Efendia. Nj\u00eb nd\u00ebr intelektualet m\u00eb t\u00eb njohur n\u00eb Evrop\u00eb akademiku z. Rusmir MAHMUTQEHAIQ n\u00eb ligjerat\u00ebn tij ka folur p\u00ebr Shabtaj Cvin, duke na evokuar disa ngjarje dhe disa aspekte nga jeta dhe filosofia e tij, n\u00eb nj\u00eb nivel t\u00eb lart\u00eb shkencor\u00eb. P\u00ebr jet\u00ebn dhe vepr\u00ebn e madhe t\u00eb k\u00ebtij ligjeruasi ka folur akademiku Sherbo Rastoder, i cili ka p\u00ebrmend\u00eb ve\u00e7 disa vepra nga opusi i madh i z. Mahmutqehaiq. Mbremjen e ka drejtuar z. Mustafa Canka. Edhe disa fjal\u00eb t\u00eb shkurta p\u00ebr Shabtaj Cevin a po Cvin si\u00e7 quhet. N\u00eb qytetin ton\u00eb, n\u00eb Kala n\u00eb Kull\u00ebn e Ballshajve ai ka l\u00ebn\u00eb gjurm\u00eb t\u00eb pashlyera. P\u00ebrve\u00e7 transformimit e &#8220;Talmudit&#8221;, vepr\u00ebs kryesore t\u00eb Shabtaj Cviut, tek ne, n\u00eb katin e tret\u00eb t\u00eb k\u00ebsaj Kulle gjenden edhe dy yjet e Davudit, t\u00eb cil\u00ebt ende presin studime shkencore. Gjithashtu aty \u00ebsht\u00eb edhe vendi se ku \u00ebsht\u00eb falur Shabtaj Cvi, a po Mehmed Efendiu i konvertuar si mysliman. Personazhi i tij, pa dyshim \u00ebsht\u00eb nj\u00ebri nd\u00ebr figurat t\u00eb cilat e ngritsin fam\u00ebn e Kalas\u00eb ton\u00eb, dhe t\u00eb qytetit ton\u00eb, n\u00eb nj\u00eb nivel m\u00eb t\u00eb lart se deri tani.<\/p>\n<p class=\"_5pbw\" data-ft=\"{&quot;tn&quot;:&quot;C&quot;}\"><strong><span class=\"fcg\"><span class=\"fwb\"><a id=\"js_5g\" class=\"profileLink\" href=\"https:\/\/www.facebook.com\/ismet.karamanaga\" data-ft=\"{&quot;tn&quot;:&quot;l&quot;}\" data-hovercard=\"\/ajax\/hovercard\/user.php?id=1359492972\">Ismet Karamanaga <\/a><\/span><\/span>Facebook<\/strong><\/p>\n<p class=\"_5pbw\" data-ft=\"{&quot;tn&quot;:&quot;C&quot;}\"><a href=\"http:\/\/www.visit-ulcinj.com\/blog\/wp-content\/uploads\/2015\/06\/LIGJ\u00cbRAT\u00cb-P\u00cbR-SABATAJ-SEVIN-ULQIN-1.jpg\"><img loading=\"lazy\" class=\"alignleft wp-image-90953\" src=\"http:\/\/www.visit-ulcinj.com\/blog\/wp-content\/uploads\/2015\/06\/LIGJ\u00cbRAT\u00cb-P\u00cbR-SABATAJ-SEVIN-ULQIN-1.jpg\" alt=\"LIGJ\u00cbRAT\u00cb P\u00cbR SABATAJ SEVIN ULQIN-1\" width=\"508\" height=\"381\" srcset=\"https:\/\/www.visit-ulcinj.com\/blog\/wp-content\/uploads\/2015\/06\/LIGJ\u00cbRAT\u00cb-P\u00cbR-SABATAJ-SEVIN-ULQIN-1.jpg 960w, https:\/\/www.visit-ulcinj.com\/blog\/wp-content\/uploads\/2015\/06\/LIGJ\u00cbRAT\u00cb-P\u00cbR-SABATAJ-SEVIN-ULQIN-1-300x225.jpg 300w\" sizes=\"(max-width: 508px) 100vw, 508px\" \/><\/a> <a href=\"http:\/\/www.visit-ulcinj.com\/blog\/wp-content\/uploads\/2015\/06\/LIGJ\u00cbRAT\u00cb-P\u00cbR-SABATAJ-SEVIN-ULQIN-2.jpg\"><img loading=\"lazy\" class=\"alignleft wp-image-90954\" src=\"http:\/\/www.visit-ulcinj.com\/blog\/wp-content\/uploads\/2015\/06\/LIGJ\u00cbRAT\u00cb-P\u00cbR-SABATAJ-SEVIN-ULQIN-2.jpg\" alt=\"LIGJ\u00cbRAT\u00cb P\u00cbR SABATAJ SEVIN ULQIN-2\" width=\"508\" height=\"381\" srcset=\"https:\/\/www.visit-ulcinj.com\/blog\/wp-content\/uploads\/2015\/06\/LIGJ\u00cbRAT\u00cb-P\u00cbR-SABATAJ-SEVIN-ULQIN-2.jpg 960w, https:\/\/www.visit-ulcinj.com\/blog\/wp-content\/uploads\/2015\/06\/LIGJ\u00cbRAT\u00cb-P\u00cbR-SABATAJ-SEVIN-ULQIN-2-300x225.jpg 300w\" sizes=\"(max-width: 508px) 100vw, 508px\" \/><\/a><\/p>\n","protected":false},"excerpt":{"rendered":"<p>Mbrem\u00eb Shoqata Almanah, Komuna e Ulqinit, shoqata &#8220;Kalaja dhe kompanija &#8220;Real Estate&#8221; n\u00eb hapsirat e &#8220;Palatit VENECIJA&#8221; kan\u00eb organizuar l\u00ebgjerat\u00ebn p\u00ebr mesian e fundit t\u00eb rrejsh\u00ebm Shabtaj Cvin, i cili vitet e fundit t\u00eb jet\u00ebs s\u00eb tij i ka kaluar n\u00eb Ulqin, n\u00eb Kalan\u00eb ton\u00eb, m\u00eb emrin Mehmet Efendia. Nj\u00eb nd\u00ebr intelektualet m\u00eb t\u00eb njohur [&hellip;]<\/p>\n","protected":false},"author":1,"featured_media":0,"comment_status":"closed","ping_status":"closed","sticky":false,"template":"","format":"standard","meta":{"spay_email":"","jetpack_publicize_message":"","jetpack_is_tweetstorm":false,"jetpack_publicize_feature_enabled":true},"categories":[4,1],"tags":[],"jetpack_publicize_connections":[],"yoast_head":"<!-- This site is optimized with the Yoast SEO plugin v19.1 - https:\/\/yoast.com\/wordpress\/plugins\/seo\/ -->\n<title>Mesianizmi n\u00eb trash\u00ebgimin intelektuale t\u00eb bot\u00ebs: Sabbatai Zevi dhe Ulqini - Lajme nga Ulqini<\/title>\n<meta name=\"description\" content=\"Mbrem\u00eb Shoqata Almanah, Komuna e Ulqinit, shoqata &quot;Kalaja dhe kompanija &quot;Real Estate&quot; n\u00eb hapsirat e &quot;Palatit VENECIJA&quot; kan\u00eb organizuar l\u00ebgjerat\u00ebn p\u00ebr\" \/>\n<meta name=\"robots\" content=\"index, follow, max-snippet:-1, max-image-preview:large, max-video-preview:-1\" \/>\n<link rel=\"canonical\" href=\"https:\/\/www.visit-ulcinj.com\/blog\/2015\/06\/13\/mesianizmi-ne-trashegimin-intelektuale-te-botes-sabbatai-zevi-dhe-ulqini\/\" \/>\n<meta property=\"og:locale\" content=\"en_US\" \/>\n<meta property=\"og:type\" content=\"article\" \/>\n<meta property=\"og:title\" content=\"Mesianizmi n\u00eb trash\u00ebgimin intelektuale t\u00eb bot\u00ebs: Sabbatai Zevi dhe Ulqini - Lajme nga Ulqini\" \/>\n<meta property=\"og:description\" content=\"Mbrem\u00eb Shoqata Almanah, Komuna e Ulqinit, shoqata &quot;Kalaja dhe kompanija &quot;Real Estate&quot; n\u00eb hapsirat e &quot;Palatit VENECIJA&quot; kan\u00eb organizuar l\u00ebgjerat\u00ebn p\u00ebr\" \/>\n<meta property=\"og:url\" content=\"https:\/\/www.visit-ulcinj.com\/blog\/2015\/06\/13\/mesianizmi-ne-trashegimin-intelektuale-te-botes-sabbatai-zevi-dhe-ulqini\/\" \/>\n<meta property=\"og:site_name\" content=\"Lajme nga Ulqini\" \/>\n<meta property=\"article:published_time\" content=\"2015-06-13T13:17:41+00:00\" \/>\n<meta property=\"article:modified_time\" content=\"2015-06-13T13:55:39+00:00\" \/>\n<meta name=\"twitter:label1\" content=\"Written by\" \/>\n\t<meta name=\"twitter:data1\" content=\"ulqini\" \/>\n\t<meta name=\"twitter:label2\" content=\"Est. reading time\" \/>\n\t<meta name=\"twitter:data2\" content=\"1 minute\" \/>\n<script type=\"application\/ld+json\" class=\"yoast-schema-graph\">{\"@context\":\"https:\/\/schema.org\",\"@graph\":[{\"@type\":\"WebSite\",\"@id\":\"https:\/\/www.visit-ulcinj.com\/blog\/#website\",\"url\":\"https:\/\/www.visit-ulcinj.com\/blog\/\",\"name\":\"Lajme nga Ulqini\",\"description\":\"Lajme,Vijesti,Ulqini,Ulqin,Crna Gora,Mali i Zi\",\"potentialAction\":[{\"@type\":\"SearchAction\",\"target\":{\"@type\":\"EntryPoint\",\"urlTemplate\":\"https:\/\/www.visit-ulcinj.com\/blog\/?s={search_term_string}\"},\"query-input\":\"required name=search_term_string\"}],\"inLanguage\":\"en-US\"},{\"@type\":\"WebPage\",\"@id\":\"https:\/\/www.visit-ulcinj.com\/blog\/2015\/06\/13\/mesianizmi-ne-trashegimin-intelektuale-te-botes-sabbatai-zevi-dhe-ulqini\/#webpage\",\"url\":\"https:\/\/www.visit-ulcinj.com\/blog\/2015\/06\/13\/mesianizmi-ne-trashegimin-intelektuale-te-botes-sabbatai-zevi-dhe-ulqini\/\",\"name\":\"Mesianizmi n\u00eb trash\u00ebgimin intelektuale t\u00eb bot\u00ebs: Sabbatai Zevi dhe Ulqini - Lajme nga Ulqini\",\"isPartOf\":{\"@id\":\"https:\/\/www.visit-ulcinj.com\/blog\/#website\"},\"datePublished\":\"2015-06-13T13:17:41+00:00\",\"dateModified\":\"2015-06-13T13:55:39+00:00\",\"author\":{\"@id\":\"https:\/\/www.visit-ulcinj.com\/blog\/#\/schema\/person\/dcab619c614d3038751c63bc2aadc06d\"},\"description\":\"Mbrem\u00eb Shoqata Almanah, Komuna e Ulqinit, shoqata \\\"Kalaja dhe kompanija \\\"Real Estate\\\" n\u00eb hapsirat e \\\"Palatit VENECIJA\\\" kan\u00eb organizuar l\u00ebgjerat\u00ebn p\u00ebr\",\"breadcrumb\":{\"@id\":\"https:\/\/www.visit-ulcinj.com\/blog\/2015\/06\/13\/mesianizmi-ne-trashegimin-intelektuale-te-botes-sabbatai-zevi-dhe-ulqini\/#breadcrumb\"},\"inLanguage\":\"en-US\",\"potentialAction\":[{\"@type\":\"ReadAction\",\"target\":[\"https:\/\/www.visit-ulcinj.com\/blog\/2015\/06\/13\/mesianizmi-ne-trashegimin-intelektuale-te-botes-sabbatai-zevi-dhe-ulqini\/\"]}]},{\"@type\":\"BreadcrumbList\",\"@id\":\"https:\/\/www.visit-ulcinj.com\/blog\/2015\/06\/13\/mesianizmi-ne-trashegimin-intelektuale-te-botes-sabbatai-zevi-dhe-ulqini\/#breadcrumb\",\"itemListElement\":[{\"@type\":\"ListItem\",\"position\":1,\"name\":\"Mesianizmi n\u00eb trash\u00ebgimin intelektuale t\u00eb bot\u00ebs: Sabbatai Zevi dhe Ulqini\"}]},{\"@type\":\"Person\",\"@id\":\"https:\/\/www.visit-ulcinj.com\/blog\/#\/schema\/person\/dcab619c614d3038751c63bc2aadc06d\",\"name\":\"ulqini\",\"sameAs\":[\"http:\/\/www.visit-ulcinj.com\"],\"url\":\"https:\/\/www.visit-ulcinj.com\/blog\/author\/admin\/\"}]}<\/script>\n<!-- \/ Yoast SEO plugin. -->","yoast_head_json":{"title":"Mesianizmi n\u00eb trash\u00ebgimin intelektuale t\u00eb bot\u00ebs: Sabbatai Zevi dhe Ulqini - Lajme nga Ulqini","description":"Mbrem\u00eb Shoqata Almanah, Komuna e Ulqinit, shoqata \"Kalaja dhe kompanija \"Real Estate\" n\u00eb hapsirat e \"Palatit VENECIJA\" kan\u00eb organizuar l\u00ebgjerat\u00ebn p\u00ebr","robots":{"index":"index","follow":"follow","max-snippet":"max-snippet:-1","max-image-preview":"max-image-preview:large","max-video-preview":"max-video-preview:-1"},"canonical":"https:\/\/www.visit-ulcinj.com\/blog\/2015\/06\/13\/mesianizmi-ne-trashegimin-intelektuale-te-botes-sabbatai-zevi-dhe-ulqini\/","og_locale":"en_US","og_type":"article","og_title":"Mesianizmi n\u00eb trash\u00ebgimin intelektuale t\u00eb bot\u00ebs: Sabbatai Zevi dhe Ulqini - Lajme nga Ulqini","og_description":"Mbrem\u00eb Shoqata Almanah, Komuna e Ulqinit, shoqata \"Kalaja dhe kompanija \"Real Estate\" n\u00eb hapsirat e \"Palatit VENECIJA\" kan\u00eb organizuar l\u00ebgjerat\u00ebn p\u00ebr","og_url":"https:\/\/www.visit-ulcinj.com\/blog\/2015\/06\/13\/mesianizmi-ne-trashegimin-intelektuale-te-botes-sabbatai-zevi-dhe-ulqini\/","og_site_name":"Lajme nga Ulqini","article_published_time":"2015-06-13T13:17:41+00:00","article_modified_time":"2015-06-13T13:55:39+00:00","twitter_misc":{"Written by":"ulqini","Est. reading time":"1 minute"},"schema":{"@context":"https:\/\/schema.org","@graph":[{"@type":"WebSite","@id":"https:\/\/www.visit-ulcinj.com\/blog\/#website","url":"https:\/\/www.visit-ulcinj.com\/blog\/","name":"Lajme nga Ulqini","description":"Lajme,Vijesti,Ulqini,Ulqin,Crna Gora,Mali i Zi","potentialAction":[{"@type":"SearchAction","target":{"@type":"EntryPoint","urlTemplate":"https:\/\/www.visit-ulcinj.com\/blog\/?s={search_term_string}"},"query-input":"required name=search_term_string"}],"inLanguage":"en-US"},{"@type":"WebPage","@id":"https:\/\/www.visit-ulcinj.com\/blog\/2015\/06\/13\/mesianizmi-ne-trashegimin-intelektuale-te-botes-sabbatai-zevi-dhe-ulqini\/#webpage","url":"https:\/\/www.visit-ulcinj.com\/blog\/2015\/06\/13\/mesianizmi-ne-trashegimin-intelektuale-te-botes-sabbatai-zevi-dhe-ulqini\/","name":"Mesianizmi n\u00eb trash\u00ebgimin intelektuale t\u00eb bot\u00ebs: Sabbatai Zevi dhe Ulqini - Lajme nga Ulqini","isPartOf":{"@id":"https:\/\/www.visit-ulcinj.com\/blog\/#website"},"datePublished":"2015-06-13T13:17:41+00:00","dateModified":"2015-06-13T13:55:39+00:00","author":{"@id":"https:\/\/www.visit-ulcinj.com\/blog\/#\/schema\/person\/dcab619c614d3038751c63bc2aadc06d"},"description":"Mbrem\u00eb Shoqata Almanah, Komuna e Ulqinit, shoqata \"Kalaja dhe kompanija \"Real Estate\" n\u00eb hapsirat e \"Palatit VENECIJA\" kan\u00eb organizuar l\u00ebgjerat\u00ebn p\u00ebr","breadcrumb":{"@id":"https:\/\/www.visit-ulcinj.com\/blog\/2015\/06\/13\/mesianizmi-ne-trashegimin-intelektuale-te-botes-sabbatai-zevi-dhe-ulqini\/#breadcrumb"},"inLanguage":"en-US","potentialAction":[{"@type":"ReadAction","target":["https:\/\/www.visit-ulcinj.com\/blog\/2015\/06\/13\/mesianizmi-ne-trashegimin-intelektuale-te-botes-sabbatai-zevi-dhe-ulqini\/"]}]},{"@type":"BreadcrumbList","@id":"https:\/\/www.visit-ulcinj.com\/blog\/2015\/06\/13\/mesianizmi-ne-trashegimin-intelektuale-te-botes-sabbatai-zevi-dhe-ulqini\/#breadcrumb","itemListElement":[{"@type":"ListItem","position":1,"name":"Mesianizmi n\u00eb trash\u00ebgimin intelektuale t\u00eb bot\u00ebs: Sabbatai Zevi dhe Ulqini"}]},{"@type":"Person","@id":"https:\/\/www.visit-ulcinj.com\/blog\/#\/schema\/person\/dcab619c614d3038751c63bc2aadc06d","name":"ulqini","sameAs":["http:\/\/www.visit-ulcinj.com"],"url":"https:\/\/www.visit-ulcinj.com\/blog\/author\/admin\/"}]}},"jetpack_featured_media_url":"","jetpack_sharing_enabled":true,"jetpack_shortlink":"https:\/\/wp.me\/pe6lTn-nEW","_links":{"self":[{"href":"https:\/\/www.visit-ulcinj.com\/blog\/wp-json\/wp\/v2\/posts\/90950"}],"collection":[{"href":"https:\/\/www.visit-ulcinj.com\/blog\/wp-json\/wp\/v2\/posts"}],"about":[{"href":"https:\/\/www.visit-ulcinj.com\/blog\/wp-json\/wp\/v2\/types\/post"}],"author":[{"embeddable":true,"href":"https:\/\/www.visit-ulcinj.com\/blog\/wp-json\/wp\/v2\/users\/1"}],"replies":[{"embeddable":true,"href":"https:\/\/www.visit-ulcinj.com\/blog\/wp-json\/wp\/v2\/comments?post=90950"}],"version-history":[{"count":1,"href":"https:\/\/www.visit-ulcinj.com\/blog\/wp-json\/wp\/v2\/posts\/90950\/revisions"}],"predecessor-version":[{"id":90955,"href":"https:\/\/www.visit-ulcinj.com\/blog\/wp-json\/wp\/v2\/posts\/90950\/revisions\/90955"}],"wp:attachment":[{"href":"https:\/\/www.visit-ulcinj.com\/blog\/wp-json\/wp\/v2\/media?parent=90950"}],"wp:term":[{"taxonomy":"category","embeddable":true,"href":"https:\/\/www.visit-ulcinj.com\/blog\/wp-json\/wp\/v2\/categories?post=90950"},{"taxonomy":"post_tag","embeddable":true,"href":"https:\/\/www.visit-ulcinj.com\/blog\/wp-json\/wp\/v2\/tags?post=90950"}],"curies":[{"name":"wp","href":"https:\/\/api.w.org\/{rel}","templated":true}]}}