{"id":90989,"date":"2015-06-16T05:01:28","date_gmt":"2015-06-16T04:01:28","guid":{"rendered":"http:\/\/www.visit-ulcinj.com\/blog\/?p=90989"},"modified":"2015-06-16T05:02:19","modified_gmt":"2015-06-16T04:02:19","slug":"mali-zi-sruan-ligj-plot-monumente-ne-ulqin","status":"publish","type":"post","link":"https:\/\/www.visit-ulcinj.com\/blog\/2015\/06\/16\/mali-zi-sruan-ligj-plot-monumente-ne-ulqin\/","title":{"rendered":"Mali i Zi s&#8217;ruan me ligj plot monumente n\u00eb Ulqin"},"content":{"rendered":"<p><a href=\"http:\/\/www.visit-ulcinj.com\/blog\/wp-content\/uploads\/2012\/01\/ulqini-arkeologjik.5.jpg\"><img loading=\"lazy\" class=\"alignleft wp-image-56519\" src=\"http:\/\/www.visit-ulcinj.com\/blog\/wp-content\/uploads\/2012\/01\/ulqini-arkeologjik.5.jpg\" alt=\"ulqini arkeologjik.5\" width=\"508\" height=\"381\" srcset=\"https:\/\/www.visit-ulcinj.com\/blog\/wp-content\/uploads\/2012\/01\/ulqini-arkeologjik.5.jpg 640w, https:\/\/www.visit-ulcinj.com\/blog\/wp-content\/uploads\/2012\/01\/ulqini-arkeologjik.5-300x225.jpg 300w\" sizes=\"(max-width: 508px) 100vw, 508px\" \/><\/a>N\u00eb Komun\u00ebn e Ulqinit gjenden me dhjet\u00ebra monumente kulturore q\u00eb nuk jan\u00eb p\u00ebrfshir\u00eb n\u00eb list\u00ebn e trash\u00ebgimis\u00eb kulturore dhe si pasoj\u00eb dita dit\u00ebs po shkat\u00ebrrohen.<\/p>\n<p>P\u00ebr m\u00eb shum\u00eb ndiqeni kronik\u00ebn e p\u00ebrgaditur nga korrespondenti i Z\u00ebrit t\u00eb Amerik\u00ebs, Ali Salaj.<\/p>\n<p>VAO<\/p>\n<p><iframe loading=\"lazy\" src=\"http:\/\/zeriamerikes.share.voanews.eu\/flashembed.aspx?t=vid&amp;id=2819437&amp;w=640&amp;h=363&amp;skin=embeded\" width=\"508\" height=\"363\" frameborder=\"0\" scrolling=\"no\"><\/iframe><\/p>\n","protected":false},"excerpt":{"rendered":"<p>N\u00eb Komun\u00ebn e Ulqinit gjenden me dhjet\u00ebra monumente kulturore q\u00eb nuk jan\u00eb p\u00ebrfshir\u00eb n\u00eb list\u00ebn e trash\u00ebgimis\u00eb kulturore dhe si pasoj\u00eb dita dit\u00ebs po shkat\u00ebrrohen. P\u00ebr m\u00eb shum\u00eb ndiqeni kronik\u00ebn e p\u00ebrgaditur nga korrespondenti i Z\u00ebrit t\u00eb Amerik\u00ebs, Ali Salaj. VAO<\/p>\n","protected":false},"author":1,"featured_media":0,"comment_status":"closed","ping_status":"closed","sticky":false,"template":"","format":"standard","meta":{"spay_email":"","jetpack_publicize_message":"","jetpack_is_tweetstorm":false,"jetpack_publicize_feature_enabled":true},"categories":[12],"tags":[],"jetpack_publicize_connections":[],"yoast_head":"<!-- This site is optimized with the Yoast SEO plugin v19.1 - https:\/\/yoast.com\/wordpress\/plugins\/seo\/ -->\n<title>Mali i Zi s&#039;ruan me ligj plot monumente n\u00eb Ulqin - Lajme nga Ulqini<\/title>\n<meta name=\"description\" content=\"N\u00eb Komun\u00ebn e Ulqinit gjenden me dhjet\u00ebra monumente kulturore q\u00eb nuk jan\u00eb p\u00ebrfshir\u00eb n\u00eb list\u00ebn e trash\u00ebgimis\u00eb kulturore dhe si pasoj\u00eb dita dit\u00ebs po\" \/>\n<meta name=\"robots\" content=\"index, follow, max-snippet:-1, max-image-preview:large, max-video-preview:-1\" \/>\n<link rel=\"canonical\" href=\"https:\/\/www.visit-ulcinj.com\/blog\/2015\/06\/16\/mali-zi-sruan-ligj-plot-monumente-ne-ulqin\/\" \/>\n<meta property=\"og:locale\" content=\"en_US\" \/>\n<meta property=\"og:type\" content=\"article\" \/>\n<meta property=\"og:title\" content=\"Mali i Zi s&#039;ruan me ligj plot monumente n\u00eb Ulqin - Lajme nga Ulqini\" \/>\n<meta property=\"og:description\" content=\"N\u00eb Komun\u00ebn e Ulqinit gjenden me dhjet\u00ebra monumente kulturore q\u00eb nuk jan\u00eb p\u00ebrfshir\u00eb n\u00eb list\u00ebn e trash\u00ebgimis\u00eb kulturore dhe si pasoj\u00eb dita dit\u00ebs po\" \/>\n<meta property=\"og:url\" content=\"https:\/\/www.visit-ulcinj.com\/blog\/2015\/06\/16\/mali-zi-sruan-ligj-plot-monumente-ne-ulqin\/\" \/>\n<meta property=\"og:site_name\" content=\"Lajme nga Ulqini\" \/>\n<meta property=\"article:published_time\" content=\"2015-06-16T04:01:28+00:00\" \/>\n<meta property=\"article:modified_time\" content=\"2015-06-16T04:02:19+00:00\" \/>\n<meta property=\"og:image\" content=\"http:\/\/www.visit-ulcinj.com\/blog\/wp-content\/uploads\/2012\/01\/ulqini-arkeologjik.5.jpg\" \/>\n<meta name=\"twitter:label1\" content=\"Written by\" \/>\n\t<meta name=\"twitter:data1\" content=\"ulqini\" \/>\n<script type=\"application\/ld+json\" class=\"yoast-schema-graph\">{\"@context\":\"https:\/\/schema.org\",\"@graph\":[{\"@type\":\"WebSite\",\"@id\":\"https:\/\/www.visit-ulcinj.com\/blog\/#website\",\"url\":\"https:\/\/www.visit-ulcinj.com\/blog\/\",\"name\":\"Lajme nga Ulqini\",\"description\":\"Lajme,Vijesti,Ulqini,Ulqin,Crna Gora,Mali i Zi\",\"potentialAction\":[{\"@type\":\"SearchAction\",\"target\":{\"@type\":\"EntryPoint\",\"urlTemplate\":\"https:\/\/www.visit-ulcinj.com\/blog\/?s={search_term_string}\"},\"query-input\":\"required name=search_term_string\"}],\"inLanguage\":\"en-US\"},{\"@type\":\"ImageObject\",\"inLanguage\":\"en-US\",\"@id\":\"https:\/\/www.visit-ulcinj.com\/blog\/2015\/06\/16\/mali-zi-sruan-ligj-plot-monumente-ne-ulqin\/#primaryimage\",\"url\":\"https:\/\/www.visit-ulcinj.com\/blog\/wp-content\/uploads\/2012\/01\/ulqini-arkeologjik.5.jpg\",\"contentUrl\":\"https:\/\/www.visit-ulcinj.com\/blog\/wp-content\/uploads\/2012\/01\/ulqini-arkeologjik.5.jpg\",\"width\":\"640\",\"height\":\"480\"},{\"@type\":\"WebPage\",\"@id\":\"https:\/\/www.visit-ulcinj.com\/blog\/2015\/06\/16\/mali-zi-sruan-ligj-plot-monumente-ne-ulqin\/#webpage\",\"url\":\"https:\/\/www.visit-ulcinj.com\/blog\/2015\/06\/16\/mali-zi-sruan-ligj-plot-monumente-ne-ulqin\/\",\"name\":\"Mali i Zi s'ruan me ligj plot monumente n\u00eb Ulqin - Lajme nga Ulqini\",\"isPartOf\":{\"@id\":\"https:\/\/www.visit-ulcinj.com\/blog\/#website\"},\"primaryImageOfPage\":{\"@id\":\"https:\/\/www.visit-ulcinj.com\/blog\/2015\/06\/16\/mali-zi-sruan-ligj-plot-monumente-ne-ulqin\/#primaryimage\"},\"datePublished\":\"2015-06-16T04:01:28+00:00\",\"dateModified\":\"2015-06-16T04:02:19+00:00\",\"author\":{\"@id\":\"https:\/\/www.visit-ulcinj.com\/blog\/#\/schema\/person\/dcab619c614d3038751c63bc2aadc06d\"},\"description\":\"N\u00eb Komun\u00ebn e Ulqinit gjenden me dhjet\u00ebra monumente kulturore q\u00eb nuk jan\u00eb p\u00ebrfshir\u00eb n\u00eb list\u00ebn e trash\u00ebgimis\u00eb kulturore dhe si pasoj\u00eb dita dit\u00ebs po\",\"breadcrumb\":{\"@id\":\"https:\/\/www.visit-ulcinj.com\/blog\/2015\/06\/16\/mali-zi-sruan-ligj-plot-monumente-ne-ulqin\/#breadcrumb\"},\"inLanguage\":\"en-US\",\"potentialAction\":[{\"@type\":\"ReadAction\",\"target\":[\"https:\/\/www.visit-ulcinj.com\/blog\/2015\/06\/16\/mali-zi-sruan-ligj-plot-monumente-ne-ulqin\/\"]}]},{\"@type\":\"BreadcrumbList\",\"@id\":\"https:\/\/www.visit-ulcinj.com\/blog\/2015\/06\/16\/mali-zi-sruan-ligj-plot-monumente-ne-ulqin\/#breadcrumb\",\"itemListElement\":[{\"@type\":\"ListItem\",\"position\":1,\"name\":\"Mali i Zi s&#8217;ruan me ligj plot monumente n\u00eb Ulqin\"}]},{\"@type\":\"Person\",\"@id\":\"https:\/\/www.visit-ulcinj.com\/blog\/#\/schema\/person\/dcab619c614d3038751c63bc2aadc06d\",\"name\":\"ulqini\",\"sameAs\":[\"http:\/\/www.visit-ulcinj.com\"],\"url\":\"https:\/\/www.visit-ulcinj.com\/blog\/author\/admin\/\"}]}<\/script>\n<!-- \/ Yoast SEO plugin. -->","yoast_head_json":{"title":"Mali i Zi s'ruan me ligj plot monumente n\u00eb Ulqin - Lajme nga Ulqini","description":"N\u00eb Komun\u00ebn e Ulqinit gjenden me dhjet\u00ebra monumente kulturore q\u00eb nuk jan\u00eb p\u00ebrfshir\u00eb n\u00eb list\u00ebn e trash\u00ebgimis\u00eb kulturore dhe si pasoj\u00eb dita dit\u00ebs po","robots":{"index":"index","follow":"follow","max-snippet":"max-snippet:-1","max-image-preview":"max-image-preview:large","max-video-preview":"max-video-preview:-1"},"canonical":"https:\/\/www.visit-ulcinj.com\/blog\/2015\/06\/16\/mali-zi-sruan-ligj-plot-monumente-ne-ulqin\/","og_locale":"en_US","og_type":"article","og_title":"Mali i Zi s'ruan me ligj plot monumente n\u00eb Ulqin - Lajme nga Ulqini","og_description":"N\u00eb Komun\u00ebn e Ulqinit gjenden me dhjet\u00ebra monumente kulturore q\u00eb nuk jan\u00eb p\u00ebrfshir\u00eb n\u00eb list\u00ebn e trash\u00ebgimis\u00eb kulturore dhe si pasoj\u00eb dita dit\u00ebs po","og_url":"https:\/\/www.visit-ulcinj.com\/blog\/2015\/06\/16\/mali-zi-sruan-ligj-plot-monumente-ne-ulqin\/","og_site_name":"Lajme nga Ulqini","article_published_time":"2015-06-16T04:01:28+00:00","article_modified_time":"2015-06-16T04:02:19+00:00","og_image":[{"url":"http:\/\/www.visit-ulcinj.com\/blog\/wp-content\/uploads\/2012\/01\/ulqini-arkeologjik.5.jpg"}],"twitter_misc":{"Written by":"ulqini"},"schema":{"@context":"https:\/\/schema.org","@graph":[{"@type":"WebSite","@id":"https:\/\/www.visit-ulcinj.com\/blog\/#website","url":"https:\/\/www.visit-ulcinj.com\/blog\/","name":"Lajme nga Ulqini","description":"Lajme,Vijesti,Ulqini,Ulqin,Crna Gora,Mali i Zi","potentialAction":[{"@type":"SearchAction","target":{"@type":"EntryPoint","urlTemplate":"https:\/\/www.visit-ulcinj.com\/blog\/?s={search_term_string}"},"query-input":"required name=search_term_string"}],"inLanguage":"en-US"},{"@type":"ImageObject","inLanguage":"en-US","@id":"https:\/\/www.visit-ulcinj.com\/blog\/2015\/06\/16\/mali-zi-sruan-ligj-plot-monumente-ne-ulqin\/#primaryimage","url":"https:\/\/www.visit-ulcinj.com\/blog\/wp-content\/uploads\/2012\/01\/ulqini-arkeologjik.5.jpg","contentUrl":"https:\/\/www.visit-ulcinj.com\/blog\/wp-content\/uploads\/2012\/01\/ulqini-arkeologjik.5.jpg","width":"640","height":"480"},{"@type":"WebPage","@id":"https:\/\/www.visit-ulcinj.com\/blog\/2015\/06\/16\/mali-zi-sruan-ligj-plot-monumente-ne-ulqin\/#webpage","url":"https:\/\/www.visit-ulcinj.com\/blog\/2015\/06\/16\/mali-zi-sruan-ligj-plot-monumente-ne-ulqin\/","name":"Mali i Zi s'ruan me ligj plot monumente n\u00eb Ulqin - Lajme nga Ulqini","isPartOf":{"@id":"https:\/\/www.visit-ulcinj.com\/blog\/#website"},"primaryImageOfPage":{"@id":"https:\/\/www.visit-ulcinj.com\/blog\/2015\/06\/16\/mali-zi-sruan-ligj-plot-monumente-ne-ulqin\/#primaryimage"},"datePublished":"2015-06-16T04:01:28+00:00","dateModified":"2015-06-16T04:02:19+00:00","author":{"@id":"https:\/\/www.visit-ulcinj.com\/blog\/#\/schema\/person\/dcab619c614d3038751c63bc2aadc06d"},"description":"N\u00eb Komun\u00ebn e Ulqinit gjenden me dhjet\u00ebra monumente kulturore q\u00eb nuk jan\u00eb p\u00ebrfshir\u00eb n\u00eb list\u00ebn e trash\u00ebgimis\u00eb kulturore dhe si pasoj\u00eb dita dit\u00ebs po","breadcrumb":{"@id":"https:\/\/www.visit-ulcinj.com\/blog\/2015\/06\/16\/mali-zi-sruan-ligj-plot-monumente-ne-ulqin\/#breadcrumb"},"inLanguage":"en-US","potentialAction":[{"@type":"ReadAction","target":["https:\/\/www.visit-ulcinj.com\/blog\/2015\/06\/16\/mali-zi-sruan-ligj-plot-monumente-ne-ulqin\/"]}]},{"@type":"BreadcrumbList","@id":"https:\/\/www.visit-ulcinj.com\/blog\/2015\/06\/16\/mali-zi-sruan-ligj-plot-monumente-ne-ulqin\/#breadcrumb","itemListElement":[{"@type":"ListItem","position":1,"name":"Mali i Zi s&#8217;ruan me ligj plot monumente n\u00eb Ulqin"}]},{"@type":"Person","@id":"https:\/\/www.visit-ulcinj.com\/blog\/#\/schema\/person\/dcab619c614d3038751c63bc2aadc06d","name":"ulqini","sameAs":["http:\/\/www.visit-ulcinj.com"],"url":"https:\/\/www.visit-ulcinj.com\/blog\/author\/admin\/"}]}},"jetpack_featured_media_url":"","jetpack_sharing_enabled":true,"jetpack_shortlink":"https:\/\/wp.me\/pe6lTn-nFz","_links":{"self":[{"href":"https:\/\/www.visit-ulcinj.com\/blog\/wp-json\/wp\/v2\/posts\/90989"}],"collection":[{"href":"https:\/\/www.visit-ulcinj.com\/blog\/wp-json\/wp\/v2\/posts"}],"about":[{"href":"https:\/\/www.visit-ulcinj.com\/blog\/wp-json\/wp\/v2\/types\/post"}],"author":[{"embeddable":true,"href":"https:\/\/www.visit-ulcinj.com\/blog\/wp-json\/wp\/v2\/users\/1"}],"replies":[{"embeddable":true,"href":"https:\/\/www.visit-ulcinj.com\/blog\/wp-json\/wp\/v2\/comments?post=90989"}],"version-history":[{"count":1,"href":"https:\/\/www.visit-ulcinj.com\/blog\/wp-json\/wp\/v2\/posts\/90989\/revisions"}],"predecessor-version":[{"id":90990,"href":"https:\/\/www.visit-ulcinj.com\/blog\/wp-json\/wp\/v2\/posts\/90989\/revisions\/90990"}],"wp:attachment":[{"href":"https:\/\/www.visit-ulcinj.com\/blog\/wp-json\/wp\/v2\/media?parent=90989"}],"wp:term":[{"taxonomy":"category","embeddable":true,"href":"https:\/\/www.visit-ulcinj.com\/blog\/wp-json\/wp\/v2\/categories?post=90989"},{"taxonomy":"post_tag","embeddable":true,"href":"https:\/\/www.visit-ulcinj.com\/blog\/wp-json\/wp\/v2\/tags?post=90989"}],"curies":[{"name":"wp","href":"https:\/\/api.w.org\/{rel}","templated":true}]}}