{"id":90998,"date":"2015-06-16T05:39:30","date_gmt":"2015-06-16T04:39:30","guid":{"rendered":"http:\/\/www.visit-ulcinj.com\/blog\/?p=90998"},"modified":"2015-06-16T05:39:30","modified_gmt":"2015-06-16T04:39:30","slug":"ne-mal-te-zi-rritet-cmimi-benzines-per-dy-cente","status":"publish","type":"post","link":"https:\/\/www.visit-ulcinj.com\/blog\/2015\/06\/16\/ne-mal-te-zi-rritet-cmimi-benzines-per-dy-cente\/","title":{"rendered":"N\u00eb Mal t\u00eb Zi rritet \u00e7mimi i benzin\u00ebs p\u00ebr dy cent\u00eb"},"content":{"rendered":"<p><a href=\"http:\/\/www.visit-ulcinj.com\/blog\/wp-content\/uploads\/2015\/06\/Pompa-e-benzinit-Sukobine.jpg\"><img loading=\"lazy\" class=\"alignleft wp-image-90999\" src=\"http:\/\/www.visit-ulcinj.com\/blog\/wp-content\/uploads\/2015\/06\/Pompa-e-benzinit-Sukobine.jpg\" alt=\"Pompa e benzinit-Sukobine\" width=\"508\" height=\"256\" srcset=\"https:\/\/www.visit-ulcinj.com\/blog\/wp-content\/uploads\/2015\/06\/Pompa-e-benzinit-Sukobine.jpg 765w, https:\/\/www.visit-ulcinj.com\/blog\/wp-content\/uploads\/2015\/06\/Pompa-e-benzinit-Sukobine-300x151.jpg 300w\" sizes=\"(max-width: 508px) 100vw, 508px\" \/><\/a>\u00c7mimi i benzin\u00ebs n\u00eb Mal t\u00eb Zi prej mesnat\u00ebs do t\u00eb jet\u00eb m\u00eb i shtrenjt\u00eb dy cent\u00eb p\u00ebr nj\u00eb lit\u00ebr, \u00ebsht\u00eb njoftuar nga Ministria e ekonomis\u00eb. Eurosuper 98 oktan\u00ebsh, gjat\u00eb dy jav\u00ebve t\u00eb ardhshme, do t\u00eb ejt\u00eb 1.38 euro, kurse eurosuperi\u00a0 1.34 euro. Eurodizeli edhe m\u00eb tej do t\u00eb kushtoj\u00eb 1.19 euro. Ndryshimet e fundit t\u00eb \u00e7mimeve t\u00eb karburanteve jan\u00eb b\u00ebr\u00eb m\u00eb 19 maj, kur gazoili ishte shtrenjtuar p\u00ebr nj\u00eb cent\u00eb. \u00c7mimet maksimale t\u00eb shitjes me pakic\u00eb t\u00eb karburanteve harmonizohen \u00e7do t\u00eb dyt\u00ebn t\u00eb h\u00ebn\u00eb, n\u00eb var\u00ebsi nga ndryshimet e \u00e7mimeve t\u00eb derivateve t\u00eb naft\u00ebs n\u00eb tregun nd\u00ebrkomb\u00ebtar dhe t\u00eb raportit valutor t\u00eb euros dhe dollarit amerikan.<\/p>\n<p>RTCG<\/p>\n","protected":false},"excerpt":{"rendered":"<p>\u00c7mimi i benzin\u00ebs n\u00eb Mal t\u00eb Zi prej mesnat\u00ebs do t\u00eb jet\u00eb m\u00eb i shtrenjt\u00eb dy cent\u00eb p\u00ebr nj\u00eb lit\u00ebr, \u00ebsht\u00eb njoftuar nga Ministria e ekonomis\u00eb. Eurosuper 98 oktan\u00ebsh, gjat\u00eb dy jav\u00ebve t\u00eb ardhshme, do t\u00eb ejt\u00eb 1.38 euro, kurse eurosuperi\u00a0 1.34 euro. Eurodizeli edhe m\u00eb tej do t\u00eb kushtoj\u00eb 1.19 euro. Ndryshimet e fundit [&hellip;]<\/p>\n","protected":false},"author":1,"featured_media":0,"comment_status":"closed","ping_status":"closed","sticky":false,"template":"","format":"standard","meta":{"spay_email":"","jetpack_publicize_message":"","jetpack_is_tweetstorm":false,"jetpack_publicize_feature_enabled":true},"categories":[10],"tags":[],"jetpack_publicize_connections":[],"yoast_head":"<!-- This site is optimized with the Yoast SEO plugin v19.1 - https:\/\/yoast.com\/wordpress\/plugins\/seo\/ -->\n<title>N\u00eb Mal t\u00eb Zi rritet \u00e7mimi i benzin\u00ebs p\u00ebr dy cent\u00eb - Lajme nga Ulqini<\/title>\n<meta name=\"description\" content=\"\u00c7mimi i benzin\u00ebs n\u00eb Mal t\u00eb Zi prej mesnat\u00ebs do t\u00eb jet\u00eb m\u00eb i shtrenjt\u00eb dy cent\u00eb p\u00ebr nj\u00eb lit\u00ebr, \u00ebsht\u00eb njoftuar nga Ministria e ekonomis\u00eb. Eurosuper 98\" \/>\n<meta name=\"robots\" content=\"index, follow, max-snippet:-1, max-image-preview:large, max-video-preview:-1\" \/>\n<link rel=\"canonical\" href=\"https:\/\/www.visit-ulcinj.com\/blog\/2015\/06\/16\/ne-mal-te-zi-rritet-cmimi-benzines-per-dy-cente\/\" \/>\n<meta property=\"og:locale\" content=\"en_US\" \/>\n<meta property=\"og:type\" content=\"article\" \/>\n<meta property=\"og:title\" content=\"N\u00eb Mal t\u00eb Zi rritet \u00e7mimi i benzin\u00ebs p\u00ebr dy cent\u00eb - Lajme nga Ulqini\" \/>\n<meta property=\"og:description\" content=\"\u00c7mimi i benzin\u00ebs n\u00eb Mal t\u00eb Zi prej mesnat\u00ebs do t\u00eb jet\u00eb m\u00eb i shtrenjt\u00eb dy cent\u00eb p\u00ebr nj\u00eb lit\u00ebr, \u00ebsht\u00eb njoftuar nga Ministria e ekonomis\u00eb. Eurosuper 98\" \/>\n<meta property=\"og:url\" content=\"https:\/\/www.visit-ulcinj.com\/blog\/2015\/06\/16\/ne-mal-te-zi-rritet-cmimi-benzines-per-dy-cente\/\" \/>\n<meta property=\"og:site_name\" content=\"Lajme nga Ulqini\" \/>\n<meta property=\"article:published_time\" content=\"2015-06-16T04:39:30+00:00\" \/>\n<meta property=\"og:image\" content=\"http:\/\/www.visit-ulcinj.com\/blog\/wp-content\/uploads\/2015\/06\/Pompa-e-benzinit-Sukobine.jpg\" \/>\n<meta name=\"twitter:label1\" content=\"Written by\" \/>\n\t<meta name=\"twitter:data1\" content=\"ulqini\" \/>\n\t<meta name=\"twitter:label2\" content=\"Est. reading time\" \/>\n\t<meta name=\"twitter:data2\" content=\"1 minute\" \/>\n<script type=\"application\/ld+json\" class=\"yoast-schema-graph\">{\"@context\":\"https:\/\/schema.org\",\"@graph\":[{\"@type\":\"WebSite\",\"@id\":\"https:\/\/www.visit-ulcinj.com\/blog\/#website\",\"url\":\"https:\/\/www.visit-ulcinj.com\/blog\/\",\"name\":\"Lajme nga Ulqini\",\"description\":\"Lajme,Vijesti,Ulqini,Ulqin,Crna Gora,Mali i Zi\",\"potentialAction\":[{\"@type\":\"SearchAction\",\"target\":{\"@type\":\"EntryPoint\",\"urlTemplate\":\"https:\/\/www.visit-ulcinj.com\/blog\/?s={search_term_string}\"},\"query-input\":\"required name=search_term_string\"}],\"inLanguage\":\"en-US\"},{\"@type\":\"ImageObject\",\"inLanguage\":\"en-US\",\"@id\":\"https:\/\/www.visit-ulcinj.com\/blog\/2015\/06\/16\/ne-mal-te-zi-rritet-cmimi-benzines-per-dy-cente\/#primaryimage\",\"url\":\"https:\/\/www.visit-ulcinj.com\/blog\/wp-content\/uploads\/2015\/06\/Pompa-e-benzinit-Sukobine.jpg\",\"contentUrl\":\"https:\/\/www.visit-ulcinj.com\/blog\/wp-content\/uploads\/2015\/06\/Pompa-e-benzinit-Sukobine.jpg\",\"width\":765,\"height\":385},{\"@type\":\"WebPage\",\"@id\":\"https:\/\/www.visit-ulcinj.com\/blog\/2015\/06\/16\/ne-mal-te-zi-rritet-cmimi-benzines-per-dy-cente\/#webpage\",\"url\":\"https:\/\/www.visit-ulcinj.com\/blog\/2015\/06\/16\/ne-mal-te-zi-rritet-cmimi-benzines-per-dy-cente\/\",\"name\":\"N\u00eb Mal t\u00eb Zi rritet \u00e7mimi i benzin\u00ebs p\u00ebr dy cent\u00eb - Lajme nga Ulqini\",\"isPartOf\":{\"@id\":\"https:\/\/www.visit-ulcinj.com\/blog\/#website\"},\"primaryImageOfPage\":{\"@id\":\"https:\/\/www.visit-ulcinj.com\/blog\/2015\/06\/16\/ne-mal-te-zi-rritet-cmimi-benzines-per-dy-cente\/#primaryimage\"},\"datePublished\":\"2015-06-16T04:39:30+00:00\",\"dateModified\":\"2015-06-16T04:39:30+00:00\",\"author\":{\"@id\":\"https:\/\/www.visit-ulcinj.com\/blog\/#\/schema\/person\/dcab619c614d3038751c63bc2aadc06d\"},\"description\":\"\u00c7mimi i benzin\u00ebs n\u00eb Mal t\u00eb Zi prej mesnat\u00ebs do t\u00eb jet\u00eb m\u00eb i shtrenjt\u00eb dy cent\u00eb p\u00ebr nj\u00eb lit\u00ebr, \u00ebsht\u00eb njoftuar nga Ministria e ekonomis\u00eb. Eurosuper 98\",\"breadcrumb\":{\"@id\":\"https:\/\/www.visit-ulcinj.com\/blog\/2015\/06\/16\/ne-mal-te-zi-rritet-cmimi-benzines-per-dy-cente\/#breadcrumb\"},\"inLanguage\":\"en-US\",\"potentialAction\":[{\"@type\":\"ReadAction\",\"target\":[\"https:\/\/www.visit-ulcinj.com\/blog\/2015\/06\/16\/ne-mal-te-zi-rritet-cmimi-benzines-per-dy-cente\/\"]}]},{\"@type\":\"BreadcrumbList\",\"@id\":\"https:\/\/www.visit-ulcinj.com\/blog\/2015\/06\/16\/ne-mal-te-zi-rritet-cmimi-benzines-per-dy-cente\/#breadcrumb\",\"itemListElement\":[{\"@type\":\"ListItem\",\"position\":1,\"name\":\"N\u00eb Mal t\u00eb Zi rritet \u00e7mimi i benzin\u00ebs p\u00ebr dy cent\u00eb\"}]},{\"@type\":\"Person\",\"@id\":\"https:\/\/www.visit-ulcinj.com\/blog\/#\/schema\/person\/dcab619c614d3038751c63bc2aadc06d\",\"name\":\"ulqini\",\"sameAs\":[\"http:\/\/www.visit-ulcinj.com\"],\"url\":\"https:\/\/www.visit-ulcinj.com\/blog\/author\/admin\/\"}]}<\/script>\n<!-- \/ Yoast SEO plugin. -->","yoast_head_json":{"title":"N\u00eb Mal t\u00eb Zi rritet \u00e7mimi i benzin\u00ebs p\u00ebr dy cent\u00eb - Lajme nga Ulqini","description":"\u00c7mimi i benzin\u00ebs n\u00eb Mal t\u00eb Zi prej mesnat\u00ebs do t\u00eb jet\u00eb m\u00eb i shtrenjt\u00eb dy cent\u00eb p\u00ebr nj\u00eb lit\u00ebr, \u00ebsht\u00eb njoftuar nga Ministria e ekonomis\u00eb. Eurosuper 98","robots":{"index":"index","follow":"follow","max-snippet":"max-snippet:-1","max-image-preview":"max-image-preview:large","max-video-preview":"max-video-preview:-1"},"canonical":"https:\/\/www.visit-ulcinj.com\/blog\/2015\/06\/16\/ne-mal-te-zi-rritet-cmimi-benzines-per-dy-cente\/","og_locale":"en_US","og_type":"article","og_title":"N\u00eb Mal t\u00eb Zi rritet \u00e7mimi i benzin\u00ebs p\u00ebr dy cent\u00eb - Lajme nga Ulqini","og_description":"\u00c7mimi i benzin\u00ebs n\u00eb Mal t\u00eb Zi prej mesnat\u00ebs do t\u00eb jet\u00eb m\u00eb i shtrenjt\u00eb dy cent\u00eb p\u00ebr nj\u00eb lit\u00ebr, \u00ebsht\u00eb njoftuar nga Ministria e ekonomis\u00eb. Eurosuper 98","og_url":"https:\/\/www.visit-ulcinj.com\/blog\/2015\/06\/16\/ne-mal-te-zi-rritet-cmimi-benzines-per-dy-cente\/","og_site_name":"Lajme nga Ulqini","article_published_time":"2015-06-16T04:39:30+00:00","og_image":[{"url":"http:\/\/www.visit-ulcinj.com\/blog\/wp-content\/uploads\/2015\/06\/Pompa-e-benzinit-Sukobine.jpg"}],"twitter_misc":{"Written by":"ulqini","Est. reading time":"1 minute"},"schema":{"@context":"https:\/\/schema.org","@graph":[{"@type":"WebSite","@id":"https:\/\/www.visit-ulcinj.com\/blog\/#website","url":"https:\/\/www.visit-ulcinj.com\/blog\/","name":"Lajme nga Ulqini","description":"Lajme,Vijesti,Ulqini,Ulqin,Crna Gora,Mali i Zi","potentialAction":[{"@type":"SearchAction","target":{"@type":"EntryPoint","urlTemplate":"https:\/\/www.visit-ulcinj.com\/blog\/?s={search_term_string}"},"query-input":"required name=search_term_string"}],"inLanguage":"en-US"},{"@type":"ImageObject","inLanguage":"en-US","@id":"https:\/\/www.visit-ulcinj.com\/blog\/2015\/06\/16\/ne-mal-te-zi-rritet-cmimi-benzines-per-dy-cente\/#primaryimage","url":"https:\/\/www.visit-ulcinj.com\/blog\/wp-content\/uploads\/2015\/06\/Pompa-e-benzinit-Sukobine.jpg","contentUrl":"https:\/\/www.visit-ulcinj.com\/blog\/wp-content\/uploads\/2015\/06\/Pompa-e-benzinit-Sukobine.jpg","width":765,"height":385},{"@type":"WebPage","@id":"https:\/\/www.visit-ulcinj.com\/blog\/2015\/06\/16\/ne-mal-te-zi-rritet-cmimi-benzines-per-dy-cente\/#webpage","url":"https:\/\/www.visit-ulcinj.com\/blog\/2015\/06\/16\/ne-mal-te-zi-rritet-cmimi-benzines-per-dy-cente\/","name":"N\u00eb Mal t\u00eb Zi rritet \u00e7mimi i benzin\u00ebs p\u00ebr dy cent\u00eb - Lajme nga Ulqini","isPartOf":{"@id":"https:\/\/www.visit-ulcinj.com\/blog\/#website"},"primaryImageOfPage":{"@id":"https:\/\/www.visit-ulcinj.com\/blog\/2015\/06\/16\/ne-mal-te-zi-rritet-cmimi-benzines-per-dy-cente\/#primaryimage"},"datePublished":"2015-06-16T04:39:30+00:00","dateModified":"2015-06-16T04:39:30+00:00","author":{"@id":"https:\/\/www.visit-ulcinj.com\/blog\/#\/schema\/person\/dcab619c614d3038751c63bc2aadc06d"},"description":"\u00c7mimi i benzin\u00ebs n\u00eb Mal t\u00eb Zi prej mesnat\u00ebs do t\u00eb jet\u00eb m\u00eb i shtrenjt\u00eb dy cent\u00eb p\u00ebr nj\u00eb lit\u00ebr, \u00ebsht\u00eb njoftuar nga Ministria e ekonomis\u00eb. Eurosuper 98","breadcrumb":{"@id":"https:\/\/www.visit-ulcinj.com\/blog\/2015\/06\/16\/ne-mal-te-zi-rritet-cmimi-benzines-per-dy-cente\/#breadcrumb"},"inLanguage":"en-US","potentialAction":[{"@type":"ReadAction","target":["https:\/\/www.visit-ulcinj.com\/blog\/2015\/06\/16\/ne-mal-te-zi-rritet-cmimi-benzines-per-dy-cente\/"]}]},{"@type":"BreadcrumbList","@id":"https:\/\/www.visit-ulcinj.com\/blog\/2015\/06\/16\/ne-mal-te-zi-rritet-cmimi-benzines-per-dy-cente\/#breadcrumb","itemListElement":[{"@type":"ListItem","position":1,"name":"N\u00eb Mal t\u00eb Zi rritet \u00e7mimi i benzin\u00ebs p\u00ebr dy cent\u00eb"}]},{"@type":"Person","@id":"https:\/\/www.visit-ulcinj.com\/blog\/#\/schema\/person\/dcab619c614d3038751c63bc2aadc06d","name":"ulqini","sameAs":["http:\/\/www.visit-ulcinj.com"],"url":"https:\/\/www.visit-ulcinj.com\/blog\/author\/admin\/"}]}},"jetpack_featured_media_url":"","jetpack_sharing_enabled":true,"jetpack_shortlink":"https:\/\/wp.me\/pe6lTn-nFI","_links":{"self":[{"href":"https:\/\/www.visit-ulcinj.com\/blog\/wp-json\/wp\/v2\/posts\/90998"}],"collection":[{"href":"https:\/\/www.visit-ulcinj.com\/blog\/wp-json\/wp\/v2\/posts"}],"about":[{"href":"https:\/\/www.visit-ulcinj.com\/blog\/wp-json\/wp\/v2\/types\/post"}],"author":[{"embeddable":true,"href":"https:\/\/www.visit-ulcinj.com\/blog\/wp-json\/wp\/v2\/users\/1"}],"replies":[{"embeddable":true,"href":"https:\/\/www.visit-ulcinj.com\/blog\/wp-json\/wp\/v2\/comments?post=90998"}],"version-history":[{"count":1,"href":"https:\/\/www.visit-ulcinj.com\/blog\/wp-json\/wp\/v2\/posts\/90998\/revisions"}],"predecessor-version":[{"id":91000,"href":"https:\/\/www.visit-ulcinj.com\/blog\/wp-json\/wp\/v2\/posts\/90998\/revisions\/91000"}],"wp:attachment":[{"href":"https:\/\/www.visit-ulcinj.com\/blog\/wp-json\/wp\/v2\/media?parent=90998"}],"wp:term":[{"taxonomy":"category","embeddable":true,"href":"https:\/\/www.visit-ulcinj.com\/blog\/wp-json\/wp\/v2\/categories?post=90998"},{"taxonomy":"post_tag","embeddable":true,"href":"https:\/\/www.visit-ulcinj.com\/blog\/wp-json\/wp\/v2\/tags?post=90998"}],"curies":[{"name":"wp","href":"https:\/\/api.w.org\/{rel}","templated":true}]}}