{"id":91006,"date":"2015-06-16T15:45:20","date_gmt":"2015-06-16T14:45:20","guid":{"rendered":"http:\/\/www.visit-ulcinj.com\/blog\/?p=91006"},"modified":"2015-06-16T18:09:56","modified_gmt":"2015-06-16T17:09:56","slug":"gjeka-vendimi-per-ashensorin-anulohet-koalicioni-vazhdon","status":"publish","type":"post","link":"https:\/\/www.visit-ulcinj.com\/blog\/2015\/06\/16\/gjeka-vendimi-per-ashensorin-anulohet-koalicioni-vazhdon\/","title":{"rendered":"Gjeka: Vendimi p\u00ebr ashensorin anulohet, koalicioni vazhdon"},"content":{"rendered":"<p><a href=\"http:\/\/www.visit-ulcinj.com\/blog\/wp-content\/uploads\/2009\/05\/lift-u-starom-gradu-ulcinju_crna-gora.jpg\"><img loading=\"lazy\" class=\"alignleft wp-image-22018 size-medium\" src=\"http:\/\/www.visit-ulcinj.com\/blog\/wp-content\/uploads\/2009\/05\/lift-u-starom-gradu-ulcinju_crna-gora-227x300.jpg\" alt=\"lift-u-starom-gradu-ulcinju_crna-gora\" width=\"227\" height=\"300\" \/><\/a>Kryetari i komun\u00ebs Fatmir Gjeka, n\u00ebn presionin e partner\u00ebve t\u00eb koalicionit nga Forca e Re Demokratike, ka anulluar vendimin e komisionit p\u00ebr zgjedhjen urbano-arkitektonike t\u00eb zon\u00ebs s\u00eb Ran\u00ebs, raporton portali Lajm.me.<\/p>\n<p>Forca, si\u00e7 kan\u00eb deklaruar zyrtar\u00ebt e saj, nuk \u00ebsht\u00eb kund\u00ebr nd\u00ebrtimit t\u00eb ashensorit, por jo n\u00eb vendin e parapar\u00eb me k\u00ebt\u00eb vendim, pasi ajo \u00ebsht\u00eb e parapar\u00eb si zon\u00eb e gjelb\u00ebr, dhe ka sugjeruar nd\u00ebrtimin n\u00eb vende ku nuk prishet panorama mij\u00ebvjecare e Kalas\u00eb.<\/p>\n<p>Ashensori n\u00eb at\u00eb vend nisi t\u00eb nd\u00ebrtohej qysh para 7 viteve nga kompania Real Estate, pa leje nd\u00ebrtimi dhe n\u00eb kund\u00ebrshtim t\u00eb plot\u00eb me normat komb\u00ebtare dhe nd\u00ebrkomb\u00ebtare p\u00ebr mbrojtjen e monumenteve historike.<\/p>\n<p>Hapi tjet\u00ebr i drejt\u00eb i kryetarit Gjeka duhet t\u00eb jet\u00eb rr\u00ebzimi i konstruksionit prej hekuri i cili akoma vazhdon t\u00eb njollos\u00eb pamjen e qytetit t\u00eb vjet\u00ebr.<\/p>\n<p><a href=\"http:\/\/www.visit-ulcinj.com\/blog\/wp-content\/uploads\/2015\/06\/Cungu-Gjeka.jpg\"><img loading=\"lazy\" class=\"alignleft wp-image-91009\" src=\"http:\/\/www.visit-ulcinj.com\/blog\/wp-content\/uploads\/2015\/06\/Cungu-Gjeka.jpg\" alt=\"Cungu-Gjeka\" width=\"508\" height=\"426\" srcset=\"https:\/\/www.visit-ulcinj.com\/blog\/wp-content\/uploads\/2015\/06\/Cungu-Gjeka.jpg 572w, https:\/\/www.visit-ulcinj.com\/blog\/wp-content\/uploads\/2015\/06\/Cungu-Gjeka-300x252.jpg 300w\" sizes=\"(max-width: 508px) 100vw, 508px\" \/><\/a><\/p>\n","protected":false},"excerpt":{"rendered":"<p>Kryetari i komun\u00ebs Fatmir Gjeka, n\u00ebn presionin e partner\u00ebve t\u00eb koalicionit nga Forca e Re Demokratike, ka anulluar vendimin e komisionit p\u00ebr zgjedhjen urbano-arkitektonike t\u00eb zon\u00ebs s\u00eb Ran\u00ebs, raporton portali Lajm.me. Forca, si\u00e7 kan\u00eb deklaruar zyrtar\u00ebt e saj, nuk \u00ebsht\u00eb kund\u00ebr nd\u00ebrtimit t\u00eb ashensorit, por jo n\u00eb vendin e parapar\u00eb me k\u00ebt\u00eb vendim, pasi ajo [&hellip;]<\/p>\n","protected":false},"author":1,"featured_media":0,"comment_status":"closed","ping_status":"closed","sticky":false,"template":"","format":"standard","meta":{"spay_email":"","jetpack_publicize_message":"","jetpack_is_tweetstorm":false,"jetpack_publicize_feature_enabled":true},"categories":[1,6],"tags":[],"jetpack_publicize_connections":[],"yoast_head":"<!-- This site is optimized with the Yoast SEO plugin v19.1 - https:\/\/yoast.com\/wordpress\/plugins\/seo\/ -->\n<title>Gjeka: Vendimi p\u00ebr ashensorin anulohet, koalicioni vazhdon - Lajme nga Ulqini<\/title>\n<meta name=\"description\" content=\"Kryetari i komun\u00ebs Fatmir Gjeka, n\u00ebn presionin e partner\u00ebve t\u00eb koalicionit nga Forca e Re Demokratike, ka anulluar vendimin e komisionit p\u00ebr zgjedhjen\" \/>\n<meta name=\"robots\" content=\"index, follow, max-snippet:-1, max-image-preview:large, max-video-preview:-1\" \/>\n<link rel=\"canonical\" href=\"https:\/\/www.visit-ulcinj.com\/blog\/2015\/06\/16\/gjeka-vendimi-per-ashensorin-anulohet-koalicioni-vazhdon\/\" \/>\n<meta property=\"og:locale\" content=\"en_US\" \/>\n<meta property=\"og:type\" content=\"article\" \/>\n<meta property=\"og:title\" content=\"Gjeka: Vendimi p\u00ebr ashensorin anulohet, koalicioni vazhdon - Lajme nga Ulqini\" \/>\n<meta property=\"og:description\" content=\"Kryetari i komun\u00ebs Fatmir Gjeka, n\u00ebn presionin e partner\u00ebve t\u00eb koalicionit nga Forca e Re Demokratike, ka anulluar vendimin e komisionit p\u00ebr zgjedhjen\" \/>\n<meta property=\"og:url\" content=\"https:\/\/www.visit-ulcinj.com\/blog\/2015\/06\/16\/gjeka-vendimi-per-ashensorin-anulohet-koalicioni-vazhdon\/\" \/>\n<meta property=\"og:site_name\" content=\"Lajme nga Ulqini\" \/>\n<meta property=\"article:published_time\" content=\"2015-06-16T14:45:20+00:00\" \/>\n<meta property=\"article:modified_time\" content=\"2015-06-16T17:09:56+00:00\" \/>\n<meta property=\"og:image\" content=\"http:\/\/www.visit-ulcinj.com\/blog\/wp-content\/uploads\/2009\/05\/lift-u-starom-gradu-ulcinju_crna-gora-227x300.jpg\" \/>\n<meta name=\"twitter:label1\" content=\"Written by\" \/>\n\t<meta name=\"twitter:data1\" content=\"ulqini\" \/>\n\t<meta name=\"twitter:label2\" content=\"Est. reading time\" \/>\n\t<meta name=\"twitter:data2\" content=\"1 minute\" \/>\n<script type=\"application\/ld+json\" class=\"yoast-schema-graph\">{\"@context\":\"https:\/\/schema.org\",\"@graph\":[{\"@type\":\"WebSite\",\"@id\":\"https:\/\/www.visit-ulcinj.com\/blog\/#website\",\"url\":\"https:\/\/www.visit-ulcinj.com\/blog\/\",\"name\":\"Lajme nga Ulqini\",\"description\":\"Lajme,Vijesti,Ulqini,Ulqin,Crna Gora,Mali i Zi\",\"potentialAction\":[{\"@type\":\"SearchAction\",\"target\":{\"@type\":\"EntryPoint\",\"urlTemplate\":\"https:\/\/www.visit-ulcinj.com\/blog\/?s={search_term_string}\"},\"query-input\":\"required name=search_term_string\"}],\"inLanguage\":\"en-US\"},{\"@type\":\"ImageObject\",\"inLanguage\":\"en-US\",\"@id\":\"https:\/\/www.visit-ulcinj.com\/blog\/2015\/06\/16\/gjeka-vendimi-per-ashensorin-anulohet-koalicioni-vazhdon\/#primaryimage\",\"url\":\"http:\/\/www.visit-ulcinj.com\/blog\/wp-content\/uploads\/2009\/05\/lift-u-starom-gradu-ulcinju_crna-gora-227x300.jpg\",\"contentUrl\":\"http:\/\/www.visit-ulcinj.com\/blog\/wp-content\/uploads\/2009\/05\/lift-u-starom-gradu-ulcinju_crna-gora-227x300.jpg\"},{\"@type\":\"WebPage\",\"@id\":\"https:\/\/www.visit-ulcinj.com\/blog\/2015\/06\/16\/gjeka-vendimi-per-ashensorin-anulohet-koalicioni-vazhdon\/#webpage\",\"url\":\"https:\/\/www.visit-ulcinj.com\/blog\/2015\/06\/16\/gjeka-vendimi-per-ashensorin-anulohet-koalicioni-vazhdon\/\",\"name\":\"Gjeka: Vendimi p\u00ebr ashensorin anulohet, koalicioni vazhdon - Lajme nga Ulqini\",\"isPartOf\":{\"@id\":\"https:\/\/www.visit-ulcinj.com\/blog\/#website\"},\"primaryImageOfPage\":{\"@id\":\"https:\/\/www.visit-ulcinj.com\/blog\/2015\/06\/16\/gjeka-vendimi-per-ashensorin-anulohet-koalicioni-vazhdon\/#primaryimage\"},\"datePublished\":\"2015-06-16T14:45:20+00:00\",\"dateModified\":\"2015-06-16T17:09:56+00:00\",\"author\":{\"@id\":\"https:\/\/www.visit-ulcinj.com\/blog\/#\/schema\/person\/dcab619c614d3038751c63bc2aadc06d\"},\"description\":\"Kryetari i komun\u00ebs Fatmir Gjeka, n\u00ebn presionin e partner\u00ebve t\u00eb koalicionit nga Forca e Re Demokratike, ka anulluar vendimin e komisionit p\u00ebr zgjedhjen\",\"breadcrumb\":{\"@id\":\"https:\/\/www.visit-ulcinj.com\/blog\/2015\/06\/16\/gjeka-vendimi-per-ashensorin-anulohet-koalicioni-vazhdon\/#breadcrumb\"},\"inLanguage\":\"en-US\",\"potentialAction\":[{\"@type\":\"ReadAction\",\"target\":[\"https:\/\/www.visit-ulcinj.com\/blog\/2015\/06\/16\/gjeka-vendimi-per-ashensorin-anulohet-koalicioni-vazhdon\/\"]}]},{\"@type\":\"BreadcrumbList\",\"@id\":\"https:\/\/www.visit-ulcinj.com\/blog\/2015\/06\/16\/gjeka-vendimi-per-ashensorin-anulohet-koalicioni-vazhdon\/#breadcrumb\",\"itemListElement\":[{\"@type\":\"ListItem\",\"position\":1,\"name\":\"Gjeka: Vendimi p\u00ebr ashensorin anulohet, koalicioni vazhdon\"}]},{\"@type\":\"Person\",\"@id\":\"https:\/\/www.visit-ulcinj.com\/blog\/#\/schema\/person\/dcab619c614d3038751c63bc2aadc06d\",\"name\":\"ulqini\",\"sameAs\":[\"http:\/\/www.visit-ulcinj.com\"],\"url\":\"https:\/\/www.visit-ulcinj.com\/blog\/author\/admin\/\"}]}<\/script>\n<!-- \/ Yoast SEO plugin. -->","yoast_head_json":{"title":"Gjeka: Vendimi p\u00ebr ashensorin anulohet, koalicioni vazhdon - Lajme nga Ulqini","description":"Kryetari i komun\u00ebs Fatmir Gjeka, n\u00ebn presionin e partner\u00ebve t\u00eb koalicionit nga Forca e Re Demokratike, ka anulluar vendimin e komisionit p\u00ebr zgjedhjen","robots":{"index":"index","follow":"follow","max-snippet":"max-snippet:-1","max-image-preview":"max-image-preview:large","max-video-preview":"max-video-preview:-1"},"canonical":"https:\/\/www.visit-ulcinj.com\/blog\/2015\/06\/16\/gjeka-vendimi-per-ashensorin-anulohet-koalicioni-vazhdon\/","og_locale":"en_US","og_type":"article","og_title":"Gjeka: Vendimi p\u00ebr ashensorin anulohet, koalicioni vazhdon - Lajme nga Ulqini","og_description":"Kryetari i komun\u00ebs Fatmir Gjeka, n\u00ebn presionin e partner\u00ebve t\u00eb koalicionit nga Forca e Re Demokratike, ka anulluar vendimin e komisionit p\u00ebr zgjedhjen","og_url":"https:\/\/www.visit-ulcinj.com\/blog\/2015\/06\/16\/gjeka-vendimi-per-ashensorin-anulohet-koalicioni-vazhdon\/","og_site_name":"Lajme nga Ulqini","article_published_time":"2015-06-16T14:45:20+00:00","article_modified_time":"2015-06-16T17:09:56+00:00","og_image":[{"url":"http:\/\/www.visit-ulcinj.com\/blog\/wp-content\/uploads\/2009\/05\/lift-u-starom-gradu-ulcinju_crna-gora-227x300.jpg"}],"twitter_misc":{"Written by":"ulqini","Est. reading time":"1 minute"},"schema":{"@context":"https:\/\/schema.org","@graph":[{"@type":"WebSite","@id":"https:\/\/www.visit-ulcinj.com\/blog\/#website","url":"https:\/\/www.visit-ulcinj.com\/blog\/","name":"Lajme nga Ulqini","description":"Lajme,Vijesti,Ulqini,Ulqin,Crna Gora,Mali i Zi","potentialAction":[{"@type":"SearchAction","target":{"@type":"EntryPoint","urlTemplate":"https:\/\/www.visit-ulcinj.com\/blog\/?s={search_term_string}"},"query-input":"required name=search_term_string"}],"inLanguage":"en-US"},{"@type":"ImageObject","inLanguage":"en-US","@id":"https:\/\/www.visit-ulcinj.com\/blog\/2015\/06\/16\/gjeka-vendimi-per-ashensorin-anulohet-koalicioni-vazhdon\/#primaryimage","url":"http:\/\/www.visit-ulcinj.com\/blog\/wp-content\/uploads\/2009\/05\/lift-u-starom-gradu-ulcinju_crna-gora-227x300.jpg","contentUrl":"http:\/\/www.visit-ulcinj.com\/blog\/wp-content\/uploads\/2009\/05\/lift-u-starom-gradu-ulcinju_crna-gora-227x300.jpg"},{"@type":"WebPage","@id":"https:\/\/www.visit-ulcinj.com\/blog\/2015\/06\/16\/gjeka-vendimi-per-ashensorin-anulohet-koalicioni-vazhdon\/#webpage","url":"https:\/\/www.visit-ulcinj.com\/blog\/2015\/06\/16\/gjeka-vendimi-per-ashensorin-anulohet-koalicioni-vazhdon\/","name":"Gjeka: Vendimi p\u00ebr ashensorin anulohet, koalicioni vazhdon - Lajme nga Ulqini","isPartOf":{"@id":"https:\/\/www.visit-ulcinj.com\/blog\/#website"},"primaryImageOfPage":{"@id":"https:\/\/www.visit-ulcinj.com\/blog\/2015\/06\/16\/gjeka-vendimi-per-ashensorin-anulohet-koalicioni-vazhdon\/#primaryimage"},"datePublished":"2015-06-16T14:45:20+00:00","dateModified":"2015-06-16T17:09:56+00:00","author":{"@id":"https:\/\/www.visit-ulcinj.com\/blog\/#\/schema\/person\/dcab619c614d3038751c63bc2aadc06d"},"description":"Kryetari i komun\u00ebs Fatmir Gjeka, n\u00ebn presionin e partner\u00ebve t\u00eb koalicionit nga Forca e Re Demokratike, ka anulluar vendimin e komisionit p\u00ebr zgjedhjen","breadcrumb":{"@id":"https:\/\/www.visit-ulcinj.com\/blog\/2015\/06\/16\/gjeka-vendimi-per-ashensorin-anulohet-koalicioni-vazhdon\/#breadcrumb"},"inLanguage":"en-US","potentialAction":[{"@type":"ReadAction","target":["https:\/\/www.visit-ulcinj.com\/blog\/2015\/06\/16\/gjeka-vendimi-per-ashensorin-anulohet-koalicioni-vazhdon\/"]}]},{"@type":"BreadcrumbList","@id":"https:\/\/www.visit-ulcinj.com\/blog\/2015\/06\/16\/gjeka-vendimi-per-ashensorin-anulohet-koalicioni-vazhdon\/#breadcrumb","itemListElement":[{"@type":"ListItem","position":1,"name":"Gjeka: Vendimi p\u00ebr ashensorin anulohet, koalicioni vazhdon"}]},{"@type":"Person","@id":"https:\/\/www.visit-ulcinj.com\/blog\/#\/schema\/person\/dcab619c614d3038751c63bc2aadc06d","name":"ulqini","sameAs":["http:\/\/www.visit-ulcinj.com"],"url":"https:\/\/www.visit-ulcinj.com\/blog\/author\/admin\/"}]}},"jetpack_featured_media_url":"","jetpack_sharing_enabled":true,"jetpack_shortlink":"https:\/\/wp.me\/pe6lTn-nFQ","_links":{"self":[{"href":"https:\/\/www.visit-ulcinj.com\/blog\/wp-json\/wp\/v2\/posts\/91006"}],"collection":[{"href":"https:\/\/www.visit-ulcinj.com\/blog\/wp-json\/wp\/v2\/posts"}],"about":[{"href":"https:\/\/www.visit-ulcinj.com\/blog\/wp-json\/wp\/v2\/types\/post"}],"author":[{"embeddable":true,"href":"https:\/\/www.visit-ulcinj.com\/blog\/wp-json\/wp\/v2\/users\/1"}],"replies":[{"embeddable":true,"href":"https:\/\/www.visit-ulcinj.com\/blog\/wp-json\/wp\/v2\/comments?post=91006"}],"version-history":[{"count":3,"href":"https:\/\/www.visit-ulcinj.com\/blog\/wp-json\/wp\/v2\/posts\/91006\/revisions"}],"predecessor-version":[{"id":91010,"href":"https:\/\/www.visit-ulcinj.com\/blog\/wp-json\/wp\/v2\/posts\/91006\/revisions\/91010"}],"wp:attachment":[{"href":"https:\/\/www.visit-ulcinj.com\/blog\/wp-json\/wp\/v2\/media?parent=91006"}],"wp:term":[{"taxonomy":"category","embeddable":true,"href":"https:\/\/www.visit-ulcinj.com\/blog\/wp-json\/wp\/v2\/categories?post=91006"},{"taxonomy":"post_tag","embeddable":true,"href":"https:\/\/www.visit-ulcinj.com\/blog\/wp-json\/wp\/v2\/tags?post=91006"}],"curies":[{"name":"wp","href":"https:\/\/api.w.org\/{rel}","templated":true}]}}