{"id":9102,"date":"2009-01-16T21:12:27","date_gmt":"2009-01-16T20:12:27","guid":{"rendered":"http:\/\/www.visit-ulcinj.com\/blog\/?p=9102"},"modified":"2009-01-16T21:13:40","modified_gmt":"2009-01-16T20:13:40","slug":"mali-i-zi-dhe-kroacia-per-kufirin-ne-prevlake","status":"publish","type":"post","link":"https:\/\/www.visit-ulcinj.com\/blog\/2009\/01\/16\/mali-i-zi-dhe-kroacia-per-kufirin-ne-prevlake\/","title":{"rendered":"Mali i Zi dhe Kroacia p\u00ebr kufirin n\u00eb Prevlak\u00eb"},"content":{"rendered":"<p><a rel=\"attachment wp-att-9103\" href=\"http:\/\/www.visit-ulcinj.com\/blog\/2009\/01\/16\/mali-i-zi-dhe-kroacia-per-kufirin-ne-prevlake\/prevlaka\/\"><img loading=\"lazy\" class=\"alignleft size-full wp-image-9103\" title=\"prevlaka\" src=\"http:\/\/www.visit-ulcinj.com\/blog\/wp-content\/uploads\/2009\/01\/prevlaka.jpg\" alt=\"prevlaka\" width=\"370\" height=\"307\" srcset=\"https:\/\/www.visit-ulcinj.com\/blog\/wp-content\/uploads\/2009\/01\/prevlaka.jpg 370w, https:\/\/www.visit-ulcinj.com\/blog\/wp-content\/uploads\/2009\/01\/prevlaka-300x248.jpg 300w\" sizes=\"(max-width: 370px) 100vw, 370px\" \/><\/a>Grupet punuese t\u00eb Malit t\u00eb Zi dhe Kroacis\u00eb p\u00ebr definimin e kufirit n\u00eb siujdhes\u00ebn Prevlak\u00eb duhet sot n\u00eb Zagreb ta mbajn\u00eb takimin e par\u00eb.<br \/>\nAn\u00ebtari i delegacionit kroat Rudolf Davorin p\u00ebr mediumet malazeze deklaroi se me vullnet t\u00eb mir\u00eb politik, \u00e7\u00ebshtja p\u00ebr kufijt do t\u00eb mund t\u00eb zgjidhet shpejt\u00eb.<br \/>\n&#8220;N\u00ebse ekziston vullnet politik, kjo mund t\u00eb zgjidhet shpejt\u00eb, sigurisht duke mbajtur llogari p\u00ebr interesat e t\u00eb dyja pal\u00ebve&#8221;, vler\u00ebsoi Davorin.<br \/>\nSiujdhesa Prevlak\u00eb i takon Kroacis\u00eb. \u00c7\u00ebshtja ky\u00e7e n\u00eb v\u00ebrtetimin e kufirit \u00ebsht\u00eb vija detare nga hyrja n\u00eb Gjirin Bokakotorian, q\u00eb i takon Malit t\u00eb Zi.<br \/>\n<strong>Makfaks<\/strong><\/p>\n","protected":false},"excerpt":{"rendered":"<p>Grupet punuese t\u00eb Malit t\u00eb Zi dhe Kroacis\u00eb p\u00ebr definimin e kufirit n\u00eb siujdhes\u00ebn Prevlak\u00eb duhet sot n\u00eb Zagreb ta mbajn\u00eb takimin e par\u00eb. An\u00ebtari i delegacionit kroat Rudolf Davorin p\u00ebr mediumet malazeze deklaroi se me vullnet t\u00eb mir\u00eb politik, \u00e7\u00ebshtja p\u00ebr kufijt do t\u00eb mund t\u00eb zgjidhet shpejt\u00eb. &#8220;N\u00ebse ekziston vullnet politik, kjo mund [&hellip;]<\/p>\n","protected":false},"author":1,"featured_media":0,"comment_status":"open","ping_status":"closed","sticky":false,"template":"","format":"standard","meta":{"spay_email":"","jetpack_publicize_message":"","jetpack_is_tweetstorm":false,"jetpack_publicize_feature_enabled":true},"categories":[12],"tags":[3147,95,3718],"jetpack_publicize_connections":[],"yoast_head":"<!-- This site is optimized with the Yoast SEO plugin v19.1 - https:\/\/yoast.com\/wordpress\/plugins\/seo\/ -->\n<title>Mali i Zi dhe Kroacia p\u00ebr kufirin n\u00eb Prevlak\u00eb - Lajme nga Ulqini<\/title>\n<meta name=\"description\" content=\"Grupet punuese t\u00eb Malit t\u00eb Zi dhe Kroacis\u00eb p\u00ebr definimin e kufirit n\u00eb siujdhes\u00ebn Prevlak\u00eb duhet sot n\u00eb Zagreb ta mbajn\u00eb takimin e par\u00eb. An\u00ebtari i\" \/>\n<meta name=\"robots\" content=\"index, follow, max-snippet:-1, max-image-preview:large, max-video-preview:-1\" \/>\n<link rel=\"canonical\" href=\"https:\/\/www.visit-ulcinj.com\/blog\/2009\/01\/16\/mali-i-zi-dhe-kroacia-per-kufirin-ne-prevlake\/\" \/>\n<meta property=\"og:locale\" content=\"en_US\" \/>\n<meta property=\"og:type\" content=\"article\" \/>\n<meta property=\"og:title\" content=\"Mali i Zi dhe Kroacia p\u00ebr kufirin n\u00eb Prevlak\u00eb - Lajme nga Ulqini\" \/>\n<meta property=\"og:description\" content=\"Grupet punuese t\u00eb Malit t\u00eb Zi dhe Kroacis\u00eb p\u00ebr definimin e kufirit n\u00eb siujdhes\u00ebn Prevlak\u00eb duhet sot n\u00eb Zagreb ta mbajn\u00eb takimin e par\u00eb. An\u00ebtari i\" \/>\n<meta property=\"og:url\" content=\"https:\/\/www.visit-ulcinj.com\/blog\/2009\/01\/16\/mali-i-zi-dhe-kroacia-per-kufirin-ne-prevlake\/\" \/>\n<meta property=\"og:site_name\" content=\"Lajme nga Ulqini\" \/>\n<meta property=\"article:published_time\" content=\"2009-01-16T20:12:27+00:00\" \/>\n<meta property=\"article:modified_time\" content=\"2009-01-16T20:13:40+00:00\" \/>\n<meta property=\"og:image\" content=\"http:\/\/www.visit-ulcinj.com\/blog\/wp-content\/uploads\/2009\/01\/prevlaka.jpg\" \/>\n<meta name=\"twitter:label1\" content=\"Written by\" \/>\n\t<meta name=\"twitter:data1\" content=\"ulqini\" \/>\n\t<meta name=\"twitter:label2\" content=\"Est. reading time\" \/>\n\t<meta name=\"twitter:data2\" content=\"1 minute\" \/>\n<script type=\"application\/ld+json\" class=\"yoast-schema-graph\">{\"@context\":\"https:\/\/schema.org\",\"@graph\":[{\"@type\":\"WebSite\",\"@id\":\"https:\/\/www.visit-ulcinj.com\/blog\/#website\",\"url\":\"https:\/\/www.visit-ulcinj.com\/blog\/\",\"name\":\"Lajme nga Ulqini\",\"description\":\"Lajme,Vijesti,Ulqini,Ulqin,Crna Gora,Mali i Zi\",\"potentialAction\":[{\"@type\":\"SearchAction\",\"target\":{\"@type\":\"EntryPoint\",\"urlTemplate\":\"https:\/\/www.visit-ulcinj.com\/blog\/?s={search_term_string}\"},\"query-input\":\"required name=search_term_string\"}],\"inLanguage\":\"en-US\"},{\"@type\":\"ImageObject\",\"inLanguage\":\"en-US\",\"@id\":\"https:\/\/www.visit-ulcinj.com\/blog\/2009\/01\/16\/mali-i-zi-dhe-kroacia-per-kufirin-ne-prevlake\/#primaryimage\",\"url\":\"https:\/\/www.visit-ulcinj.com\/blog\/wp-content\/uploads\/2009\/01\/prevlaka.jpg\",\"contentUrl\":\"https:\/\/www.visit-ulcinj.com\/blog\/wp-content\/uploads\/2009\/01\/prevlaka.jpg\",\"width\":\"370\",\"height\":\"307\"},{\"@type\":\"WebPage\",\"@id\":\"https:\/\/www.visit-ulcinj.com\/blog\/2009\/01\/16\/mali-i-zi-dhe-kroacia-per-kufirin-ne-prevlake\/#webpage\",\"url\":\"https:\/\/www.visit-ulcinj.com\/blog\/2009\/01\/16\/mali-i-zi-dhe-kroacia-per-kufirin-ne-prevlake\/\",\"name\":\"Mali i Zi dhe Kroacia p\u00ebr kufirin n\u00eb Prevlak\u00eb - Lajme nga Ulqini\",\"isPartOf\":{\"@id\":\"https:\/\/www.visit-ulcinj.com\/blog\/#website\"},\"primaryImageOfPage\":{\"@id\":\"https:\/\/www.visit-ulcinj.com\/blog\/2009\/01\/16\/mali-i-zi-dhe-kroacia-per-kufirin-ne-prevlake\/#primaryimage\"},\"datePublished\":\"2009-01-16T20:12:27+00:00\",\"dateModified\":\"2009-01-16T20:13:40+00:00\",\"author\":{\"@id\":\"https:\/\/www.visit-ulcinj.com\/blog\/#\/schema\/person\/dcab619c614d3038751c63bc2aadc06d\"},\"description\":\"Grupet punuese t\u00eb Malit t\u00eb Zi dhe Kroacis\u00eb p\u00ebr definimin e kufirit n\u00eb siujdhes\u00ebn Prevlak\u00eb duhet sot n\u00eb Zagreb ta mbajn\u00eb takimin e par\u00eb. An\u00ebtari i\",\"breadcrumb\":{\"@id\":\"https:\/\/www.visit-ulcinj.com\/blog\/2009\/01\/16\/mali-i-zi-dhe-kroacia-per-kufirin-ne-prevlake\/#breadcrumb\"},\"inLanguage\":\"en-US\",\"potentialAction\":[{\"@type\":\"ReadAction\",\"target\":[\"https:\/\/www.visit-ulcinj.com\/blog\/2009\/01\/16\/mali-i-zi-dhe-kroacia-per-kufirin-ne-prevlake\/\"]}]},{\"@type\":\"BreadcrumbList\",\"@id\":\"https:\/\/www.visit-ulcinj.com\/blog\/2009\/01\/16\/mali-i-zi-dhe-kroacia-per-kufirin-ne-prevlake\/#breadcrumb\",\"itemListElement\":[{\"@type\":\"ListItem\",\"position\":1,\"name\":\"Mali i Zi dhe Kroacia p\u00ebr kufirin n\u00eb Prevlak\u00eb\"}]},{\"@type\":\"Person\",\"@id\":\"https:\/\/www.visit-ulcinj.com\/blog\/#\/schema\/person\/dcab619c614d3038751c63bc2aadc06d\",\"name\":\"ulqini\",\"sameAs\":[\"http:\/\/www.visit-ulcinj.com\"],\"url\":\"https:\/\/www.visit-ulcinj.com\/blog\/author\/admin\/\"}]}<\/script>\n<!-- \/ Yoast SEO plugin. -->","yoast_head_json":{"title":"Mali i Zi dhe Kroacia p\u00ebr kufirin n\u00eb Prevlak\u00eb - Lajme nga Ulqini","description":"Grupet punuese t\u00eb Malit t\u00eb Zi dhe Kroacis\u00eb p\u00ebr definimin e kufirit n\u00eb siujdhes\u00ebn Prevlak\u00eb duhet sot n\u00eb Zagreb ta mbajn\u00eb takimin e par\u00eb. An\u00ebtari i","robots":{"index":"index","follow":"follow","max-snippet":"max-snippet:-1","max-image-preview":"max-image-preview:large","max-video-preview":"max-video-preview:-1"},"canonical":"https:\/\/www.visit-ulcinj.com\/blog\/2009\/01\/16\/mali-i-zi-dhe-kroacia-per-kufirin-ne-prevlake\/","og_locale":"en_US","og_type":"article","og_title":"Mali i Zi dhe Kroacia p\u00ebr kufirin n\u00eb Prevlak\u00eb - Lajme nga Ulqini","og_description":"Grupet punuese t\u00eb Malit t\u00eb Zi dhe Kroacis\u00eb p\u00ebr definimin e kufirit n\u00eb siujdhes\u00ebn Prevlak\u00eb duhet sot n\u00eb Zagreb ta mbajn\u00eb takimin e par\u00eb. An\u00ebtari i","og_url":"https:\/\/www.visit-ulcinj.com\/blog\/2009\/01\/16\/mali-i-zi-dhe-kroacia-per-kufirin-ne-prevlake\/","og_site_name":"Lajme nga Ulqini","article_published_time":"2009-01-16T20:12:27+00:00","article_modified_time":"2009-01-16T20:13:40+00:00","og_image":[{"url":"http:\/\/www.visit-ulcinj.com\/blog\/wp-content\/uploads\/2009\/01\/prevlaka.jpg"}],"twitter_misc":{"Written by":"ulqini","Est. reading time":"1 minute"},"schema":{"@context":"https:\/\/schema.org","@graph":[{"@type":"WebSite","@id":"https:\/\/www.visit-ulcinj.com\/blog\/#website","url":"https:\/\/www.visit-ulcinj.com\/blog\/","name":"Lajme nga Ulqini","description":"Lajme,Vijesti,Ulqini,Ulqin,Crna Gora,Mali i Zi","potentialAction":[{"@type":"SearchAction","target":{"@type":"EntryPoint","urlTemplate":"https:\/\/www.visit-ulcinj.com\/blog\/?s={search_term_string}"},"query-input":"required name=search_term_string"}],"inLanguage":"en-US"},{"@type":"ImageObject","inLanguage":"en-US","@id":"https:\/\/www.visit-ulcinj.com\/blog\/2009\/01\/16\/mali-i-zi-dhe-kroacia-per-kufirin-ne-prevlake\/#primaryimage","url":"https:\/\/www.visit-ulcinj.com\/blog\/wp-content\/uploads\/2009\/01\/prevlaka.jpg","contentUrl":"https:\/\/www.visit-ulcinj.com\/blog\/wp-content\/uploads\/2009\/01\/prevlaka.jpg","width":"370","height":"307"},{"@type":"WebPage","@id":"https:\/\/www.visit-ulcinj.com\/blog\/2009\/01\/16\/mali-i-zi-dhe-kroacia-per-kufirin-ne-prevlake\/#webpage","url":"https:\/\/www.visit-ulcinj.com\/blog\/2009\/01\/16\/mali-i-zi-dhe-kroacia-per-kufirin-ne-prevlake\/","name":"Mali i Zi dhe Kroacia p\u00ebr kufirin n\u00eb Prevlak\u00eb - Lajme nga Ulqini","isPartOf":{"@id":"https:\/\/www.visit-ulcinj.com\/blog\/#website"},"primaryImageOfPage":{"@id":"https:\/\/www.visit-ulcinj.com\/blog\/2009\/01\/16\/mali-i-zi-dhe-kroacia-per-kufirin-ne-prevlake\/#primaryimage"},"datePublished":"2009-01-16T20:12:27+00:00","dateModified":"2009-01-16T20:13:40+00:00","author":{"@id":"https:\/\/www.visit-ulcinj.com\/blog\/#\/schema\/person\/dcab619c614d3038751c63bc2aadc06d"},"description":"Grupet punuese t\u00eb Malit t\u00eb Zi dhe Kroacis\u00eb p\u00ebr definimin e kufirit n\u00eb siujdhes\u00ebn Prevlak\u00eb duhet sot n\u00eb Zagreb ta mbajn\u00eb takimin e par\u00eb. An\u00ebtari i","breadcrumb":{"@id":"https:\/\/www.visit-ulcinj.com\/blog\/2009\/01\/16\/mali-i-zi-dhe-kroacia-per-kufirin-ne-prevlake\/#breadcrumb"},"inLanguage":"en-US","potentialAction":[{"@type":"ReadAction","target":["https:\/\/www.visit-ulcinj.com\/blog\/2009\/01\/16\/mali-i-zi-dhe-kroacia-per-kufirin-ne-prevlake\/"]}]},{"@type":"BreadcrumbList","@id":"https:\/\/www.visit-ulcinj.com\/blog\/2009\/01\/16\/mali-i-zi-dhe-kroacia-per-kufirin-ne-prevlake\/#breadcrumb","itemListElement":[{"@type":"ListItem","position":1,"name":"Mali i Zi dhe Kroacia p\u00ebr kufirin n\u00eb Prevlak\u00eb"}]},{"@type":"Person","@id":"https:\/\/www.visit-ulcinj.com\/blog\/#\/schema\/person\/dcab619c614d3038751c63bc2aadc06d","name":"ulqini","sameAs":["http:\/\/www.visit-ulcinj.com"],"url":"https:\/\/www.visit-ulcinj.com\/blog\/author\/admin\/"}]}},"jetpack_featured_media_url":"","jetpack_sharing_enabled":true,"jetpack_shortlink":"https:\/\/wp.me\/pe6lTn-2mO","_links":{"self":[{"href":"https:\/\/www.visit-ulcinj.com\/blog\/wp-json\/wp\/v2\/posts\/9102"}],"collection":[{"href":"https:\/\/www.visit-ulcinj.com\/blog\/wp-json\/wp\/v2\/posts"}],"about":[{"href":"https:\/\/www.visit-ulcinj.com\/blog\/wp-json\/wp\/v2\/types\/post"}],"author":[{"embeddable":true,"href":"https:\/\/www.visit-ulcinj.com\/blog\/wp-json\/wp\/v2\/users\/1"}],"replies":[{"embeddable":true,"href":"https:\/\/www.visit-ulcinj.com\/blog\/wp-json\/wp\/v2\/comments?post=9102"}],"version-history":[{"count":0,"href":"https:\/\/www.visit-ulcinj.com\/blog\/wp-json\/wp\/v2\/posts\/9102\/revisions"}],"wp:attachment":[{"href":"https:\/\/www.visit-ulcinj.com\/blog\/wp-json\/wp\/v2\/media?parent=9102"}],"wp:term":[{"taxonomy":"category","embeddable":true,"href":"https:\/\/www.visit-ulcinj.com\/blog\/wp-json\/wp\/v2\/categories?post=9102"},{"taxonomy":"post_tag","embeddable":true,"href":"https:\/\/www.visit-ulcinj.com\/blog\/wp-json\/wp\/v2\/tags?post=9102"}],"curies":[{"name":"wp","href":"https:\/\/api.w.org\/{rel}","templated":true}]}}