{"id":91029,"date":"2015-06-18T15:23:43","date_gmt":"2015-06-18T14:23:43","guid":{"rendered":"http:\/\/www.visit-ulcinj.com\/blog\/?p=91029"},"modified":"2015-06-18T17:44:49","modified_gmt":"2015-06-18T16:44:49","slug":"aksioni-madh-pastrimit-te-ulqinit-20-qershor","status":"publish","type":"post","link":"https:\/\/www.visit-ulcinj.com\/blog\/2015\/06\/18\/aksioni-madh-pastrimit-te-ulqinit-20-qershor\/","title":{"rendered":"Aksioni i madh i pastrimit t\u00eb Ulqinit m\u00eb 20 qershor"},"content":{"rendered":"<p><a href=\"http:\/\/www.visit-ulcinj.com\/blog\/wp-content\/uploads\/2015\/06\/Aksioni-i-madh-i-pastrimit-t\u00eb-Ulqinit.jpg\"><img loading=\"lazy\" class=\"alignleft wp-image-91030\" src=\"http:\/\/www.visit-ulcinj.com\/blog\/wp-content\/uploads\/2015\/06\/Aksioni-i-madh-i-pastrimit-t\u00eb-Ulqinit.jpg\" alt=\"Aksioni i madh i pastrimit t\u00eb Ulqinit\" width=\"508\" height=\"274\" srcset=\"https:\/\/www.visit-ulcinj.com\/blog\/wp-content\/uploads\/2015\/06\/Aksioni-i-madh-i-pastrimit-t\u00eb-Ulqinit.jpg 869w, https:\/\/www.visit-ulcinj.com\/blog\/wp-content\/uploads\/2015\/06\/Aksioni-i-madh-i-pastrimit-t\u00eb-Ulqinit-300x162.jpg 300w\" sizes=\"(max-width: 508px) 100vw, 508px\" \/><\/a>Komuna e Ulqinit, Organizata Turistike dhe Nd\u00ebrmarrja komunale t\u00eb shtunen me 20 qershor do t\u00eb b\u00ebjn\u00eb nj\u00eb aksion t\u00eb madh t\u00eb pastrimit t\u00eb Plazhit t\u00eb madh dhe Shtojit.<\/p>\n<p>Ky aksion do t\u00eb b\u00ebhet me p\u00ebrkrahjen e t\u00eb gjith\u00eb afaristeve, ndersa perkrahje financijare do t\u00eb kemi edhe nga nd\u00ebrmarrja e T\u00eb mirave detare.<\/p>\n<p><a href=\"http:\/\/www.visit-ulcinj.com\/blog\/wp-content\/uploads\/2015\/06\/Aksioni-i-madh-i-pastrimit-t\u00eb-Ulqinit-1.jpg\"><img loading=\"lazy\" class=\"alignleft wp-image-91031\" src=\"http:\/\/www.visit-ulcinj.com\/blog\/wp-content\/uploads\/2015\/06\/Aksioni-i-madh-i-pastrimit-t\u00eb-Ulqinit-1.jpg\" alt=\"Aksioni i madh i pastrimit t\u00eb Ulqinit-1\" width=\"508\" height=\"286\" srcset=\"https:\/\/www.visit-ulcinj.com\/blog\/wp-content\/uploads\/2015\/06\/Aksioni-i-madh-i-pastrimit-t\u00eb-Ulqinit-1.jpg 640w, https:\/\/www.visit-ulcinj.com\/blog\/wp-content\/uploads\/2015\/06\/Aksioni-i-madh-i-pastrimit-t\u00eb-Ulqinit-1-300x169.jpg 300w\" sizes=\"(max-width: 508px) 100vw, 508px\" \/><\/a><\/p>\n<p>Me k\u00ebt\u00eb rast ftojm\u00eb t\u00eb gjith\u00eb qytetar\u00ebt t\u00eb na bashk\u00ebngjiten n\u00eb m\u00ebnyr\u00eb q\u00eb t\u00eb gjith\u00eb t\u00eb japim kontributin ton\u00eb n\u00eb pastrimin e qytetit dhe n\u00eb k\u00ebt\u00eb m\u00ebnyre sa m\u00eb t\u00eb p\u00ebrgaditur t\u00eb presim sezonin turistik.<\/p>\n<p>Tourism Organization of Ulcinj<\/p>\n","protected":false},"excerpt":{"rendered":"<p>Komuna e Ulqinit, Organizata Turistike dhe Nd\u00ebrmarrja komunale t\u00eb shtunen me 20 qershor do t\u00eb b\u00ebjn\u00eb nj\u00eb aksion t\u00eb madh t\u00eb pastrimit t\u00eb Plazhit t\u00eb madh dhe Shtojit. Ky aksion do t\u00eb b\u00ebhet me p\u00ebrkrahjen e t\u00eb gjith\u00eb afaristeve, ndersa perkrahje financijare do t\u00eb kemi edhe nga nd\u00ebrmarrja e T\u00eb mirave detare. Me k\u00ebt\u00eb rast [&hellip;]<\/p>\n","protected":false},"author":1,"featured_media":0,"comment_status":"closed","ping_status":"closed","sticky":false,"template":"","format":"standard","meta":{"spay_email":"","jetpack_publicize_message":"","jetpack_is_tweetstorm":false,"jetpack_publicize_feature_enabled":true},"categories":[1,11],"tags":[],"jetpack_publicize_connections":[],"yoast_head":"<!-- This site is optimized with the Yoast SEO plugin v19.1 - https:\/\/yoast.com\/wordpress\/plugins\/seo\/ -->\n<title>Aksioni i madh i pastrimit t\u00eb Ulqinit m\u00eb 20 qershor - Lajme nga Ulqini<\/title>\n<meta name=\"description\" content=\"Komuna e Ulqinit, Organizata Turistike dhe Nd\u00ebrmarrja komunale t\u00eb shtunen me 20 qershor do t\u00eb b\u00ebjn\u00eb nj\u00eb aksion t\u00eb madh t\u00eb pastrimit t\u00eb Plazhit t\u00eb madh dhe\" \/>\n<meta name=\"robots\" content=\"index, follow, max-snippet:-1, max-image-preview:large, max-video-preview:-1\" \/>\n<link rel=\"canonical\" href=\"https:\/\/www.visit-ulcinj.com\/blog\/2015\/06\/18\/aksioni-madh-pastrimit-te-ulqinit-20-qershor\/\" \/>\n<meta property=\"og:locale\" content=\"en_US\" \/>\n<meta property=\"og:type\" content=\"article\" \/>\n<meta property=\"og:title\" content=\"Aksioni i madh i pastrimit t\u00eb Ulqinit m\u00eb 20 qershor - Lajme nga Ulqini\" \/>\n<meta property=\"og:description\" content=\"Komuna e Ulqinit, Organizata Turistike dhe Nd\u00ebrmarrja komunale t\u00eb shtunen me 20 qershor do t\u00eb b\u00ebjn\u00eb nj\u00eb aksion t\u00eb madh t\u00eb pastrimit t\u00eb Plazhit t\u00eb madh dhe\" \/>\n<meta property=\"og:url\" content=\"https:\/\/www.visit-ulcinj.com\/blog\/2015\/06\/18\/aksioni-madh-pastrimit-te-ulqinit-20-qershor\/\" \/>\n<meta property=\"og:site_name\" content=\"Lajme nga Ulqini\" \/>\n<meta property=\"article:published_time\" content=\"2015-06-18T14:23:43+00:00\" \/>\n<meta property=\"article:modified_time\" content=\"2015-06-18T16:44:49+00:00\" \/>\n<meta name=\"twitter:label1\" content=\"Written by\" \/>\n\t<meta name=\"twitter:data1\" content=\"ulqini\" \/>\n\t<meta name=\"twitter:label2\" content=\"Est. reading time\" \/>\n\t<meta name=\"twitter:data2\" content=\"1 minute\" \/>\n<script type=\"application\/ld+json\" class=\"yoast-schema-graph\">{\"@context\":\"https:\/\/schema.org\",\"@graph\":[{\"@type\":\"WebSite\",\"@id\":\"https:\/\/www.visit-ulcinj.com\/blog\/#website\",\"url\":\"https:\/\/www.visit-ulcinj.com\/blog\/\",\"name\":\"Lajme nga Ulqini\",\"description\":\"Lajme,Vijesti,Ulqini,Ulqin,Crna Gora,Mali i Zi\",\"potentialAction\":[{\"@type\":\"SearchAction\",\"target\":{\"@type\":\"EntryPoint\",\"urlTemplate\":\"https:\/\/www.visit-ulcinj.com\/blog\/?s={search_term_string}\"},\"query-input\":\"required name=search_term_string\"}],\"inLanguage\":\"en-US\"},{\"@type\":\"WebPage\",\"@id\":\"https:\/\/www.visit-ulcinj.com\/blog\/2015\/06\/18\/aksioni-madh-pastrimit-te-ulqinit-20-qershor\/#webpage\",\"url\":\"https:\/\/www.visit-ulcinj.com\/blog\/2015\/06\/18\/aksioni-madh-pastrimit-te-ulqinit-20-qershor\/\",\"name\":\"Aksioni i madh i pastrimit t\u00eb Ulqinit m\u00eb 20 qershor - Lajme nga Ulqini\",\"isPartOf\":{\"@id\":\"https:\/\/www.visit-ulcinj.com\/blog\/#website\"},\"datePublished\":\"2015-06-18T14:23:43+00:00\",\"dateModified\":\"2015-06-18T16:44:49+00:00\",\"author\":{\"@id\":\"https:\/\/www.visit-ulcinj.com\/blog\/#\/schema\/person\/dcab619c614d3038751c63bc2aadc06d\"},\"description\":\"Komuna e Ulqinit, Organizata Turistike dhe Nd\u00ebrmarrja komunale t\u00eb shtunen me 20 qershor do t\u00eb b\u00ebjn\u00eb nj\u00eb aksion t\u00eb madh t\u00eb pastrimit t\u00eb Plazhit t\u00eb madh dhe\",\"breadcrumb\":{\"@id\":\"https:\/\/www.visit-ulcinj.com\/blog\/2015\/06\/18\/aksioni-madh-pastrimit-te-ulqinit-20-qershor\/#breadcrumb\"},\"inLanguage\":\"en-US\",\"potentialAction\":[{\"@type\":\"ReadAction\",\"target\":[\"https:\/\/www.visit-ulcinj.com\/blog\/2015\/06\/18\/aksioni-madh-pastrimit-te-ulqinit-20-qershor\/\"]}]},{\"@type\":\"BreadcrumbList\",\"@id\":\"https:\/\/www.visit-ulcinj.com\/blog\/2015\/06\/18\/aksioni-madh-pastrimit-te-ulqinit-20-qershor\/#breadcrumb\",\"itemListElement\":[{\"@type\":\"ListItem\",\"position\":1,\"name\":\"Aksioni i madh i pastrimit t\u00eb Ulqinit m\u00eb 20 qershor\"}]},{\"@type\":\"Person\",\"@id\":\"https:\/\/www.visit-ulcinj.com\/blog\/#\/schema\/person\/dcab619c614d3038751c63bc2aadc06d\",\"name\":\"ulqini\",\"sameAs\":[\"http:\/\/www.visit-ulcinj.com\"],\"url\":\"https:\/\/www.visit-ulcinj.com\/blog\/author\/admin\/\"}]}<\/script>\n<!-- \/ Yoast SEO plugin. -->","yoast_head_json":{"title":"Aksioni i madh i pastrimit t\u00eb Ulqinit m\u00eb 20 qershor - Lajme nga Ulqini","description":"Komuna e Ulqinit, Organizata Turistike dhe Nd\u00ebrmarrja komunale t\u00eb shtunen me 20 qershor do t\u00eb b\u00ebjn\u00eb nj\u00eb aksion t\u00eb madh t\u00eb pastrimit t\u00eb Plazhit t\u00eb madh dhe","robots":{"index":"index","follow":"follow","max-snippet":"max-snippet:-1","max-image-preview":"max-image-preview:large","max-video-preview":"max-video-preview:-1"},"canonical":"https:\/\/www.visit-ulcinj.com\/blog\/2015\/06\/18\/aksioni-madh-pastrimit-te-ulqinit-20-qershor\/","og_locale":"en_US","og_type":"article","og_title":"Aksioni i madh i pastrimit t\u00eb Ulqinit m\u00eb 20 qershor - Lajme nga Ulqini","og_description":"Komuna e Ulqinit, Organizata Turistike dhe Nd\u00ebrmarrja komunale t\u00eb shtunen me 20 qershor do t\u00eb b\u00ebjn\u00eb nj\u00eb aksion t\u00eb madh t\u00eb pastrimit t\u00eb Plazhit t\u00eb madh dhe","og_url":"https:\/\/www.visit-ulcinj.com\/blog\/2015\/06\/18\/aksioni-madh-pastrimit-te-ulqinit-20-qershor\/","og_site_name":"Lajme nga Ulqini","article_published_time":"2015-06-18T14:23:43+00:00","article_modified_time":"2015-06-18T16:44:49+00:00","twitter_misc":{"Written by":"ulqini","Est. reading time":"1 minute"},"schema":{"@context":"https:\/\/schema.org","@graph":[{"@type":"WebSite","@id":"https:\/\/www.visit-ulcinj.com\/blog\/#website","url":"https:\/\/www.visit-ulcinj.com\/blog\/","name":"Lajme nga Ulqini","description":"Lajme,Vijesti,Ulqini,Ulqin,Crna Gora,Mali i Zi","potentialAction":[{"@type":"SearchAction","target":{"@type":"EntryPoint","urlTemplate":"https:\/\/www.visit-ulcinj.com\/blog\/?s={search_term_string}"},"query-input":"required name=search_term_string"}],"inLanguage":"en-US"},{"@type":"WebPage","@id":"https:\/\/www.visit-ulcinj.com\/blog\/2015\/06\/18\/aksioni-madh-pastrimit-te-ulqinit-20-qershor\/#webpage","url":"https:\/\/www.visit-ulcinj.com\/blog\/2015\/06\/18\/aksioni-madh-pastrimit-te-ulqinit-20-qershor\/","name":"Aksioni i madh i pastrimit t\u00eb Ulqinit m\u00eb 20 qershor - Lajme nga Ulqini","isPartOf":{"@id":"https:\/\/www.visit-ulcinj.com\/blog\/#website"},"datePublished":"2015-06-18T14:23:43+00:00","dateModified":"2015-06-18T16:44:49+00:00","author":{"@id":"https:\/\/www.visit-ulcinj.com\/blog\/#\/schema\/person\/dcab619c614d3038751c63bc2aadc06d"},"description":"Komuna e Ulqinit, Organizata Turistike dhe Nd\u00ebrmarrja komunale t\u00eb shtunen me 20 qershor do t\u00eb b\u00ebjn\u00eb nj\u00eb aksion t\u00eb madh t\u00eb pastrimit t\u00eb Plazhit t\u00eb madh dhe","breadcrumb":{"@id":"https:\/\/www.visit-ulcinj.com\/blog\/2015\/06\/18\/aksioni-madh-pastrimit-te-ulqinit-20-qershor\/#breadcrumb"},"inLanguage":"en-US","potentialAction":[{"@type":"ReadAction","target":["https:\/\/www.visit-ulcinj.com\/blog\/2015\/06\/18\/aksioni-madh-pastrimit-te-ulqinit-20-qershor\/"]}]},{"@type":"BreadcrumbList","@id":"https:\/\/www.visit-ulcinj.com\/blog\/2015\/06\/18\/aksioni-madh-pastrimit-te-ulqinit-20-qershor\/#breadcrumb","itemListElement":[{"@type":"ListItem","position":1,"name":"Aksioni i madh i pastrimit t\u00eb Ulqinit m\u00eb 20 qershor"}]},{"@type":"Person","@id":"https:\/\/www.visit-ulcinj.com\/blog\/#\/schema\/person\/dcab619c614d3038751c63bc2aadc06d","name":"ulqini","sameAs":["http:\/\/www.visit-ulcinj.com"],"url":"https:\/\/www.visit-ulcinj.com\/blog\/author\/admin\/"}]}},"jetpack_featured_media_url":"","jetpack_sharing_enabled":true,"jetpack_shortlink":"https:\/\/wp.me\/pe6lTn-nGd","_links":{"self":[{"href":"https:\/\/www.visit-ulcinj.com\/blog\/wp-json\/wp\/v2\/posts\/91029"}],"collection":[{"href":"https:\/\/www.visit-ulcinj.com\/blog\/wp-json\/wp\/v2\/posts"}],"about":[{"href":"https:\/\/www.visit-ulcinj.com\/blog\/wp-json\/wp\/v2\/types\/post"}],"author":[{"embeddable":true,"href":"https:\/\/www.visit-ulcinj.com\/blog\/wp-json\/wp\/v2\/users\/1"}],"replies":[{"embeddable":true,"href":"https:\/\/www.visit-ulcinj.com\/blog\/wp-json\/wp\/v2\/comments?post=91029"}],"version-history":[{"count":2,"href":"https:\/\/www.visit-ulcinj.com\/blog\/wp-json\/wp\/v2\/posts\/91029\/revisions"}],"predecessor-version":[{"id":91054,"href":"https:\/\/www.visit-ulcinj.com\/blog\/wp-json\/wp\/v2\/posts\/91029\/revisions\/91054"}],"wp:attachment":[{"href":"https:\/\/www.visit-ulcinj.com\/blog\/wp-json\/wp\/v2\/media?parent=91029"}],"wp:term":[{"taxonomy":"category","embeddable":true,"href":"https:\/\/www.visit-ulcinj.com\/blog\/wp-json\/wp\/v2\/categories?post=91029"},{"taxonomy":"post_tag","embeddable":true,"href":"https:\/\/www.visit-ulcinj.com\/blog\/wp-json\/wp\/v2\/tags?post=91029"}],"curies":[{"name":"wp","href":"https:\/\/api.w.org\/{rel}","templated":true}]}}