{"id":91035,"date":"2015-06-18T15:36:02","date_gmt":"2015-06-18T14:36:02","guid":{"rendered":"http:\/\/www.visit-ulcinj.com\/blog\/?p=91035"},"modified":"2015-06-18T15:36:02","modified_gmt":"2015-06-18T14:36:02","slug":"medunarodni-dan-joge-u-ulcinju","status":"publish","type":"post","link":"https:\/\/www.visit-ulcinj.com\/blog\/2015\/06\/18\/medunarodni-dan-joge-u-ulcinju\/","title":{"rendered":"Me\u0111unarodni dan joge i u Ulcinju"},"content":{"rendered":"<p><strong><a href=\"http:\/\/www.visit-ulcinj.com\/blog\/wp-content\/uploads\/2015\/06\/Medjunarodni-dan-joge-i-u-Ulcinju-2015.jpg\"><img loading=\"lazy\" class=\"alignleft wp-image-91036\" src=\"http:\/\/www.visit-ulcinj.com\/blog\/wp-content\/uploads\/2015\/06\/Medjunarodni-dan-joge-i-u-Ulcinju-2015.jpg\" alt=\"Medjunarodni dan joge i u Ulcinju-2015\" width=\"508\" height=\"338\" srcset=\"https:\/\/www.visit-ulcinj.com\/blog\/wp-content\/uploads\/2015\/06\/Medjunarodni-dan-joge-i-u-Ulcinju-2015.jpg 800w, https:\/\/www.visit-ulcinj.com\/blog\/wp-content\/uploads\/2015\/06\/Medjunarodni-dan-joge-i-u-Ulcinju-2015-300x200.jpg 300w\" sizes=\"(max-width: 508px) 100vw, 508px\" \/><\/a>Me\u0111unarodni Dan Joge 21.06.2015<\/strong><\/p>\n<p>Povodom progla\u0161enja Me\u0111unarodnog dana Joge od strane UN u decembru 2014.godine, u Crnoj Gori \u0107e se ovaj dan obilje\u017eiti u 12 gradova 21.Juna 2015.godine.<\/p>\n<p>U Ulcinju u organizaciji NVO Umjetnost \u017eivljenja &#8211; Art of Living I uz podr\u0161ku Turisti\u010dke Organizacije Ulcinj, me\u0111unarodni Dan Joge \u0107e se odr\u017eati na trgu ispod Zidina Starog grada od 9.00h do 10.00h. U svakom gradu \u0107e se istovremeno urad iti identi\u010dan slijed vje\u017ebi, nakon \u010dega \u0107e se napraviti kratak film o cijelom doga\u0111aju. Vje\u017ebe \u0107e se uraditi uz pomo\u0107 nekoliko instruktorki za Jogu, tako da pozivamo sve zainteresovane da prisustvuju ovom doga\u0111aju, da budu dio ove aktivnosti I na taj na\u010din doprinesu boljem promovisanju zdravog \u017eivota.<\/p>\n<p>&nbsp;<\/p>\n<p><strong>Tourism Organization of Ulcinj<\/strong><\/p>\n","protected":false},"excerpt":{"rendered":"<p>Me\u0111unarodni Dan Joge 21.06.2015 Povodom progla\u0161enja Me\u0111unarodnog dana Joge od strane UN u decembru 2014.godine, u Crnoj Gori \u0107e se ovaj dan obilje\u017eiti u 12 gradova 21.Juna 2015.godine. U Ulcinju u organizaciji NVO Umjetnost \u017eivljenja &#8211; Art of Living I uz podr\u0161ku Turisti\u010dke Organizacije Ulcinj, me\u0111unarodni Dan Joge \u0107e se odr\u017eati na trgu ispod Zidina [&hellip;]<\/p>\n","protected":false},"author":1,"featured_media":0,"comment_status":"closed","ping_status":"closed","sticky":false,"template":"","format":"standard","meta":{"spay_email":"","jetpack_publicize_message":"","jetpack_is_tweetstorm":false,"jetpack_publicize_feature_enabled":true},"categories":[6950],"tags":[],"jetpack_publicize_connections":[],"yoast_head":"<!-- This site is optimized with the Yoast SEO plugin v19.1 - https:\/\/yoast.com\/wordpress\/plugins\/seo\/ -->\n<title>Me\u0111unarodni dan joge i u Ulcinju - Lajme nga Ulqini<\/title>\n<meta name=\"description\" content=\"Me\u0111unarodni Dan Joge 21.06.2015 Povodom progla\u0161enja Me\u0111unarodnog dana Joge od strane UN u decembru 2014.godine, u Crnoj Gori \u0107e se ovaj dan obilje\u017eiti u\" \/>\n<meta name=\"robots\" content=\"index, follow, max-snippet:-1, max-image-preview:large, max-video-preview:-1\" \/>\n<link rel=\"canonical\" href=\"https:\/\/www.visit-ulcinj.com\/blog\/2015\/06\/18\/medunarodni-dan-joge-u-ulcinju\/\" \/>\n<meta property=\"og:locale\" content=\"en_US\" \/>\n<meta property=\"og:type\" content=\"article\" \/>\n<meta property=\"og:title\" content=\"Me\u0111unarodni dan joge i u Ulcinju - Lajme nga Ulqini\" \/>\n<meta property=\"og:description\" content=\"Me\u0111unarodni Dan Joge 21.06.2015 Povodom progla\u0161enja Me\u0111unarodnog dana Joge od strane UN u decembru 2014.godine, u Crnoj Gori \u0107e se ovaj dan obilje\u017eiti u\" \/>\n<meta property=\"og:url\" content=\"https:\/\/www.visit-ulcinj.com\/blog\/2015\/06\/18\/medunarodni-dan-joge-u-ulcinju\/\" \/>\n<meta property=\"og:site_name\" content=\"Lajme nga Ulqini\" \/>\n<meta property=\"article:published_time\" content=\"2015-06-18T14:36:02+00:00\" \/>\n<meta property=\"og:image\" content=\"http:\/\/www.visit-ulcinj.com\/blog\/wp-content\/uploads\/2015\/06\/Medjunarodni-dan-joge-i-u-Ulcinju-2015.jpg\" \/>\n<meta name=\"twitter:label1\" content=\"Written by\" \/>\n\t<meta name=\"twitter:data1\" content=\"ulqini\" \/>\n\t<meta name=\"twitter:label2\" content=\"Est. reading time\" \/>\n\t<meta name=\"twitter:data2\" content=\"1 minute\" \/>\n<script type=\"application\/ld+json\" class=\"yoast-schema-graph\">{\"@context\":\"https:\/\/schema.org\",\"@graph\":[{\"@type\":\"WebSite\",\"@id\":\"https:\/\/www.visit-ulcinj.com\/blog\/#website\",\"url\":\"https:\/\/www.visit-ulcinj.com\/blog\/\",\"name\":\"Lajme nga Ulqini\",\"description\":\"Lajme,Vijesti,Ulqini,Ulqin,Crna Gora,Mali i Zi\",\"potentialAction\":[{\"@type\":\"SearchAction\",\"target\":{\"@type\":\"EntryPoint\",\"urlTemplate\":\"https:\/\/www.visit-ulcinj.com\/blog\/?s={search_term_string}\"},\"query-input\":\"required name=search_term_string\"}],\"inLanguage\":\"en-US\"},{\"@type\":\"ImageObject\",\"inLanguage\":\"en-US\",\"@id\":\"https:\/\/www.visit-ulcinj.com\/blog\/2015\/06\/18\/medunarodni-dan-joge-u-ulcinju\/#primaryimage\",\"url\":\"https:\/\/www.visit-ulcinj.com\/blog\/wp-content\/uploads\/2015\/06\/Medjunarodni-dan-joge-i-u-Ulcinju-2015.jpg\",\"contentUrl\":\"https:\/\/www.visit-ulcinj.com\/blog\/wp-content\/uploads\/2015\/06\/Medjunarodni-dan-joge-i-u-Ulcinju-2015.jpg\",\"width\":800,\"height\":533},{\"@type\":\"WebPage\",\"@id\":\"https:\/\/www.visit-ulcinj.com\/blog\/2015\/06\/18\/medunarodni-dan-joge-u-ulcinju\/#webpage\",\"url\":\"https:\/\/www.visit-ulcinj.com\/blog\/2015\/06\/18\/medunarodni-dan-joge-u-ulcinju\/\",\"name\":\"Me\u0111unarodni dan joge i u Ulcinju - Lajme nga Ulqini\",\"isPartOf\":{\"@id\":\"https:\/\/www.visit-ulcinj.com\/blog\/#website\"},\"primaryImageOfPage\":{\"@id\":\"https:\/\/www.visit-ulcinj.com\/blog\/2015\/06\/18\/medunarodni-dan-joge-u-ulcinju\/#primaryimage\"},\"datePublished\":\"2015-06-18T14:36:02+00:00\",\"dateModified\":\"2015-06-18T14:36:02+00:00\",\"author\":{\"@id\":\"https:\/\/www.visit-ulcinj.com\/blog\/#\/schema\/person\/dcab619c614d3038751c63bc2aadc06d\"},\"description\":\"Me\u0111unarodni Dan Joge 21.06.2015 Povodom progla\u0161enja Me\u0111unarodnog dana Joge od strane UN u decembru 2014.godine, u Crnoj Gori \u0107e se ovaj dan obilje\u017eiti u\",\"breadcrumb\":{\"@id\":\"https:\/\/www.visit-ulcinj.com\/blog\/2015\/06\/18\/medunarodni-dan-joge-u-ulcinju\/#breadcrumb\"},\"inLanguage\":\"en-US\",\"potentialAction\":[{\"@type\":\"ReadAction\",\"target\":[\"https:\/\/www.visit-ulcinj.com\/blog\/2015\/06\/18\/medunarodni-dan-joge-u-ulcinju\/\"]}]},{\"@type\":\"BreadcrumbList\",\"@id\":\"https:\/\/www.visit-ulcinj.com\/blog\/2015\/06\/18\/medunarodni-dan-joge-u-ulcinju\/#breadcrumb\",\"itemListElement\":[{\"@type\":\"ListItem\",\"position\":1,\"name\":\"Me\u0111unarodni dan joge i u Ulcinju\"}]},{\"@type\":\"Person\",\"@id\":\"https:\/\/www.visit-ulcinj.com\/blog\/#\/schema\/person\/dcab619c614d3038751c63bc2aadc06d\",\"name\":\"ulqini\",\"sameAs\":[\"http:\/\/www.visit-ulcinj.com\"],\"url\":\"https:\/\/www.visit-ulcinj.com\/blog\/author\/admin\/\"}]}<\/script>\n<!-- \/ Yoast SEO plugin. -->","yoast_head_json":{"title":"Me\u0111unarodni dan joge i u Ulcinju - Lajme nga Ulqini","description":"Me\u0111unarodni Dan Joge 21.06.2015 Povodom progla\u0161enja Me\u0111unarodnog dana Joge od strane UN u decembru 2014.godine, u Crnoj Gori \u0107e se ovaj dan obilje\u017eiti u","robots":{"index":"index","follow":"follow","max-snippet":"max-snippet:-1","max-image-preview":"max-image-preview:large","max-video-preview":"max-video-preview:-1"},"canonical":"https:\/\/www.visit-ulcinj.com\/blog\/2015\/06\/18\/medunarodni-dan-joge-u-ulcinju\/","og_locale":"en_US","og_type":"article","og_title":"Me\u0111unarodni dan joge i u Ulcinju - Lajme nga Ulqini","og_description":"Me\u0111unarodni Dan Joge 21.06.2015 Povodom progla\u0161enja Me\u0111unarodnog dana Joge od strane UN u decembru 2014.godine, u Crnoj Gori \u0107e se ovaj dan obilje\u017eiti u","og_url":"https:\/\/www.visit-ulcinj.com\/blog\/2015\/06\/18\/medunarodni-dan-joge-u-ulcinju\/","og_site_name":"Lajme nga Ulqini","article_published_time":"2015-06-18T14:36:02+00:00","og_image":[{"url":"http:\/\/www.visit-ulcinj.com\/blog\/wp-content\/uploads\/2015\/06\/Medjunarodni-dan-joge-i-u-Ulcinju-2015.jpg"}],"twitter_misc":{"Written by":"ulqini","Est. reading time":"1 minute"},"schema":{"@context":"https:\/\/schema.org","@graph":[{"@type":"WebSite","@id":"https:\/\/www.visit-ulcinj.com\/blog\/#website","url":"https:\/\/www.visit-ulcinj.com\/blog\/","name":"Lajme nga Ulqini","description":"Lajme,Vijesti,Ulqini,Ulqin,Crna Gora,Mali i Zi","potentialAction":[{"@type":"SearchAction","target":{"@type":"EntryPoint","urlTemplate":"https:\/\/www.visit-ulcinj.com\/blog\/?s={search_term_string}"},"query-input":"required name=search_term_string"}],"inLanguage":"en-US"},{"@type":"ImageObject","inLanguage":"en-US","@id":"https:\/\/www.visit-ulcinj.com\/blog\/2015\/06\/18\/medunarodni-dan-joge-u-ulcinju\/#primaryimage","url":"https:\/\/www.visit-ulcinj.com\/blog\/wp-content\/uploads\/2015\/06\/Medjunarodni-dan-joge-i-u-Ulcinju-2015.jpg","contentUrl":"https:\/\/www.visit-ulcinj.com\/blog\/wp-content\/uploads\/2015\/06\/Medjunarodni-dan-joge-i-u-Ulcinju-2015.jpg","width":800,"height":533},{"@type":"WebPage","@id":"https:\/\/www.visit-ulcinj.com\/blog\/2015\/06\/18\/medunarodni-dan-joge-u-ulcinju\/#webpage","url":"https:\/\/www.visit-ulcinj.com\/blog\/2015\/06\/18\/medunarodni-dan-joge-u-ulcinju\/","name":"Me\u0111unarodni dan joge i u Ulcinju - Lajme nga Ulqini","isPartOf":{"@id":"https:\/\/www.visit-ulcinj.com\/blog\/#website"},"primaryImageOfPage":{"@id":"https:\/\/www.visit-ulcinj.com\/blog\/2015\/06\/18\/medunarodni-dan-joge-u-ulcinju\/#primaryimage"},"datePublished":"2015-06-18T14:36:02+00:00","dateModified":"2015-06-18T14:36:02+00:00","author":{"@id":"https:\/\/www.visit-ulcinj.com\/blog\/#\/schema\/person\/dcab619c614d3038751c63bc2aadc06d"},"description":"Me\u0111unarodni Dan Joge 21.06.2015 Povodom progla\u0161enja Me\u0111unarodnog dana Joge od strane UN u decembru 2014.godine, u Crnoj Gori \u0107e se ovaj dan obilje\u017eiti u","breadcrumb":{"@id":"https:\/\/www.visit-ulcinj.com\/blog\/2015\/06\/18\/medunarodni-dan-joge-u-ulcinju\/#breadcrumb"},"inLanguage":"en-US","potentialAction":[{"@type":"ReadAction","target":["https:\/\/www.visit-ulcinj.com\/blog\/2015\/06\/18\/medunarodni-dan-joge-u-ulcinju\/"]}]},{"@type":"BreadcrumbList","@id":"https:\/\/www.visit-ulcinj.com\/blog\/2015\/06\/18\/medunarodni-dan-joge-u-ulcinju\/#breadcrumb","itemListElement":[{"@type":"ListItem","position":1,"name":"Me\u0111unarodni dan joge i u Ulcinju"}]},{"@type":"Person","@id":"https:\/\/www.visit-ulcinj.com\/blog\/#\/schema\/person\/dcab619c614d3038751c63bc2aadc06d","name":"ulqini","sameAs":["http:\/\/www.visit-ulcinj.com"],"url":"https:\/\/www.visit-ulcinj.com\/blog\/author\/admin\/"}]}},"jetpack_featured_media_url":"","jetpack_sharing_enabled":true,"jetpack_shortlink":"https:\/\/wp.me\/pe6lTn-nGj","_links":{"self":[{"href":"https:\/\/www.visit-ulcinj.com\/blog\/wp-json\/wp\/v2\/posts\/91035"}],"collection":[{"href":"https:\/\/www.visit-ulcinj.com\/blog\/wp-json\/wp\/v2\/posts"}],"about":[{"href":"https:\/\/www.visit-ulcinj.com\/blog\/wp-json\/wp\/v2\/types\/post"}],"author":[{"embeddable":true,"href":"https:\/\/www.visit-ulcinj.com\/blog\/wp-json\/wp\/v2\/users\/1"}],"replies":[{"embeddable":true,"href":"https:\/\/www.visit-ulcinj.com\/blog\/wp-json\/wp\/v2\/comments?post=91035"}],"version-history":[{"count":1,"href":"https:\/\/www.visit-ulcinj.com\/blog\/wp-json\/wp\/v2\/posts\/91035\/revisions"}],"predecessor-version":[{"id":91037,"href":"https:\/\/www.visit-ulcinj.com\/blog\/wp-json\/wp\/v2\/posts\/91035\/revisions\/91037"}],"wp:attachment":[{"href":"https:\/\/www.visit-ulcinj.com\/blog\/wp-json\/wp\/v2\/media?parent=91035"}],"wp:term":[{"taxonomy":"category","embeddable":true,"href":"https:\/\/www.visit-ulcinj.com\/blog\/wp-json\/wp\/v2\/categories?post=91035"},{"taxonomy":"post_tag","embeddable":true,"href":"https:\/\/www.visit-ulcinj.com\/blog\/wp-json\/wp\/v2\/tags?post=91035"}],"curies":[{"name":"wp","href":"https:\/\/api.w.org\/{rel}","templated":true}]}}