{"id":91038,"date":"2015-06-18T15:40:49","date_gmt":"2015-06-18T14:40:49","guid":{"rendered":"http:\/\/www.visit-ulcinj.com\/blog\/?p=91038"},"modified":"2015-06-18T15:40:49","modified_gmt":"2015-06-18T14:40:49","slug":"udsh-ja-urimet-per-muajin-e-ramazanit-2","status":"publish","type":"post","link":"https:\/\/www.visit-ulcinj.com\/blog\/2015\/06\/18\/udsh-ja-urimet-per-muajin-e-ramazanit-2\/","title":{"rendered":"UDSH-ja: Urimet p\u00ebr muajin e Ramazanit"},"content":{"rendered":"<p><a href=\"http:\/\/www.visit-ulcinj.com\/blog\/wp-content\/uploads\/2013\/07\/Udsh-ja-me-URIME-RAMAZANI.jpg\"><img loading=\"lazy\" class=\"alignleft wp-image-73064\" src=\"http:\/\/www.visit-ulcinj.com\/blog\/wp-content\/uploads\/2013\/07\/Udsh-ja-me-URIME-RAMAZANI.jpg\" alt=\"Udsh-ja-me-URIME RAMAZANI\" width=\"508\" height=\"516\" srcset=\"https:\/\/www.visit-ulcinj.com\/blog\/wp-content\/uploads\/2013\/07\/Udsh-ja-me-URIME-RAMAZANI.jpg 603w, https:\/\/www.visit-ulcinj.com\/blog\/wp-content\/uploads\/2013\/07\/Udsh-ja-me-URIME-RAMAZANI-295x300.jpg 295w\" sizes=\"(max-width: 508px) 100vw, 508px\" \/><\/a>M\u00eb rastin e muajit \u00a0madh\u00ebrish\u00ebm t\u00eb Ramazanit, Unioni Demokratik i Shqiptar\u00ebve t\u00eb gjith\u00eb besimtar\u00ebve t\u00eb Fes\u00eb Islame i p\u00ebrg\u00ebzon p\u00ebrzem\u00ebrsisht p\u00ebr k\u00ebt\u00eb muaj t\u00eb madhuar, duke i uruar paqe, sh\u00ebndet dhe mbar\u00ebsi.<\/p>\n<p>Lusim Allahun t\u00eb na mund\u00ebsoj\u00eb q\u00eb ta p\u00ebrjetojm\u00eb k\u00ebt\u00eb muaj me besim dhe sinqeritet t\u00eb plot\u00eb, t\u00eb na leht\u00ebsoj\u00eb agj\u00ebrimin, t\u00eb na b\u00ebj prej adhuruesve t\u00eb sinqert\u00eb, t\u00eb na i fal\u00eb m\u00ebkatet tona dhe t\u00eb na kaploj\u00eb me m\u00ebshir\u00ebn e Tij.<\/p>\n<p>Allahu na i pranoft\u00eb namazet tona, agj\u00ebrimin ton\u00eb, Allahu i shum\u00ebfishoft\u00eb sadakat\u00eb tona dhe i pastroft\u00eb zemrat tona!<\/p>\n<p>Urojm\u00eb q\u00eb paqja, m\u00ebshira dhe bekimi i Allahut t\u00eb jet\u00eb mbi ju dhe familjen tuaj!<\/p>\n<p>Urime muajin e bekuar t\u00eb Ramazanit, agj\u00ebrim t\u00eb leht\u00eb dhe Allahu ju bekoft\u00eb me t\u00eb gjitha t\u00eb mirat!<\/p>\n<p><strong>Sh\u00ebrbimi informativ t\u00eb UDSH-s\u00eb<\/strong><\/p>\n","protected":false},"excerpt":{"rendered":"<p>M\u00eb rastin e muajit \u00a0madh\u00ebrish\u00ebm t\u00eb Ramazanit, Unioni Demokratik i Shqiptar\u00ebve t\u00eb gjith\u00eb besimtar\u00ebve t\u00eb Fes\u00eb Islame i p\u00ebrg\u00ebzon p\u00ebrzem\u00ebrsisht p\u00ebr k\u00ebt\u00eb muaj t\u00eb madhuar, duke i uruar paqe, sh\u00ebndet dhe mbar\u00ebsi. Lusim Allahun t\u00eb na mund\u00ebsoj\u00eb q\u00eb ta p\u00ebrjetojm\u00eb k\u00ebt\u00eb muaj me besim dhe sinqeritet t\u00eb plot\u00eb, t\u00eb na leht\u00ebsoj\u00eb agj\u00ebrimin, t\u00eb na b\u00ebj [&hellip;]<\/p>\n","protected":false},"author":1,"featured_media":0,"comment_status":"closed","ping_status":"closed","sticky":false,"template":"","format":"standard","meta":{"spay_email":"","jetpack_publicize_message":"","jetpack_is_tweetstorm":false,"jetpack_publicize_feature_enabled":true},"categories":[6950],"tags":[],"jetpack_publicize_connections":[],"yoast_head":"<!-- This site is optimized with the Yoast SEO plugin v19.1 - https:\/\/yoast.com\/wordpress\/plugins\/seo\/ -->\n<title>UDSH-ja: Urimet p\u00ebr muajin e Ramazanit - Lajme nga Ulqini<\/title>\n<meta name=\"description\" content=\"M\u00eb rastin e muajit \u00a0madh\u00ebrish\u00ebm t\u00eb Ramazanit, Unioni Demokratik i Shqiptar\u00ebve t\u00eb gjith\u00eb besimtar\u00ebve t\u00eb Fes\u00eb Islame i p\u00ebrg\u00ebzon p\u00ebrzem\u00ebrsisht p\u00ebr k\u00ebt\u00eb muaj\" \/>\n<meta name=\"robots\" content=\"index, follow, max-snippet:-1, max-image-preview:large, max-video-preview:-1\" \/>\n<link rel=\"canonical\" href=\"https:\/\/www.visit-ulcinj.com\/blog\/2015\/06\/18\/udsh-ja-urimet-per-muajin-e-ramazanit-2\/\" \/>\n<meta property=\"og:locale\" content=\"en_US\" \/>\n<meta property=\"og:type\" content=\"article\" \/>\n<meta property=\"og:title\" content=\"UDSH-ja: Urimet p\u00ebr muajin e Ramazanit - Lajme nga Ulqini\" \/>\n<meta property=\"og:description\" content=\"M\u00eb rastin e muajit \u00a0madh\u00ebrish\u00ebm t\u00eb Ramazanit, Unioni Demokratik i Shqiptar\u00ebve t\u00eb gjith\u00eb besimtar\u00ebve t\u00eb Fes\u00eb Islame i p\u00ebrg\u00ebzon p\u00ebrzem\u00ebrsisht p\u00ebr k\u00ebt\u00eb muaj\" \/>\n<meta property=\"og:url\" content=\"https:\/\/www.visit-ulcinj.com\/blog\/2015\/06\/18\/udsh-ja-urimet-per-muajin-e-ramazanit-2\/\" \/>\n<meta property=\"og:site_name\" content=\"Lajme nga Ulqini\" \/>\n<meta property=\"article:published_time\" content=\"2015-06-18T14:40:49+00:00\" \/>\n<meta property=\"og:image\" content=\"http:\/\/www.visit-ulcinj.com\/blog\/wp-content\/uploads\/2013\/07\/Udsh-ja-me-URIME-RAMAZANI.jpg\" \/>\n<meta name=\"twitter:label1\" content=\"Written by\" \/>\n\t<meta name=\"twitter:data1\" content=\"ulqini\" \/>\n\t<meta name=\"twitter:label2\" content=\"Est. reading time\" \/>\n\t<meta name=\"twitter:data2\" content=\"1 minute\" \/>\n<script type=\"application\/ld+json\" class=\"yoast-schema-graph\">{\"@context\":\"https:\/\/schema.org\",\"@graph\":[{\"@type\":\"WebSite\",\"@id\":\"https:\/\/www.visit-ulcinj.com\/blog\/#website\",\"url\":\"https:\/\/www.visit-ulcinj.com\/blog\/\",\"name\":\"Lajme nga Ulqini\",\"description\":\"Lajme,Vijesti,Ulqini,Ulqin,Crna Gora,Mali i Zi\",\"potentialAction\":[{\"@type\":\"SearchAction\",\"target\":{\"@type\":\"EntryPoint\",\"urlTemplate\":\"https:\/\/www.visit-ulcinj.com\/blog\/?s={search_term_string}\"},\"query-input\":\"required name=search_term_string\"}],\"inLanguage\":\"en-US\"},{\"@type\":\"ImageObject\",\"inLanguage\":\"en-US\",\"@id\":\"https:\/\/www.visit-ulcinj.com\/blog\/2015\/06\/18\/udsh-ja-urimet-per-muajin-e-ramazanit-2\/#primaryimage\",\"url\":\"https:\/\/www.visit-ulcinj.com\/blog\/wp-content\/uploads\/2013\/07\/Udsh-ja-me-URIME-RAMAZANI.jpg\",\"contentUrl\":\"https:\/\/www.visit-ulcinj.com\/blog\/wp-content\/uploads\/2013\/07\/Udsh-ja-me-URIME-RAMAZANI.jpg\",\"width\":603,\"height\":612},{\"@type\":\"WebPage\",\"@id\":\"https:\/\/www.visit-ulcinj.com\/blog\/2015\/06\/18\/udsh-ja-urimet-per-muajin-e-ramazanit-2\/#webpage\",\"url\":\"https:\/\/www.visit-ulcinj.com\/blog\/2015\/06\/18\/udsh-ja-urimet-per-muajin-e-ramazanit-2\/\",\"name\":\"UDSH-ja: Urimet p\u00ebr muajin e Ramazanit - Lajme nga Ulqini\",\"isPartOf\":{\"@id\":\"https:\/\/www.visit-ulcinj.com\/blog\/#website\"},\"primaryImageOfPage\":{\"@id\":\"https:\/\/www.visit-ulcinj.com\/blog\/2015\/06\/18\/udsh-ja-urimet-per-muajin-e-ramazanit-2\/#primaryimage\"},\"datePublished\":\"2015-06-18T14:40:49+00:00\",\"dateModified\":\"2015-06-18T14:40:49+00:00\",\"author\":{\"@id\":\"https:\/\/www.visit-ulcinj.com\/blog\/#\/schema\/person\/dcab619c614d3038751c63bc2aadc06d\"},\"description\":\"M\u00eb rastin e muajit \u00a0madh\u00ebrish\u00ebm t\u00eb Ramazanit, Unioni Demokratik i Shqiptar\u00ebve t\u00eb gjith\u00eb besimtar\u00ebve t\u00eb Fes\u00eb Islame i p\u00ebrg\u00ebzon p\u00ebrzem\u00ebrsisht p\u00ebr k\u00ebt\u00eb muaj\",\"breadcrumb\":{\"@id\":\"https:\/\/www.visit-ulcinj.com\/blog\/2015\/06\/18\/udsh-ja-urimet-per-muajin-e-ramazanit-2\/#breadcrumb\"},\"inLanguage\":\"en-US\",\"potentialAction\":[{\"@type\":\"ReadAction\",\"target\":[\"https:\/\/www.visit-ulcinj.com\/blog\/2015\/06\/18\/udsh-ja-urimet-per-muajin-e-ramazanit-2\/\"]}]},{\"@type\":\"BreadcrumbList\",\"@id\":\"https:\/\/www.visit-ulcinj.com\/blog\/2015\/06\/18\/udsh-ja-urimet-per-muajin-e-ramazanit-2\/#breadcrumb\",\"itemListElement\":[{\"@type\":\"ListItem\",\"position\":1,\"name\":\"UDSH-ja: Urimet p\u00ebr muajin e Ramazanit\"}]},{\"@type\":\"Person\",\"@id\":\"https:\/\/www.visit-ulcinj.com\/blog\/#\/schema\/person\/dcab619c614d3038751c63bc2aadc06d\",\"name\":\"ulqini\",\"sameAs\":[\"http:\/\/www.visit-ulcinj.com\"],\"url\":\"https:\/\/www.visit-ulcinj.com\/blog\/author\/admin\/\"}]}<\/script>\n<!-- \/ Yoast SEO plugin. -->","yoast_head_json":{"title":"UDSH-ja: Urimet p\u00ebr muajin e Ramazanit - Lajme nga Ulqini","description":"M\u00eb rastin e muajit \u00a0madh\u00ebrish\u00ebm t\u00eb Ramazanit, Unioni Demokratik i Shqiptar\u00ebve t\u00eb gjith\u00eb besimtar\u00ebve t\u00eb Fes\u00eb Islame i p\u00ebrg\u00ebzon p\u00ebrzem\u00ebrsisht p\u00ebr k\u00ebt\u00eb muaj","robots":{"index":"index","follow":"follow","max-snippet":"max-snippet:-1","max-image-preview":"max-image-preview:large","max-video-preview":"max-video-preview:-1"},"canonical":"https:\/\/www.visit-ulcinj.com\/blog\/2015\/06\/18\/udsh-ja-urimet-per-muajin-e-ramazanit-2\/","og_locale":"en_US","og_type":"article","og_title":"UDSH-ja: Urimet p\u00ebr muajin e Ramazanit - Lajme nga Ulqini","og_description":"M\u00eb rastin e muajit \u00a0madh\u00ebrish\u00ebm t\u00eb Ramazanit, Unioni Demokratik i Shqiptar\u00ebve t\u00eb gjith\u00eb besimtar\u00ebve t\u00eb Fes\u00eb Islame i p\u00ebrg\u00ebzon p\u00ebrzem\u00ebrsisht p\u00ebr k\u00ebt\u00eb muaj","og_url":"https:\/\/www.visit-ulcinj.com\/blog\/2015\/06\/18\/udsh-ja-urimet-per-muajin-e-ramazanit-2\/","og_site_name":"Lajme nga Ulqini","article_published_time":"2015-06-18T14:40:49+00:00","og_image":[{"url":"http:\/\/www.visit-ulcinj.com\/blog\/wp-content\/uploads\/2013\/07\/Udsh-ja-me-URIME-RAMAZANI.jpg"}],"twitter_misc":{"Written by":"ulqini","Est. reading time":"1 minute"},"schema":{"@context":"https:\/\/schema.org","@graph":[{"@type":"WebSite","@id":"https:\/\/www.visit-ulcinj.com\/blog\/#website","url":"https:\/\/www.visit-ulcinj.com\/blog\/","name":"Lajme nga Ulqini","description":"Lajme,Vijesti,Ulqini,Ulqin,Crna Gora,Mali i Zi","potentialAction":[{"@type":"SearchAction","target":{"@type":"EntryPoint","urlTemplate":"https:\/\/www.visit-ulcinj.com\/blog\/?s={search_term_string}"},"query-input":"required name=search_term_string"}],"inLanguage":"en-US"},{"@type":"ImageObject","inLanguage":"en-US","@id":"https:\/\/www.visit-ulcinj.com\/blog\/2015\/06\/18\/udsh-ja-urimet-per-muajin-e-ramazanit-2\/#primaryimage","url":"https:\/\/www.visit-ulcinj.com\/blog\/wp-content\/uploads\/2013\/07\/Udsh-ja-me-URIME-RAMAZANI.jpg","contentUrl":"https:\/\/www.visit-ulcinj.com\/blog\/wp-content\/uploads\/2013\/07\/Udsh-ja-me-URIME-RAMAZANI.jpg","width":603,"height":612},{"@type":"WebPage","@id":"https:\/\/www.visit-ulcinj.com\/blog\/2015\/06\/18\/udsh-ja-urimet-per-muajin-e-ramazanit-2\/#webpage","url":"https:\/\/www.visit-ulcinj.com\/blog\/2015\/06\/18\/udsh-ja-urimet-per-muajin-e-ramazanit-2\/","name":"UDSH-ja: Urimet p\u00ebr muajin e Ramazanit - Lajme nga Ulqini","isPartOf":{"@id":"https:\/\/www.visit-ulcinj.com\/blog\/#website"},"primaryImageOfPage":{"@id":"https:\/\/www.visit-ulcinj.com\/blog\/2015\/06\/18\/udsh-ja-urimet-per-muajin-e-ramazanit-2\/#primaryimage"},"datePublished":"2015-06-18T14:40:49+00:00","dateModified":"2015-06-18T14:40:49+00:00","author":{"@id":"https:\/\/www.visit-ulcinj.com\/blog\/#\/schema\/person\/dcab619c614d3038751c63bc2aadc06d"},"description":"M\u00eb rastin e muajit \u00a0madh\u00ebrish\u00ebm t\u00eb Ramazanit, Unioni Demokratik i Shqiptar\u00ebve t\u00eb gjith\u00eb besimtar\u00ebve t\u00eb Fes\u00eb Islame i p\u00ebrg\u00ebzon p\u00ebrzem\u00ebrsisht p\u00ebr k\u00ebt\u00eb muaj","breadcrumb":{"@id":"https:\/\/www.visit-ulcinj.com\/blog\/2015\/06\/18\/udsh-ja-urimet-per-muajin-e-ramazanit-2\/#breadcrumb"},"inLanguage":"en-US","potentialAction":[{"@type":"ReadAction","target":["https:\/\/www.visit-ulcinj.com\/blog\/2015\/06\/18\/udsh-ja-urimet-per-muajin-e-ramazanit-2\/"]}]},{"@type":"BreadcrumbList","@id":"https:\/\/www.visit-ulcinj.com\/blog\/2015\/06\/18\/udsh-ja-urimet-per-muajin-e-ramazanit-2\/#breadcrumb","itemListElement":[{"@type":"ListItem","position":1,"name":"UDSH-ja: Urimet p\u00ebr muajin e Ramazanit"}]},{"@type":"Person","@id":"https:\/\/www.visit-ulcinj.com\/blog\/#\/schema\/person\/dcab619c614d3038751c63bc2aadc06d","name":"ulqini","sameAs":["http:\/\/www.visit-ulcinj.com"],"url":"https:\/\/www.visit-ulcinj.com\/blog\/author\/admin\/"}]}},"jetpack_featured_media_url":"","jetpack_sharing_enabled":true,"jetpack_shortlink":"https:\/\/wp.me\/pe6lTn-nGm","_links":{"self":[{"href":"https:\/\/www.visit-ulcinj.com\/blog\/wp-json\/wp\/v2\/posts\/91038"}],"collection":[{"href":"https:\/\/www.visit-ulcinj.com\/blog\/wp-json\/wp\/v2\/posts"}],"about":[{"href":"https:\/\/www.visit-ulcinj.com\/blog\/wp-json\/wp\/v2\/types\/post"}],"author":[{"embeddable":true,"href":"https:\/\/www.visit-ulcinj.com\/blog\/wp-json\/wp\/v2\/users\/1"}],"replies":[{"embeddable":true,"href":"https:\/\/www.visit-ulcinj.com\/blog\/wp-json\/wp\/v2\/comments?post=91038"}],"version-history":[{"count":1,"href":"https:\/\/www.visit-ulcinj.com\/blog\/wp-json\/wp\/v2\/posts\/91038\/revisions"}],"predecessor-version":[{"id":91039,"href":"https:\/\/www.visit-ulcinj.com\/blog\/wp-json\/wp\/v2\/posts\/91038\/revisions\/91039"}],"wp:attachment":[{"href":"https:\/\/www.visit-ulcinj.com\/blog\/wp-json\/wp\/v2\/media?parent=91038"}],"wp:term":[{"taxonomy":"category","embeddable":true,"href":"https:\/\/www.visit-ulcinj.com\/blog\/wp-json\/wp\/v2\/categories?post=91038"},{"taxonomy":"post_tag","embeddable":true,"href":"https:\/\/www.visit-ulcinj.com\/blog\/wp-json\/wp\/v2\/tags?post=91038"}],"curies":[{"name":"wp","href":"https:\/\/api.w.org\/{rel}","templated":true}]}}