{"id":91062,"date":"2015-06-18T18:27:56","date_gmt":"2015-06-18T17:27:56","guid":{"rendered":"http:\/\/www.visit-ulcinj.com\/blog\/?p=91062"},"modified":"2015-06-18T19:14:20","modified_gmt":"2015-06-18T18:14:20","slug":"organizata-turistike-e-ulqinit-ne-lublane","status":"publish","type":"post","link":"https:\/\/www.visit-ulcinj.com\/blog\/2015\/06\/18\/organizata-turistike-e-ulqinit-ne-lublane\/","title":{"rendered":"Organizata Turistike e Ulqinit ne Lublan\u00eb"},"content":{"rendered":"<p><a href=\"http:\/\/www.visit-ulcinj.com\/blog\/wp-content\/uploads\/2015\/06\/Organizata-Turistike-e-Ulqinit-ne-Lublan\u00eb-.jpg\"><img loading=\"lazy\" class=\"alignleft wp-image-91063\" src=\"http:\/\/www.visit-ulcinj.com\/blog\/wp-content\/uploads\/2015\/06\/Organizata-Turistike-e-Ulqinit-ne-Lublan\u00eb-.jpg\" alt=\"Organizata Turistike e Ulqinit ne Lublan\u00eb-\" width=\"508\" height=\"381\" srcset=\"https:\/\/www.visit-ulcinj.com\/blog\/wp-content\/uploads\/2015\/06\/Organizata-Turistike-e-Ulqinit-ne-Lublan\u00eb-.jpg 999w, https:\/\/www.visit-ulcinj.com\/blog\/wp-content\/uploads\/2015\/06\/Organizata-Turistike-e-Ulqinit-ne-Lublan\u00eb--300x225.jpg 300w\" sizes=\"(max-width: 508px) 100vw, 508px\" \/><\/a>Organizata Turistike e Ulqinit \u00ebsht\u00eb duke vazhduar promovimin p\u00ebr ofert\u00ebn turistike n\u00eb vendet regjionale dhe p\u00ebr t\u00eb par\u00ebn her\u00eb n\u00eb Lublan\u00eb n\u00eb kuad\u00ebr t\u00eb Road Show prezantimit q\u00eb organizon Organizata Nacionale Turistike n\u00eb bashk\u00ebpunim me organizatat e Tivarit, Budv\u00ebs dhe Podgoric\u00ebs.<\/p>\n<p><a href=\"http:\/\/www.visit-ulcinj.com\/blog\/wp-content\/uploads\/2015\/06\/Organizata-Turistike-e-Ulqinit-ne-Lublan\u00eb-1.jpg\"><img loading=\"lazy\" class=\"alignleft wp-image-91064\" src=\"http:\/\/www.visit-ulcinj.com\/blog\/wp-content\/uploads\/2015\/06\/Organizata-Turistike-e-Ulqinit-ne-Lublan\u00eb-1.jpg\" alt=\"Organizata Turistike e Ulqinit ne Lublan\u00eb-1\" width=\"508\" height=\"381\" srcset=\"https:\/\/www.visit-ulcinj.com\/blog\/wp-content\/uploads\/2015\/06\/Organizata-Turistike-e-Ulqinit-ne-Lublan\u00eb-1.jpg 661w, https:\/\/www.visit-ulcinj.com\/blog\/wp-content\/uploads\/2015\/06\/Organizata-Turistike-e-Ulqinit-ne-Lublan\u00eb-1-300x225.jpg 300w\" sizes=\"(max-width: 508px) 100vw, 508px\" \/><\/a><\/p>\n<p>Promovimi \u00ebsht\u00eb mbajtur ne lokalin AS ku nikoqir ishte z.Raspopoviq nga Mali i Zi dhe t\u00eb gjith\u00eb vizitor\u00ebve ju \u00ebsht\u00eb ofruar nj\u00eb num\u00ebr i madh i materijalit promovues nd\u00ebrsa interesimi m\u00eb i madh ka qen\u00eb p\u00ebr \u00e7mimet e akomodimeve dhe organizimin e manifestimeve gjat\u00eb sezonit turistik. P\u00ebrve\u00e7 materijaleve promovuese t\u00eb gjith\u00eb t\u00eb pranishmit kishin mundesin\u00eb t\u00eb shijojn\u00eb specijalitetet tradicionale dhe ver\u00ebrat e Malit te Zi. Stend\u00ebn poashtu e vizitoi ambasadori i Malit t\u00eb Zi n\u00eb Sloveni dr.Miomir Mugosha dhe konzuli z.Kovaceviq t\u00eb cil\u00ebt s\u00eb bashku me p\u00ebrfaqesuesit ton\u00eb kan\u00eb dh\u00ebn\u00eb disa intervju dhe kan\u00eb patur takime me medijet dhe agjensionet turistike t\u00eb Slovenis\u00eb q\u00eb ishin mysafiret ton\u00eb.<\/p>\n<p><a href=\"http:\/\/www.visit-ulcinj.com\/blog\/wp-content\/uploads\/2015\/06\/Organizata-Turistike-e-Ulqinit-ne-Lublan\u00eb-2.jpg\"><img loading=\"lazy\" class=\"alignleft wp-image-91065\" src=\"http:\/\/www.visit-ulcinj.com\/blog\/wp-content\/uploads\/2015\/06\/Organizata-Turistike-e-Ulqinit-ne-Lublan\u00eb-2.jpg\" alt=\"Organizata Turistike e Ulqinit ne Lublan\u00eb-2\" width=\"508\" height=\"286\" srcset=\"https:\/\/www.visit-ulcinj.com\/blog\/wp-content\/uploads\/2015\/06\/Organizata-Turistike-e-Ulqinit-ne-Lublan\u00eb-2.jpg 882w, https:\/\/www.visit-ulcinj.com\/blog\/wp-content\/uploads\/2015\/06\/Organizata-Turistike-e-Ulqinit-ne-Lublan\u00eb-2-300x169.jpg 300w\" sizes=\"(max-width: 508px) 100vw, 508px\" \/><\/a><\/p>\n<p>Organizata Turistike poashtu ka promovuar manifestimet q\u00eb do t\u00eb mbahen duke filluar nga spektakli i madh muzikor q\u00eb do t\u00eb mbahet p\u00ebr t\u00eb treten her\u00eb n\u00eb Ulqin dhe b\u00ebhet fjal\u00eb p\u00ebr Southern Soul Festival prej 25 deri me 28 qershor ku edhe presim nj\u00eb num\u00ebr t\u00eb madh t\u00eb mysafir\u00ebve.<\/p>\n<p><a href=\"http:\/\/www.visit-ulcinj.com\/blog\/wp-content\/uploads\/2015\/06\/Organizata-Turistike-e-Ulqinit-ne-Lublan\u00eb-3.jpg\"><img loading=\"lazy\" class=\"alignleft wp-image-91066\" src=\"http:\/\/www.visit-ulcinj.com\/blog\/wp-content\/uploads\/2015\/06\/Organizata-Turistike-e-Ulqinit-ne-Lublan\u00eb-3.jpg\" alt=\"Organizata Turistike e Ulqinit ne Lublan\u00eb-3\" width=\"508\" height=\"381\" srcset=\"https:\/\/www.visit-ulcinj.com\/blog\/wp-content\/uploads\/2015\/06\/Organizata-Turistike-e-Ulqinit-ne-Lublan\u00eb-3.jpg 661w, https:\/\/www.visit-ulcinj.com\/blog\/wp-content\/uploads\/2015\/06\/Organizata-Turistike-e-Ulqinit-ne-Lublan\u00eb-3-300x225.jpg 300w\" sizes=\"(max-width: 508px) 100vw, 508px\" \/><\/a><\/p>\n<p>Sloven\u00ebt kan\u00eb qene dikur mysafir te rregullt te Rivieres sone dhe duhet te themi qe kane qene turistet e par\u00eb q\u00eb kan\u00eb patur plazhet e tyre private p\u00ebr Wind dhe Kite Surf q\u00eb \u00ebsht\u00eb shum\u00eb i njohur n\u00eb Ulqin p\u00ebr shkak t\u00eb er\u00ebs Maestral dhe hap\u00ebsires s\u00eb Plazhit t\u00eb madh.<\/p>\n<p>&nbsp;<\/p>\n<p>Sh\u00ebrbimi i OT Ulqin<\/p>\n<p><a href=\"http:\/\/www.visit-ulcinj.com\/blog\/wp-content\/uploads\/2015\/06\/Organizata-Turistike-e-Ulqinit-ne-Lublan\u00eb-4.jpg\"><img loading=\"lazy\" class=\"alignleft wp-image-91067\" src=\"http:\/\/www.visit-ulcinj.com\/blog\/wp-content\/uploads\/2015\/06\/Organizata-Turistike-e-Ulqinit-ne-Lublan\u00eb-4.jpg\" alt=\"Organizata Turistike e Ulqinit ne Lublan\u00eb-4\" width=\"508\" height=\"286\" srcset=\"https:\/\/www.visit-ulcinj.com\/blog\/wp-content\/uploads\/2015\/06\/Organizata-Turistike-e-Ulqinit-ne-Lublan\u00eb-4.jpg 882w, https:\/\/www.visit-ulcinj.com\/blog\/wp-content\/uploads\/2015\/06\/Organizata-Turistike-e-Ulqinit-ne-Lublan\u00eb-4-300x169.jpg 300w\" sizes=\"(max-width: 508px) 100vw, 508px\" \/><\/a><\/p>\n<p>&nbsp;<\/p>\n","protected":false},"excerpt":{"rendered":"<p>Organizata Turistike e Ulqinit \u00ebsht\u00eb duke vazhduar promovimin p\u00ebr ofert\u00ebn turistike n\u00eb vendet regjionale dhe p\u00ebr t\u00eb par\u00ebn her\u00eb n\u00eb Lublan\u00eb n\u00eb kuad\u00ebr t\u00eb Road Show prezantimit q\u00eb organizon Organizata Nacionale Turistike n\u00eb bashk\u00ebpunim me organizatat e Tivarit, Budv\u00ebs dhe Podgoric\u00ebs. Promovimi \u00ebsht\u00eb mbajtur ne lokalin AS ku nikoqir ishte z.Raspopoviq nga Mali i Zi [&hellip;]<\/p>\n","protected":false},"author":1,"featured_media":0,"comment_status":"closed","ping_status":"closed","sticky":false,"template":"","format":"standard","meta":{"spay_email":"","jetpack_publicize_message":"","jetpack_is_tweetstorm":false,"jetpack_publicize_feature_enabled":true},"categories":[1,15],"tags":[],"jetpack_publicize_connections":[],"yoast_head":"<!-- This site is optimized with the Yoast SEO plugin v19.1 - https:\/\/yoast.com\/wordpress\/plugins\/seo\/ -->\n<title>Organizata Turistike e Ulqinit ne Lublan\u00eb - Lajme nga Ulqini<\/title>\n<meta name=\"description\" content=\"Organizata Turistike e Ulqinit \u00ebsht\u00eb duke vazhduar promovimin p\u00ebr ofert\u00ebn turistike n\u00eb vendet regjionale dhe p\u00ebr t\u00eb par\u00ebn her\u00eb n\u00eb Lublan\u00eb n\u00eb kuad\u00ebr t\u00eb\" \/>\n<meta name=\"robots\" content=\"index, follow, max-snippet:-1, max-image-preview:large, max-video-preview:-1\" \/>\n<link rel=\"canonical\" href=\"https:\/\/www.visit-ulcinj.com\/blog\/2015\/06\/18\/organizata-turistike-e-ulqinit-ne-lublane\/\" \/>\n<meta property=\"og:locale\" content=\"en_US\" \/>\n<meta property=\"og:type\" content=\"article\" \/>\n<meta property=\"og:title\" content=\"Organizata Turistike e Ulqinit ne Lublan\u00eb - Lajme nga Ulqini\" \/>\n<meta property=\"og:description\" content=\"Organizata Turistike e Ulqinit \u00ebsht\u00eb duke vazhduar promovimin p\u00ebr ofert\u00ebn turistike n\u00eb vendet regjionale dhe p\u00ebr t\u00eb par\u00ebn her\u00eb n\u00eb Lublan\u00eb n\u00eb kuad\u00ebr t\u00eb\" \/>\n<meta property=\"og:url\" content=\"https:\/\/www.visit-ulcinj.com\/blog\/2015\/06\/18\/organizata-turistike-e-ulqinit-ne-lublane\/\" \/>\n<meta property=\"og:site_name\" content=\"Lajme nga Ulqini\" \/>\n<meta property=\"article:published_time\" content=\"2015-06-18T17:27:56+00:00\" \/>\n<meta property=\"article:modified_time\" content=\"2015-06-18T18:14:20+00:00\" \/>\n<meta name=\"twitter:label1\" content=\"Written by\" \/>\n\t<meta name=\"twitter:data1\" content=\"ulqini\" \/>\n\t<meta name=\"twitter:label2\" content=\"Est. reading time\" \/>\n\t<meta name=\"twitter:data2\" content=\"1 minute\" \/>\n<script type=\"application\/ld+json\" class=\"yoast-schema-graph\">{\"@context\":\"https:\/\/schema.org\",\"@graph\":[{\"@type\":\"WebSite\",\"@id\":\"https:\/\/www.visit-ulcinj.com\/blog\/#website\",\"url\":\"https:\/\/www.visit-ulcinj.com\/blog\/\",\"name\":\"Lajme nga Ulqini\",\"description\":\"Lajme,Vijesti,Ulqini,Ulqin,Crna Gora,Mali i Zi\",\"potentialAction\":[{\"@type\":\"SearchAction\",\"target\":{\"@type\":\"EntryPoint\",\"urlTemplate\":\"https:\/\/www.visit-ulcinj.com\/blog\/?s={search_term_string}\"},\"query-input\":\"required name=search_term_string\"}],\"inLanguage\":\"en-US\"},{\"@type\":\"WebPage\",\"@id\":\"https:\/\/www.visit-ulcinj.com\/blog\/2015\/06\/18\/organizata-turistike-e-ulqinit-ne-lublane\/#webpage\",\"url\":\"https:\/\/www.visit-ulcinj.com\/blog\/2015\/06\/18\/organizata-turistike-e-ulqinit-ne-lublane\/\",\"name\":\"Organizata Turistike e Ulqinit ne Lublan\u00eb - Lajme nga Ulqini\",\"isPartOf\":{\"@id\":\"https:\/\/www.visit-ulcinj.com\/blog\/#website\"},\"datePublished\":\"2015-06-18T17:27:56+00:00\",\"dateModified\":\"2015-06-18T18:14:20+00:00\",\"author\":{\"@id\":\"https:\/\/www.visit-ulcinj.com\/blog\/#\/schema\/person\/dcab619c614d3038751c63bc2aadc06d\"},\"description\":\"Organizata Turistike e Ulqinit \u00ebsht\u00eb duke vazhduar promovimin p\u00ebr ofert\u00ebn turistike n\u00eb vendet regjionale dhe p\u00ebr t\u00eb par\u00ebn her\u00eb n\u00eb Lublan\u00eb n\u00eb kuad\u00ebr t\u00eb\",\"breadcrumb\":{\"@id\":\"https:\/\/www.visit-ulcinj.com\/blog\/2015\/06\/18\/organizata-turistike-e-ulqinit-ne-lublane\/#breadcrumb\"},\"inLanguage\":\"en-US\",\"potentialAction\":[{\"@type\":\"ReadAction\",\"target\":[\"https:\/\/www.visit-ulcinj.com\/blog\/2015\/06\/18\/organizata-turistike-e-ulqinit-ne-lublane\/\"]}]},{\"@type\":\"BreadcrumbList\",\"@id\":\"https:\/\/www.visit-ulcinj.com\/blog\/2015\/06\/18\/organizata-turistike-e-ulqinit-ne-lublane\/#breadcrumb\",\"itemListElement\":[{\"@type\":\"ListItem\",\"position\":1,\"name\":\"Organizata Turistike e Ulqinit ne Lublan\u00eb\"}]},{\"@type\":\"Person\",\"@id\":\"https:\/\/www.visit-ulcinj.com\/blog\/#\/schema\/person\/dcab619c614d3038751c63bc2aadc06d\",\"name\":\"ulqini\",\"sameAs\":[\"http:\/\/www.visit-ulcinj.com\"],\"url\":\"https:\/\/www.visit-ulcinj.com\/blog\/author\/admin\/\"}]}<\/script>\n<!-- \/ Yoast SEO plugin. -->","yoast_head_json":{"title":"Organizata Turistike e Ulqinit ne Lublan\u00eb - Lajme nga Ulqini","description":"Organizata Turistike e Ulqinit \u00ebsht\u00eb duke vazhduar promovimin p\u00ebr ofert\u00ebn turistike n\u00eb vendet regjionale dhe p\u00ebr t\u00eb par\u00ebn her\u00eb n\u00eb Lublan\u00eb n\u00eb kuad\u00ebr t\u00eb","robots":{"index":"index","follow":"follow","max-snippet":"max-snippet:-1","max-image-preview":"max-image-preview:large","max-video-preview":"max-video-preview:-1"},"canonical":"https:\/\/www.visit-ulcinj.com\/blog\/2015\/06\/18\/organizata-turistike-e-ulqinit-ne-lublane\/","og_locale":"en_US","og_type":"article","og_title":"Organizata Turistike e Ulqinit ne Lublan\u00eb - Lajme nga Ulqini","og_description":"Organizata Turistike e Ulqinit \u00ebsht\u00eb duke vazhduar promovimin p\u00ebr ofert\u00ebn turistike n\u00eb vendet regjionale dhe p\u00ebr t\u00eb par\u00ebn her\u00eb n\u00eb Lublan\u00eb n\u00eb kuad\u00ebr t\u00eb","og_url":"https:\/\/www.visit-ulcinj.com\/blog\/2015\/06\/18\/organizata-turistike-e-ulqinit-ne-lublane\/","og_site_name":"Lajme nga Ulqini","article_published_time":"2015-06-18T17:27:56+00:00","article_modified_time":"2015-06-18T18:14:20+00:00","twitter_misc":{"Written by":"ulqini","Est. reading time":"1 minute"},"schema":{"@context":"https:\/\/schema.org","@graph":[{"@type":"WebSite","@id":"https:\/\/www.visit-ulcinj.com\/blog\/#website","url":"https:\/\/www.visit-ulcinj.com\/blog\/","name":"Lajme nga Ulqini","description":"Lajme,Vijesti,Ulqini,Ulqin,Crna Gora,Mali i Zi","potentialAction":[{"@type":"SearchAction","target":{"@type":"EntryPoint","urlTemplate":"https:\/\/www.visit-ulcinj.com\/blog\/?s={search_term_string}"},"query-input":"required name=search_term_string"}],"inLanguage":"en-US"},{"@type":"WebPage","@id":"https:\/\/www.visit-ulcinj.com\/blog\/2015\/06\/18\/organizata-turistike-e-ulqinit-ne-lublane\/#webpage","url":"https:\/\/www.visit-ulcinj.com\/blog\/2015\/06\/18\/organizata-turistike-e-ulqinit-ne-lublane\/","name":"Organizata Turistike e Ulqinit ne Lublan\u00eb - Lajme nga Ulqini","isPartOf":{"@id":"https:\/\/www.visit-ulcinj.com\/blog\/#website"},"datePublished":"2015-06-18T17:27:56+00:00","dateModified":"2015-06-18T18:14:20+00:00","author":{"@id":"https:\/\/www.visit-ulcinj.com\/blog\/#\/schema\/person\/dcab619c614d3038751c63bc2aadc06d"},"description":"Organizata Turistike e Ulqinit \u00ebsht\u00eb duke vazhduar promovimin p\u00ebr ofert\u00ebn turistike n\u00eb vendet regjionale dhe p\u00ebr t\u00eb par\u00ebn her\u00eb n\u00eb Lublan\u00eb n\u00eb kuad\u00ebr t\u00eb","breadcrumb":{"@id":"https:\/\/www.visit-ulcinj.com\/blog\/2015\/06\/18\/organizata-turistike-e-ulqinit-ne-lublane\/#breadcrumb"},"inLanguage":"en-US","potentialAction":[{"@type":"ReadAction","target":["https:\/\/www.visit-ulcinj.com\/blog\/2015\/06\/18\/organizata-turistike-e-ulqinit-ne-lublane\/"]}]},{"@type":"BreadcrumbList","@id":"https:\/\/www.visit-ulcinj.com\/blog\/2015\/06\/18\/organizata-turistike-e-ulqinit-ne-lublane\/#breadcrumb","itemListElement":[{"@type":"ListItem","position":1,"name":"Organizata Turistike e Ulqinit ne Lublan\u00eb"}]},{"@type":"Person","@id":"https:\/\/www.visit-ulcinj.com\/blog\/#\/schema\/person\/dcab619c614d3038751c63bc2aadc06d","name":"ulqini","sameAs":["http:\/\/www.visit-ulcinj.com"],"url":"https:\/\/www.visit-ulcinj.com\/blog\/author\/admin\/"}]}},"jetpack_featured_media_url":"","jetpack_sharing_enabled":true,"jetpack_shortlink":"https:\/\/wp.me\/pe6lTn-nGK","_links":{"self":[{"href":"https:\/\/www.visit-ulcinj.com\/blog\/wp-json\/wp\/v2\/posts\/91062"}],"collection":[{"href":"https:\/\/www.visit-ulcinj.com\/blog\/wp-json\/wp\/v2\/posts"}],"about":[{"href":"https:\/\/www.visit-ulcinj.com\/blog\/wp-json\/wp\/v2\/types\/post"}],"author":[{"embeddable":true,"href":"https:\/\/www.visit-ulcinj.com\/blog\/wp-json\/wp\/v2\/users\/1"}],"replies":[{"embeddable":true,"href":"https:\/\/www.visit-ulcinj.com\/blog\/wp-json\/wp\/v2\/comments?post=91062"}],"version-history":[{"count":1,"href":"https:\/\/www.visit-ulcinj.com\/blog\/wp-json\/wp\/v2\/posts\/91062\/revisions"}],"predecessor-version":[{"id":91068,"href":"https:\/\/www.visit-ulcinj.com\/blog\/wp-json\/wp\/v2\/posts\/91062\/revisions\/91068"}],"wp:attachment":[{"href":"https:\/\/www.visit-ulcinj.com\/blog\/wp-json\/wp\/v2\/media?parent=91062"}],"wp:term":[{"taxonomy":"category","embeddable":true,"href":"https:\/\/www.visit-ulcinj.com\/blog\/wp-json\/wp\/v2\/categories?post=91062"},{"taxonomy":"post_tag","embeddable":true,"href":"https:\/\/www.visit-ulcinj.com\/blog\/wp-json\/wp\/v2\/tags?post=91062"}],"curies":[{"name":"wp","href":"https:\/\/api.w.org\/{rel}","templated":true}]}}