{"id":91078,"date":"2015-06-18T18:50:59","date_gmt":"2015-06-18T17:50:59","guid":{"rendered":"http:\/\/www.visit-ulcinj.com\/blog\/?p=91078"},"modified":"2015-06-18T18:52:47","modified_gmt":"2015-06-18T17:52:47","slug":"gjeka-urime-per-fillimin-e-muajit-te-shenjte-te-ramazanit","status":"publish","type":"post","link":"https:\/\/www.visit-ulcinj.com\/blog\/2015\/06\/18\/gjeka-urime-per-fillimin-e-muajit-te-shenjte-te-ramazanit\/","title":{"rendered":"Gjeka:  Urime p\u00ebr fillimin e Muajit t\u00eb shenjt\u00eb t\u00eb Ramazanit"},"content":{"rendered":"<p><a href=\"http:\/\/www.visit-ulcinj.com\/blog\/wp-content\/uploads\/2014\/08\/Fatmir-Gjeka-1.jpg\"><img loading=\"lazy\" class=\"alignleft wp-image-84665\" src=\"http:\/\/www.visit-ulcinj.com\/blog\/wp-content\/uploads\/2014\/08\/Fatmir-Gjeka-1.jpg\" alt=\"Fatmir-Gjeka-1\" width=\"508\" height=\"377\" srcset=\"https:\/\/www.visit-ulcinj.com\/blog\/wp-content\/uploads\/2014\/08\/Fatmir-Gjeka-1.jpg 407w, https:\/\/www.visit-ulcinj.com\/blog\/wp-content\/uploads\/2014\/08\/Fatmir-Gjeka-1-300x222.jpg 300w\" sizes=\"(max-width: 508px) 100vw, 508px\" \/><\/a>Kryetari I Ulqinit Fatmir Gjeka\u00a0 I ka d\u00ebrguar nj\u00eb\u00a0 telegram urimi Kryeimamit t\u00eb Ulqinit Ali efendi Bardhi\u00a0 dhe besimtar\u00ebve t\u00eb besimit islam\u00a0 me rastin\u00a0 e fillimit t\u00eb\u00a0 Muajit\u00a0 t\u00eb shenjt\u00eb t\u00eb Ramazanit .<br \/>\nN\u00eb mesazhin e urimit nd\u00ebr t\u00eb tjera \u00a0\u00a0thuhet \u00a0se Muaji i Ramazanit\u00a0 \u00ebsht\u00eb nd\u00ebr\u00a0 obligimet\u00a0 m\u00eb fisnike\u00a0 n\u00eb t\u00eb\u00a0 cil\u00ebn\u00a0 kultivohen\u00a0 vlera\u00a0 njer\u00ebzore dhe humane ,\u00a0 toleranca , respekti\u00a0 i nd\u00ebrsjellt\u00eb dhe\u00a0 dashuria\u00a0 midis njer\u00ebzve.<br \/>\nDuke uruar q\u00eb\u00a0 ky muaj\u00a0 i shenjt\u00eb t\u00eb pasqyroj\u00eb\u00a0 n\u00eb m\u00ebnyr\u00eb t\u00eb denj\u00eb\u00a0 bindjen fetare\u00a0 dhe sprov\u00ebn\u00a0 p\u00ebr\u00a0 tiu\u00a0 p\u00ebrkushtuar\u00a0 lart\u00ebsimit\u00a0 shpirt\u00ebror\u00eb,Kryetari\u00a0 Gjeka\u00a0 uron\u00a0 q\u00eb Muaji i Ramazanit \u00a0t\u00eb gjej\u00eb\u00a0 familjet\u00a0 tona\u00a0 n\u00eb\u00a0 harmoni , mir\u00ebqenie, lumturi\u00a0 dhe dashuri.<\/p>\n<p>Komuna Ulqinit<\/p>\n","protected":false},"excerpt":{"rendered":"<p>Kryetari I Ulqinit Fatmir Gjeka\u00a0 I ka d\u00ebrguar nj\u00eb\u00a0 telegram urimi Kryeimamit t\u00eb Ulqinit Ali efendi Bardhi\u00a0 dhe besimtar\u00ebve t\u00eb besimit islam\u00a0 me rastin\u00a0 e fillimit t\u00eb\u00a0 Muajit\u00a0 t\u00eb shenjt\u00eb t\u00eb Ramazanit . N\u00eb mesazhin e urimit nd\u00ebr t\u00eb tjera \u00a0\u00a0thuhet \u00a0se Muaji i Ramazanit\u00a0 \u00ebsht\u00eb nd\u00ebr\u00a0 obligimet\u00a0 m\u00eb fisnike\u00a0 n\u00eb t\u00eb\u00a0 cil\u00ebn\u00a0 kultivohen\u00a0 vlera\u00a0 [&hellip;]<\/p>\n","protected":false},"author":1,"featured_media":0,"comment_status":"closed","ping_status":"closed","sticky":false,"template":"","format":"standard","meta":{"spay_email":"","jetpack_publicize_message":"","jetpack_is_tweetstorm":false,"jetpack_publicize_feature_enabled":true},"categories":[6950],"tags":[],"jetpack_publicize_connections":[],"yoast_head":"<!-- This site is optimized with the Yoast SEO plugin v19.1 - https:\/\/yoast.com\/wordpress\/plugins\/seo\/ -->\n<title>Gjeka: Urime p\u00ebr fillimin e Muajit t\u00eb shenjt\u00eb t\u00eb Ramazanit - Lajme nga Ulqini<\/title>\n<meta name=\"description\" content=\"Kryetari I Ulqinit Fatmir Gjeka\u00a0 I ka d\u00ebrguar nj\u00eb\u00a0 telegram urimi Kryeimamit t\u00eb Ulqinit Ali efendi Bardhi\u00a0 dhe besimtar\u00ebve t\u00eb besimit islam\u00a0 me rastin\u00a0 e\" \/>\n<meta name=\"robots\" content=\"index, follow, max-snippet:-1, max-image-preview:large, max-video-preview:-1\" \/>\n<link rel=\"canonical\" href=\"https:\/\/www.visit-ulcinj.com\/blog\/2015\/06\/18\/gjeka-urime-per-fillimin-e-muajit-te-shenjte-te-ramazanit\/\" \/>\n<meta property=\"og:locale\" content=\"en_US\" \/>\n<meta property=\"og:type\" content=\"article\" \/>\n<meta property=\"og:title\" content=\"Gjeka: Urime p\u00ebr fillimin e Muajit t\u00eb shenjt\u00eb t\u00eb Ramazanit - Lajme nga Ulqini\" \/>\n<meta property=\"og:description\" content=\"Kryetari I Ulqinit Fatmir Gjeka\u00a0 I ka d\u00ebrguar nj\u00eb\u00a0 telegram urimi Kryeimamit t\u00eb Ulqinit Ali efendi Bardhi\u00a0 dhe besimtar\u00ebve t\u00eb besimit islam\u00a0 me rastin\u00a0 e\" \/>\n<meta property=\"og:url\" content=\"https:\/\/www.visit-ulcinj.com\/blog\/2015\/06\/18\/gjeka-urime-per-fillimin-e-muajit-te-shenjte-te-ramazanit\/\" \/>\n<meta property=\"og:site_name\" content=\"Lajme nga Ulqini\" \/>\n<meta property=\"article:published_time\" content=\"2015-06-18T17:50:59+00:00\" \/>\n<meta property=\"article:modified_time\" content=\"2015-06-18T17:52:47+00:00\" \/>\n<meta property=\"og:image\" content=\"http:\/\/www.visit-ulcinj.com\/blog\/wp-content\/uploads\/2014\/08\/Fatmir-Gjeka-1.jpg\" \/>\n<meta name=\"twitter:label1\" content=\"Written by\" \/>\n\t<meta name=\"twitter:data1\" content=\"ulqini\" \/>\n\t<meta name=\"twitter:label2\" content=\"Est. reading time\" \/>\n\t<meta name=\"twitter:data2\" content=\"1 minute\" \/>\n<script type=\"application\/ld+json\" class=\"yoast-schema-graph\">{\"@context\":\"https:\/\/schema.org\",\"@graph\":[{\"@type\":\"WebSite\",\"@id\":\"https:\/\/www.visit-ulcinj.com\/blog\/#website\",\"url\":\"https:\/\/www.visit-ulcinj.com\/blog\/\",\"name\":\"Lajme nga Ulqini\",\"description\":\"Lajme,Vijesti,Ulqini,Ulqin,Crna Gora,Mali i Zi\",\"potentialAction\":[{\"@type\":\"SearchAction\",\"target\":{\"@type\":\"EntryPoint\",\"urlTemplate\":\"https:\/\/www.visit-ulcinj.com\/blog\/?s={search_term_string}\"},\"query-input\":\"required name=search_term_string\"}],\"inLanguage\":\"en-US\"},{\"@type\":\"ImageObject\",\"inLanguage\":\"en-US\",\"@id\":\"https:\/\/www.visit-ulcinj.com\/blog\/2015\/06\/18\/gjeka-urime-per-fillimin-e-muajit-te-shenjte-te-ramazanit\/#primaryimage\",\"url\":\"https:\/\/www.visit-ulcinj.com\/blog\/wp-content\/uploads\/2014\/08\/Fatmir-Gjeka-1.jpg\",\"contentUrl\":\"https:\/\/www.visit-ulcinj.com\/blog\/wp-content\/uploads\/2014\/08\/Fatmir-Gjeka-1.jpg\",\"width\":407,\"height\":302},{\"@type\":\"WebPage\",\"@id\":\"https:\/\/www.visit-ulcinj.com\/blog\/2015\/06\/18\/gjeka-urime-per-fillimin-e-muajit-te-shenjte-te-ramazanit\/#webpage\",\"url\":\"https:\/\/www.visit-ulcinj.com\/blog\/2015\/06\/18\/gjeka-urime-per-fillimin-e-muajit-te-shenjte-te-ramazanit\/\",\"name\":\"Gjeka: Urime p\u00ebr fillimin e Muajit t\u00eb shenjt\u00eb t\u00eb Ramazanit - Lajme nga Ulqini\",\"isPartOf\":{\"@id\":\"https:\/\/www.visit-ulcinj.com\/blog\/#website\"},\"primaryImageOfPage\":{\"@id\":\"https:\/\/www.visit-ulcinj.com\/blog\/2015\/06\/18\/gjeka-urime-per-fillimin-e-muajit-te-shenjte-te-ramazanit\/#primaryimage\"},\"datePublished\":\"2015-06-18T17:50:59+00:00\",\"dateModified\":\"2015-06-18T17:52:47+00:00\",\"author\":{\"@id\":\"https:\/\/www.visit-ulcinj.com\/blog\/#\/schema\/person\/dcab619c614d3038751c63bc2aadc06d\"},\"description\":\"Kryetari I Ulqinit Fatmir Gjeka\u00a0 I ka d\u00ebrguar nj\u00eb\u00a0 telegram urimi Kryeimamit t\u00eb Ulqinit Ali efendi Bardhi\u00a0 dhe besimtar\u00ebve t\u00eb besimit islam\u00a0 me rastin\u00a0 e\",\"breadcrumb\":{\"@id\":\"https:\/\/www.visit-ulcinj.com\/blog\/2015\/06\/18\/gjeka-urime-per-fillimin-e-muajit-te-shenjte-te-ramazanit\/#breadcrumb\"},\"inLanguage\":\"en-US\",\"potentialAction\":[{\"@type\":\"ReadAction\",\"target\":[\"https:\/\/www.visit-ulcinj.com\/blog\/2015\/06\/18\/gjeka-urime-per-fillimin-e-muajit-te-shenjte-te-ramazanit\/\"]}]},{\"@type\":\"BreadcrumbList\",\"@id\":\"https:\/\/www.visit-ulcinj.com\/blog\/2015\/06\/18\/gjeka-urime-per-fillimin-e-muajit-te-shenjte-te-ramazanit\/#breadcrumb\",\"itemListElement\":[{\"@type\":\"ListItem\",\"position\":1,\"name\":\"Gjeka: Urime p\u00ebr fillimin e Muajit t\u00eb shenjt\u00eb t\u00eb Ramazanit\"}]},{\"@type\":\"Person\",\"@id\":\"https:\/\/www.visit-ulcinj.com\/blog\/#\/schema\/person\/dcab619c614d3038751c63bc2aadc06d\",\"name\":\"ulqini\",\"sameAs\":[\"http:\/\/www.visit-ulcinj.com\"],\"url\":\"https:\/\/www.visit-ulcinj.com\/blog\/author\/admin\/\"}]}<\/script>\n<!-- \/ Yoast SEO plugin. -->","yoast_head_json":{"title":"Gjeka: Urime p\u00ebr fillimin e Muajit t\u00eb shenjt\u00eb t\u00eb Ramazanit - Lajme nga Ulqini","description":"Kryetari I Ulqinit Fatmir Gjeka\u00a0 I ka d\u00ebrguar nj\u00eb\u00a0 telegram urimi Kryeimamit t\u00eb Ulqinit Ali efendi Bardhi\u00a0 dhe besimtar\u00ebve t\u00eb besimit islam\u00a0 me rastin\u00a0 e","robots":{"index":"index","follow":"follow","max-snippet":"max-snippet:-1","max-image-preview":"max-image-preview:large","max-video-preview":"max-video-preview:-1"},"canonical":"https:\/\/www.visit-ulcinj.com\/blog\/2015\/06\/18\/gjeka-urime-per-fillimin-e-muajit-te-shenjte-te-ramazanit\/","og_locale":"en_US","og_type":"article","og_title":"Gjeka: Urime p\u00ebr fillimin e Muajit t\u00eb shenjt\u00eb t\u00eb Ramazanit - Lajme nga Ulqini","og_description":"Kryetari I Ulqinit Fatmir Gjeka\u00a0 I ka d\u00ebrguar nj\u00eb\u00a0 telegram urimi Kryeimamit t\u00eb Ulqinit Ali efendi Bardhi\u00a0 dhe besimtar\u00ebve t\u00eb besimit islam\u00a0 me rastin\u00a0 e","og_url":"https:\/\/www.visit-ulcinj.com\/blog\/2015\/06\/18\/gjeka-urime-per-fillimin-e-muajit-te-shenjte-te-ramazanit\/","og_site_name":"Lajme nga Ulqini","article_published_time":"2015-06-18T17:50:59+00:00","article_modified_time":"2015-06-18T17:52:47+00:00","og_image":[{"url":"http:\/\/www.visit-ulcinj.com\/blog\/wp-content\/uploads\/2014\/08\/Fatmir-Gjeka-1.jpg"}],"twitter_misc":{"Written by":"ulqini","Est. reading time":"1 minute"},"schema":{"@context":"https:\/\/schema.org","@graph":[{"@type":"WebSite","@id":"https:\/\/www.visit-ulcinj.com\/blog\/#website","url":"https:\/\/www.visit-ulcinj.com\/blog\/","name":"Lajme nga Ulqini","description":"Lajme,Vijesti,Ulqini,Ulqin,Crna Gora,Mali i Zi","potentialAction":[{"@type":"SearchAction","target":{"@type":"EntryPoint","urlTemplate":"https:\/\/www.visit-ulcinj.com\/blog\/?s={search_term_string}"},"query-input":"required name=search_term_string"}],"inLanguage":"en-US"},{"@type":"ImageObject","inLanguage":"en-US","@id":"https:\/\/www.visit-ulcinj.com\/blog\/2015\/06\/18\/gjeka-urime-per-fillimin-e-muajit-te-shenjte-te-ramazanit\/#primaryimage","url":"https:\/\/www.visit-ulcinj.com\/blog\/wp-content\/uploads\/2014\/08\/Fatmir-Gjeka-1.jpg","contentUrl":"https:\/\/www.visit-ulcinj.com\/blog\/wp-content\/uploads\/2014\/08\/Fatmir-Gjeka-1.jpg","width":407,"height":302},{"@type":"WebPage","@id":"https:\/\/www.visit-ulcinj.com\/blog\/2015\/06\/18\/gjeka-urime-per-fillimin-e-muajit-te-shenjte-te-ramazanit\/#webpage","url":"https:\/\/www.visit-ulcinj.com\/blog\/2015\/06\/18\/gjeka-urime-per-fillimin-e-muajit-te-shenjte-te-ramazanit\/","name":"Gjeka: Urime p\u00ebr fillimin e Muajit t\u00eb shenjt\u00eb t\u00eb Ramazanit - Lajme nga Ulqini","isPartOf":{"@id":"https:\/\/www.visit-ulcinj.com\/blog\/#website"},"primaryImageOfPage":{"@id":"https:\/\/www.visit-ulcinj.com\/blog\/2015\/06\/18\/gjeka-urime-per-fillimin-e-muajit-te-shenjte-te-ramazanit\/#primaryimage"},"datePublished":"2015-06-18T17:50:59+00:00","dateModified":"2015-06-18T17:52:47+00:00","author":{"@id":"https:\/\/www.visit-ulcinj.com\/blog\/#\/schema\/person\/dcab619c614d3038751c63bc2aadc06d"},"description":"Kryetari I Ulqinit Fatmir Gjeka\u00a0 I ka d\u00ebrguar nj\u00eb\u00a0 telegram urimi Kryeimamit t\u00eb Ulqinit Ali efendi Bardhi\u00a0 dhe besimtar\u00ebve t\u00eb besimit islam\u00a0 me rastin\u00a0 e","breadcrumb":{"@id":"https:\/\/www.visit-ulcinj.com\/blog\/2015\/06\/18\/gjeka-urime-per-fillimin-e-muajit-te-shenjte-te-ramazanit\/#breadcrumb"},"inLanguage":"en-US","potentialAction":[{"@type":"ReadAction","target":["https:\/\/www.visit-ulcinj.com\/blog\/2015\/06\/18\/gjeka-urime-per-fillimin-e-muajit-te-shenjte-te-ramazanit\/"]}]},{"@type":"BreadcrumbList","@id":"https:\/\/www.visit-ulcinj.com\/blog\/2015\/06\/18\/gjeka-urime-per-fillimin-e-muajit-te-shenjte-te-ramazanit\/#breadcrumb","itemListElement":[{"@type":"ListItem","position":1,"name":"Gjeka: Urime p\u00ebr fillimin e Muajit t\u00eb shenjt\u00eb t\u00eb Ramazanit"}]},{"@type":"Person","@id":"https:\/\/www.visit-ulcinj.com\/blog\/#\/schema\/person\/dcab619c614d3038751c63bc2aadc06d","name":"ulqini","sameAs":["http:\/\/www.visit-ulcinj.com"],"url":"https:\/\/www.visit-ulcinj.com\/blog\/author\/admin\/"}]}},"jetpack_featured_media_url":"","jetpack_sharing_enabled":true,"jetpack_shortlink":"https:\/\/wp.me\/pe6lTn-nH0","_links":{"self":[{"href":"https:\/\/www.visit-ulcinj.com\/blog\/wp-json\/wp\/v2\/posts\/91078"}],"collection":[{"href":"https:\/\/www.visit-ulcinj.com\/blog\/wp-json\/wp\/v2\/posts"}],"about":[{"href":"https:\/\/www.visit-ulcinj.com\/blog\/wp-json\/wp\/v2\/types\/post"}],"author":[{"embeddable":true,"href":"https:\/\/www.visit-ulcinj.com\/blog\/wp-json\/wp\/v2\/users\/1"}],"replies":[{"embeddable":true,"href":"https:\/\/www.visit-ulcinj.com\/blog\/wp-json\/wp\/v2\/comments?post=91078"}],"version-history":[{"count":1,"href":"https:\/\/www.visit-ulcinj.com\/blog\/wp-json\/wp\/v2\/posts\/91078\/revisions"}],"predecessor-version":[{"id":91079,"href":"https:\/\/www.visit-ulcinj.com\/blog\/wp-json\/wp\/v2\/posts\/91078\/revisions\/91079"}],"wp:attachment":[{"href":"https:\/\/www.visit-ulcinj.com\/blog\/wp-json\/wp\/v2\/media?parent=91078"}],"wp:term":[{"taxonomy":"category","embeddable":true,"href":"https:\/\/www.visit-ulcinj.com\/blog\/wp-json\/wp\/v2\/categories?post=91078"},{"taxonomy":"post_tag","embeddable":true,"href":"https:\/\/www.visit-ulcinj.com\/blog\/wp-json\/wp\/v2\/tags?post=91078"}],"curies":[{"name":"wp","href":"https:\/\/api.w.org\/{rel}","templated":true}]}}