{"id":9108,"date":"2009-01-16T21:16:27","date_gmt":"2009-01-16T20:16:27","guid":{"rendered":"http:\/\/www.visit-ulcinj.com\/blog\/?p=9108"},"modified":"2009-01-21T19:48:23","modified_gmt":"2009-01-21T18:48:23","slug":"panamaja-njohu-pavaresine-e-kosoves","status":"publish","type":"post","link":"https:\/\/www.visit-ulcinj.com\/blog\/2009\/01\/16\/panamaja-njohu-pavaresine-e-kosoves\/","title":{"rendered":"Panamaja njohu pavar\u00ebsin\u00eb e Kosov\u00ebs"},"content":{"rendered":"<p><a rel=\"attachment wp-att-9109\" href=\"http:\/\/www.visit-ulcinj.com\/blog\/2009\/01\/16\/panamaja-njohu-pavaresine-e-kosoves\/panama_flag\/\"><img loading=\"lazy\" class=\"alignleft size-full wp-image-9109\" title=\"panama_flag\" src=\"http:\/\/www.visit-ulcinj.com\/blog\/wp-content\/uploads\/2009\/01\/panama_flag.jpg\" alt=\"panama_flag\" width=\"370\" height=\"282\" \/><\/a>Kosova ka fituar njohjen e par\u00eb n\u00eb vitin 2009, nga Panamaja, duke e \u00e7uar numrin e shteteve q\u00eb kan\u00eb njohur pavar\u00ebsin\u00eb e vendit n\u00eb 54.<br \/>\nMinistri i Pun\u00ebve t\u00eb Jashtme Sk\u00ebnder Hyseni tha mbr\u00ebm\u00eb ka pasur nj\u00eb bised\u00eb telefonike t\u00eb gjat\u00eb dhe tejet miq\u00ebsore me Ministrin e Jasht\u00ebm t\u00eb Panamas\u00eb Samuel Lewis Navarro, i cili e ka njoftuar p\u00ebr vendimin zyrtar t\u00eb vendit t\u00eb tij p\u00ebr njohjen e shtetit t\u00eb ri t\u00eb Kosov\u00ebs.<br \/>\n&#8220;Panamaja \u00ebsht\u00eb vendi i 54 q\u00eb e ka njohur Kosov\u00ebn shtet t\u00eb pavarur dhe sovran&#8230;.Panamaja \u00ebsht\u00eb nj\u00eb lider udh\u00ebheq\u00ebs rajonal i fuqish\u00ebm me ndikim n\u00eb shum\u00eb vende tjera, sidomos n\u00eb vendet e ishujeve Karaibe, dhe ne presim njohje tjera nga kjo pjes\u00eb e bot\u00ebs&#8221;, deklaroi Sk\u00ebnder Hyseni, minist\u00ebr i Pun\u00ebve t\u00eb Jashtme.<br \/>\nShefi i diplomacis\u00eb kosovar tha se ka sinjale edhe nga vendet tjera p\u00ebr njohjen e shtetit t\u00eb Kosov\u00ebs.<br \/>\n&#8220;Po ashtu mund t&#8217;ju komunikoj\u00eb se ka sinjale bukur premtuese nga vendet tjera t\u00eb bot\u00ebs, p\u00ebr njohje dhe ne natyrisht ne, n\u00eb \u00e7astin e par\u00eb q\u00eb do t\u00eb kemi informacionet tona t\u00eb konfirmuara do t&#8217;ju b\u00ebjm\u00eb me dije&#8221;, shtoi Hyseni.<br \/>\nNota verbale e njohjes nga Panamaja, do t&#8217;i dor\u00ebzohet sot t\u00eb ngarkuarit me pun\u00eb t\u00eb Kosov\u00ebs n\u00eb Uashington, Avni Spahiu nga Ministri i jasht\u00ebm i Panamas\u00eb, vend ky q\u00eb gjendet n\u00eb Amerik\u00ebn Qendrore, dhe i cili kufizohet\u00a0 me detin e Karaibeve dhe Oqeanin Paq\u00ebsor, nd\u00ebrmjet Kolumbis\u00eb dhe Kostarik\u00ebs.<\/p>\n<p><strong>Bul Salihu<br \/>\nALSAT KOSOVA<\/strong><\/p>\n<p><strong>[flv]http:\/\/www.kosovapress.com\/ks\/repository\/videos\/njohja e panamas.flv[\/flv]<br \/>\n<\/strong><\/p>\n","protected":false},"excerpt":{"rendered":"<p>Kosova ka fituar njohjen e par\u00eb n\u00eb vitin 2009, nga Panamaja, duke e \u00e7uar numrin e shteteve q\u00eb kan\u00eb njohur pavar\u00ebsin\u00eb e vendit n\u00eb 54. Ministri i Pun\u00ebve t\u00eb Jashtme Sk\u00ebnder Hyseni tha mbr\u00ebm\u00eb ka pasur nj\u00eb bised\u00eb telefonike t\u00eb gjat\u00eb dhe tejet miq\u00ebsore me Ministrin e Jasht\u00ebm t\u00eb Panamas\u00eb Samuel Lewis Navarro, i cili [&hellip;]<\/p>\n","protected":false},"author":1,"featured_media":0,"comment_status":"open","ping_status":"closed","sticky":false,"template":"","format":"standard","meta":{"spay_email":"","jetpack_publicize_message":"","jetpack_is_tweetstorm":false,"jetpack_publicize_feature_enabled":true},"categories":[14],"tags":[5788,5786,5787,71],"jetpack_publicize_connections":[],"yoast_head":"<!-- This site is optimized with the Yoast SEO plugin v19.1 - https:\/\/yoast.com\/wordpress\/plugins\/seo\/ -->\n<title>Panamaja njohu pavar\u00ebsin\u00eb e Kosov\u00ebs - Lajme nga Ulqini<\/title>\n<meta name=\"description\" content=\"Kosova ka fituar njohjen e par\u00eb n\u00eb vitin 2009, nga Panamaja, duke e \u00e7uar numrin e shteteve q\u00eb kan\u00eb njohur pavar\u00ebsin\u00eb e vendit n\u00eb 54. Ministri i Pun\u00ebve t\u00eb\" \/>\n<meta name=\"robots\" content=\"index, follow, max-snippet:-1, max-image-preview:large, max-video-preview:-1\" \/>\n<link rel=\"canonical\" href=\"https:\/\/www.visit-ulcinj.com\/blog\/2009\/01\/16\/panamaja-njohu-pavaresine-e-kosoves\/\" \/>\n<meta property=\"og:locale\" content=\"en_US\" \/>\n<meta property=\"og:type\" content=\"article\" \/>\n<meta property=\"og:title\" content=\"Panamaja njohu pavar\u00ebsin\u00eb e Kosov\u00ebs - Lajme nga Ulqini\" \/>\n<meta property=\"og:description\" content=\"Kosova ka fituar njohjen e par\u00eb n\u00eb vitin 2009, nga Panamaja, duke e \u00e7uar numrin e shteteve q\u00eb kan\u00eb njohur pavar\u00ebsin\u00eb e vendit n\u00eb 54. Ministri i Pun\u00ebve t\u00eb\" \/>\n<meta property=\"og:url\" content=\"https:\/\/www.visit-ulcinj.com\/blog\/2009\/01\/16\/panamaja-njohu-pavaresine-e-kosoves\/\" \/>\n<meta property=\"og:site_name\" content=\"Lajme nga Ulqini\" \/>\n<meta property=\"article:published_time\" content=\"2009-01-16T20:16:27+00:00\" \/>\n<meta property=\"article:modified_time\" content=\"2009-01-21T18:48:23+00:00\" \/>\n<meta property=\"og:image\" content=\"http:\/\/www.visit-ulcinj.com\/blog\/wp-content\/uploads\/2009\/01\/panama_flag.jpg\" \/>\n<meta name=\"twitter:label1\" content=\"Written by\" \/>\n\t<meta name=\"twitter:data1\" content=\"ulqini\" \/>\n\t<meta name=\"twitter:label2\" content=\"Est. reading time\" \/>\n\t<meta name=\"twitter:data2\" content=\"1 minute\" \/>\n<script type=\"application\/ld+json\" class=\"yoast-schema-graph\">{\"@context\":\"https:\/\/schema.org\",\"@graph\":[{\"@type\":\"WebSite\",\"@id\":\"https:\/\/www.visit-ulcinj.com\/blog\/#website\",\"url\":\"https:\/\/www.visit-ulcinj.com\/blog\/\",\"name\":\"Lajme nga Ulqini\",\"description\":\"Lajme,Vijesti,Ulqini,Ulqin,Crna Gora,Mali i Zi\",\"potentialAction\":[{\"@type\":\"SearchAction\",\"target\":{\"@type\":\"EntryPoint\",\"urlTemplate\":\"https:\/\/www.visit-ulcinj.com\/blog\/?s={search_term_string}\"},\"query-input\":\"required name=search_term_string\"}],\"inLanguage\":\"en-US\"},{\"@type\":\"ImageObject\",\"inLanguage\":\"en-US\",\"@id\":\"https:\/\/www.visit-ulcinj.com\/blog\/2009\/01\/16\/panamaja-njohu-pavaresine-e-kosoves\/#primaryimage\",\"url\":\"http:\/\/www.visit-ulcinj.com\/blog\/wp-content\/uploads\/2009\/01\/panama_flag.jpg\",\"contentUrl\":\"http:\/\/www.visit-ulcinj.com\/blog\/wp-content\/uploads\/2009\/01\/panama_flag.jpg\"},{\"@type\":\"WebPage\",\"@id\":\"https:\/\/www.visit-ulcinj.com\/blog\/2009\/01\/16\/panamaja-njohu-pavaresine-e-kosoves\/#webpage\",\"url\":\"https:\/\/www.visit-ulcinj.com\/blog\/2009\/01\/16\/panamaja-njohu-pavaresine-e-kosoves\/\",\"name\":\"Panamaja njohu pavar\u00ebsin\u00eb e Kosov\u00ebs - Lajme nga Ulqini\",\"isPartOf\":{\"@id\":\"https:\/\/www.visit-ulcinj.com\/blog\/#website\"},\"primaryImageOfPage\":{\"@id\":\"https:\/\/www.visit-ulcinj.com\/blog\/2009\/01\/16\/panamaja-njohu-pavaresine-e-kosoves\/#primaryimage\"},\"datePublished\":\"2009-01-16T20:16:27+00:00\",\"dateModified\":\"2009-01-21T18:48:23+00:00\",\"author\":{\"@id\":\"https:\/\/www.visit-ulcinj.com\/blog\/#\/schema\/person\/dcab619c614d3038751c63bc2aadc06d\"},\"description\":\"Kosova ka fituar njohjen e par\u00eb n\u00eb vitin 2009, nga Panamaja, duke e \u00e7uar numrin e shteteve q\u00eb kan\u00eb njohur pavar\u00ebsin\u00eb e vendit n\u00eb 54. Ministri i Pun\u00ebve t\u00eb\",\"breadcrumb\":{\"@id\":\"https:\/\/www.visit-ulcinj.com\/blog\/2009\/01\/16\/panamaja-njohu-pavaresine-e-kosoves\/#breadcrumb\"},\"inLanguage\":\"en-US\",\"potentialAction\":[{\"@type\":\"ReadAction\",\"target\":[\"https:\/\/www.visit-ulcinj.com\/blog\/2009\/01\/16\/panamaja-njohu-pavaresine-e-kosoves\/\"]}]},{\"@type\":\"BreadcrumbList\",\"@id\":\"https:\/\/www.visit-ulcinj.com\/blog\/2009\/01\/16\/panamaja-njohu-pavaresine-e-kosoves\/#breadcrumb\",\"itemListElement\":[{\"@type\":\"ListItem\",\"position\":1,\"name\":\"Panamaja njohu pavar\u00ebsin\u00eb e Kosov\u00ebs\"}]},{\"@type\":\"Person\",\"@id\":\"https:\/\/www.visit-ulcinj.com\/blog\/#\/schema\/person\/dcab619c614d3038751c63bc2aadc06d\",\"name\":\"ulqini\",\"sameAs\":[\"http:\/\/www.visit-ulcinj.com\"],\"url\":\"https:\/\/www.visit-ulcinj.com\/blog\/author\/admin\/\"}]}<\/script>\n<!-- \/ Yoast SEO plugin. -->","yoast_head_json":{"title":"Panamaja njohu pavar\u00ebsin\u00eb e Kosov\u00ebs - Lajme nga Ulqini","description":"Kosova ka fituar njohjen e par\u00eb n\u00eb vitin 2009, nga Panamaja, duke e \u00e7uar numrin e shteteve q\u00eb kan\u00eb njohur pavar\u00ebsin\u00eb e vendit n\u00eb 54. Ministri i Pun\u00ebve t\u00eb","robots":{"index":"index","follow":"follow","max-snippet":"max-snippet:-1","max-image-preview":"max-image-preview:large","max-video-preview":"max-video-preview:-1"},"canonical":"https:\/\/www.visit-ulcinj.com\/blog\/2009\/01\/16\/panamaja-njohu-pavaresine-e-kosoves\/","og_locale":"en_US","og_type":"article","og_title":"Panamaja njohu pavar\u00ebsin\u00eb e Kosov\u00ebs - Lajme nga Ulqini","og_description":"Kosova ka fituar njohjen e par\u00eb n\u00eb vitin 2009, nga Panamaja, duke e \u00e7uar numrin e shteteve q\u00eb kan\u00eb njohur pavar\u00ebsin\u00eb e vendit n\u00eb 54. Ministri i Pun\u00ebve t\u00eb","og_url":"https:\/\/www.visit-ulcinj.com\/blog\/2009\/01\/16\/panamaja-njohu-pavaresine-e-kosoves\/","og_site_name":"Lajme nga Ulqini","article_published_time":"2009-01-16T20:16:27+00:00","article_modified_time":"2009-01-21T18:48:23+00:00","og_image":[{"url":"http:\/\/www.visit-ulcinj.com\/blog\/wp-content\/uploads\/2009\/01\/panama_flag.jpg"}],"twitter_misc":{"Written by":"ulqini","Est. reading time":"1 minute"},"schema":{"@context":"https:\/\/schema.org","@graph":[{"@type":"WebSite","@id":"https:\/\/www.visit-ulcinj.com\/blog\/#website","url":"https:\/\/www.visit-ulcinj.com\/blog\/","name":"Lajme nga Ulqini","description":"Lajme,Vijesti,Ulqini,Ulqin,Crna Gora,Mali i Zi","potentialAction":[{"@type":"SearchAction","target":{"@type":"EntryPoint","urlTemplate":"https:\/\/www.visit-ulcinj.com\/blog\/?s={search_term_string}"},"query-input":"required name=search_term_string"}],"inLanguage":"en-US"},{"@type":"ImageObject","inLanguage":"en-US","@id":"https:\/\/www.visit-ulcinj.com\/blog\/2009\/01\/16\/panamaja-njohu-pavaresine-e-kosoves\/#primaryimage","url":"http:\/\/www.visit-ulcinj.com\/blog\/wp-content\/uploads\/2009\/01\/panama_flag.jpg","contentUrl":"http:\/\/www.visit-ulcinj.com\/blog\/wp-content\/uploads\/2009\/01\/panama_flag.jpg"},{"@type":"WebPage","@id":"https:\/\/www.visit-ulcinj.com\/blog\/2009\/01\/16\/panamaja-njohu-pavaresine-e-kosoves\/#webpage","url":"https:\/\/www.visit-ulcinj.com\/blog\/2009\/01\/16\/panamaja-njohu-pavaresine-e-kosoves\/","name":"Panamaja njohu pavar\u00ebsin\u00eb e Kosov\u00ebs - Lajme nga Ulqini","isPartOf":{"@id":"https:\/\/www.visit-ulcinj.com\/blog\/#website"},"primaryImageOfPage":{"@id":"https:\/\/www.visit-ulcinj.com\/blog\/2009\/01\/16\/panamaja-njohu-pavaresine-e-kosoves\/#primaryimage"},"datePublished":"2009-01-16T20:16:27+00:00","dateModified":"2009-01-21T18:48:23+00:00","author":{"@id":"https:\/\/www.visit-ulcinj.com\/blog\/#\/schema\/person\/dcab619c614d3038751c63bc2aadc06d"},"description":"Kosova ka fituar njohjen e par\u00eb n\u00eb vitin 2009, nga Panamaja, duke e \u00e7uar numrin e shteteve q\u00eb kan\u00eb njohur pavar\u00ebsin\u00eb e vendit n\u00eb 54. Ministri i Pun\u00ebve t\u00eb","breadcrumb":{"@id":"https:\/\/www.visit-ulcinj.com\/blog\/2009\/01\/16\/panamaja-njohu-pavaresine-e-kosoves\/#breadcrumb"},"inLanguage":"en-US","potentialAction":[{"@type":"ReadAction","target":["https:\/\/www.visit-ulcinj.com\/blog\/2009\/01\/16\/panamaja-njohu-pavaresine-e-kosoves\/"]}]},{"@type":"BreadcrumbList","@id":"https:\/\/www.visit-ulcinj.com\/blog\/2009\/01\/16\/panamaja-njohu-pavaresine-e-kosoves\/#breadcrumb","itemListElement":[{"@type":"ListItem","position":1,"name":"Panamaja njohu pavar\u00ebsin\u00eb e Kosov\u00ebs"}]},{"@type":"Person","@id":"https:\/\/www.visit-ulcinj.com\/blog\/#\/schema\/person\/dcab619c614d3038751c63bc2aadc06d","name":"ulqini","sameAs":["http:\/\/www.visit-ulcinj.com"],"url":"https:\/\/www.visit-ulcinj.com\/blog\/author\/admin\/"}]}},"jetpack_featured_media_url":"","jetpack_sharing_enabled":true,"jetpack_shortlink":"https:\/\/wp.me\/pe6lTn-2mU","_links":{"self":[{"href":"https:\/\/www.visit-ulcinj.com\/blog\/wp-json\/wp\/v2\/posts\/9108"}],"collection":[{"href":"https:\/\/www.visit-ulcinj.com\/blog\/wp-json\/wp\/v2\/posts"}],"about":[{"href":"https:\/\/www.visit-ulcinj.com\/blog\/wp-json\/wp\/v2\/types\/post"}],"author":[{"embeddable":true,"href":"https:\/\/www.visit-ulcinj.com\/blog\/wp-json\/wp\/v2\/users\/1"}],"replies":[{"embeddable":true,"href":"https:\/\/www.visit-ulcinj.com\/blog\/wp-json\/wp\/v2\/comments?post=9108"}],"version-history":[{"count":0,"href":"https:\/\/www.visit-ulcinj.com\/blog\/wp-json\/wp\/v2\/posts\/9108\/revisions"}],"wp:attachment":[{"href":"https:\/\/www.visit-ulcinj.com\/blog\/wp-json\/wp\/v2\/media?parent=9108"}],"wp:term":[{"taxonomy":"category","embeddable":true,"href":"https:\/\/www.visit-ulcinj.com\/blog\/wp-json\/wp\/v2\/categories?post=9108"},{"taxonomy":"post_tag","embeddable":true,"href":"https:\/\/www.visit-ulcinj.com\/blog\/wp-json\/wp\/v2\/tags?post=9108"}],"curies":[{"name":"wp","href":"https:\/\/api.w.org\/{rel}","templated":true}]}}