{"id":91082,"date":"2015-06-18T19:11:31","date_gmt":"2015-06-18T18:11:31","guid":{"rendered":"http:\/\/www.visit-ulcinj.com\/blog\/?p=91082"},"modified":"2015-07-17T21:37:16","modified_gmt":"2015-07-17T20:37:16","slug":"xhamia-e-klleznes-fillon-aksionin-humanitar-shporta-e-ramazanit","status":"publish","type":"post","link":"https:\/\/www.visit-ulcinj.com\/blog\/2015\/06\/18\/xhamia-e-klleznes-fillon-aksionin-humanitar-shporta-e-ramazanit\/","title":{"rendered":"Xhamia e Kllezn\u00ebs, fillon aksionin humanitar \u201cShporta e Ramazanit\u201d"},"content":{"rendered":"<p style=\"text-align: center;\"><a href=\"http:\/\/www.visit-ulcinj.com\/blog\/wp-content\/uploads\/2015\/06\/Xhamia-e-Kllezn\u00ebs-aksionin-humanitar-Shporta-e-Ramazanit-ulqin.jpg\"><img loading=\"lazy\" class=\"alignleft wp-image-91083\" src=\"http:\/\/www.visit-ulcinj.com\/blog\/wp-content\/uploads\/2015\/06\/Xhamia-e-Kllezn\u00ebs-aksionin-humanitar-Shporta-e-Ramazanit-ulqin.jpg\" alt=\"Xhamia e Kllezn\u00ebs-aksionin humanitar -Shporta e Ramazanit-ulqin\" width=\"508\" height=\"717\" srcset=\"https:\/\/www.visit-ulcinj.com\/blog\/wp-content\/uploads\/2015\/06\/Xhamia-e-Kllezn\u00ebs-aksionin-humanitar-Shporta-e-Ramazanit-ulqin.jpg 713w, https:\/\/www.visit-ulcinj.com\/blog\/wp-content\/uploads\/2015\/06\/Xhamia-e-Kllezn\u00ebs-aksionin-humanitar-Shporta-e-Ramazanit-ulqin-213x300.jpg 213w\" sizes=\"(max-width: 508px) 100vw, 508px\" \/><\/a>P r o j e k t i<\/p>\n<p style=\"text-align: center;\"><strong>\u201c S H P O R T A E R A M A Z A N I T 2015 \u201d<\/strong><\/p>\n<p>&nbsp;<\/p>\n<p>XHAMIA E KLLEZN\u00cbS \u2013 <em>K\u00ebshilli i Xhamis\u00eb s\u00eb Kllezn\u00ebs<\/em> dhe <em>Forumi Rinor i Xhamis\u00eb s\u00eb Kllezn\u00ebs<\/em>, me rastin e muajit t\u00eb bekuar t\u00eb Ramazanit, p\u00ebr t\u00eb tretin vit me radh\u00eb nd\u00ebrmerr nj\u00eb aktivitet humanitar\u00eb n\u00eb bashk\u00ebpunim me ju bamir\u00ebs t\u00eb nderuar n\u00eb ndarjen e ndihmave q\u00eb do t\u2019iu dedikohen:<\/p>\n<p><strong><em>jetim\u00ebve, skamnor\u00ebve, personave me aft\u00ebsi t\u00eb kufizuar<\/em><\/strong><strong> dhe <em>nevojtar\u00ebve<\/em><\/strong><\/p>\n<p>n\u00eb t\u00ebr\u00eb territorin e <em>komun\u00ebs s\u00eb Ulqinit me rrethin\u00eb dhe Kraj\u00eb.<\/em><\/p>\n<p><em>\u00a0<\/em><\/p>\n<p>Andaj k\u00ebrkojm\u00eb nga ju bamir\u00ebs t\u00eb dashur me aq sa t\u00eb keni mund\u00ebsi q\u00eb t\u00eb kontribuoni n\u00eb leht\u00ebsimin e jetes\u00ebs s\u00eb k\u00ebtyre kategorive me nevoj\u00eb n\u00eb qytetin ton\u00eb.<\/p>\n<p>&nbsp;<\/p>\n<p>Xhamia e Kllezn\u00ebs ka t\u00eb regjistruar mbi 200 familje nga i gjith\u00eb territori i komun\u00ebs s\u00eb Ulqinit dhe Kraj\u00ebs. Shpresojm\u00eb q\u00eb nga ky projekt t\u00eb p\u00ebrfitojn\u00eb k\u00ebto 200 familje.<\/p>\n<p><em>Me Shport\u00ebn e Ramazanit 2013, u shp\u00ebrndan\u00eb 145 shporta p\u00ebr 145 familje. Nd\u00ebrsa me, <\/em><\/p>\n<p><em>Shport\u00ebn e Ramazanit 2014, Ramazanin e kaluar u shp\u00ebrndan\u00eb 220 shporta p\u00ebr 220 familje.<\/em><\/p>\n<p>&nbsp;<\/p>\n<p>Pakot do t\u00eb shp\u00ebrndahen n\u00eb nat\u00ebn e Kadrit dhe n\u00eb nat\u00ebn e Fit\u00ebr Bajramit, ku edhe k\u00ebtyre familjeve sadopak t\u2019ju kthejm\u00eb buz\u00ebqeshjen n\u00eb k\u00ebt\u00eb muaj t\u00eb shenjt\u00eb, ku buz\u00ebqeshja e tyre \u00ebsht\u00eb amaneti i jon\u00eb.<\/p>\n<p><strong><em>Nj\u00eb pako do t\u00eb p\u00ebrmbaj\u00eb k\u00ebto lloje produktesh:<\/em><\/strong><\/p>\n<p><strong><em>\u00a0<\/em><\/strong><\/p>\n<p><strong>&#8211; <\/strong>5 kg. <strong><em>Miell<\/em><\/strong>; <strong>&#8211; <\/strong>2 l. <strong><em>Voj<\/em><\/strong>; <strong>&#8211; <\/strong>3 kesa <strong><em>Makarona<\/em><\/strong>; <strong>&#8211; <\/strong>1 kg. <strong><em>Sheqer<\/em><\/strong>; <strong>&#8211; <\/strong>1 paketa <strong>\u00c7<\/strong><strong><em>aj<\/em><\/strong> filt\u00ebr;<\/p>\n<p><strong>&#8211; <\/strong>1 kg. <strong><em>Oriz<\/em><\/strong>; <strong>&#8211; <\/strong>3 kesa <strong><em>Supa<\/em><\/strong> t\u00eb gatshme; <strong>&#8211; <\/strong>1 kuti <strong><em>Keksa<\/em><\/strong>; <strong>&#8211; <\/strong>1 kuti <strong><em>Hurma<\/em><\/strong>; <strong>&#8211; <\/strong>500 gr. <strong><em>Veget<\/em><\/strong>;<\/p>\n<p><strong>&#8211; <\/strong>2 copa <strong><em>Sapun\u00eb<\/em><\/strong>; <strong>&#8211; <\/strong><strong><em>Detergjent<\/em><\/strong>; <strong>&#8211; <\/strong><strong><em>Shampo<\/em><\/strong> p\u00ebr flok\u00eb; <strong>&#8211; <\/strong><strong><em>Past\u00eb<\/em><\/strong> p\u00ebr dh\u00ebmb<\/p>\n<p><em>\u00a0<\/em><\/p>\n<p>N\u00eb em\u00ebr t\u00eb Komisionit t\u00eb Shport\u00ebs s\u00eb Ramazanit dhe n\u00eb em\u00ebr t\u00eb k\u00ebtyre kategorive ju jemi shum\u00eb mir\u00ebnjoh\u00ebs p\u00ebr ndihm\u00ebn e cila do t\u00eb p\u00ebrcaktohet nga ana Juaj.<\/p>\n<p>&nbsp;<\/p>\n<p>I D\u00ebrguari i Zotit, Muhamedi a.s. ka th\u00ebn\u00eb:<\/p>\n<p><em>\u201cSadakaja nuk e pak\u00ebson pasurin\u00eb\u201d<\/em><\/p>\n<p><em>\u201cAi q\u00eb kujdeset p\u00ebr t\u00eb shkret\u00ebt dhe t\u00eb varf\u00ebrit \u00ebsht\u00eb sikur ai q\u00eb lufton n\u00eb rrug\u00ebn e Zotit\u201d<\/em><\/p>\n<p><em>\u201cLusim Zotin e Lart\u00ebmadh\u00ebruar q\u00eb \u00e7do ndihm\u00eb tuaj\u00ebn ta radhis\u00eb n\u00eb veprat e mira\u201d<\/em><\/p>\n<p><em>Me respekt<\/em><\/p>\n<p><em>K<\/em><em>omisioni i Shport\u00ebs s\u00eb Ramazanit<\/em><\/p>\n<p><em>\u00a0<\/em><\/p>\n<p><strong><em>Kontribuo dhe Telefono tani:\u00a0\u00a0 <\/em><\/strong>(Komisioni 7 an\u00ebtar\u00ebsh)<\/p>\n<p><strong><em>069 826 829;\u00a0\u00a0\u00a0\u00a0\u00a0\u00a0 069 829 579;\u00a0\u00a0\u00a0\u00a0\u00a0\u00a0 069 520 306<\/em><\/strong><\/p>\n<p>(Na kontaktoni p\u00ebr kontributin q\u00eb ofroni, dhe NE vijm\u00eb n\u00eb vendin e p\u00ebrcaktuar nga ju)<\/p>\n<p>&nbsp;<\/p>\n<p>Vizitoni webfaqen zyrtare t\u00eb Xhamis\u00eb s\u00eb Kllezn\u00ebs n\u00eb internet:<\/p>\n<p><strong>www.xhamiaeklleznes.com<\/strong><\/p>\n<p><em>Ulqin, 18.06.2015 &#8211; Ramazan 2015<\/em><\/p>\n","protected":false},"excerpt":{"rendered":"<p>P r o j e k t i \u201c S H P O R T A E R A M A Z A N I T 2015 \u201d &nbsp; XHAMIA E KLLEZN\u00cbS \u2013 K\u00ebshilli i Xhamis\u00eb s\u00eb Kllezn\u00ebs dhe Forumi Rinor i Xhamis\u00eb s\u00eb Kllezn\u00ebs, me rastin e muajit t\u00eb bekuar t\u00eb Ramazanit, p\u00ebr t\u00eb [&hellip;]<\/p>\n","protected":false},"author":1,"featured_media":0,"comment_status":"closed","ping_status":"closed","sticky":false,"template":"","format":"standard","meta":{"spay_email":"","jetpack_publicize_message":"","jetpack_is_tweetstorm":false,"jetpack_publicize_feature_enabled":true},"categories":[1],"tags":[],"jetpack_publicize_connections":[],"yoast_head":"<!-- This site is optimized with the Yoast SEO plugin v19.1 - https:\/\/yoast.com\/wordpress\/plugins\/seo\/ -->\n<title>Xhamia e Kllezn\u00ebs, fillon aksionin humanitar \u201cShporta e Ramazanit\u201d - Lajme nga Ulqini<\/title>\n<meta name=\"description\" content=\"P r o j e k t i \u201c S H P O R T A E R A M A Z A N I T 2015 \u201d &nbsp; XHAMIA E KLLEZN\u00cbS \u2013 K\u00ebshilli i Xhamis\u00eb s\u00eb Kllezn\u00ebs dhe Forumi Rinor i Xhamis\u00eb s\u00eb\" \/>\n<meta name=\"robots\" content=\"index, follow, max-snippet:-1, max-image-preview:large, max-video-preview:-1\" \/>\n<link rel=\"canonical\" href=\"https:\/\/www.visit-ulcinj.com\/blog\/2015\/06\/18\/xhamia-e-klleznes-fillon-aksionin-humanitar-shporta-e-ramazanit\/\" \/>\n<meta property=\"og:locale\" content=\"en_US\" \/>\n<meta property=\"og:type\" content=\"article\" \/>\n<meta property=\"og:title\" content=\"Xhamia e Kllezn\u00ebs, fillon aksionin humanitar \u201cShporta e Ramazanit\u201d - Lajme nga Ulqini\" \/>\n<meta property=\"og:description\" content=\"P r o j e k t i \u201c S H P O R T A E R A M A Z A N I T 2015 \u201d &nbsp; XHAMIA E KLLEZN\u00cbS \u2013 K\u00ebshilli i Xhamis\u00eb s\u00eb Kllezn\u00ebs dhe Forumi Rinor i Xhamis\u00eb s\u00eb\" \/>\n<meta property=\"og:url\" content=\"https:\/\/www.visit-ulcinj.com\/blog\/2015\/06\/18\/xhamia-e-klleznes-fillon-aksionin-humanitar-shporta-e-ramazanit\/\" \/>\n<meta property=\"og:site_name\" content=\"Lajme nga Ulqini\" \/>\n<meta property=\"article:published_time\" content=\"2015-06-18T18:11:31+00:00\" \/>\n<meta property=\"article:modified_time\" content=\"2015-07-17T20:37:16+00:00\" \/>\n<meta name=\"twitter:label1\" content=\"Written by\" \/>\n\t<meta name=\"twitter:data1\" content=\"ulqini\" \/>\n\t<meta name=\"twitter:label2\" content=\"Est. reading time\" \/>\n\t<meta name=\"twitter:data2\" content=\"2 minutes\" \/>\n<script type=\"application\/ld+json\" class=\"yoast-schema-graph\">{\"@context\":\"https:\/\/schema.org\",\"@graph\":[{\"@type\":\"WebSite\",\"@id\":\"https:\/\/www.visit-ulcinj.com\/blog\/#website\",\"url\":\"https:\/\/www.visit-ulcinj.com\/blog\/\",\"name\":\"Lajme nga Ulqini\",\"description\":\"Lajme,Vijesti,Ulqini,Ulqin,Crna Gora,Mali i Zi\",\"potentialAction\":[{\"@type\":\"SearchAction\",\"target\":{\"@type\":\"EntryPoint\",\"urlTemplate\":\"https:\/\/www.visit-ulcinj.com\/blog\/?s={search_term_string}\"},\"query-input\":\"required name=search_term_string\"}],\"inLanguage\":\"en-US\"},{\"@type\":\"WebPage\",\"@id\":\"https:\/\/www.visit-ulcinj.com\/blog\/2015\/06\/18\/xhamia-e-klleznes-fillon-aksionin-humanitar-shporta-e-ramazanit\/#webpage\",\"url\":\"https:\/\/www.visit-ulcinj.com\/blog\/2015\/06\/18\/xhamia-e-klleznes-fillon-aksionin-humanitar-shporta-e-ramazanit\/\",\"name\":\"Xhamia e Kllezn\u00ebs, fillon aksionin humanitar \u201cShporta e Ramazanit\u201d - Lajme nga Ulqini\",\"isPartOf\":{\"@id\":\"https:\/\/www.visit-ulcinj.com\/blog\/#website\"},\"datePublished\":\"2015-06-18T18:11:31+00:00\",\"dateModified\":\"2015-07-17T20:37:16+00:00\",\"author\":{\"@id\":\"https:\/\/www.visit-ulcinj.com\/blog\/#\/schema\/person\/dcab619c614d3038751c63bc2aadc06d\"},\"description\":\"P r o j e k t i \u201c S H P O R T A E R A M A Z A N I T 2015 \u201d &nbsp; XHAMIA E KLLEZN\u00cbS \u2013 K\u00ebshilli i Xhamis\u00eb s\u00eb Kllezn\u00ebs dhe Forumi Rinor i Xhamis\u00eb s\u00eb\",\"breadcrumb\":{\"@id\":\"https:\/\/www.visit-ulcinj.com\/blog\/2015\/06\/18\/xhamia-e-klleznes-fillon-aksionin-humanitar-shporta-e-ramazanit\/#breadcrumb\"},\"inLanguage\":\"en-US\",\"potentialAction\":[{\"@type\":\"ReadAction\",\"target\":[\"https:\/\/www.visit-ulcinj.com\/blog\/2015\/06\/18\/xhamia-e-klleznes-fillon-aksionin-humanitar-shporta-e-ramazanit\/\"]}]},{\"@type\":\"BreadcrumbList\",\"@id\":\"https:\/\/www.visit-ulcinj.com\/blog\/2015\/06\/18\/xhamia-e-klleznes-fillon-aksionin-humanitar-shporta-e-ramazanit\/#breadcrumb\",\"itemListElement\":[{\"@type\":\"ListItem\",\"position\":1,\"name\":\"Xhamia e Kllezn\u00ebs, fillon aksionin humanitar \u201cShporta e Ramazanit\u201d\"}]},{\"@type\":\"Person\",\"@id\":\"https:\/\/www.visit-ulcinj.com\/blog\/#\/schema\/person\/dcab619c614d3038751c63bc2aadc06d\",\"name\":\"ulqini\",\"sameAs\":[\"http:\/\/www.visit-ulcinj.com\"],\"url\":\"https:\/\/www.visit-ulcinj.com\/blog\/author\/admin\/\"}]}<\/script>\n<!-- \/ Yoast SEO plugin. -->","yoast_head_json":{"title":"Xhamia e Kllezn\u00ebs, fillon aksionin humanitar \u201cShporta e Ramazanit\u201d - Lajme nga Ulqini","description":"P r o j e k t i \u201c S H P O R T A E R A M A Z A N I T 2015 \u201d &nbsp; XHAMIA E KLLEZN\u00cbS \u2013 K\u00ebshilli i Xhamis\u00eb s\u00eb Kllezn\u00ebs dhe Forumi Rinor i Xhamis\u00eb s\u00eb","robots":{"index":"index","follow":"follow","max-snippet":"max-snippet:-1","max-image-preview":"max-image-preview:large","max-video-preview":"max-video-preview:-1"},"canonical":"https:\/\/www.visit-ulcinj.com\/blog\/2015\/06\/18\/xhamia-e-klleznes-fillon-aksionin-humanitar-shporta-e-ramazanit\/","og_locale":"en_US","og_type":"article","og_title":"Xhamia e Kllezn\u00ebs, fillon aksionin humanitar \u201cShporta e Ramazanit\u201d - Lajme nga Ulqini","og_description":"P r o j e k t i \u201c S H P O R T A E R A M A Z A N I T 2015 \u201d &nbsp; XHAMIA E KLLEZN\u00cbS \u2013 K\u00ebshilli i Xhamis\u00eb s\u00eb Kllezn\u00ebs dhe Forumi Rinor i Xhamis\u00eb s\u00eb","og_url":"https:\/\/www.visit-ulcinj.com\/blog\/2015\/06\/18\/xhamia-e-klleznes-fillon-aksionin-humanitar-shporta-e-ramazanit\/","og_site_name":"Lajme nga Ulqini","article_published_time":"2015-06-18T18:11:31+00:00","article_modified_time":"2015-07-17T20:37:16+00:00","twitter_misc":{"Written by":"ulqini","Est. reading time":"2 minutes"},"schema":{"@context":"https:\/\/schema.org","@graph":[{"@type":"WebSite","@id":"https:\/\/www.visit-ulcinj.com\/blog\/#website","url":"https:\/\/www.visit-ulcinj.com\/blog\/","name":"Lajme nga Ulqini","description":"Lajme,Vijesti,Ulqini,Ulqin,Crna Gora,Mali i Zi","potentialAction":[{"@type":"SearchAction","target":{"@type":"EntryPoint","urlTemplate":"https:\/\/www.visit-ulcinj.com\/blog\/?s={search_term_string}"},"query-input":"required name=search_term_string"}],"inLanguage":"en-US"},{"@type":"WebPage","@id":"https:\/\/www.visit-ulcinj.com\/blog\/2015\/06\/18\/xhamia-e-klleznes-fillon-aksionin-humanitar-shporta-e-ramazanit\/#webpage","url":"https:\/\/www.visit-ulcinj.com\/blog\/2015\/06\/18\/xhamia-e-klleznes-fillon-aksionin-humanitar-shporta-e-ramazanit\/","name":"Xhamia e Kllezn\u00ebs, fillon aksionin humanitar \u201cShporta e Ramazanit\u201d - Lajme nga Ulqini","isPartOf":{"@id":"https:\/\/www.visit-ulcinj.com\/blog\/#website"},"datePublished":"2015-06-18T18:11:31+00:00","dateModified":"2015-07-17T20:37:16+00:00","author":{"@id":"https:\/\/www.visit-ulcinj.com\/blog\/#\/schema\/person\/dcab619c614d3038751c63bc2aadc06d"},"description":"P r o j e k t i \u201c S H P O R T A E R A M A Z A N I T 2015 \u201d &nbsp; XHAMIA E KLLEZN\u00cbS \u2013 K\u00ebshilli i Xhamis\u00eb s\u00eb Kllezn\u00ebs dhe Forumi Rinor i Xhamis\u00eb s\u00eb","breadcrumb":{"@id":"https:\/\/www.visit-ulcinj.com\/blog\/2015\/06\/18\/xhamia-e-klleznes-fillon-aksionin-humanitar-shporta-e-ramazanit\/#breadcrumb"},"inLanguage":"en-US","potentialAction":[{"@type":"ReadAction","target":["https:\/\/www.visit-ulcinj.com\/blog\/2015\/06\/18\/xhamia-e-klleznes-fillon-aksionin-humanitar-shporta-e-ramazanit\/"]}]},{"@type":"BreadcrumbList","@id":"https:\/\/www.visit-ulcinj.com\/blog\/2015\/06\/18\/xhamia-e-klleznes-fillon-aksionin-humanitar-shporta-e-ramazanit\/#breadcrumb","itemListElement":[{"@type":"ListItem","position":1,"name":"Xhamia e Kllezn\u00ebs, fillon aksionin humanitar \u201cShporta e Ramazanit\u201d"}]},{"@type":"Person","@id":"https:\/\/www.visit-ulcinj.com\/blog\/#\/schema\/person\/dcab619c614d3038751c63bc2aadc06d","name":"ulqini","sameAs":["http:\/\/www.visit-ulcinj.com"],"url":"https:\/\/www.visit-ulcinj.com\/blog\/author\/admin\/"}]}},"jetpack_featured_media_url":"","jetpack_sharing_enabled":true,"jetpack_shortlink":"https:\/\/wp.me\/pe6lTn-nH4","_links":{"self":[{"href":"https:\/\/www.visit-ulcinj.com\/blog\/wp-json\/wp\/v2\/posts\/91082"}],"collection":[{"href":"https:\/\/www.visit-ulcinj.com\/blog\/wp-json\/wp\/v2\/posts"}],"about":[{"href":"https:\/\/www.visit-ulcinj.com\/blog\/wp-json\/wp\/v2\/types\/post"}],"author":[{"embeddable":true,"href":"https:\/\/www.visit-ulcinj.com\/blog\/wp-json\/wp\/v2\/users\/1"}],"replies":[{"embeddable":true,"href":"https:\/\/www.visit-ulcinj.com\/blog\/wp-json\/wp\/v2\/comments?post=91082"}],"version-history":[{"count":1,"href":"https:\/\/www.visit-ulcinj.com\/blog\/wp-json\/wp\/v2\/posts\/91082\/revisions"}],"predecessor-version":[{"id":91084,"href":"https:\/\/www.visit-ulcinj.com\/blog\/wp-json\/wp\/v2\/posts\/91082\/revisions\/91084"}],"wp:attachment":[{"href":"https:\/\/www.visit-ulcinj.com\/blog\/wp-json\/wp\/v2\/media?parent=91082"}],"wp:term":[{"taxonomy":"category","embeddable":true,"href":"https:\/\/www.visit-ulcinj.com\/blog\/wp-json\/wp\/v2\/categories?post=91082"},{"taxonomy":"post_tag","embeddable":true,"href":"https:\/\/www.visit-ulcinj.com\/blog\/wp-json\/wp\/v2\/tags?post=91082"}],"curies":[{"name":"wp","href":"https:\/\/api.w.org\/{rel}","templated":true}]}}