{"id":91097,"date":"2015-06-19T16:32:12","date_gmt":"2015-06-19T15:32:12","guid":{"rendered":"http:\/\/www.visit-ulcinj.com\/blog\/?p=91097"},"modified":"2015-06-19T16:32:12","modified_gmt":"2015-06-19T15:32:12","slug":"kush-e-shoqeroi-flaka-krelanin-ne-ulqin","status":"publish","type":"post","link":"https:\/\/www.visit-ulcinj.com\/blog\/2015\/06\/19\/kush-e-shoqeroi-flaka-krelanin-ne-ulqin\/","title":{"rendered":"Kush e shoq\u00ebroi Flaka Krelanin n\u00eb Ulqin"},"content":{"rendered":"<p><a href=\"http:\/\/www.visit-ulcinj.com\/blog\/wp-content\/uploads\/2015\/06\/Flaka-Krelani-n\u00eb-Ulqin.jpg\"><img loading=\"lazy\" class=\"alignleft wp-image-91098\" src=\"http:\/\/www.visit-ulcinj.com\/blog\/wp-content\/uploads\/2015\/06\/Flaka-Krelani-n\u00eb-Ulqin.jpg\" alt=\"Flaka Krelani n\u00eb Ulqin\" width=\"508\" height=\"416\" \/><\/a>K\u00ebng\u00ebtarja Flaka Krelani k\u00ebto dit\u00eb ka qen\u00eb n\u00eb Ulqin p\u00ebr \u201cNet\u00ebt e klipit shqiptar\u201d. Ky spektak\u00ebl k\u00ebt\u00eb vit \u00ebsht\u00eb zhvendosur n\u00eb bregdetin e bukur t\u00eb Ulqinit.<\/p>\n<p>Flaka, ka treguar se \u00ebsht\u00eb e dashuruar me Ulqnin, Kalan\u00eb dhe gjith\u00e7ka.<\/p>\n<p>Krelani n\u00eb Ulqin kishte shkuar e shoq\u00ebruar nga e \u00ebma.<\/p>\n<p>RTV21 Media<\/p>\n<p><a href=\"http:\/\/www.visit-ulcinj.com\/blog\/wp-content\/uploads\/2015\/06\/Flaka-Krelani-me-nenen-n\u00eb-Ulqin.jpg\"><img loading=\"lazy\" class=\"alignleft wp-image-91099\" src=\"http:\/\/www.visit-ulcinj.com\/blog\/wp-content\/uploads\/2015\/06\/Flaka-Krelani-me-nenen-n\u00eb-Ulqin.jpg\" alt=\"Flaka Krelani me nenen n\u00eb Ulqin\" width=\"508\" height=\"674\" \/><\/a><\/p>\n","protected":false},"excerpt":{"rendered":"<p>K\u00ebng\u00ebtarja Flaka Krelani k\u00ebto dit\u00eb ka qen\u00eb n\u00eb Ulqin p\u00ebr \u201cNet\u00ebt e klipit shqiptar\u201d. Ky spektak\u00ebl k\u00ebt\u00eb vit \u00ebsht\u00eb zhvendosur n\u00eb bregdetin e bukur t\u00eb Ulqinit. Flaka, ka treguar se \u00ebsht\u00eb e dashuruar me Ulqnin, Kalan\u00eb dhe gjith\u00e7ka. Krelani n\u00eb Ulqin kishte shkuar e shoq\u00ebruar nga e \u00ebma. RTV21 Media<\/p>\n","protected":false},"author":1,"featured_media":0,"comment_status":"closed","ping_status":"closed","sticky":false,"template":"","format":"standard","meta":{"spay_email":"","jetpack_publicize_message":"","jetpack_is_tweetstorm":false,"jetpack_publicize_feature_enabled":true},"categories":[1],"tags":[],"jetpack_publicize_connections":[],"yoast_head":"<!-- This site is optimized with the Yoast SEO plugin v19.1 - https:\/\/yoast.com\/wordpress\/plugins\/seo\/ -->\n<title>Kush e shoq\u00ebroi Flaka Krelanin n\u00eb Ulqin - Lajme nga Ulqini<\/title>\n<meta name=\"description\" content=\"K\u00ebng\u00ebtarja Flaka Krelani k\u00ebto dit\u00eb ka qen\u00eb n\u00eb Ulqin p\u00ebr \u201cNet\u00ebt e klipit shqiptar\u201d. Ky spektak\u00ebl k\u00ebt\u00eb vit \u00ebsht\u00eb zhvendosur n\u00eb bregdetin e bukur t\u00eb Ulqinit.\" \/>\n<meta name=\"robots\" content=\"index, follow, max-snippet:-1, max-image-preview:large, max-video-preview:-1\" \/>\n<link rel=\"canonical\" href=\"https:\/\/www.visit-ulcinj.com\/blog\/2015\/06\/19\/kush-e-shoqeroi-flaka-krelanin-ne-ulqin\/\" \/>\n<meta property=\"og:locale\" content=\"en_US\" \/>\n<meta property=\"og:type\" content=\"article\" \/>\n<meta property=\"og:title\" content=\"Kush e shoq\u00ebroi Flaka Krelanin n\u00eb Ulqin - Lajme nga Ulqini\" \/>\n<meta property=\"og:description\" content=\"K\u00ebng\u00ebtarja Flaka Krelani k\u00ebto dit\u00eb ka qen\u00eb n\u00eb Ulqin p\u00ebr \u201cNet\u00ebt e klipit shqiptar\u201d. Ky spektak\u00ebl k\u00ebt\u00eb vit \u00ebsht\u00eb zhvendosur n\u00eb bregdetin e bukur t\u00eb Ulqinit.\" \/>\n<meta property=\"og:url\" content=\"https:\/\/www.visit-ulcinj.com\/blog\/2015\/06\/19\/kush-e-shoqeroi-flaka-krelanin-ne-ulqin\/\" \/>\n<meta property=\"og:site_name\" content=\"Lajme nga Ulqini\" \/>\n<meta property=\"article:published_time\" content=\"2015-06-19T15:32:12+00:00\" \/>\n<meta name=\"twitter:label1\" content=\"Written by\" \/>\n\t<meta name=\"twitter:data1\" content=\"ulqini\" \/>\n<script type=\"application\/ld+json\" class=\"yoast-schema-graph\">{\"@context\":\"https:\/\/schema.org\",\"@graph\":[{\"@type\":\"WebSite\",\"@id\":\"https:\/\/www.visit-ulcinj.com\/blog\/#website\",\"url\":\"https:\/\/www.visit-ulcinj.com\/blog\/\",\"name\":\"Lajme nga Ulqini\",\"description\":\"Lajme,Vijesti,Ulqini,Ulqin,Crna Gora,Mali i Zi\",\"potentialAction\":[{\"@type\":\"SearchAction\",\"target\":{\"@type\":\"EntryPoint\",\"urlTemplate\":\"https:\/\/www.visit-ulcinj.com\/blog\/?s={search_term_string}\"},\"query-input\":\"required name=search_term_string\"}],\"inLanguage\":\"en-US\"},{\"@type\":\"WebPage\",\"@id\":\"https:\/\/www.visit-ulcinj.com\/blog\/2015\/06\/19\/kush-e-shoqeroi-flaka-krelanin-ne-ulqin\/#webpage\",\"url\":\"https:\/\/www.visit-ulcinj.com\/blog\/2015\/06\/19\/kush-e-shoqeroi-flaka-krelanin-ne-ulqin\/\",\"name\":\"Kush e shoq\u00ebroi Flaka Krelanin n\u00eb Ulqin - Lajme nga Ulqini\",\"isPartOf\":{\"@id\":\"https:\/\/www.visit-ulcinj.com\/blog\/#website\"},\"datePublished\":\"2015-06-19T15:32:12+00:00\",\"dateModified\":\"2015-06-19T15:32:12+00:00\",\"author\":{\"@id\":\"https:\/\/www.visit-ulcinj.com\/blog\/#\/schema\/person\/dcab619c614d3038751c63bc2aadc06d\"},\"description\":\"K\u00ebng\u00ebtarja Flaka Krelani k\u00ebto dit\u00eb ka qen\u00eb n\u00eb Ulqin p\u00ebr \u201cNet\u00ebt e klipit shqiptar\u201d. Ky spektak\u00ebl k\u00ebt\u00eb vit \u00ebsht\u00eb zhvendosur n\u00eb bregdetin e bukur t\u00eb Ulqinit.\",\"breadcrumb\":{\"@id\":\"https:\/\/www.visit-ulcinj.com\/blog\/2015\/06\/19\/kush-e-shoqeroi-flaka-krelanin-ne-ulqin\/#breadcrumb\"},\"inLanguage\":\"en-US\",\"potentialAction\":[{\"@type\":\"ReadAction\",\"target\":[\"https:\/\/www.visit-ulcinj.com\/blog\/2015\/06\/19\/kush-e-shoqeroi-flaka-krelanin-ne-ulqin\/\"]}]},{\"@type\":\"BreadcrumbList\",\"@id\":\"https:\/\/www.visit-ulcinj.com\/blog\/2015\/06\/19\/kush-e-shoqeroi-flaka-krelanin-ne-ulqin\/#breadcrumb\",\"itemListElement\":[{\"@type\":\"ListItem\",\"position\":1,\"name\":\"Kush e shoq\u00ebroi Flaka Krelanin n\u00eb Ulqin\"}]},{\"@type\":\"Person\",\"@id\":\"https:\/\/www.visit-ulcinj.com\/blog\/#\/schema\/person\/dcab619c614d3038751c63bc2aadc06d\",\"name\":\"ulqini\",\"sameAs\":[\"http:\/\/www.visit-ulcinj.com\"],\"url\":\"https:\/\/www.visit-ulcinj.com\/blog\/author\/admin\/\"}]}<\/script>\n<!-- \/ Yoast SEO plugin. -->","yoast_head_json":{"title":"Kush e shoq\u00ebroi Flaka Krelanin n\u00eb Ulqin - Lajme nga Ulqini","description":"K\u00ebng\u00ebtarja Flaka Krelani k\u00ebto dit\u00eb ka qen\u00eb n\u00eb Ulqin p\u00ebr \u201cNet\u00ebt e klipit shqiptar\u201d. Ky spektak\u00ebl k\u00ebt\u00eb vit \u00ebsht\u00eb zhvendosur n\u00eb bregdetin e bukur t\u00eb Ulqinit.","robots":{"index":"index","follow":"follow","max-snippet":"max-snippet:-1","max-image-preview":"max-image-preview:large","max-video-preview":"max-video-preview:-1"},"canonical":"https:\/\/www.visit-ulcinj.com\/blog\/2015\/06\/19\/kush-e-shoqeroi-flaka-krelanin-ne-ulqin\/","og_locale":"en_US","og_type":"article","og_title":"Kush e shoq\u00ebroi Flaka Krelanin n\u00eb Ulqin - Lajme nga Ulqini","og_description":"K\u00ebng\u00ebtarja Flaka Krelani k\u00ebto dit\u00eb ka qen\u00eb n\u00eb Ulqin p\u00ebr \u201cNet\u00ebt e klipit shqiptar\u201d. Ky spektak\u00ebl k\u00ebt\u00eb vit \u00ebsht\u00eb zhvendosur n\u00eb bregdetin e bukur t\u00eb Ulqinit.","og_url":"https:\/\/www.visit-ulcinj.com\/blog\/2015\/06\/19\/kush-e-shoqeroi-flaka-krelanin-ne-ulqin\/","og_site_name":"Lajme nga Ulqini","article_published_time":"2015-06-19T15:32:12+00:00","twitter_misc":{"Written by":"ulqini"},"schema":{"@context":"https:\/\/schema.org","@graph":[{"@type":"WebSite","@id":"https:\/\/www.visit-ulcinj.com\/blog\/#website","url":"https:\/\/www.visit-ulcinj.com\/blog\/","name":"Lajme nga Ulqini","description":"Lajme,Vijesti,Ulqini,Ulqin,Crna Gora,Mali i Zi","potentialAction":[{"@type":"SearchAction","target":{"@type":"EntryPoint","urlTemplate":"https:\/\/www.visit-ulcinj.com\/blog\/?s={search_term_string}"},"query-input":"required name=search_term_string"}],"inLanguage":"en-US"},{"@type":"WebPage","@id":"https:\/\/www.visit-ulcinj.com\/blog\/2015\/06\/19\/kush-e-shoqeroi-flaka-krelanin-ne-ulqin\/#webpage","url":"https:\/\/www.visit-ulcinj.com\/blog\/2015\/06\/19\/kush-e-shoqeroi-flaka-krelanin-ne-ulqin\/","name":"Kush e shoq\u00ebroi Flaka Krelanin n\u00eb Ulqin - Lajme nga Ulqini","isPartOf":{"@id":"https:\/\/www.visit-ulcinj.com\/blog\/#website"},"datePublished":"2015-06-19T15:32:12+00:00","dateModified":"2015-06-19T15:32:12+00:00","author":{"@id":"https:\/\/www.visit-ulcinj.com\/blog\/#\/schema\/person\/dcab619c614d3038751c63bc2aadc06d"},"description":"K\u00ebng\u00ebtarja Flaka Krelani k\u00ebto dit\u00eb ka qen\u00eb n\u00eb Ulqin p\u00ebr \u201cNet\u00ebt e klipit shqiptar\u201d. Ky spektak\u00ebl k\u00ebt\u00eb vit \u00ebsht\u00eb zhvendosur n\u00eb bregdetin e bukur t\u00eb Ulqinit.","breadcrumb":{"@id":"https:\/\/www.visit-ulcinj.com\/blog\/2015\/06\/19\/kush-e-shoqeroi-flaka-krelanin-ne-ulqin\/#breadcrumb"},"inLanguage":"en-US","potentialAction":[{"@type":"ReadAction","target":["https:\/\/www.visit-ulcinj.com\/blog\/2015\/06\/19\/kush-e-shoqeroi-flaka-krelanin-ne-ulqin\/"]}]},{"@type":"BreadcrumbList","@id":"https:\/\/www.visit-ulcinj.com\/blog\/2015\/06\/19\/kush-e-shoqeroi-flaka-krelanin-ne-ulqin\/#breadcrumb","itemListElement":[{"@type":"ListItem","position":1,"name":"Kush e shoq\u00ebroi Flaka Krelanin n\u00eb Ulqin"}]},{"@type":"Person","@id":"https:\/\/www.visit-ulcinj.com\/blog\/#\/schema\/person\/dcab619c614d3038751c63bc2aadc06d","name":"ulqini","sameAs":["http:\/\/www.visit-ulcinj.com"],"url":"https:\/\/www.visit-ulcinj.com\/blog\/author\/admin\/"}]}},"jetpack_featured_media_url":"","jetpack_sharing_enabled":true,"jetpack_shortlink":"https:\/\/wp.me\/pe6lTn-nHj","_links":{"self":[{"href":"https:\/\/www.visit-ulcinj.com\/blog\/wp-json\/wp\/v2\/posts\/91097"}],"collection":[{"href":"https:\/\/www.visit-ulcinj.com\/blog\/wp-json\/wp\/v2\/posts"}],"about":[{"href":"https:\/\/www.visit-ulcinj.com\/blog\/wp-json\/wp\/v2\/types\/post"}],"author":[{"embeddable":true,"href":"https:\/\/www.visit-ulcinj.com\/blog\/wp-json\/wp\/v2\/users\/1"}],"replies":[{"embeddable":true,"href":"https:\/\/www.visit-ulcinj.com\/blog\/wp-json\/wp\/v2\/comments?post=91097"}],"version-history":[{"count":1,"href":"https:\/\/www.visit-ulcinj.com\/blog\/wp-json\/wp\/v2\/posts\/91097\/revisions"}],"predecessor-version":[{"id":91100,"href":"https:\/\/www.visit-ulcinj.com\/blog\/wp-json\/wp\/v2\/posts\/91097\/revisions\/91100"}],"wp:attachment":[{"href":"https:\/\/www.visit-ulcinj.com\/blog\/wp-json\/wp\/v2\/media?parent=91097"}],"wp:term":[{"taxonomy":"category","embeddable":true,"href":"https:\/\/www.visit-ulcinj.com\/blog\/wp-json\/wp\/v2\/categories?post=91097"},{"taxonomy":"post_tag","embeddable":true,"href":"https:\/\/www.visit-ulcinj.com\/blog\/wp-json\/wp\/v2\/tags?post=91097"}],"curies":[{"name":"wp","href":"https:\/\/api.w.org\/{rel}","templated":true}]}}