{"id":91104,"date":"2015-06-19T16:51:39","date_gmt":"2015-06-19T15:51:39","guid":{"rendered":"http:\/\/www.visit-ulcinj.com\/blog\/?p=91104"},"modified":"2015-07-08T19:30:10","modified_gmt":"2015-07-08T18:30:10","slug":"ferdinand-samarxhi-bashkon-te-gjithe-ballkanin-vizionar-islam-ne-ulqin","status":"publish","type":"post","link":"https:\/\/www.visit-ulcinj.com\/blog\/2015\/06\/19\/ferdinand-samarxhi-bashkon-te-gjithe-ballkanin-vizionar-islam-ne-ulqin\/","title":{"rendered":"Ferdinand Samarxhi bashkon t\u00eb gjith\u00eb Ballkanin vizionar islam n\u00eb Ulqin"},"content":{"rendered":"<p><a href=\"http:\/\/www.visit-ulcinj.com\/blog\/wp-content\/uploads\/2015\/06\/Ferdinand-Samarxhi-Ali-Bardhi-Ulqin.jpg\"><img loading=\"lazy\" class=\"alignleft wp-image-91105\" src=\"http:\/\/www.visit-ulcinj.com\/blog\/wp-content\/uploads\/2015\/06\/Ferdinand-Samarxhi-Ali-Bardhi-Ulqin.jpg\" alt=\"Ferdinand Samarxhi-Ali-Bardhi-Ulqin\" width=\"508\" height=\"281\" srcset=\"https:\/\/www.visit-ulcinj.com\/blog\/wp-content\/uploads\/2015\/06\/Ferdinand-Samarxhi-Ali-Bardhi-Ulqin.jpg 488w, https:\/\/www.visit-ulcinj.com\/blog\/wp-content\/uploads\/2015\/06\/Ferdinand-Samarxhi-Ali-Bardhi-Ulqin-300x166.jpg 300w\" sizes=\"(max-width: 508px) 100vw, 508px\" \/><\/a>G\u00ebzuar kombi yn\u00eb muajin e bekuar Ramazan!\u201d titullohet cikli prej 31 bisedash me udh\u00ebheq\u00ebsit shpir-t\u00ebror\u00eb t\u00eb fes\u00eb islame n\u00eb Ballkan. Gazetari i mir\u00ebnjohur, fitues i \u201cAnten\u00ebs s\u00eb Art\u00eb\u201d, Ferdinand Samarxhi ka intervistuar lider\u00ebt e besimit islam n\u00eb Ballkan duke p\u00ebrfshir\u00eb qytetet: e Kosov\u00ebs si edhe Shkupin, Tetov\u00ebn, Ulqinin dhe Tiran\u00ebn. Klerik\u00ebt kan\u00eb folur p\u00ebr muajin e shenjt\u00eb t\u00eb Ramazanit.<br \/>\n\u00c7\u2019\u00ebsht\u00eb ky projekt? P\u00ebrse ju menduat ta realizoni n\u00eb t\u00eb gjith\u00eb Ballkanin dhe me t\u00eb gjith\u00eb bashk\u00ebsit\u00eb fetare t\u00eb tij?<br \/>\nIdeja e cila na udh\u00ebhoqi p\u00ebr ta filmuar n\u00eb t\u00eb gjitha vendet e Ballkanit ishte sa historike aq edhe fetare. Duke ditur historin\u00eb e kombit ton\u00eb, duke ditur gjithashtu q\u00eb t\u00eb gjitha faltoret edhe pse ishin sht\u00ebpi t\u00eb Zotit, qofshin k\u00ebto kisha, xhami, teqe, tyrbe u b\u00ebn\u00eb vatra atdhetare dhe e lidh\u00ebn jet\u00ebn e tyre me m\u00ebm\u00ebdheun. Th\u00ebnia e Profetit Muhamed \u201cPa atdhe, nuk ka fe\u201d u mish\u00ebrua m\u00eb shum\u00eb se kurdoher\u00eb dhe t\u00eb gjitha k\u00ebto objekte kulti u b\u00ebn\u00eb vatra t\u00eb besimit, t\u00eb bashkimit, t\u00eb v\u00ebllaz\u00ebrimit, deri aty saq\u00eb si\u00e7 thot\u00eb Pasko Vasha, kur ishte fjala p\u00ebr \u00e7\u00ebshtjen e atdheut p\u00ebr t\u00eb gjith\u00eb njer\u00ebzit feja e shqiptarit ishte shqiptaria. Kishat, xhamit\u00eb, tyrbet, teqet\u00eb, kan\u00eb histori t\u00eb mbarsur me episode nga m\u00eb epiket p\u00ebr fatet e kombit. Pik\u00ebrisht ky mendim na udh\u00ebhoqi, kjo ide q\u00eb t\u00eb gjith\u00eb k\u00ebto biseda t\u00eb k\u00ebtij muaji t\u00eb bekuar t\u00eb Ramazanit, t\u2019i realizonim pran\u00eb k\u00ebtyre vendeve, k\u00ebtyre faltoreve historike, q\u00eb flasin p\u00ebr Zotin dhe atdheun.<br \/>\nP\u00ebr t\u00eb kat\u00ebrtin vit, me nism\u00ebn dhe mb\u00ebshtetjen e Kryegjyshit Bot\u00ebror Haxhi Baba Edmond Brahimaj, jan\u00eb realizuar 31 biseda. Dy vitet e para 2011, 2012 e realizuam n\u00eb Shqip\u00ebri me teolog\u00eb, me personalitete vet\u00ebm nga Shqip\u00ebria, ku zgjodh\u00ebm mjedise t\u00eb bukura t\u00eb kryeqytetit, si Bar Restorant Piazza dhe Hotel Tirana International. N\u00eb vitin 2013 nisma e Kryegjyshit ishte q\u00eb muaji i Ramazanit, kjo ngjarje kaq e sh\u00ebnuar p\u00ebr besimtar\u00ebt islam\u00eb t\u00eb p\u00ebrjetohej dhe t\u00eb p\u00ebrcillej n\u00eb t\u00eb gjith\u00eb trevat e Ballkanit. Ishte nj\u00eb nism\u00eb e bukur, por e v\u00ebshtir\u00eb p\u00ebr t\u2019u realizuar, q\u00eb do na hapte mendime t\u00eb reja p\u00ebr t\u2019i b\u00ebr\u00eb m\u00eb ekzaltuese dhe m\u00eb t\u00eb shikuara programet e k\u00ebtij projekti. Ky vit, viti 2014 do t\u00eb sh\u00ebnonte nj\u00eb perceptim m\u00eb intelektual t\u00eb programeve, m\u00eb bashk\u00ebkohor, t\u00eb temave, m\u00eb sinjifikativ, t\u00eb g\u00ebrshetuara filozofin\u00eb e bisedave n\u00eb kontekst me skenografit\u00eb historike t\u00eb qyteteve. K\u00ebshtu pran\u00eb faltoreve t\u00eb vjetra t\u00eb qyteteve q\u00eb datojn\u00eb histori, ngjarje, beteja, ne vendos\u00ebm t\u00eb realizonim bisedat si mish\u00ebrim i g\u00ebrshetimit m\u00eb s\u00eb miri i gjith\u00eb k\u00ebtyre vlerave patriotike dhe fetare. P\u00ebr t\u2019i b\u00ebr\u00eb sa m\u00eb dometh\u00ebn\u00ebse t\u00eb gjitha bisedat, p\u00ebr t\u00eb treguar q\u00eb k\u00ebt\u00eb muaj edhe qytetet n\u00eb t\u00eb cilat u shkruajt historia e kombit ton\u00eb, t\u00eb ishin t\u00eb shkrira n\u00eb k\u00ebt\u00eb atmosfer\u00eb me natyr\u00ebn ekzaltuese t\u00eb k\u00ebtij muaji t\u00eb Ramazanit. Ne k\u00ebmb\u00ebngul\u00ebm q\u00eb t\u00eb gjitha faltoret t\u00eb konturoheshin me dritat e bukura inkandeshente t\u00eb kuqe. Ne zgjodh\u00ebm ngjyr\u00ebn e kuqe p\u00ebr vet\u00eb faktin si ngjyr\u00eb e gjakut dhe e flamurit t\u00eb kombit ton\u00eb. Kjo ide u m\u00ebshirua dhe u pranua nga t\u00eb gjitha bashk\u00ebsit\u00eb islame, kryesit\u00eb e lider\u00ebt e tyre q\u00eb njohin historin\u00eb, q\u00eb din\u00eb t\u00eb g\u00ebrshetojn\u00eb historin\u00eb e faltoreve t\u00eb vjetra, me p\u00ebrjetimin dhe p\u00ebr\u00e7imin e ideve t\u00eb programeve t\u00eb k\u00ebtij muaji.<br \/>\nP\u00ebr af\u00ebr 17 vjet nga viti 1990\u2013\u201891 deri n\u00eb mesin e vitit 2006, si\u00e7 tham\u00eb, hapja e rubrik\u00ebs fetare krijoi dritaren e t\u00eb gjith\u00eb komuniteteve fetare, mysliman\u00eb, ortodoks\u00eb, katolik\u00eb dhe bektashian\u00eb. N\u00eb k\u00ebt\u00eb dritare sipas ngjarjeve t\u00eb t\u00eb gjitha besimeve, p\u00ebrcilleshin dhe biseda si p\u00ebr Krishtlindje, p\u00ebr Pashk\u00eb, p\u00ebr Bajrame, p\u00ebr Sulltan Nevruz, etj. Por pas k\u00ebtij viti, drita e k\u00ebtyre besimeve mungoi n\u00eb ekranin e televizionit publik p\u00ebr pik\u00ebpamje dhe mendimet nga m\u00eb t\u00eb ndryshmet, q\u00eb un\u00eb do t\u2019i quaja absurde edhe p\u00ebr dit\u00ebt e sotme. Por q\u00eb koh\u00ebt do t\u2019i largojn\u00eb k\u00ebto mendime dhe drita e besimit p\u00ebrs\u00ebri mendoj se do t\u00eb jet\u00eb prezente n\u00eb dritaren e saj. Le t\u00eb vazhdojm\u00eb me projektin \u201cG\u00ebzuar Kombi Yn\u00eb Muajin e Ramazanit\u201d. Ky projekt \u00ebsht\u00eb ideuar dhe menduar q\u00eb pjes\u00ebmarr\u00ebsit e tij t\u00eb jen\u00eb n\u00eb radh\u00eb t\u00eb par\u00eb lider\u00ebt e besimeve shpirt\u00ebrore si Reiz Ulema Efendi Haxhi Sulejman Rexhepi, kryetar i Bashk\u00ebsis\u00eb Islame t\u00eb Republik\u00ebs s\u00eb Maqedonis\u00eb, Myftiu i Republik\u00ebs s\u00eb Kosov\u00ebs Haxhi Naim T\u00ebrnava, Kryegjyshi Bot\u00ebror Haxhi Baba Edmond Brahimaj, Kryetar i Komunitetit Mysliman t\u00eb Shqip\u00ebris\u00eb, Hir\u00ebsia e Tij Haxhi Skender Bru\u00e7aj, Myftiu i madh i Ulqinit Haxhi Ali Bardhi, profesor\u00eb, dekan\u00eb fakultetesh, teolog\u00eb t\u00eb mir\u00ebnjohur, Imam, etj. Brenda muajit Ramazan jemi n\u00eb pritje p\u00ebr t\u00eb realizuar nj\u00eb bised\u00eb n\u00eb Ankara me Kryetarin e Komunitetit Mysliman t\u00eb Turqis\u00eb, Prof.Dr.Mehmet Gulmez.<br \/>\nDuke qen\u00eb se shqiptar\u00ebt jan\u00eb t\u00eb shtrir\u00eb n\u00eb t\u00eb gjith\u00eb Ballkanin, menduam t\u00eb shohim nga af\u00ebr sesi \u00ebsht\u00eb pritur muaji i Ramazanit, si jan\u00eb konturuar skenografit\u00eb e qyteteve, si po e p\u00ebrjetojn\u00eb t\u00eb gjith\u00eb njer\u00ebzit, besimtar\u00ebt k\u00ebt\u00eb muaj t\u00eb madh t\u00eb jet\u00ebs, t\u00eb besimit tyre, menduam q\u00eb k\u00ebto programe do t\u00eb kishin vler\u00ebn e tyre dhe do t\u00eb shprehnin sinqeritetin e k\u00ebtyre bisedave drejt p\u00ebr drejt n\u00eb vendet e tyre, pran\u00eb faltoreve t\u00eb vjetra historike, aty ku t\u00eb gjith\u00eb njer\u00ebzit mblidhen, i drejtohen dhe i luten Zotit. K\u00ebshtu ne, me nj\u00eb studio l\u00ebviz\u00ebse, me t\u00eb gjith\u00eb infrastruktur\u00ebn e duhur t\u00eb ndri\u00e7imit, t\u00eb fonis\u00eb, t\u00eb ekipit t\u00eb kameraman\u00ebve, vizituam t\u00eb gjith\u00eb k\u00ebto shtete t\u00eb Ballkanit dhe u ndal\u00ebm n\u00eb disa nga mjediset m\u00eb dometh\u00ebn\u00ebse t\u00eb historis\u00eb. Qyteti ku historia e larton at\u00eb n\u00eb piedestal, ku burrat e kombit me n\u00eb krye Abdyl Frash\u00ebrin, u mblodh\u00ebn dhe themeluan lidhjen shqiptare t\u00eb Prizrenit, ku mor\u00ebn vendime aq t\u00eb r\u00ebnd\u00ebsishme, jetike p\u00ebr fatin e kombit, kur shtete t\u00eb m\u00ebdha kishin kthyer n\u00eb pazar tregu tokat shqiptare dhe merrej n\u00ebp\u00ebr k\u00ebmb\u00eb fati i vendit, do t\u00eb ishte vendi m\u00eb i par\u00eb i realizimit t\u00eb bisedave t\u00eb muajit t\u00eb Ramazanit, q\u00eb ne e pam\u00eb at\u00eb si p\u00ebrjetim jo vet\u00ebm t\u00eb dashuris\u00eb s\u00eb besimtar\u00ebve p\u00ebr Zotin, por e pam\u00eb edhe si vend t\u00eb bashkimit, pasi edhe muaji Ramazan me filozofin\u00eb e tij p\u00ebrcjell paqe, bashkim dhe v\u00ebllaz\u00ebri. Gj\u00eb q\u00eb edhe bisedat t\u00eb p\u00ebr\u00e7ojn\u00eb n\u00eb at\u00eb bot\u00ebkuptim t\u00eb skenografis\u00eb dhe t\u00eb bukuris\u00eb s\u00eb qytetit. Prizreni u b\u00eb k\u00ebshtu si dje qyteti i bashkimit t\u00eb shqiptar\u00ebve, i dashuris\u00eb p\u00ebr vatanin, por edhe sot n\u00eb k\u00ebto dit\u00eb t\u00eb bukura t\u00eb Ramazanit, p\u00ebrs\u00ebri si qytet i bashkimit, v\u00ebllaz\u00ebris\u00eb dhe dashuris\u00eb ashtu si\u00e7 predikon edhe Zoti i madh n\u00eb k\u00ebt\u00eb muaj p\u00ebr t\u00eb gjith\u00eb krijesat e tij. Ne k\u00ebtu bashk\u00ebbiseduam me njer\u00ebz t\u00eb nderuar t\u00eb k\u00ebtij qyteti, me Myftiun e tij zotin Ali Vejzaj, q\u00eb p\u00ebrcolli me elokuenc\u00eb dukurit\u00eb e k\u00ebtij qyteti historik, dukurit\u00eb e dashuris\u00eb s\u00eb besimtar\u00ebve n\u00eb k\u00ebt\u00eb muaj. Profesor Ajni Sinani ka th\u00ebn\u00eb se besimtar\u00ebt e gjith\u00eb Kosov\u00ebs, ashtu si\u00e7 ruajt\u00ebn kombin n\u00eb unitet n\u00eb bashkim, n\u00eb identitet, n\u00eb flamurin komb\u00ebtar, ashtu edhe n\u00eb k\u00ebto dit\u00eb t\u00eb muajit Ramazan me adhurimin e tyre luten q\u00eb bashkimi, atdhedashuria e tyre t\u00eb rritet gjithnj\u00eb e m\u00eb shum\u00eb ashtu si\u00e7 k\u00ebrkon edhe Zoti n\u00eb k\u00ebto dit\u00eb. N\u00eb kryeqytetin e Maqedonis\u00eb, n\u00eb Shkup, n\u00eb qytetin e Shqiptar\u00ebve, ne vendos\u00ebm t\u00eb zhvillonim bashk\u00ebbisedimet tona n\u00eb sheshin e xhamis\u00eb t\u00eb Mustafa Pash\u00ebs, ku p\u00ebr \u00e7udi dhe paradoks t\u00eb koh\u00ebs, n\u00eb k\u00ebt\u00eb faltore q\u00eb n\u00eb vitin 1492 Shqiptar\u00ebt hapnin themele dhe nd\u00ebrtonin faltore, pra ishin t\u00eb emancipuar, kishin kultur\u00eb, kishin besim, kishin pra nj\u00eb dinjitet t\u00eb kombit t\u00eb tyre. Pran\u00eb k\u00ebsaj faltoreje q\u00eb mbart histori n\u00eb vetveten e saj, zhvilluam bisedat me personalitete Shqiptare t\u00eb Maqedonis\u00eb, me liderin e saj t\u00eb besimit Islam, Reiz Ulema Sulejman Rexhepin, me njer\u00ebz t\u00eb shquar t\u00eb shkenc\u00ebs islame si dekanin e fakultetit, Farudin Ebibi, Afrim Tahiri, Qazim Nesimi, Idriz Idrizi, etj. Tetova, qyteti i shqiptar\u00ebve do t\u00eb ishte padyshim pjes\u00eb e k\u00ebtij projekti, xhamia me histori, xhamia e larme ku burra dhe pashallar\u00eb t\u00eb kombit mblidheshin dhe zhvillonin kuvendet e tyre p\u00ebr vatanin, ishte nj\u00eb nga pikat tona m\u00eb t\u00eb bukura. Ligj\u00ebratat merrnin m\u00eb shum\u00eb jet\u00eb nga vet\u00eb skenografia, d\u00ebshmi e nj\u00eb kulture t\u00eb nj\u00eb kombi t\u00eb zhvilluar n\u00eb koh\u00ebra.<br \/>\nUlqini, qyteti q\u00eb na inspiroi me historin\u00eb e tij. Kalaja me bedena ku dje ishte nj\u00eb mburoj\u00eb e pamposhtur e shqiptar\u00ebve, sot si gjerdan historie, flet dhe tregon shum\u00eb p\u00ebr mbijetes\u00ebn e shqiptar\u00ebve t\u00eb k\u00ebtyre an\u00ebve, flet p\u00ebr dashurin\u00eb e tyre q\u00eb pat\u00ebn ata ndaj vatanit si edhe ndaj Zotit. Bashk\u00ebbisedimi yn\u00eb me Myftiun e madh t\u00eb k\u00ebtij qyteti t\u00eb shqiptar\u00ebve, zoti Ali Bardhi, ishte shum\u00eb mbres\u00ebl\u00ebn\u00ebs, myftiu njoh\u00ebs i mir\u00eb i historis\u00eb, tregoi sesi shqiptar\u00ebt kishin t\u00eb shenjt\u00eb si vatanin, ashtu edhe Allahun. Qyteti q\u00eb u ka mbijetuar rrebesheve t\u00eb historis\u00eb \u00ebsht\u00eb gjithashtu dhe qyteti q\u00eb muaji i Ramazanit p\u00ebrjetohet m\u00eb bukur thuajse nga t\u00eb gjitha trevat shqiptare t\u00eb Ballkanit. T\u00eb gjitha xhamit\u00eb e qytetit si vende t\u00eb djeshme n\u00eb sh\u00ebrbim t\u00eb vatanit, sot si vende n\u00eb sh\u00ebrbim t\u00eb Zotit, p\u00ebrcjellin m\u00eb shum\u00eb se \u00e7do her\u00eb tjet\u00ebr mir\u00ebsin\u00eb, v\u00ebllaz\u00ebrin\u00eb q\u00eb ushqen n\u00eb k\u00ebto dit\u00eb tek t\u00eb gjith\u00eb, qyteti si dikur madhohet n\u00eb k\u00ebto dit\u00eb t\u00eb muajit t\u00eb Ramazanit, madhohet bot\u00ebkuptimi shpirt\u00ebror i njer\u00ebzve, m\u00eb shum\u00eb shqiptar\u00eb b\u00ebhen ata, m\u00eb shum\u00eb t\u00eb devotsh\u00ebm b\u00ebhen p\u00ebr Zotin.<br \/>\nTirana, kryeqyteti i Shqip\u00ebris\u00eb, simbolizon jo vet\u00ebm emancipimin e islamit, bukurit\u00eb e tij, g\u00ebzimet e besimtar\u00ebve n\u00eb k\u00ebt\u00eb muaj, por t\u00eb josh me prezenc\u00ebn e bukur t\u00eb skenografis\u00eb s\u00eb saj. Xhamia e Et\u2013hem Beut, ky monument simbol i bukuris\u00eb s\u00eb Islamit n\u00eb qend\u00ebr t\u00eb qytetit, k\u00ebto dit\u00eb fton dhe p\u00ebrcjell mij\u00ebra e qindra besimtar\u00eb. Kryetari i Komunitetit Mysliman t\u00eb Shqip\u00ebris\u00eb, Hir\u00ebsia e Tij Haxhi Skender Bru\u00e7aj, p\u00ebrshkruan me modesti p\u00ebrgatitjet e m\u00ebdha q\u00eb jan\u00eb b\u00ebr\u00eb p\u00ebr t\u00eb pritur k\u00ebt\u00eb muaj sa m\u00eb mir\u00eb, q\u00eb besimtar\u00ebt t\u00eb ndjehen sa m\u00eb t\u00eb g\u00ebzuar. Bashk\u00ebbisedimi na m\u00ebson se n\u00eb t\u00eb gjith\u00eb vendin, g\u00ebzimi i besimtar\u00ebve, devotshm\u00ebria, p\u00ebrkushtimi, veneracioni q\u00eb ata po kryejn\u00eb k\u00ebto dit\u00eb, do t\u2019i \u00e7oj\u00eb ata q\u00eb t\u00eb arrijn\u00eb dhe t\u00eb jen\u00eb sa m\u00eb pran\u00eb Zotit, q\u00eb ata t\u00eb b\u00ebhen sa m\u00eb t\u00eb mir\u00eb dhe sa m\u00eb t\u00eb denj\u00eb, jo vet\u00ebm p\u00ebr veten e tyre, p\u00ebr familjen, por p\u00ebr t\u00eb gjith\u00eb shoq\u00ebrin\u00eb, p\u00ebr t\u00eb gjith\u00eb kombin.<br \/>\nEdhe pse nism\u00ebtar e mb\u00ebshtet\u00ebs \u00ebsht\u00eb Kryegjyshi Bot\u00ebror i Bektashinjve, ju si e pat\u00eb, si e menduat dhe si e mish\u00ebruat bektashizmin n\u00eb projektin e k\u00ebtij muaji?<br \/>\nBektashizmi \u00ebsht\u00eb tarikat Islam. Besimtar\u00ebt bektashinj i p\u00ebrkasin fes\u00eb Islame nj\u00ebsoj si v\u00ebllez\u00ebrit e tyre Sunni. Kan\u00eb t\u00eb p\u00ebrbashk\u00ebt librin e shenjt\u00eb Kuranin, kan\u00eb t\u00eb nj\u00ebjtin Profet, Profetin Muhammed. Si t\u00eb till\u00eb v\u00ebllez\u00ebr t\u00eb Islamit, dua t\u00eb theksoj i bazuar n\u00eb fakte dhe dokumente historike se jan\u00eb edhe misionar\u00ebt e par\u00eb t\u00eb p\u00ebrhapjes s\u00eb Islamit n\u00eb Ballkan. Sari Salltiku, misionari i par\u00eb bektashi, q\u00eb erdhi n\u00eb Rumelin\u00eb e koh\u00ebs, Kruj\u00eb, Shqip\u00ebri dhe vendet e tjera t\u00eb Ballkanit, p\u00ebrhapi 700 vjet m\u00eb par\u00eb k\u00ebt\u00eb besim t\u00eb paqes dhe dashuris\u00eb, pra Islamin. Por duke theksuar dhe nj\u00ebher\u00eb motivin dhe deviz\u00ebn k\u00ebtij projekti, t\u00eb g\u00ebrshetimit t\u00eb historis\u00eb s\u00eb vendeve, t\u00eb faltoreve ku realizohen dhe zhvillohen bisedat e k\u00ebtij projekti, na udh\u00ebhoqi mendimi q\u00eb patjet\u00ebr pjes\u00eb e r\u00ebnd\u00ebsishme e k\u00ebtij projekti t\u00eb ishin dhe bisedat e besimtar\u00ebve mysliman\u00eb, bektashian q\u00eb shtrihen n\u00eb 31 vende t\u00eb bot\u00ebs si n\u00eb Shqip\u00ebri, Kosov\u00eb, Maqedoni, Bosnje-Hercegovin\u00eb, Mal t\u00eb Zi, Greqi, Bullgari, Rumani, Hungari, Turqi, Egjipt, Iran, Afganistan, Ukrain\u00eb, Amerik\u00eb, Australi, etj. simbolizuar me faltoren e tyre m\u00eb t\u00eb re q\u00eb po nd\u00ebrtohet n\u00eb Tiran\u00eb, personifikimi i historis\u00eb s\u00eb k\u00ebtij tarikati t\u00eb njer\u00ebzve t\u00eb tij, bektashinjve t\u00eb m\u00ebdhenj, v\u00ebllez\u00ebrit Frash\u00ebri, Abdyli, Samiu, Naimi q\u00eb shkruajt\u00ebn histori t\u00eb lavdishme t\u00eb kombit, themeluan Lidhjen Shqiptare t\u00eb Prizrenit. T\u00eb ishin pjes\u00eb e r\u00ebnd\u00ebsishme e k\u00ebtij programi dhe nj\u00eb konturim i bukur i tij. Kryegjyshi Bot\u00ebror, Hir\u00ebsia e Tij Baba Edmond Brahimaj, harmonizoi bukur deviz\u00ebn e k\u00ebtij tarikati \u201cPa atdhe, nuk ka fe\u201d q\u00eb bektashinjt\u00eb e mish\u00ebrojn\u00eb m\u00eb shum\u00eb se kushdo. Duke pasur k\u00ebt\u00eb deviz\u00eb n\u00eb fillim t\u00eb \u00e7do veprimtarie ekzekutohet himni komb\u00ebtar dhe m\u00eb pas ai fetar. P\u00ebrjetimi i besimtar\u00ebve mysliman\u00eb bektashian\u00eb n\u00eb k\u00ebto dit\u00eb n\u00eb t\u00eb gjitha faltoret e tyre, n\u00eb teqet\u00eb, tyrbe e mekame \u00ebsht\u00eb mjaft i pranish\u00ebm dhe k\u00ebto dit\u00eb t\u00eb muajit t\u00eb Ramazanit, adhurimi ndaj Krijuesit t\u00eb gjith\u00ebsis\u00eb po manifestohet si nj\u00eb dashuri e p\u00ebrhershme ndaj Zotit, ku ata k\u00ebrkojn\u00eb t\u00eb fitojn\u00eb n\u00eb k\u00ebto dit\u00eb gjithnj\u00eb e m\u00eb shum\u00eb m\u00ebshir\u00ebn dhe mbrojtjen e tij.<br \/>\nTani q\u00eb kan\u00eb p\u00ebrfunduar xhirimet n\u00eb t\u00eb gjith\u00eb Ballkanin, si u prit ekipi juaj i xhirimit?<br \/>\nMe xhirimin n\u00eb kryeqytetin e Shqip\u00ebris\u00eb, t\u00eb shtun\u00ebn q\u00eb kaloi u mbyll cikli i 31 bisedave t\u00eb muajit Ramazan. Doja t\u00eb thosha q\u00eb \u00ebsht\u00eb nj\u00eb projekt i xhiruar n\u00eb mjedise historike, i harmonizuar me skenografin\u00eb e qytetit dhe t\u00eb faltores s\u00eb konturuar. T\u00eb gjitha bashk\u00ebsit\u00eb islame t\u00eb Ballkanit rezervuan p\u00ebr ekipin e xhirimit t\u00eb Radio Televizionit, nj\u00eb pritje si\u00e7 e ka zakoni i shqiptar\u00ebve, por m\u00eb mbres\u00ebl\u00ebn\u00ebs na ka l\u00ebn\u00eb pritja q\u00eb na u b\u00eb n\u00eb Maqedoni.<br \/>\nJu di moderator, a ndjeheni i k\u00ebnaqur me realizimin?<br \/>\nEkipi realizues me regjisorin e talentuar Armelin Llanaj, mjeshtrin e z\u00ebrit Arben Me\u00e7e, ndri\u00e7imi Sokol K\u00ebndella e kameraman\u00ebt kan\u00eb b\u00ebr\u00eb nj\u00eb pun\u00eb t\u00eb palodhur, pasi filmimet ishin n\u00eb terren q\u00eb instalimet e aparaturave paraqesin v\u00ebshtir\u00ebsi. Por ajo q\u00eb duhet th\u00ebn\u00eb \u00ebsht\u00eb se, kjo iniciativ\u00eb dhe mb\u00ebshtetje e Kryegjyshit b\u00ebri t\u00eb mundur realizmin e k\u00ebtij projekti t\u00eb madh. Baba Mondi mblodhi n\u00eb iftar t\u00eb gjith\u00eb Ballkanin, lider\u00eb shpirt\u00ebror\u00eb, bashk\u00ebsit\u00eb islame t\u00eb Kosov\u00ebs, t\u00eb Maqedonis\u00eb, t\u00eb Malit t\u00eb Zi, t\u00eb Shqip\u00ebris\u00eb.<br \/>\nKu po e sheh drit\u00ebn e transmetimit projekti juaj \u201cG\u00ebzuar Kombi Yn\u00eb Muajin e Bekuar t\u00eb Ramazanit\u201d?<br \/>\nN\u00eb radh\u00eb t\u00eb par\u00eb, dua t\u00eb fal\u00ebnderoj t\u00eb gjitha ekranet e televizioneve q\u00eb po e b\u00ebjn\u00eb t\u00eb mundur p\u00ebrcjelljen e tij n\u00eb t\u00eb gjitha vendet ku jetojn\u00eb dhe banojn\u00eb besimtar\u00ebt mysliman\u00eb, bektashian\u00eb n\u00eb t\u00eb gjith\u00eb bot\u00ebn. N\u00eb val\u00ebt satelitore t\u00eb Radio Televizionit Publik Shqiptar, n\u00eb val\u00ebt satelitore dhe tok\u00ebsore t\u00eb Radio Televizionit Publik t\u00eb Kosov\u00ebs, n\u00eb RTK 1, n\u00eb televizionet rajonale t\u00eb Kosov\u00ebs si TV \u201cBesa\u201d, t\u00eb Maqedonis\u00eb si TV \u201cKoha\u201d, n\u00eb Shqip\u00ebri n\u00eb TV \u201cShijak\u201d dhe platform\u00ebn e tij \u201cAlfa Digital\u201d, TV \u201cApollon\u201d Fier, TV \u201cFocus\u201d Vlor\u00eb, TV \u201cReal\u201d Vlor\u00eb, TV \u201cJon\u201d Sarand\u00eb, TV Gjirokast\u00ebr, TV Kanali 7 Lushnje, TV \u201cTepelena\u201d, TV \u201cMat\u201d, TV \u201cOne Channel\u201d Shkod\u00ebr dhe mjaft televizione t\u00eb tjera kabllore. Thuajse e gjith\u00eb Shqip\u00ebria e p\u00ebrcjell k\u00ebt\u00eb projekt.<br \/>\nFol\u00ebm p\u00ebr k\u00ebt\u00eb projekt t\u00eb madh, megjithat\u00eb si ju lindi d\u00ebshira ju p\u00ebr t\u2019u marr\u00eb me besimet fetare, pasi ishit nd\u00ebr gazetar\u00ebt e ekranit t\u00eb problemeve t\u00eb politik\u00ebs, kultur\u00ebs, etj.?<br \/>\nDuke par\u00eb nga af\u00ebr zhvillimet demokratike q\u00eb kishin filluar n\u00eb Rusi, Gllasnosti, Perestrojka dhe po vinin val\u00eb-val\u00eb drejt Ballkanit me ngjarjet e Rumanis\u00eb, duke ndjer\u00eb me dhimbje p\u00ebr shum\u00eb koh\u00eb shtypjen e eg\u00ebr, e cila kishte ndaluar dhe privuar shum\u00eb gj\u00ebra t\u00eb shenjta t\u00eb njeriut si lirin\u00eb e fjal\u00ebs, t\u00eb tubimit, t\u00eb shprehjes, t\u00eb besimit. Duke par\u00eb se tek njer\u00ebzit dashuria p\u00ebr Zotin ishte e zjarrt\u00eb n\u00eb zemrat e tyre, iniciova me nj\u00eb grup njer\u00ebzish t\u00eb asaj kohe, personalitete dhe deputet\u00eb, t\u00eb m\u00eb p\u00ebrkrahnin p\u00ebr t\u00eb b\u00ebr\u00eb t\u00eb mundur q\u00eb edhe n\u00eb Radio Televizionin Shqiptar kishte ardhur koha t\u00eb hapej n\u00eb ekranin e tij drita e besimit, kishte ardhur koha t\u00eb ndizej nj\u00eb llampadar q\u00eb t\u00eb ndri\u00e7ohej zemra e atyre, q\u00eb t\u00eb lindtte tek ata dashuria p\u00ebr Zotin. Mes shum\u00eb v\u00ebshtir\u00ebsis\u00eb, pik\u00ebpamjesh, ndeshjesh, paragjykimesh, p\u00ebrplasjesh u b\u00eb e mundur m\u00eb n\u00eb fund q\u00eb t\u00eb fillonte ky emision. Q\u00eb at\u00ebher\u00eb mori rrug\u00eb dhe n\u00eb ekran u hap rubrika q\u00eb mbijetoi dhe p\u00ebr\u00e7oi tek t\u00eb gjith\u00eb n\u00eb radh\u00eb t\u00eb par\u00eb dashurin\u00eb ndaj Zotit, q\u00eb edhe ne shqiptar\u00ebt t\u00eb v\u00ebshtronim tashm\u00eb lart\u00eb drejt qiellit, drejt Per\u00ebndis\u00eb, q\u00eb kishim aq shum\u00eb nevoj\u00eb m\u00eb shum\u00eb se kushdo, pasi ishim mb\u00ebshtjell\u00eb nga nj\u00eb jet\u00eb e ftoht\u00eb, e zymt\u00eb dhe e mpir\u00eb. Rubrika e cila p\u00ebr koh\u00ebn b\u00ebri buj\u00eb t\u00eb madhe dhe ndiqej me interes t\u00eb jasht\u00ebzakonsh\u00ebm, arriti numrin rekord t\u00eb programeve. Rubrika p\u00ebr\u00e7oi me dashuri t\u00eb ve\u00e7ant\u00eb dhe patos, virtyte, lapidar\u00eb t\u00eb kombit ton\u00eb, bashkekzistenc\u00ebn, toleranc\u00ebn dhe harmonin\u00eb fetare, gj\u00eb q\u00eb ekrani e konsolidoi e p\u00ebrvijoi m\u00eb mir\u00eb dhe i \u00e7oi m\u00eb tej vlerat e tyre, si nj\u00eb rast unikal, si\u00e7 e cil\u00ebsoi dhe Papa Gjon Pali i II n\u00eb vizit\u00ebn e tij historike m\u00eb 25.04.1993.<br \/>\nJu transmetuat ceremonit\u00eb e Krishtlindjeve katolike dhe ortodokse; m\u00eb pas ceremonin\u00eb e shenj-t\u00ebrimit t\u00eb katedrales \u201cNgjallja e Krishtit\u201d dhe filluat pun\u00ebn p\u00ebr projektin \u201cG\u00ebzuar Kombi Yn\u00eb Muajin e Bekuar t\u00eb Ramazanit\u201d. Si e p\u00ebr-balloni gjith\u00eb k\u00ebt\u00eb ngarkes\u00eb?<br \/>\nKur punon p\u00ebr nj\u00eb gj\u00eb t\u00eb bukur, kur punon p\u00ebr nj\u00eb gj\u00eb q\u00eb simbolizon dashurin\u00eb, nuk e ndjen veten t\u00eb lodhur, aq m\u00eb tep\u00ebr kur k\u00ebto ceremoni t\u00eb m\u00ebdha q\u00eb un\u00eb i prezantoj dhe i komentoj ndiqen nga qindra dhe mij\u00ebra njer\u00ebz, kjo m\u00eb heq lodhjen dhe m\u00eb shton k\u00ebnaq\u00ebsi.<\/p>\n<p><strong>(er.nu\/Gazeta Shqiptare\/BalkanWeb)<\/strong><\/p>\n","protected":false},"excerpt":{"rendered":"<p>G\u00ebzuar kombi yn\u00eb muajin e bekuar Ramazan!\u201d titullohet cikli prej 31 bisedash me udh\u00ebheq\u00ebsit shpir-t\u00ebror\u00eb t\u00eb fes\u00eb islame n\u00eb Ballkan. Gazetari i mir\u00ebnjohur, fitues i \u201cAnten\u00ebs s\u00eb Art\u00eb\u201d, Ferdinand Samarxhi ka intervistuar lider\u00ebt e besimit islam n\u00eb Ballkan duke p\u00ebrfshir\u00eb qytetet: e Kosov\u00ebs si edhe Shkupin, Tetov\u00ebn, Ulqinin dhe Tiran\u00ebn. Klerik\u00ebt kan\u00eb folur p\u00ebr muajin [&hellip;]<\/p>\n","protected":false},"author":1,"featured_media":0,"comment_status":"closed","ping_status":"closed","sticky":false,"template":"","format":"standard","meta":{"spay_email":"","jetpack_publicize_message":"","jetpack_is_tweetstorm":false,"jetpack_publicize_feature_enabled":true},"categories":[13],"tags":[],"jetpack_publicize_connections":[],"yoast_head":"<!-- This site is optimized with the Yoast SEO plugin v19.1 - https:\/\/yoast.com\/wordpress\/plugins\/seo\/ -->\n<title>Ferdinand Samarxhi bashkon t\u00eb gjith\u00eb Ballkanin vizionar islam n\u00eb Ulqin - Lajme nga Ulqini<\/title>\n<meta name=\"description\" content=\"G\u00ebzuar kombi yn\u00eb muajin e bekuar Ramazan!\u201d titullohet cikli prej 31 bisedash me udh\u00ebheq\u00ebsit shpir-t\u00ebror\u00eb t\u00eb fes\u00eb islame n\u00eb Ballkan. Gazetari i mir\u00ebnjohur,\" \/>\n<meta name=\"robots\" content=\"index, follow, max-snippet:-1, max-image-preview:large, max-video-preview:-1\" \/>\n<link rel=\"canonical\" href=\"https:\/\/www.visit-ulcinj.com\/blog\/2015\/06\/19\/ferdinand-samarxhi-bashkon-te-gjithe-ballkanin-vizionar-islam-ne-ulqin\/\" \/>\n<meta property=\"og:locale\" content=\"en_US\" \/>\n<meta property=\"og:type\" content=\"article\" \/>\n<meta property=\"og:title\" content=\"Ferdinand Samarxhi bashkon t\u00eb gjith\u00eb Ballkanin vizionar islam n\u00eb Ulqin - Lajme nga Ulqini\" \/>\n<meta property=\"og:description\" content=\"G\u00ebzuar kombi yn\u00eb muajin e bekuar Ramazan!\u201d titullohet cikli prej 31 bisedash me udh\u00ebheq\u00ebsit shpir-t\u00ebror\u00eb t\u00eb fes\u00eb islame n\u00eb Ballkan. Gazetari i mir\u00ebnjohur,\" \/>\n<meta property=\"og:url\" content=\"https:\/\/www.visit-ulcinj.com\/blog\/2015\/06\/19\/ferdinand-samarxhi-bashkon-te-gjithe-ballkanin-vizionar-islam-ne-ulqin\/\" \/>\n<meta property=\"og:site_name\" content=\"Lajme nga Ulqini\" \/>\n<meta property=\"article:published_time\" content=\"2015-06-19T15:51:39+00:00\" \/>\n<meta property=\"article:modified_time\" content=\"2015-07-08T18:30:10+00:00\" \/>\n<meta property=\"og:image\" content=\"http:\/\/www.visit-ulcinj.com\/blog\/wp-content\/uploads\/2015\/06\/Ferdinand-Samarxhi-Ali-Bardhi-Ulqin.jpg\" \/>\n<meta name=\"twitter:label1\" content=\"Written by\" \/>\n\t<meta name=\"twitter:data1\" content=\"ulqini\" \/>\n\t<meta name=\"twitter:label2\" content=\"Est. reading time\" \/>\n\t<meta name=\"twitter:data2\" content=\"16 minutes\" \/>\n<script type=\"application\/ld+json\" class=\"yoast-schema-graph\">{\"@context\":\"https:\/\/schema.org\",\"@graph\":[{\"@type\":\"WebSite\",\"@id\":\"https:\/\/www.visit-ulcinj.com\/blog\/#website\",\"url\":\"https:\/\/www.visit-ulcinj.com\/blog\/\",\"name\":\"Lajme nga Ulqini\",\"description\":\"Lajme,Vijesti,Ulqini,Ulqin,Crna Gora,Mali i Zi\",\"potentialAction\":[{\"@type\":\"SearchAction\",\"target\":{\"@type\":\"EntryPoint\",\"urlTemplate\":\"https:\/\/www.visit-ulcinj.com\/blog\/?s={search_term_string}\"},\"query-input\":\"required name=search_term_string\"}],\"inLanguage\":\"en-US\"},{\"@type\":\"ImageObject\",\"inLanguage\":\"en-US\",\"@id\":\"https:\/\/www.visit-ulcinj.com\/blog\/2015\/06\/19\/ferdinand-samarxhi-bashkon-te-gjithe-ballkanin-vizionar-islam-ne-ulqin\/#primaryimage\",\"url\":\"https:\/\/www.visit-ulcinj.com\/blog\/wp-content\/uploads\/2015\/06\/Ferdinand-Samarxhi-Ali-Bardhi-Ulqin.jpg\",\"contentUrl\":\"https:\/\/www.visit-ulcinj.com\/blog\/wp-content\/uploads\/2015\/06\/Ferdinand-Samarxhi-Ali-Bardhi-Ulqin.jpg\",\"width\":488,\"height\":270},{\"@type\":\"WebPage\",\"@id\":\"https:\/\/www.visit-ulcinj.com\/blog\/2015\/06\/19\/ferdinand-samarxhi-bashkon-te-gjithe-ballkanin-vizionar-islam-ne-ulqin\/#webpage\",\"url\":\"https:\/\/www.visit-ulcinj.com\/blog\/2015\/06\/19\/ferdinand-samarxhi-bashkon-te-gjithe-ballkanin-vizionar-islam-ne-ulqin\/\",\"name\":\"Ferdinand Samarxhi bashkon t\u00eb gjith\u00eb Ballkanin vizionar islam n\u00eb Ulqin - Lajme nga Ulqini\",\"isPartOf\":{\"@id\":\"https:\/\/www.visit-ulcinj.com\/blog\/#website\"},\"primaryImageOfPage\":{\"@id\":\"https:\/\/www.visit-ulcinj.com\/blog\/2015\/06\/19\/ferdinand-samarxhi-bashkon-te-gjithe-ballkanin-vizionar-islam-ne-ulqin\/#primaryimage\"},\"datePublished\":\"2015-06-19T15:51:39+00:00\",\"dateModified\":\"2015-07-08T18:30:10+00:00\",\"author\":{\"@id\":\"https:\/\/www.visit-ulcinj.com\/blog\/#\/schema\/person\/dcab619c614d3038751c63bc2aadc06d\"},\"description\":\"G\u00ebzuar kombi yn\u00eb muajin e bekuar Ramazan!\u201d titullohet cikli prej 31 bisedash me udh\u00ebheq\u00ebsit shpir-t\u00ebror\u00eb t\u00eb fes\u00eb islame n\u00eb Ballkan. Gazetari i mir\u00ebnjohur,\",\"breadcrumb\":{\"@id\":\"https:\/\/www.visit-ulcinj.com\/blog\/2015\/06\/19\/ferdinand-samarxhi-bashkon-te-gjithe-ballkanin-vizionar-islam-ne-ulqin\/#breadcrumb\"},\"inLanguage\":\"en-US\",\"potentialAction\":[{\"@type\":\"ReadAction\",\"target\":[\"https:\/\/www.visit-ulcinj.com\/blog\/2015\/06\/19\/ferdinand-samarxhi-bashkon-te-gjithe-ballkanin-vizionar-islam-ne-ulqin\/\"]}]},{\"@type\":\"BreadcrumbList\",\"@id\":\"https:\/\/www.visit-ulcinj.com\/blog\/2015\/06\/19\/ferdinand-samarxhi-bashkon-te-gjithe-ballkanin-vizionar-islam-ne-ulqin\/#breadcrumb\",\"itemListElement\":[{\"@type\":\"ListItem\",\"position\":1,\"name\":\"Ferdinand Samarxhi bashkon t\u00eb gjith\u00eb Ballkanin vizionar islam n\u00eb Ulqin\"}]},{\"@type\":\"Person\",\"@id\":\"https:\/\/www.visit-ulcinj.com\/blog\/#\/schema\/person\/dcab619c614d3038751c63bc2aadc06d\",\"name\":\"ulqini\",\"sameAs\":[\"http:\/\/www.visit-ulcinj.com\"],\"url\":\"https:\/\/www.visit-ulcinj.com\/blog\/author\/admin\/\"}]}<\/script>\n<!-- \/ Yoast SEO plugin. -->","yoast_head_json":{"title":"Ferdinand Samarxhi bashkon t\u00eb gjith\u00eb Ballkanin vizionar islam n\u00eb Ulqin - Lajme nga Ulqini","description":"G\u00ebzuar kombi yn\u00eb muajin e bekuar Ramazan!\u201d titullohet cikli prej 31 bisedash me udh\u00ebheq\u00ebsit shpir-t\u00ebror\u00eb t\u00eb fes\u00eb islame n\u00eb Ballkan. Gazetari i mir\u00ebnjohur,","robots":{"index":"index","follow":"follow","max-snippet":"max-snippet:-1","max-image-preview":"max-image-preview:large","max-video-preview":"max-video-preview:-1"},"canonical":"https:\/\/www.visit-ulcinj.com\/blog\/2015\/06\/19\/ferdinand-samarxhi-bashkon-te-gjithe-ballkanin-vizionar-islam-ne-ulqin\/","og_locale":"en_US","og_type":"article","og_title":"Ferdinand Samarxhi bashkon t\u00eb gjith\u00eb Ballkanin vizionar islam n\u00eb Ulqin - Lajme nga Ulqini","og_description":"G\u00ebzuar kombi yn\u00eb muajin e bekuar Ramazan!\u201d titullohet cikli prej 31 bisedash me udh\u00ebheq\u00ebsit shpir-t\u00ebror\u00eb t\u00eb fes\u00eb islame n\u00eb Ballkan. Gazetari i mir\u00ebnjohur,","og_url":"https:\/\/www.visit-ulcinj.com\/blog\/2015\/06\/19\/ferdinand-samarxhi-bashkon-te-gjithe-ballkanin-vizionar-islam-ne-ulqin\/","og_site_name":"Lajme nga Ulqini","article_published_time":"2015-06-19T15:51:39+00:00","article_modified_time":"2015-07-08T18:30:10+00:00","og_image":[{"url":"http:\/\/www.visit-ulcinj.com\/blog\/wp-content\/uploads\/2015\/06\/Ferdinand-Samarxhi-Ali-Bardhi-Ulqin.jpg"}],"twitter_misc":{"Written by":"ulqini","Est. reading time":"16 minutes"},"schema":{"@context":"https:\/\/schema.org","@graph":[{"@type":"WebSite","@id":"https:\/\/www.visit-ulcinj.com\/blog\/#website","url":"https:\/\/www.visit-ulcinj.com\/blog\/","name":"Lajme nga Ulqini","description":"Lajme,Vijesti,Ulqini,Ulqin,Crna Gora,Mali i Zi","potentialAction":[{"@type":"SearchAction","target":{"@type":"EntryPoint","urlTemplate":"https:\/\/www.visit-ulcinj.com\/blog\/?s={search_term_string}"},"query-input":"required name=search_term_string"}],"inLanguage":"en-US"},{"@type":"ImageObject","inLanguage":"en-US","@id":"https:\/\/www.visit-ulcinj.com\/blog\/2015\/06\/19\/ferdinand-samarxhi-bashkon-te-gjithe-ballkanin-vizionar-islam-ne-ulqin\/#primaryimage","url":"https:\/\/www.visit-ulcinj.com\/blog\/wp-content\/uploads\/2015\/06\/Ferdinand-Samarxhi-Ali-Bardhi-Ulqin.jpg","contentUrl":"https:\/\/www.visit-ulcinj.com\/blog\/wp-content\/uploads\/2015\/06\/Ferdinand-Samarxhi-Ali-Bardhi-Ulqin.jpg","width":488,"height":270},{"@type":"WebPage","@id":"https:\/\/www.visit-ulcinj.com\/blog\/2015\/06\/19\/ferdinand-samarxhi-bashkon-te-gjithe-ballkanin-vizionar-islam-ne-ulqin\/#webpage","url":"https:\/\/www.visit-ulcinj.com\/blog\/2015\/06\/19\/ferdinand-samarxhi-bashkon-te-gjithe-ballkanin-vizionar-islam-ne-ulqin\/","name":"Ferdinand Samarxhi bashkon t\u00eb gjith\u00eb Ballkanin vizionar islam n\u00eb Ulqin - Lajme nga Ulqini","isPartOf":{"@id":"https:\/\/www.visit-ulcinj.com\/blog\/#website"},"primaryImageOfPage":{"@id":"https:\/\/www.visit-ulcinj.com\/blog\/2015\/06\/19\/ferdinand-samarxhi-bashkon-te-gjithe-ballkanin-vizionar-islam-ne-ulqin\/#primaryimage"},"datePublished":"2015-06-19T15:51:39+00:00","dateModified":"2015-07-08T18:30:10+00:00","author":{"@id":"https:\/\/www.visit-ulcinj.com\/blog\/#\/schema\/person\/dcab619c614d3038751c63bc2aadc06d"},"description":"G\u00ebzuar kombi yn\u00eb muajin e bekuar Ramazan!\u201d titullohet cikli prej 31 bisedash me udh\u00ebheq\u00ebsit shpir-t\u00ebror\u00eb t\u00eb fes\u00eb islame n\u00eb Ballkan. Gazetari i mir\u00ebnjohur,","breadcrumb":{"@id":"https:\/\/www.visit-ulcinj.com\/blog\/2015\/06\/19\/ferdinand-samarxhi-bashkon-te-gjithe-ballkanin-vizionar-islam-ne-ulqin\/#breadcrumb"},"inLanguage":"en-US","potentialAction":[{"@type":"ReadAction","target":["https:\/\/www.visit-ulcinj.com\/blog\/2015\/06\/19\/ferdinand-samarxhi-bashkon-te-gjithe-ballkanin-vizionar-islam-ne-ulqin\/"]}]},{"@type":"BreadcrumbList","@id":"https:\/\/www.visit-ulcinj.com\/blog\/2015\/06\/19\/ferdinand-samarxhi-bashkon-te-gjithe-ballkanin-vizionar-islam-ne-ulqin\/#breadcrumb","itemListElement":[{"@type":"ListItem","position":1,"name":"Ferdinand Samarxhi bashkon t\u00eb gjith\u00eb Ballkanin vizionar islam n\u00eb Ulqin"}]},{"@type":"Person","@id":"https:\/\/www.visit-ulcinj.com\/blog\/#\/schema\/person\/dcab619c614d3038751c63bc2aadc06d","name":"ulqini","sameAs":["http:\/\/www.visit-ulcinj.com"],"url":"https:\/\/www.visit-ulcinj.com\/blog\/author\/admin\/"}]}},"jetpack_featured_media_url":"","jetpack_sharing_enabled":true,"jetpack_shortlink":"https:\/\/wp.me\/pe6lTn-nHq","_links":{"self":[{"href":"https:\/\/www.visit-ulcinj.com\/blog\/wp-json\/wp\/v2\/posts\/91104"}],"collection":[{"href":"https:\/\/www.visit-ulcinj.com\/blog\/wp-json\/wp\/v2\/posts"}],"about":[{"href":"https:\/\/www.visit-ulcinj.com\/blog\/wp-json\/wp\/v2\/types\/post"}],"author":[{"embeddable":true,"href":"https:\/\/www.visit-ulcinj.com\/blog\/wp-json\/wp\/v2\/users\/1"}],"replies":[{"embeddable":true,"href":"https:\/\/www.visit-ulcinj.com\/blog\/wp-json\/wp\/v2\/comments?post=91104"}],"version-history":[{"count":1,"href":"https:\/\/www.visit-ulcinj.com\/blog\/wp-json\/wp\/v2\/posts\/91104\/revisions"}],"predecessor-version":[{"id":91106,"href":"https:\/\/www.visit-ulcinj.com\/blog\/wp-json\/wp\/v2\/posts\/91104\/revisions\/91106"}],"wp:attachment":[{"href":"https:\/\/www.visit-ulcinj.com\/blog\/wp-json\/wp\/v2\/media?parent=91104"}],"wp:term":[{"taxonomy":"category","embeddable":true,"href":"https:\/\/www.visit-ulcinj.com\/blog\/wp-json\/wp\/v2\/categories?post=91104"},{"taxonomy":"post_tag","embeddable":true,"href":"https:\/\/www.visit-ulcinj.com\/blog\/wp-json\/wp\/v2\/tags?post=91104"}],"curies":[{"name":"wp","href":"https:\/\/api.w.org\/{rel}","templated":true}]}}