{"id":91107,"date":"2015-06-19T17:31:10","date_gmt":"2015-06-19T16:31:10","guid":{"rendered":"http:\/\/www.visit-ulcinj.com\/blog\/?p=91107"},"modified":"2015-06-19T17:31:10","modified_gmt":"2015-06-19T16:31:10","slug":"turistet-e-budves-te-shokuar-ja-pse","status":"publish","type":"post","link":"https:\/\/www.visit-ulcinj.com\/blog\/2015\/06\/19\/turistet-e-budves-te-shokuar-ja-pse\/","title":{"rendered":"Turist\u00ebt e Budv\u00ebs t\u00eb shokuar, ja pse !"},"content":{"rendered":"<p><a href=\"http:\/\/www.visit-ulcinj.com\/blog\/wp-content\/uploads\/2015\/06\/sv-stefan.jpg\"><img loading=\"lazy\" class=\"alignleft wp-image-91108\" src=\"http:\/\/www.visit-ulcinj.com\/blog\/wp-content\/uploads\/2015\/06\/sv-stefan.jpg\" alt=\"sv-stefan\" width=\"508\" height=\"381\" srcset=\"https:\/\/www.visit-ulcinj.com\/blog\/wp-content\/uploads\/2015\/06\/sv-stefan.jpg 960w, https:\/\/www.visit-ulcinj.com\/blog\/wp-content\/uploads\/2015\/06\/sv-stefan-300x225.jpg 300w\" sizes=\"(max-width: 508px) 100vw, 508px\" \/><\/a>Bregdeti i Malit t\u00eb Zi \u00ebsht\u00eb i njohur dhe shum\u00eb i frekuentuar, madje edhe nga turist\u00ebt e shumt\u00eb VIP nga mbar\u00eb bota. N\u00eb k\u00ebt\u00eb rast \u00ebsht\u00eb fjala p\u00ebr qytetin e shum\u00ebfolur, Budva, ku sipas shum\u00eb turist\u00ebve, \u00e7mimet jan\u00eb dyfishuar ekstremisht.<\/p>\n<p>Duke marr\u00eb parasysh q\u00eb plazhet m\u00eb t\u00eb lira tash p\u00ebr tash jan\u00eb plazha sllovene dhe Jazzu, ku \u00e7adra me dy ul\u00ebse paguhet 10 euro, n\u00eb plazhin \u201cMilo\u00e7er \u00e7mimi \u00ebsht\u00eb 7 fish m\u00eb i madh (75 euro) dhe poashtu mbishkrimi q\u00eb marrja e nj\u00eb seti ditor\u00eb \u00ebsht\u00eb i domosdosh\u00ebm.<\/p>\n<p>Ajo \u00e7ka ka shokuar turist\u00ebt \u00ebsht\u00eb plazhi \u201cDukljanski Vrtovi\u201d ku \u00e7mimi p\u00ebr nj\u00eb \u00e7ad\u00ebr me dy ul\u00ebse dhe nj\u00eb ibrik lemonad\u00eb paguhen 100 euro, nd\u00ebrsa vitin e kaluar ky \u00e7mim ishte p\u00ebrgjysm\u00eb.<\/p>\n<p>Mir\u00ebpo pavar\u00ebsisht \u00e7mimeve t\u00eb shtrenjta n\u00eb k\u00ebt\u00eb qytet, qytetet tjera bregdetare si Ulqini, Sutomore, Tivari i ruajn\u00eb \u00e7mimet e m\u00ebparshme, duke ruajtur k\u00ebshtu edhe klient\u00ebt.\/Gazeta KNN &#8211;<\/p>\n","protected":false},"excerpt":{"rendered":"<p>Bregdeti i Malit t\u00eb Zi \u00ebsht\u00eb i njohur dhe shum\u00eb i frekuentuar, madje edhe nga turist\u00ebt e shumt\u00eb VIP nga mbar\u00eb bota. N\u00eb k\u00ebt\u00eb rast \u00ebsht\u00eb fjala p\u00ebr qytetin e shum\u00ebfolur, Budva, ku sipas shum\u00eb turist\u00ebve, \u00e7mimet jan\u00eb dyfishuar ekstremisht. Duke marr\u00eb parasysh q\u00eb plazhet m\u00eb t\u00eb lira tash p\u00ebr tash jan\u00eb plazha sllovene dhe [&hellip;]<\/p>\n","protected":false},"author":1,"featured_media":0,"comment_status":"closed","ping_status":"closed","sticky":false,"template":"","format":"standard","meta":{"spay_email":"","jetpack_publicize_message":"","jetpack_is_tweetstorm":false,"jetpack_publicize_feature_enabled":true},"categories":[10],"tags":[],"jetpack_publicize_connections":[],"yoast_head":"<!-- This site is optimized with the Yoast SEO plugin v19.1 - https:\/\/yoast.com\/wordpress\/plugins\/seo\/ -->\n<title>Turist\u00ebt e Budv\u00ebs t\u00eb shokuar, ja pse ! - Lajme nga Ulqini<\/title>\n<meta name=\"description\" content=\"Bregdeti i Malit t\u00eb Zi \u00ebsht\u00eb i njohur dhe shum\u00eb i frekuentuar, madje edhe nga turist\u00ebt e shumt\u00eb VIP nga mbar\u00eb bota. N\u00eb k\u00ebt\u00eb rast \u00ebsht\u00eb fjala p\u00ebr qytetin e\" \/>\n<meta name=\"robots\" content=\"index, follow, max-snippet:-1, max-image-preview:large, max-video-preview:-1\" \/>\n<link rel=\"canonical\" href=\"https:\/\/www.visit-ulcinj.com\/blog\/2015\/06\/19\/turistet-e-budves-te-shokuar-ja-pse\/\" \/>\n<meta property=\"og:locale\" content=\"en_US\" \/>\n<meta property=\"og:type\" content=\"article\" \/>\n<meta property=\"og:title\" content=\"Turist\u00ebt e Budv\u00ebs t\u00eb shokuar, ja pse ! - Lajme nga Ulqini\" \/>\n<meta property=\"og:description\" content=\"Bregdeti i Malit t\u00eb Zi \u00ebsht\u00eb i njohur dhe shum\u00eb i frekuentuar, madje edhe nga turist\u00ebt e shumt\u00eb VIP nga mbar\u00eb bota. N\u00eb k\u00ebt\u00eb rast \u00ebsht\u00eb fjala p\u00ebr qytetin e\" \/>\n<meta property=\"og:url\" content=\"https:\/\/www.visit-ulcinj.com\/blog\/2015\/06\/19\/turistet-e-budves-te-shokuar-ja-pse\/\" \/>\n<meta property=\"og:site_name\" content=\"Lajme nga Ulqini\" \/>\n<meta property=\"article:published_time\" content=\"2015-06-19T16:31:10+00:00\" \/>\n<meta property=\"og:image\" content=\"http:\/\/www.visit-ulcinj.com\/blog\/wp-content\/uploads\/2015\/06\/sv-stefan.jpg\" \/>\n<meta name=\"twitter:label1\" content=\"Written by\" \/>\n\t<meta name=\"twitter:data1\" content=\"ulqini\" \/>\n\t<meta name=\"twitter:label2\" content=\"Est. reading time\" \/>\n\t<meta name=\"twitter:data2\" content=\"1 minute\" \/>\n<script type=\"application\/ld+json\" class=\"yoast-schema-graph\">{\"@context\":\"https:\/\/schema.org\",\"@graph\":[{\"@type\":\"WebSite\",\"@id\":\"https:\/\/www.visit-ulcinj.com\/blog\/#website\",\"url\":\"https:\/\/www.visit-ulcinj.com\/blog\/\",\"name\":\"Lajme nga Ulqini\",\"description\":\"Lajme,Vijesti,Ulqini,Ulqin,Crna Gora,Mali i Zi\",\"potentialAction\":[{\"@type\":\"SearchAction\",\"target\":{\"@type\":\"EntryPoint\",\"urlTemplate\":\"https:\/\/www.visit-ulcinj.com\/blog\/?s={search_term_string}\"},\"query-input\":\"required name=search_term_string\"}],\"inLanguage\":\"en-US\"},{\"@type\":\"ImageObject\",\"inLanguage\":\"en-US\",\"@id\":\"https:\/\/www.visit-ulcinj.com\/blog\/2015\/06\/19\/turistet-e-budves-te-shokuar-ja-pse\/#primaryimage\",\"url\":\"https:\/\/www.visit-ulcinj.com\/blog\/wp-content\/uploads\/2015\/06\/sv-stefan.jpg\",\"contentUrl\":\"https:\/\/www.visit-ulcinj.com\/blog\/wp-content\/uploads\/2015\/06\/sv-stefan.jpg\",\"width\":960,\"height\":720},{\"@type\":\"WebPage\",\"@id\":\"https:\/\/www.visit-ulcinj.com\/blog\/2015\/06\/19\/turistet-e-budves-te-shokuar-ja-pse\/#webpage\",\"url\":\"https:\/\/www.visit-ulcinj.com\/blog\/2015\/06\/19\/turistet-e-budves-te-shokuar-ja-pse\/\",\"name\":\"Turist\u00ebt e Budv\u00ebs t\u00eb shokuar, ja pse ! - Lajme nga Ulqini\",\"isPartOf\":{\"@id\":\"https:\/\/www.visit-ulcinj.com\/blog\/#website\"},\"primaryImageOfPage\":{\"@id\":\"https:\/\/www.visit-ulcinj.com\/blog\/2015\/06\/19\/turistet-e-budves-te-shokuar-ja-pse\/#primaryimage\"},\"datePublished\":\"2015-06-19T16:31:10+00:00\",\"dateModified\":\"2015-06-19T16:31:10+00:00\",\"author\":{\"@id\":\"https:\/\/www.visit-ulcinj.com\/blog\/#\/schema\/person\/dcab619c614d3038751c63bc2aadc06d\"},\"description\":\"Bregdeti i Malit t\u00eb Zi \u00ebsht\u00eb i njohur dhe shum\u00eb i frekuentuar, madje edhe nga turist\u00ebt e shumt\u00eb VIP nga mbar\u00eb bota. N\u00eb k\u00ebt\u00eb rast \u00ebsht\u00eb fjala p\u00ebr qytetin e\",\"breadcrumb\":{\"@id\":\"https:\/\/www.visit-ulcinj.com\/blog\/2015\/06\/19\/turistet-e-budves-te-shokuar-ja-pse\/#breadcrumb\"},\"inLanguage\":\"en-US\",\"potentialAction\":[{\"@type\":\"ReadAction\",\"target\":[\"https:\/\/www.visit-ulcinj.com\/blog\/2015\/06\/19\/turistet-e-budves-te-shokuar-ja-pse\/\"]}]},{\"@type\":\"BreadcrumbList\",\"@id\":\"https:\/\/www.visit-ulcinj.com\/blog\/2015\/06\/19\/turistet-e-budves-te-shokuar-ja-pse\/#breadcrumb\",\"itemListElement\":[{\"@type\":\"ListItem\",\"position\":1,\"name\":\"Turist\u00ebt e Budv\u00ebs t\u00eb shokuar, ja pse !\"}]},{\"@type\":\"Person\",\"@id\":\"https:\/\/www.visit-ulcinj.com\/blog\/#\/schema\/person\/dcab619c614d3038751c63bc2aadc06d\",\"name\":\"ulqini\",\"sameAs\":[\"http:\/\/www.visit-ulcinj.com\"],\"url\":\"https:\/\/www.visit-ulcinj.com\/blog\/author\/admin\/\"}]}<\/script>\n<!-- \/ Yoast SEO plugin. -->","yoast_head_json":{"title":"Turist\u00ebt e Budv\u00ebs t\u00eb shokuar, ja pse ! - Lajme nga Ulqini","description":"Bregdeti i Malit t\u00eb Zi \u00ebsht\u00eb i njohur dhe shum\u00eb i frekuentuar, madje edhe nga turist\u00ebt e shumt\u00eb VIP nga mbar\u00eb bota. N\u00eb k\u00ebt\u00eb rast \u00ebsht\u00eb fjala p\u00ebr qytetin e","robots":{"index":"index","follow":"follow","max-snippet":"max-snippet:-1","max-image-preview":"max-image-preview:large","max-video-preview":"max-video-preview:-1"},"canonical":"https:\/\/www.visit-ulcinj.com\/blog\/2015\/06\/19\/turistet-e-budves-te-shokuar-ja-pse\/","og_locale":"en_US","og_type":"article","og_title":"Turist\u00ebt e Budv\u00ebs t\u00eb shokuar, ja pse ! - Lajme nga Ulqini","og_description":"Bregdeti i Malit t\u00eb Zi \u00ebsht\u00eb i njohur dhe shum\u00eb i frekuentuar, madje edhe nga turist\u00ebt e shumt\u00eb VIP nga mbar\u00eb bota. N\u00eb k\u00ebt\u00eb rast \u00ebsht\u00eb fjala p\u00ebr qytetin e","og_url":"https:\/\/www.visit-ulcinj.com\/blog\/2015\/06\/19\/turistet-e-budves-te-shokuar-ja-pse\/","og_site_name":"Lajme nga Ulqini","article_published_time":"2015-06-19T16:31:10+00:00","og_image":[{"url":"http:\/\/www.visit-ulcinj.com\/blog\/wp-content\/uploads\/2015\/06\/sv-stefan.jpg"}],"twitter_misc":{"Written by":"ulqini","Est. reading time":"1 minute"},"schema":{"@context":"https:\/\/schema.org","@graph":[{"@type":"WebSite","@id":"https:\/\/www.visit-ulcinj.com\/blog\/#website","url":"https:\/\/www.visit-ulcinj.com\/blog\/","name":"Lajme nga Ulqini","description":"Lajme,Vijesti,Ulqini,Ulqin,Crna Gora,Mali i Zi","potentialAction":[{"@type":"SearchAction","target":{"@type":"EntryPoint","urlTemplate":"https:\/\/www.visit-ulcinj.com\/blog\/?s={search_term_string}"},"query-input":"required name=search_term_string"}],"inLanguage":"en-US"},{"@type":"ImageObject","inLanguage":"en-US","@id":"https:\/\/www.visit-ulcinj.com\/blog\/2015\/06\/19\/turistet-e-budves-te-shokuar-ja-pse\/#primaryimage","url":"https:\/\/www.visit-ulcinj.com\/blog\/wp-content\/uploads\/2015\/06\/sv-stefan.jpg","contentUrl":"https:\/\/www.visit-ulcinj.com\/blog\/wp-content\/uploads\/2015\/06\/sv-stefan.jpg","width":960,"height":720},{"@type":"WebPage","@id":"https:\/\/www.visit-ulcinj.com\/blog\/2015\/06\/19\/turistet-e-budves-te-shokuar-ja-pse\/#webpage","url":"https:\/\/www.visit-ulcinj.com\/blog\/2015\/06\/19\/turistet-e-budves-te-shokuar-ja-pse\/","name":"Turist\u00ebt e Budv\u00ebs t\u00eb shokuar, ja pse ! - Lajme nga Ulqini","isPartOf":{"@id":"https:\/\/www.visit-ulcinj.com\/blog\/#website"},"primaryImageOfPage":{"@id":"https:\/\/www.visit-ulcinj.com\/blog\/2015\/06\/19\/turistet-e-budves-te-shokuar-ja-pse\/#primaryimage"},"datePublished":"2015-06-19T16:31:10+00:00","dateModified":"2015-06-19T16:31:10+00:00","author":{"@id":"https:\/\/www.visit-ulcinj.com\/blog\/#\/schema\/person\/dcab619c614d3038751c63bc2aadc06d"},"description":"Bregdeti i Malit t\u00eb Zi \u00ebsht\u00eb i njohur dhe shum\u00eb i frekuentuar, madje edhe nga turist\u00ebt e shumt\u00eb VIP nga mbar\u00eb bota. N\u00eb k\u00ebt\u00eb rast \u00ebsht\u00eb fjala p\u00ebr qytetin e","breadcrumb":{"@id":"https:\/\/www.visit-ulcinj.com\/blog\/2015\/06\/19\/turistet-e-budves-te-shokuar-ja-pse\/#breadcrumb"},"inLanguage":"en-US","potentialAction":[{"@type":"ReadAction","target":["https:\/\/www.visit-ulcinj.com\/blog\/2015\/06\/19\/turistet-e-budves-te-shokuar-ja-pse\/"]}]},{"@type":"BreadcrumbList","@id":"https:\/\/www.visit-ulcinj.com\/blog\/2015\/06\/19\/turistet-e-budves-te-shokuar-ja-pse\/#breadcrumb","itemListElement":[{"@type":"ListItem","position":1,"name":"Turist\u00ebt e Budv\u00ebs t\u00eb shokuar, ja pse !"}]},{"@type":"Person","@id":"https:\/\/www.visit-ulcinj.com\/blog\/#\/schema\/person\/dcab619c614d3038751c63bc2aadc06d","name":"ulqini","sameAs":["http:\/\/www.visit-ulcinj.com"],"url":"https:\/\/www.visit-ulcinj.com\/blog\/author\/admin\/"}]}},"jetpack_featured_media_url":"","jetpack_sharing_enabled":true,"jetpack_shortlink":"https:\/\/wp.me\/pe6lTn-nHt","_links":{"self":[{"href":"https:\/\/www.visit-ulcinj.com\/blog\/wp-json\/wp\/v2\/posts\/91107"}],"collection":[{"href":"https:\/\/www.visit-ulcinj.com\/blog\/wp-json\/wp\/v2\/posts"}],"about":[{"href":"https:\/\/www.visit-ulcinj.com\/blog\/wp-json\/wp\/v2\/types\/post"}],"author":[{"embeddable":true,"href":"https:\/\/www.visit-ulcinj.com\/blog\/wp-json\/wp\/v2\/users\/1"}],"replies":[{"embeddable":true,"href":"https:\/\/www.visit-ulcinj.com\/blog\/wp-json\/wp\/v2\/comments?post=91107"}],"version-history":[{"count":1,"href":"https:\/\/www.visit-ulcinj.com\/blog\/wp-json\/wp\/v2\/posts\/91107\/revisions"}],"predecessor-version":[{"id":91109,"href":"https:\/\/www.visit-ulcinj.com\/blog\/wp-json\/wp\/v2\/posts\/91107\/revisions\/91109"}],"wp:attachment":[{"href":"https:\/\/www.visit-ulcinj.com\/blog\/wp-json\/wp\/v2\/media?parent=91107"}],"wp:term":[{"taxonomy":"category","embeddable":true,"href":"https:\/\/www.visit-ulcinj.com\/blog\/wp-json\/wp\/v2\/categories?post=91107"},{"taxonomy":"post_tag","embeddable":true,"href":"https:\/\/www.visit-ulcinj.com\/blog\/wp-json\/wp\/v2\/tags?post=91107"}],"curies":[{"name":"wp","href":"https:\/\/api.w.org\/{rel}","templated":true}]}}