{"id":91114,"date":"2015-06-20T06:58:26","date_gmt":"2015-06-20T05:58:26","guid":{"rendered":"http:\/\/www.visit-ulcinj.com\/blog\/?p=91114"},"modified":"2015-06-20T14:02:06","modified_gmt":"2015-06-20T13:02:06","slug":"gezim-ibroci-ti-zoteri-nuk-perfaqeson","status":"publish","type":"post","link":"https:\/\/www.visit-ulcinj.com\/blog\/2015\/06\/20\/gezim-ibroci-ti-zoteri-nuk-perfaqeson\/","title":{"rendered":"G\u00ebzim Ibro\u00e7i: Ti zot\u00ebri nuk m\u00eb p\u00ebrfaq\u00ebson! !!"},"content":{"rendered":"<div id=\"id_5584ffd126e212418996095\" class=\"text_exposed_root text_exposed\"><a href=\"http:\/\/www.visit-ulcinj.com\/blog\/wp-content\/uploads\/2015\/06\/Ti-zot\u00ebri-nuk-m\u00eb-p\u00ebrfaq\u00ebson-Ulqin-2015.jpg\"><img loading=\"lazy\" class=\"alignleft wp-image-91115\" src=\"http:\/\/www.visit-ulcinj.com\/blog\/wp-content\/uploads\/2015\/06\/Ti-zot\u00ebri-nuk-m\u00eb-p\u00ebrfaq\u00ebson-Ulqin-2015.jpg\" alt=\"Ti zot\u00ebri nuk m\u00eb p\u00ebrfaq\u00ebson! !!-Ulqin-2015\" width=\"508\" height=\"341\" \/><\/a>Derisa d\u00ebgjoj politikan\u00ebt t\u00eb deklarohen &#8221; un\u00eb jam p\u00ebrfaq\u00ebsues i shqiptar\u00ebve, i votuesve, i elektoratit etj..&#8221; pyes veten dhe k\u00ebrkoj pergjigje cili je ti q\u00eb m\u00eb p\u00ebrfaq\u00ebson mua? !!<\/p>\n<p>Ti zot\u00ebri q\u00eb po b\u00ebn politik q\u00eb nga fillimi i pluralizmit duke m\u00eb peshkuar n\u00eb fushat\u00eb me t\u00eb drejtat q\u00eb duhet ti kemi e q\u00eb na mohohen si pakic\u00eb autoktone nd\u00ebrsa k\u00ebto t\u00eb drejta ende nuk kan\u00eb l\u00ebvizur drejt t\u00eb mir\u00ebs por me raste edhe keqsuar&#8211;Jo ti nuk m\u00eb p\u00ebrfaq\u00ebson! <span class=\"text_exposed_show\"><\/p>\n<p>Ti zot\u00ebria i rrall\u00ebs q\u00eb pasi t\u00eb tjer\u00ebt \u00e7an\u00eb udh\u00ebn u gjende n\u00eb politik e q\u00eb ndihmove n\u00eb ndarjen e par\u00eb, pastaj t\u00eb dyt\u00eb e t\u00eb dhjet\u00eb t\u00eb votuesve shqiptar\u00eb vet\u00ebm p\u00ebr ndonj\u00eb kolltuk e pa asnj\u00eb dobi p\u00ebr popullin t\u00ebnd as ti nuk m\u00eb p\u00ebrfaq\u00ebson!<\/p>\n<p>Nuk m\u00eb p\u00ebrfaq\u00ebson as ti tjetri q\u00eb vet\u00ebm p\u00ebr kolltukun t\u00ebnd bashk\u00eb me disa shok\u00eb b\u00ebre &#8220;krushqi&#8221; me taboret sllave!<\/p>\n<p>Ti zotri q\u00eb p\u00ebr interesin t\u00ebnd mbolle urrejtjen duke ve\u00e7uar njerzit kush prej nga vjen, kush nga fshati e kush nga qyteti, as ti nuk m\u00eb p\u00ebrfaq\u00ebson!<\/p>\n<p>Por as ti tjetri q\u00eb more besimin e popullit nd\u00ebrsa heshte kur shikoje shkatrrimin e nd\u00ebrmarrjeve, hoteleve dhe ekonomis\u00eb s\u00eb k\u00ebtij vendi.<\/p>\n<p>Ti q\u00eb flisje p\u00ebr Valdanosin, kufirin e t\u00eb mirave detare, arsimin e transparenc\u00ebn derisa sapo shijove kolltukun i harrove, as ti nuk m\u00eb p\u00ebrfaq\u00ebson!<\/p>\n<p>Ti tjetri q\u00eb sh\u00ebtite nga nj\u00eb grupim n\u00eb tjet\u00ebr dhe asku se gjete kolltukun q\u00eb k\u00ebrkoje as ti nuk m\u00eb p\u00ebrfaq\u00ebson!<\/p>\n<p>Ti q\u00eb e fillon bised\u00ebn shqip dhe e p\u00ebrfundon n\u00eb gjuh\u00ebn sllave, jo as ti nuk m\u00eb p\u00ebrfaq\u00ebson!<\/p>\n<p>Nuk m\u00eb p\u00ebrfaq\u00ebson as ti tjetri q\u00eb je pjes\u00eb e pushtetit n\u00eb koh\u00ebn kur populli yt trajtohet si i dor\u00ebs s\u00eb dyt\u00eb!<\/p>\n<p>Nuk m\u00eb p\u00ebrfaq\u00ebson as ti q\u00eb nuk proteston p\u00ebr arsimin e nx\u00ebn\u00ebsve shqiptar n\u00eb Mal t\u00eb Zi, p\u00ebr papun\u00ebsin\u00eb e shp\u00ebrnguljen e popullit t\u00ebnd!<\/p>\n<p>Nuk m\u00eb p\u00ebrfaq\u00ebson as ti q\u00eb ke nj\u00eb shkollim t\u00eb dyshimt\u00eb, dhe as ti tjetri q\u00eb u pasurove nga politika derisa suksesin nuk ta njohu askush!<\/p>\n<p>Nuk m\u00eb p\u00ebrfaq\u00ebson as ti q\u00eb p\u00ebrve\u00e7 q\u00eb shkele premtimet e b\u00ebra elektoratit shkele edhe fjal\u00ebn e bes\u00ebn e dh\u00ebn\u00eb koleg\u00ebve politikan!<\/p>\n<p>As ti q\u00eb m\u00eb ofrove cimento, asfaltim e ndri\u00e7im publik n\u00eb k\u00ebmbim t\u00eb vot\u00ebs dhe as ti q\u00eb n\u00eb vend t\u00eb avancimit t\u00eb rinis\u00eb krijove militant dhe parazit partiak q\u00eb frig\u00ebsohen edhe t\u00eb mendojn\u00eb e jo m\u00eb t\u00eb flasin!<\/p>\n<p>Nuk m\u00eb p\u00ebrfaq\u00ebson as ti q\u00eb nuk beson n\u00eb Zot, as ti q\u00eb duke shkelur mbi tjetrin sheh suksesin e vet dhe as ti q\u00eb pushteti t\u00eb ka v\u00ebrbuar!<\/p>\n<p>Si ka mund\u00ebsi? Sa ka t\u00eb tjer\u00eb si un\u00eb q\u00eb po k\u00ebrkojn\u00eb p\u00ebrgjigjen kush i p\u00ebrfaq\u00ebson? Derisa votojm\u00eb si ka mund\u00ebsi t\u00eb mos kemi p\u00ebrfaq\u00ebsues? Apo mos vall\u00eb ne &#8220;populli&#8221;, fushat\u00eb pas fushate votojm\u00eb, premtimet e tyre dhe d\u00ebshirat tona derisa pas votimeve mbesin vet\u00ebm d\u00ebshirat, jo tonat, por t\u00eb zot\u00ebrinj\u00ebve q\u00eb shpeshmi i d\u00ebgjojm\u00eb t\u00eb deklarojn\u00eb &#8221; un\u00eb p\u00ebrfaq\u00ebsoj&#8230;&#8230;.<\/span><\/div>\n<h5 class=\"uiStreamMessage userContentWrapper\" data-ft=\"{&quot;type&quot;:1,&quot;tn&quot;:&quot;K&quot;}\"><\/h5>\n<p id=\"u_c_4\" class=\"uiStreamMessage uiStreamHeadline\" data-ft=\"{&quot;tn&quot;:&quot;:&quot;}\"><strong><span class=\"fsm fcg\"><a href=\"https:\/\/www.facebook.com\/ibroci\">G\u00ebzim Ibro\u00e7i <\/a><\/span>Facebook<\/strong><\/p>\n","protected":false},"excerpt":{"rendered":"<p>Derisa d\u00ebgjoj politikan\u00ebt t\u00eb deklarohen &#8221; un\u00eb jam p\u00ebrfaq\u00ebsues i shqiptar\u00ebve, i votuesve, i elektoratit etj..&#8221; pyes veten dhe k\u00ebrkoj pergjigje cili je ti q\u00eb m\u00eb p\u00ebrfaq\u00ebson mua? !! Ti zot\u00ebri q\u00eb po b\u00ebn politik q\u00eb nga fillimi i pluralizmit duke m\u00eb peshkuar n\u00eb fushat\u00eb me t\u00eb drejtat q\u00eb duhet ti kemi e q\u00eb na [&hellip;]<\/p>\n","protected":false},"author":1,"featured_media":0,"comment_status":"closed","ping_status":"closed","sticky":false,"template":"","format":"standard","meta":{"spay_email":"","jetpack_publicize_message":"","jetpack_is_tweetstorm":false,"jetpack_publicize_feature_enabled":true},"categories":[1,14249],"tags":[],"jetpack_publicize_connections":[],"yoast_head":"<!-- This site is optimized with the Yoast SEO plugin v19.1 - https:\/\/yoast.com\/wordpress\/plugins\/seo\/ -->\n<title>G\u00ebzim Ibro\u00e7i: Ti zot\u00ebri nuk m\u00eb p\u00ebrfaq\u00ebson! !! - Lajme nga Ulqini<\/title>\n<meta name=\"description\" content=\"Derisa d\u00ebgjoj politikan\u00ebt t\u00eb deklarohen &quot; un\u00eb jam p\u00ebrfaq\u00ebsues i shqiptar\u00ebve, i votuesve, i elektoratit etj..&quot; pyes veten dhe k\u00ebrkoj pergjigje cili je ti\" \/>\n<meta name=\"robots\" content=\"index, follow, max-snippet:-1, max-image-preview:large, max-video-preview:-1\" \/>\n<link rel=\"canonical\" href=\"https:\/\/www.visit-ulcinj.com\/blog\/2015\/06\/20\/gezim-ibroci-ti-zoteri-nuk-perfaqeson\/\" \/>\n<meta property=\"og:locale\" content=\"en_US\" \/>\n<meta property=\"og:type\" content=\"article\" \/>\n<meta property=\"og:title\" content=\"G\u00ebzim Ibro\u00e7i: Ti zot\u00ebri nuk m\u00eb p\u00ebrfaq\u00ebson! !! - Lajme nga Ulqini\" \/>\n<meta property=\"og:description\" content=\"Derisa d\u00ebgjoj politikan\u00ebt t\u00eb deklarohen &quot; un\u00eb jam p\u00ebrfaq\u00ebsues i shqiptar\u00ebve, i votuesve, i elektoratit etj..&quot; pyes veten dhe k\u00ebrkoj pergjigje cili je ti\" \/>\n<meta property=\"og:url\" content=\"https:\/\/www.visit-ulcinj.com\/blog\/2015\/06\/20\/gezim-ibroci-ti-zoteri-nuk-perfaqeson\/\" \/>\n<meta property=\"og:site_name\" content=\"Lajme nga Ulqini\" \/>\n<meta property=\"article:published_time\" content=\"2015-06-20T05:58:26+00:00\" \/>\n<meta property=\"article:modified_time\" content=\"2015-06-20T13:02:06+00:00\" \/>\n<meta name=\"twitter:label1\" content=\"Written by\" \/>\n\t<meta name=\"twitter:data1\" content=\"ulqini\" \/>\n\t<meta name=\"twitter:label2\" content=\"Est. reading time\" \/>\n\t<meta name=\"twitter:data2\" content=\"3 minutes\" \/>\n<script type=\"application\/ld+json\" class=\"yoast-schema-graph\">{\"@context\":\"https:\/\/schema.org\",\"@graph\":[{\"@type\":\"WebSite\",\"@id\":\"https:\/\/www.visit-ulcinj.com\/blog\/#website\",\"url\":\"https:\/\/www.visit-ulcinj.com\/blog\/\",\"name\":\"Lajme nga Ulqini\",\"description\":\"Lajme,Vijesti,Ulqini,Ulqin,Crna Gora,Mali i Zi\",\"potentialAction\":[{\"@type\":\"SearchAction\",\"target\":{\"@type\":\"EntryPoint\",\"urlTemplate\":\"https:\/\/www.visit-ulcinj.com\/blog\/?s={search_term_string}\"},\"query-input\":\"required name=search_term_string\"}],\"inLanguage\":\"en-US\"},{\"@type\":\"WebPage\",\"@id\":\"https:\/\/www.visit-ulcinj.com\/blog\/2015\/06\/20\/gezim-ibroci-ti-zoteri-nuk-perfaqeson\/#webpage\",\"url\":\"https:\/\/www.visit-ulcinj.com\/blog\/2015\/06\/20\/gezim-ibroci-ti-zoteri-nuk-perfaqeson\/\",\"name\":\"G\u00ebzim Ibro\u00e7i: Ti zot\u00ebri nuk m\u00eb p\u00ebrfaq\u00ebson! !! - Lajme nga Ulqini\",\"isPartOf\":{\"@id\":\"https:\/\/www.visit-ulcinj.com\/blog\/#website\"},\"datePublished\":\"2015-06-20T05:58:26+00:00\",\"dateModified\":\"2015-06-20T13:02:06+00:00\",\"author\":{\"@id\":\"https:\/\/www.visit-ulcinj.com\/blog\/#\/schema\/person\/dcab619c614d3038751c63bc2aadc06d\"},\"description\":\"Derisa d\u00ebgjoj politikan\u00ebt t\u00eb deklarohen \\\" un\u00eb jam p\u00ebrfaq\u00ebsues i shqiptar\u00ebve, i votuesve, i elektoratit etj..\\\" pyes veten dhe k\u00ebrkoj pergjigje cili je ti\",\"breadcrumb\":{\"@id\":\"https:\/\/www.visit-ulcinj.com\/blog\/2015\/06\/20\/gezim-ibroci-ti-zoteri-nuk-perfaqeson\/#breadcrumb\"},\"inLanguage\":\"en-US\",\"potentialAction\":[{\"@type\":\"ReadAction\",\"target\":[\"https:\/\/www.visit-ulcinj.com\/blog\/2015\/06\/20\/gezim-ibroci-ti-zoteri-nuk-perfaqeson\/\"]}]},{\"@type\":\"BreadcrumbList\",\"@id\":\"https:\/\/www.visit-ulcinj.com\/blog\/2015\/06\/20\/gezim-ibroci-ti-zoteri-nuk-perfaqeson\/#breadcrumb\",\"itemListElement\":[{\"@type\":\"ListItem\",\"position\":1,\"name\":\"G\u00ebzim Ibro\u00e7i: Ti zot\u00ebri nuk m\u00eb p\u00ebrfaq\u00ebson! !!\"}]},{\"@type\":\"Person\",\"@id\":\"https:\/\/www.visit-ulcinj.com\/blog\/#\/schema\/person\/dcab619c614d3038751c63bc2aadc06d\",\"name\":\"ulqini\",\"sameAs\":[\"http:\/\/www.visit-ulcinj.com\"],\"url\":\"https:\/\/www.visit-ulcinj.com\/blog\/author\/admin\/\"}]}<\/script>\n<!-- \/ Yoast SEO plugin. -->","yoast_head_json":{"title":"G\u00ebzim Ibro\u00e7i: Ti zot\u00ebri nuk m\u00eb p\u00ebrfaq\u00ebson! !! - Lajme nga Ulqini","description":"Derisa d\u00ebgjoj politikan\u00ebt t\u00eb deklarohen \" un\u00eb jam p\u00ebrfaq\u00ebsues i shqiptar\u00ebve, i votuesve, i elektoratit etj..\" pyes veten dhe k\u00ebrkoj pergjigje cili je ti","robots":{"index":"index","follow":"follow","max-snippet":"max-snippet:-1","max-image-preview":"max-image-preview:large","max-video-preview":"max-video-preview:-1"},"canonical":"https:\/\/www.visit-ulcinj.com\/blog\/2015\/06\/20\/gezim-ibroci-ti-zoteri-nuk-perfaqeson\/","og_locale":"en_US","og_type":"article","og_title":"G\u00ebzim Ibro\u00e7i: Ti zot\u00ebri nuk m\u00eb p\u00ebrfaq\u00ebson! !! - Lajme nga Ulqini","og_description":"Derisa d\u00ebgjoj politikan\u00ebt t\u00eb deklarohen \" un\u00eb jam p\u00ebrfaq\u00ebsues i shqiptar\u00ebve, i votuesve, i elektoratit etj..\" pyes veten dhe k\u00ebrkoj pergjigje cili je ti","og_url":"https:\/\/www.visit-ulcinj.com\/blog\/2015\/06\/20\/gezim-ibroci-ti-zoteri-nuk-perfaqeson\/","og_site_name":"Lajme nga Ulqini","article_published_time":"2015-06-20T05:58:26+00:00","article_modified_time":"2015-06-20T13:02:06+00:00","twitter_misc":{"Written by":"ulqini","Est. reading time":"3 minutes"},"schema":{"@context":"https:\/\/schema.org","@graph":[{"@type":"WebSite","@id":"https:\/\/www.visit-ulcinj.com\/blog\/#website","url":"https:\/\/www.visit-ulcinj.com\/blog\/","name":"Lajme nga Ulqini","description":"Lajme,Vijesti,Ulqini,Ulqin,Crna Gora,Mali i Zi","potentialAction":[{"@type":"SearchAction","target":{"@type":"EntryPoint","urlTemplate":"https:\/\/www.visit-ulcinj.com\/blog\/?s={search_term_string}"},"query-input":"required name=search_term_string"}],"inLanguage":"en-US"},{"@type":"WebPage","@id":"https:\/\/www.visit-ulcinj.com\/blog\/2015\/06\/20\/gezim-ibroci-ti-zoteri-nuk-perfaqeson\/#webpage","url":"https:\/\/www.visit-ulcinj.com\/blog\/2015\/06\/20\/gezim-ibroci-ti-zoteri-nuk-perfaqeson\/","name":"G\u00ebzim Ibro\u00e7i: Ti zot\u00ebri nuk m\u00eb p\u00ebrfaq\u00ebson! !! - Lajme nga Ulqini","isPartOf":{"@id":"https:\/\/www.visit-ulcinj.com\/blog\/#website"},"datePublished":"2015-06-20T05:58:26+00:00","dateModified":"2015-06-20T13:02:06+00:00","author":{"@id":"https:\/\/www.visit-ulcinj.com\/blog\/#\/schema\/person\/dcab619c614d3038751c63bc2aadc06d"},"description":"Derisa d\u00ebgjoj politikan\u00ebt t\u00eb deklarohen \" un\u00eb jam p\u00ebrfaq\u00ebsues i shqiptar\u00ebve, i votuesve, i elektoratit etj..\" pyes veten dhe k\u00ebrkoj pergjigje cili je ti","breadcrumb":{"@id":"https:\/\/www.visit-ulcinj.com\/blog\/2015\/06\/20\/gezim-ibroci-ti-zoteri-nuk-perfaqeson\/#breadcrumb"},"inLanguage":"en-US","potentialAction":[{"@type":"ReadAction","target":["https:\/\/www.visit-ulcinj.com\/blog\/2015\/06\/20\/gezim-ibroci-ti-zoteri-nuk-perfaqeson\/"]}]},{"@type":"BreadcrumbList","@id":"https:\/\/www.visit-ulcinj.com\/blog\/2015\/06\/20\/gezim-ibroci-ti-zoteri-nuk-perfaqeson\/#breadcrumb","itemListElement":[{"@type":"ListItem","position":1,"name":"G\u00ebzim Ibro\u00e7i: Ti zot\u00ebri nuk m\u00eb p\u00ebrfaq\u00ebson! !!"}]},{"@type":"Person","@id":"https:\/\/www.visit-ulcinj.com\/blog\/#\/schema\/person\/dcab619c614d3038751c63bc2aadc06d","name":"ulqini","sameAs":["http:\/\/www.visit-ulcinj.com"],"url":"https:\/\/www.visit-ulcinj.com\/blog\/author\/admin\/"}]}},"jetpack_featured_media_url":"","jetpack_sharing_enabled":true,"jetpack_shortlink":"https:\/\/wp.me\/pe6lTn-nHA","_links":{"self":[{"href":"https:\/\/www.visit-ulcinj.com\/blog\/wp-json\/wp\/v2\/posts\/91114"}],"collection":[{"href":"https:\/\/www.visit-ulcinj.com\/blog\/wp-json\/wp\/v2\/posts"}],"about":[{"href":"https:\/\/www.visit-ulcinj.com\/blog\/wp-json\/wp\/v2\/types\/post"}],"author":[{"embeddable":true,"href":"https:\/\/www.visit-ulcinj.com\/blog\/wp-json\/wp\/v2\/users\/1"}],"replies":[{"embeddable":true,"href":"https:\/\/www.visit-ulcinj.com\/blog\/wp-json\/wp\/v2\/comments?post=91114"}],"version-history":[{"count":1,"href":"https:\/\/www.visit-ulcinj.com\/blog\/wp-json\/wp\/v2\/posts\/91114\/revisions"}],"predecessor-version":[{"id":91116,"href":"https:\/\/www.visit-ulcinj.com\/blog\/wp-json\/wp\/v2\/posts\/91114\/revisions\/91116"}],"wp:attachment":[{"href":"https:\/\/www.visit-ulcinj.com\/blog\/wp-json\/wp\/v2\/media?parent=91114"}],"wp:term":[{"taxonomy":"category","embeddable":true,"href":"https:\/\/www.visit-ulcinj.com\/blog\/wp-json\/wp\/v2\/categories?post=91114"},{"taxonomy":"post_tag","embeddable":true,"href":"https:\/\/www.visit-ulcinj.com\/blog\/wp-json\/wp\/v2\/tags?post=91114"}],"curies":[{"name":"wp","href":"https:\/\/api.w.org\/{rel}","templated":true}]}}