{"id":91131,"date":"2015-06-20T15:13:58","date_gmt":"2015-06-20T14:13:58","guid":{"rendered":"http:\/\/www.visit-ulcinj.com\/blog\/?p=91131"},"modified":"2015-06-20T15:13:58","modified_gmt":"2015-06-20T14:13:58","slug":"nvo-protestvovali-protiv-busenja-jadrana","status":"publish","type":"post","link":"https:\/\/www.visit-ulcinj.com\/blog\/2015\/06\/20\/nvo-protestvovali-protiv-busenja-jadrana\/","title":{"rendered":"NVO Protestvovali protiv bu\u0161enja Jadrana"},"content":{"rendered":"<p>\u010cetiri NVO iz Crne Gore, &#8220;Green Home&#8221;, ADP Zid, Na\u0161a Akcija i Zeleni Crne Gore organizovale su danas, uz podr\u0161ku preko 70 organizacija iz Hrvatske, Bosne i Hercegovine, Albanije i Italije, protestnu akciju \u201eNe nafti \u2013 zaustavimo bu\u0161enje Jadrana\u201c.<\/p>\n<p><a href=\"http:\/\/www.visit-ulcinj.com\/blog\/wp-content\/uploads\/2015\/06\/NVO-CRNA-GORA-protiv-bu\u0161enja-Jadrana.jpg\"><img loading=\"lazy\" class=\"alignleft wp-image-91132\" src=\"http:\/\/www.visit-ulcinj.com\/blog\/wp-content\/uploads\/2015\/06\/NVO-CRNA-GORA-protiv-bu\u0161enja-Jadrana.jpg\" alt=\"NVO -CRNA-GORA-protiv bu\u0161enja Jadrana\" width=\"508\" height=\"298\" srcset=\"https:\/\/www.visit-ulcinj.com\/blog\/wp-content\/uploads\/2015\/06\/NVO-CRNA-GORA-protiv-bu\u0161enja-Jadrana.jpg 900w, https:\/\/www.visit-ulcinj.com\/blog\/wp-content\/uploads\/2015\/06\/NVO-CRNA-GORA-protiv-bu\u0161enja-Jadrana-300x176.jpg 300w\" sizes=\"(max-width: 508px) 100vw, 508px\" \/><\/a><\/p>\n<p>Akcija je izvedena \u00a0na pla\u017ei \u0160u\u0161anj i u Barskoj marini.<\/p>\n<p>&#8220;Akcija je jedan u nizu napora da se zaustavi dalja inicijativa Crne Gore i dr\u017eava u okru\u017eenju na va\u0111enju nafte iz podmorja, podr\u017ei ekonomija koja se ne zasniva na fosilnim gorivima i pokrene stvarna inicijativa za odr\u017eivi razvoj lokalnih primorskih zajednica, za\u0161titu njihovog prirodnog nasle\u0111a i ukupne \u017eivotne sredine Jadranskog mora&#8221;, saop\u0161teno je iz NVO &#8220;Green Home&#8221;.<\/p>\n<p>U toj organizaciji su zabrinuti zbog istra\u017eivanja ugljovodonika, jer, kako su naveli, nosi dalekose\u017ene posljedice za biodiverzitet podmorja ali i sektore od kojih zemlje privre\u0111uju, me\u0111u kojima se ribarstvo i turizam nalaze kao najva\u017eniji.<\/p>\n<p>&#8220;Bar je jedan od gradova u kojem se operativni blokovi za istra\u017eivanja i naftne operacije nalaze najbli\u017ee samoj obali, pri \u010demu bi u slu\u010daju ve\u0107eg izlijevanja nafte, naftna mrlja u vremenskom roku manjem od sat vremena, stigla do gradskih obala, \u010dime bi nepovratno bio uni\u0161ten ne samo biodiverzitet, nego i na\u0161e obale, lokalni turizam i kvalitet \u017eivotne sredine i zdravlje gra\u0111ana. Vjerujemo da bi jedan ozbiljan model\u00a0morskih struja i distribucije naftnog filma u slu\u010daju nesre\u0107a koje bi se mogle desiti na jednoj ili vi\u0161e platformi, a porede\u0107i sa preskromnim crnogorskim kapacitetima za spre\u010davanje ovih havarija, pokazao koliko je ovaj projekat rizi\u010dan i bespovratno \u0161tetan\u201d, navodi se u saop\u0161tenju koje potpisuje Nata\u0161a Kova\u010devi\u0107 iz NVO Green Home.<\/p>\n<p>U regionalnoj akciji u\u010destvuju organizacije:\u00a0Legambiente, Coalition S.O.S. for the Adriatic (Greenpeace Croatia, Green Action \/ Friend of the Earth, WWF Adria, Sunce, Green Istria), Italian Coalition \u2013 Paris 2015 (Acli, Aiab, Aiig, Arci, Arci Caccia, Arci Servizio Civile, Asud, Auser, Cevi \u2013 Centro di Volontariato Internazionale di Udine, Cgil, Cia, Coldiretti, Cts, Federconsumatori, Fiab, Fiom, Focsiv, Fondazione Culturale Responsabilit\u00e0 Etica, Forum Italiano Dei Movimenti per l\u2019acqua, Greenpeace, Isde-Medici per l\u2019ambiente, Istituto Nazionale Urbanistica \u2013 Inu, Italian Climate Network, Kyoto Club, La Nuova Ecologia.it, Lega Pesca, Legambiente, Link, Lipu, Lunaria, Marevivo, Movimento Consumatori, Movimento Difesa Cittadino, Oxfam, Pro Natura, Rete degli Studenti Medi, Rete della Conoscenza, Rete per la Pace, Rinnovabili. It, Rsu Almaviva, Salviamo il Paesaggio, Sbilanciamoci, S\u00ec Rinnovabili No Nucleare, Slow Food Italia, Spi \u2013 Cgil, Touring Club Italiano, Uil, Uisp, Unione Degli Studenti, Unione degli Universitari, Wwf Italia), ADP-ZID (Montenegro), AdriaPAN \u2013 Adriatic Protected Areas Network, ANEP (Albania), Association de volontariat Touiza de la wilaya D\u2019Alger (Algeria), Centar za zivotnu sredinu \u2013 (Bosnia Herzegovina), Croatian scuba-diving club Neum (Bosnia Herzegovina), Ecodes (Spagna), France Nature Environnement (Francia), focus (Slovenia), Green Italia, Greenpeace Slovenia (Slovenia), Green Home (Montengero), legambiente vlore (Albania), Mediterranean Center for Environmental Monitoring (Montenegro), CNA Balneatori, Consorzio Balneatori Marina di Levante \u2013 Viareggio, Donnedamare, Energia per l\u2019Italia, Lega Pesca, Osservatorio Balcani Caucaso, Rete Imprese Marina del Parco di Viareggio, Skupina 85, SIB \u2013 Confcommercio (Sindacato Italiano Balneatori), Zona22.<\/p>\n<p><strong>Izvor: RTCG<\/strong><\/p>\n","protected":false},"excerpt":{"rendered":"<p>\u010cetiri NVO iz Crne Gore, &#8220;Green Home&#8221;, ADP Zid, Na\u0161a Akcija i Zeleni Crne Gore organizovale su danas, uz podr\u0161ku preko 70 organizacija iz Hrvatske, Bosne i Hercegovine, Albanije i Italije, protestnu akciju \u201eNe nafti \u2013 zaustavimo bu\u0161enje Jadrana\u201c. Akcija je izvedena \u00a0na pla\u017ei \u0160u\u0161anj i u Barskoj marini. &#8220;Akcija je jedan u nizu napora [&hellip;]<\/p>\n","protected":false},"author":1,"featured_media":0,"comment_status":"closed","ping_status":"closed","sticky":false,"template":"","format":"standard","meta":{"spay_email":"","jetpack_publicize_message":"","jetpack_is_tweetstorm":false,"jetpack_publicize_feature_enabled":true},"categories":[6950],"tags":[],"jetpack_publicize_connections":[],"yoast_head":"<!-- This site is optimized with the Yoast SEO plugin v19.1 - https:\/\/yoast.com\/wordpress\/plugins\/seo\/ -->\n<title>NVO Protestvovali protiv bu\u0161enja Jadrana - Lajme nga Ulqini<\/title>\n<meta name=\"description\" content=\"\u010cetiri NVO iz Crne Gore, &quot;Green Home&quot;, ADP Zid, Na\u0161a Akcija i Zeleni Crne Gore organizovale su danas, uz podr\u0161ku preko 70 organizacija iz Hrvatske, Bosne\" \/>\n<meta name=\"robots\" content=\"index, follow, max-snippet:-1, max-image-preview:large, max-video-preview:-1\" \/>\n<link rel=\"canonical\" href=\"https:\/\/www.visit-ulcinj.com\/blog\/2015\/06\/20\/nvo-protestvovali-protiv-busenja-jadrana\/\" \/>\n<meta property=\"og:locale\" content=\"en_US\" \/>\n<meta property=\"og:type\" content=\"article\" \/>\n<meta property=\"og:title\" content=\"NVO Protestvovali protiv bu\u0161enja Jadrana - Lajme nga Ulqini\" \/>\n<meta property=\"og:description\" content=\"\u010cetiri NVO iz Crne Gore, &quot;Green Home&quot;, ADP Zid, Na\u0161a Akcija i Zeleni Crne Gore organizovale su danas, uz podr\u0161ku preko 70 organizacija iz Hrvatske, Bosne\" \/>\n<meta property=\"og:url\" content=\"https:\/\/www.visit-ulcinj.com\/blog\/2015\/06\/20\/nvo-protestvovali-protiv-busenja-jadrana\/\" \/>\n<meta property=\"og:site_name\" content=\"Lajme nga Ulqini\" \/>\n<meta property=\"article:published_time\" content=\"2015-06-20T14:13:58+00:00\" \/>\n<meta name=\"twitter:label1\" content=\"Written by\" \/>\n\t<meta name=\"twitter:data1\" content=\"ulqini\" \/>\n\t<meta name=\"twitter:label2\" content=\"Est. reading time\" \/>\n\t<meta name=\"twitter:data2\" content=\"3 minutes\" \/>\n<script type=\"application\/ld+json\" class=\"yoast-schema-graph\">{\"@context\":\"https:\/\/schema.org\",\"@graph\":[{\"@type\":\"WebSite\",\"@id\":\"https:\/\/www.visit-ulcinj.com\/blog\/#website\",\"url\":\"https:\/\/www.visit-ulcinj.com\/blog\/\",\"name\":\"Lajme nga Ulqini\",\"description\":\"Lajme,Vijesti,Ulqini,Ulqin,Crna Gora,Mali i Zi\",\"potentialAction\":[{\"@type\":\"SearchAction\",\"target\":{\"@type\":\"EntryPoint\",\"urlTemplate\":\"https:\/\/www.visit-ulcinj.com\/blog\/?s={search_term_string}\"},\"query-input\":\"required name=search_term_string\"}],\"inLanguage\":\"en-US\"},{\"@type\":\"WebPage\",\"@id\":\"https:\/\/www.visit-ulcinj.com\/blog\/2015\/06\/20\/nvo-protestvovali-protiv-busenja-jadrana\/#webpage\",\"url\":\"https:\/\/www.visit-ulcinj.com\/blog\/2015\/06\/20\/nvo-protestvovali-protiv-busenja-jadrana\/\",\"name\":\"NVO Protestvovali protiv bu\u0161enja Jadrana - Lajme nga Ulqini\",\"isPartOf\":{\"@id\":\"https:\/\/www.visit-ulcinj.com\/blog\/#website\"},\"datePublished\":\"2015-06-20T14:13:58+00:00\",\"dateModified\":\"2015-06-20T14:13:58+00:00\",\"author\":{\"@id\":\"https:\/\/www.visit-ulcinj.com\/blog\/#\/schema\/person\/dcab619c614d3038751c63bc2aadc06d\"},\"description\":\"\u010cetiri NVO iz Crne Gore, \\\"Green Home\\\", ADP Zid, Na\u0161a Akcija i Zeleni Crne Gore organizovale su danas, uz podr\u0161ku preko 70 organizacija iz Hrvatske, Bosne\",\"breadcrumb\":{\"@id\":\"https:\/\/www.visit-ulcinj.com\/blog\/2015\/06\/20\/nvo-protestvovali-protiv-busenja-jadrana\/#breadcrumb\"},\"inLanguage\":\"en-US\",\"potentialAction\":[{\"@type\":\"ReadAction\",\"target\":[\"https:\/\/www.visit-ulcinj.com\/blog\/2015\/06\/20\/nvo-protestvovali-protiv-busenja-jadrana\/\"]}]},{\"@type\":\"BreadcrumbList\",\"@id\":\"https:\/\/www.visit-ulcinj.com\/blog\/2015\/06\/20\/nvo-protestvovali-protiv-busenja-jadrana\/#breadcrumb\",\"itemListElement\":[{\"@type\":\"ListItem\",\"position\":1,\"name\":\"NVO Protestvovali protiv bu\u0161enja Jadrana\"}]},{\"@type\":\"Person\",\"@id\":\"https:\/\/www.visit-ulcinj.com\/blog\/#\/schema\/person\/dcab619c614d3038751c63bc2aadc06d\",\"name\":\"ulqini\",\"sameAs\":[\"http:\/\/www.visit-ulcinj.com\"],\"url\":\"https:\/\/www.visit-ulcinj.com\/blog\/author\/admin\/\"}]}<\/script>\n<!-- \/ Yoast SEO plugin. -->","yoast_head_json":{"title":"NVO Protestvovali protiv bu\u0161enja Jadrana - Lajme nga Ulqini","description":"\u010cetiri NVO iz Crne Gore, \"Green Home\", ADP Zid, Na\u0161a Akcija i Zeleni Crne Gore organizovale su danas, uz podr\u0161ku preko 70 organizacija iz Hrvatske, Bosne","robots":{"index":"index","follow":"follow","max-snippet":"max-snippet:-1","max-image-preview":"max-image-preview:large","max-video-preview":"max-video-preview:-1"},"canonical":"https:\/\/www.visit-ulcinj.com\/blog\/2015\/06\/20\/nvo-protestvovali-protiv-busenja-jadrana\/","og_locale":"en_US","og_type":"article","og_title":"NVO Protestvovali protiv bu\u0161enja Jadrana - Lajme nga Ulqini","og_description":"\u010cetiri NVO iz Crne Gore, \"Green Home\", ADP Zid, Na\u0161a Akcija i Zeleni Crne Gore organizovale su danas, uz podr\u0161ku preko 70 organizacija iz Hrvatske, Bosne","og_url":"https:\/\/www.visit-ulcinj.com\/blog\/2015\/06\/20\/nvo-protestvovali-protiv-busenja-jadrana\/","og_site_name":"Lajme nga Ulqini","article_published_time":"2015-06-20T14:13:58+00:00","twitter_misc":{"Written by":"ulqini","Est. reading time":"3 minutes"},"schema":{"@context":"https:\/\/schema.org","@graph":[{"@type":"WebSite","@id":"https:\/\/www.visit-ulcinj.com\/blog\/#website","url":"https:\/\/www.visit-ulcinj.com\/blog\/","name":"Lajme nga Ulqini","description":"Lajme,Vijesti,Ulqini,Ulqin,Crna Gora,Mali i Zi","potentialAction":[{"@type":"SearchAction","target":{"@type":"EntryPoint","urlTemplate":"https:\/\/www.visit-ulcinj.com\/blog\/?s={search_term_string}"},"query-input":"required name=search_term_string"}],"inLanguage":"en-US"},{"@type":"WebPage","@id":"https:\/\/www.visit-ulcinj.com\/blog\/2015\/06\/20\/nvo-protestvovali-protiv-busenja-jadrana\/#webpage","url":"https:\/\/www.visit-ulcinj.com\/blog\/2015\/06\/20\/nvo-protestvovali-protiv-busenja-jadrana\/","name":"NVO Protestvovali protiv bu\u0161enja Jadrana - Lajme nga Ulqini","isPartOf":{"@id":"https:\/\/www.visit-ulcinj.com\/blog\/#website"},"datePublished":"2015-06-20T14:13:58+00:00","dateModified":"2015-06-20T14:13:58+00:00","author":{"@id":"https:\/\/www.visit-ulcinj.com\/blog\/#\/schema\/person\/dcab619c614d3038751c63bc2aadc06d"},"description":"\u010cetiri NVO iz Crne Gore, \"Green Home\", ADP Zid, Na\u0161a Akcija i Zeleni Crne Gore organizovale su danas, uz podr\u0161ku preko 70 organizacija iz Hrvatske, Bosne","breadcrumb":{"@id":"https:\/\/www.visit-ulcinj.com\/blog\/2015\/06\/20\/nvo-protestvovali-protiv-busenja-jadrana\/#breadcrumb"},"inLanguage":"en-US","potentialAction":[{"@type":"ReadAction","target":["https:\/\/www.visit-ulcinj.com\/blog\/2015\/06\/20\/nvo-protestvovali-protiv-busenja-jadrana\/"]}]},{"@type":"BreadcrumbList","@id":"https:\/\/www.visit-ulcinj.com\/blog\/2015\/06\/20\/nvo-protestvovali-protiv-busenja-jadrana\/#breadcrumb","itemListElement":[{"@type":"ListItem","position":1,"name":"NVO Protestvovali protiv bu\u0161enja Jadrana"}]},{"@type":"Person","@id":"https:\/\/www.visit-ulcinj.com\/blog\/#\/schema\/person\/dcab619c614d3038751c63bc2aadc06d","name":"ulqini","sameAs":["http:\/\/www.visit-ulcinj.com"],"url":"https:\/\/www.visit-ulcinj.com\/blog\/author\/admin\/"}]}},"jetpack_featured_media_url":"","jetpack_sharing_enabled":true,"jetpack_shortlink":"https:\/\/wp.me\/pe6lTn-nHR","_links":{"self":[{"href":"https:\/\/www.visit-ulcinj.com\/blog\/wp-json\/wp\/v2\/posts\/91131"}],"collection":[{"href":"https:\/\/www.visit-ulcinj.com\/blog\/wp-json\/wp\/v2\/posts"}],"about":[{"href":"https:\/\/www.visit-ulcinj.com\/blog\/wp-json\/wp\/v2\/types\/post"}],"author":[{"embeddable":true,"href":"https:\/\/www.visit-ulcinj.com\/blog\/wp-json\/wp\/v2\/users\/1"}],"replies":[{"embeddable":true,"href":"https:\/\/www.visit-ulcinj.com\/blog\/wp-json\/wp\/v2\/comments?post=91131"}],"version-history":[{"count":1,"href":"https:\/\/www.visit-ulcinj.com\/blog\/wp-json\/wp\/v2\/posts\/91131\/revisions"}],"predecessor-version":[{"id":91133,"href":"https:\/\/www.visit-ulcinj.com\/blog\/wp-json\/wp\/v2\/posts\/91131\/revisions\/91133"}],"wp:attachment":[{"href":"https:\/\/www.visit-ulcinj.com\/blog\/wp-json\/wp\/v2\/media?parent=91131"}],"wp:term":[{"taxonomy":"category","embeddable":true,"href":"https:\/\/www.visit-ulcinj.com\/blog\/wp-json\/wp\/v2\/categories?post=91131"},{"taxonomy":"post_tag","embeddable":true,"href":"https:\/\/www.visit-ulcinj.com\/blog\/wp-json\/wp\/v2\/tags?post=91131"}],"curies":[{"name":"wp","href":"https:\/\/api.w.org\/{rel}","templated":true}]}}