{"id":91134,"date":"2015-06-20T15:37:28","date_gmt":"2015-06-20T14:37:28","guid":{"rendered":"http:\/\/www.visit-ulcinj.com\/blog\/?p=91134"},"modified":"2015-06-20T15:37:28","modified_gmt":"2015-06-20T14:37:28","slug":"ulqini-stacion-artisteve-shqiptare","status":"publish","type":"post","link":"https:\/\/www.visit-ulcinj.com\/blog\/2015\/06\/20\/ulqini-stacion-artisteve-shqiptare\/","title":{"rendered":"Ulqini, stacion i artist\u00ebve shqiptar\u00eb"},"content":{"rendered":"<p><strong><a href=\"http:\/\/www.visit-ulcinj.com\/blog\/wp-content\/uploads\/2015\/06\/Festivali-Net\u00ebt-e-Klipit-Shqiptar-Ulqin.jpg\"><img loading=\"lazy\" class=\"alignleft wp-image-91135\" src=\"http:\/\/www.visit-ulcinj.com\/blog\/wp-content\/uploads\/2015\/06\/Festivali-Net\u00ebt-e-Klipit-Shqiptar-Ulqin.jpg\" alt=\"Festivali-Net\u00ebt e Klipit Shqiptar-Ulqin\" width=\"508\" height=\"242\" \/><\/a>N\u00eb Qendr\u00ebn e Kultur\u00ebs n\u00eb Ulqin u mbajt edicioni i 14-t\u00eb i festivalit \u201cNet\u00ebt e Klipit Shqiptar<\/strong><\/p>\n<p>Pas konkursit \u201cMiss Shqip\u00ebria 2014\u201d, i\u00a0cili u mbajt p\u00ebr t\u00eb par\u00ebn her\u00eb n\u00eb Ulqin,\u00a0dhe nat\u00ebs finale t\u00eb \u201cMiss Talent Show\u201d\u00a0n\u00eb kuad\u00ebr t\u00eb Miss Globe International,\u00a0Agjencia Deliart Association e drejtuar\u00a0nga regjisori Petri Bozo ka organizuar\u00a0t\u00eb premten n\u00eb Qendr\u00ebn e Kultur\u00ebs n\u00eb\u00a0Ulqin spektaklin e tret\u00eb me radh\u00eb \u2013 festivalin\u00a0\u201cNet\u00ebt e Klipit Shqiptar\u201d, duke\u00a0e shnd\u00ebrruar k\u00ebt\u00eb qytet n\u00eb stacion t\u00eb\u00a0artist\u00ebve shqiptar\u00eb nga t\u00eb gjitha trojet\u00a0shqiptare.\u00a0E konceptuar si mbr\u00ebmje feste, me t\u00eb\u00a0ftuar artist\u00eb t\u00eb njohur shqiptar\u00eb dhe figura\u00a0publike, mbr\u00ebmja gala e edicionit\u00a0t\u00eb 14-t\u00eb t\u00eb k\u00ebtij festivali, ka pritur dhe\u00a0p\u00ebrcjell\u00eb shum\u00eb emra k\u00ebng\u00ebtar\u00ebsh n\u00eb\u00a0sken\u00eb. Nuk mbahet mend q\u00eb n\u00eb Ulqin t\u00eb\u00a0ken\u00eb qen\u00eb ndonj\u00ebher\u00eb nj\u00eb num\u00ebr kaq i madh artist\u00ebsh, jo vet\u00ebm k\u00ebng\u00ebtar\u00ebsh,\u00a0por edhe nga fushat tjera, q\u00eb kan\u00eb marr\u00eb\u00a0pjes\u00eb n\u00eb nat\u00ebn gala.\u00a0Me prezantimin e aktorit Herjon Mustafarai\u00a0dhe Adelajda Xhamanit, kjo\u00a0mbr\u00ebmje ka p\u00ebrmbyllur nj\u00eb cik\u00ebl disa\u00a0javor, gjat\u00eb t\u00eb cilit u prezantuan 48 klipe\u00a0konkurrente t\u00eb k\u00ebtij viti.\u00a0N\u00ebn drejtimin e regjisorit Petri Bozo,\u00a0\u00e7do gj\u00eb ka funksionuar m\u00eb s\u00eb miri, q\u00eb\u00a0nga skenografia e mrekullueshme, e\u00a0cila ka b\u00ebr\u00eb q\u00eb Qendra e Kultur\u00ebs n\u00eb\u00a0Ulqin t\u00eb marr\u00eb pamje krejt tjet\u00ebr dhe t\u00eb\u00a0duket si kurr\u00eb ndonj\u00ebher\u00eb, e deri te detajet\u00a0m\u00eb t\u00eb vogla.\u00a0Kjo mbr\u00ebmje \u00ebsht\u00eb transmetuar drejtp\u00ebrdrejt\u00a0nga tre televizione: Televizioni\u00a0Publik Shqiptar, Radio Televizioni i\u00a0Kosov\u00ebs dhe Radio Televizioni i Maqedonis\u00eb, duke b\u00ebr\u00eb q\u00eb me miliona shikues\u00a0ta shohin at\u00eb.<\/p>\n<p><strong>Fituesit\u00a0<\/strong><\/p>\n<p>Fitues i edicionit t\u00eb 14-t\u00eb t\u00eb Festivalit\u00a0\u201cNet\u00ebt e Klipit Shqiptar\u201d \u00ebsht\u00eb shpallur\u00a0k\u00ebng\u00ebtari Neki Emra, me klipin e k\u00ebng\u00ebs\u00a0\u201cPa Ty\u201d. Ai ka arritur t\u00eb rr\u00ebmbej\u00eb \u00e7mimet\u00a0kryesore t\u00eb Festivalit, \u00e7mimin p\u00ebr klipin\u00a0m\u00eb t\u00eb mir\u00eb n\u00eb t\u00eb gjitha kompenent\u00ebt\u00a0dhe \u00e7mimin e publikut.\u00a0\u00c7mimin atij ia ka dor\u00ebzuar kryetari i\u00a0Komun\u00ebs s\u00eb Ulqinit, Fatmir Gjeka, i cili\u00a0nd\u00ebr t\u00eb tjera ka th\u00ebn\u00eb se ky spektak\u00ebl\u00a0\u00ebsht\u00eb m\u00ebnyra m\u00eb e mir\u00eb e promovimit\u00a0t\u00eb Ulqinit n\u00eb k\u00ebt\u00eb prag t\u00eb sezonit turistik.\u00a0K\u00ebt\u00eb nat\u00eb jan\u00eb ndar\u00eb edhe shum\u00eb\u00a0\u00e7mime t\u00eb tjera.\u00a0\u00c7mimin p\u00ebr klipin m\u00eb t\u00eb mir\u00eb alternativ\u00a0e ka fituar grupi \u201cBurn\u201d p\u00ebr klipin\u00a0e k\u00ebng\u00ebs \u201cHajde me ne\u201d, \u00c7mimin p\u00ebr\u00a0fabul\u00ebn m\u00eb t\u00eb mir\u00eb Rosela Gjylbegu\u00a0dhe Vullneti me \u201cJam aty\u201d, \u00c7mimin p\u00ebr\u00a0grafik\u00ebn m\u00eb t\u00eb mir\u00eb Big Basta dhe Mr.\u00a0Rez p\u00ebr \u201cFire, Higher, Aj\u00ebr\u201d, \u00e7mimin Klipi\u00a0m\u00eb i mir\u00eb i muzik\u00ebs qytetare Devis Xherahu\u00a0dhe Vask\u00eb Curri me \u201cNuk e meriton\u201d,\u00a0\u00e7mimin p\u00ebr regjin\u00eb m\u00eb t\u00eb mir\u00eb grupi\u00a0\u201cElita 5\u201d me \u201cMe fal\u201d, \u00e7mimin p\u00ebr montazhin\u00a0m\u00eb t\u00eb mir\u00eb Anxhela Peristeri dhe\u00a0Marcus Markado p\u00ebr \u201cBye Bye\u201d, \u00e7mimin\u00a0p\u00ebr produksionin m\u00eb t\u00eb mir\u00eb Ingrid\u00a0Gjoni dhe Gjeto Luca me \u201cMbret\u00ebresh\u00eb\u201d,\u00a0\u00e7mimin p\u00ebr kamer\u00ebn m\u00eb t\u00eb mir\u00eb Edona\u00a0Llalloshi, \u00e7mimin p\u00ebr interpretimin m\u00eb\u00a0t\u00eb mir\u00eb fem\u00ebr Eli Fara &#8211; \u201cMe mua mos\u201d,\u00a0\u00e7mimin p\u00ebr interpretimin m\u00eb t\u00eb mir\u00eb mashkull v\u00ebllez\u00ebrit Endri dhe Stefi p\u00ebr\u00a0\u201cTi s\u2019e meriton\u201d, \u00e7mimin p\u00ebr klipin m\u00eb\u00a0t\u00eb mir\u00eb rock k\u00ebng\u00ebtarja Flaka Krelani\u00a0p\u00ebr \u201cZjam\u201d, \u00e7mimin Debutuesi m\u00eb i mir\u00eb Megi Laska p\u00ebr \u201cP\u00ebrgjithmon\u00eb\u201d, \u00e7mimin\u00a0p\u00ebr duetin m\u00eb t\u00eb mir\u00eb Eneda Tarifa dhe\u00a0Jon p\u00ebr \u201cTogether\u201d, \u00e7mimin Imazhi m\u00eb\u00a0i mir\u00eb n\u00eb klip Orinda Huta dhe Luis p\u00ebr\u00a0\u201cTe amo\u201d,<\/p>\n<p>\u00c7mimin special p\u00ebr grupin m\u00eb\u00a0t\u00eb ri Alar Band me \u201cOcean\u201d, \u00c7mimin special\u00a0t\u00eb juris\u00eb &#8211; Lori p\u00ebr \u201cMe ty nuk flas\u201d,\u00a0\u00e7mimin e medias Mihrije Braha dhe\u00a0\u00c7mimin Deliart &#8211; Mateus Frroku dhe\u00a0Fisnik\u00ebt p\u00ebr \u201c\u00c7okollat\u00eb e shkrime\u201d.<\/p>\n<p>Net\u00ebt e Klipit Shqiptar \u00ebsht\u00eb festivali i\u00a0vet\u00ebm i imazhit shqiptar, i cili daton q\u00eb\u00a0nga viti 2002 dhe organizohet \u00e7do vit\u00a0si nj\u00eb festival i mir\u00ebfillt\u00eb i videoklipit, ku\u00a0konkurrojn\u00eb artist\u00eb t\u00eb shumt\u00eb e studio\u00a0prodhimi t\u00eb k\u00ebsaj fushe nga Shqip\u00ebria,\u00a0Kosova, Maqedonia, Mali i Zi dhe diaspora\u00a0shqiptare, duke e b\u00ebr\u00eb gar\u00ebn p\u00ebr\u00a0\u00e7dovit m\u00eb interesante<strong>. i.k.<\/strong><\/p>\n<p><strong>Koha Javore<\/strong><\/p>\n","protected":false},"excerpt":{"rendered":"<p>N\u00eb Qendr\u00ebn e Kultur\u00ebs n\u00eb Ulqin u mbajt edicioni i 14-t\u00eb i festivalit \u201cNet\u00ebt e Klipit Shqiptar Pas konkursit \u201cMiss Shqip\u00ebria 2014\u201d, i\u00a0cili u mbajt p\u00ebr t\u00eb par\u00ebn her\u00eb n\u00eb Ulqin,\u00a0dhe nat\u00ebs finale t\u00eb \u201cMiss Talent Show\u201d\u00a0n\u00eb kuad\u00ebr t\u00eb Miss Globe International,\u00a0Agjencia Deliart Association e drejtuar\u00a0nga regjisori Petri Bozo ka organizuar\u00a0t\u00eb premten n\u00eb Qendr\u00ebn e [&hellip;]<\/p>\n","protected":false},"author":1,"featured_media":0,"comment_status":"closed","ping_status":"closed","sticky":false,"template":"","format":"standard","meta":{"spay_email":"","jetpack_publicize_message":"","jetpack_is_tweetstorm":false,"jetpack_publicize_feature_enabled":true},"categories":[1],"tags":[],"jetpack_publicize_connections":[],"yoast_head":"<!-- This site is optimized with the Yoast SEO plugin v19.1 - https:\/\/yoast.com\/wordpress\/plugins\/seo\/ -->\n<title>Ulqini, stacion i artist\u00ebve shqiptar\u00eb - Lajme nga Ulqini<\/title>\n<meta name=\"description\" content=\"N\u00eb Qendr\u00ebn e Kultur\u00ebs n\u00eb Ulqin u mbajt edicioni i 14-t\u00eb i festivalit \u201cNet\u00ebt e Klipit Shqiptar Pas konkursit \u201cMiss Shqip\u00ebria 2014\u201d, i\u00a0cili u mbajt p\u00ebr t\u00eb\" \/>\n<meta name=\"robots\" content=\"index, follow, max-snippet:-1, max-image-preview:large, max-video-preview:-1\" \/>\n<link rel=\"canonical\" href=\"https:\/\/www.visit-ulcinj.com\/blog\/2015\/06\/20\/ulqini-stacion-artisteve-shqiptare\/\" \/>\n<meta property=\"og:locale\" content=\"en_US\" \/>\n<meta property=\"og:type\" content=\"article\" \/>\n<meta property=\"og:title\" content=\"Ulqini, stacion i artist\u00ebve shqiptar\u00eb - Lajme nga Ulqini\" \/>\n<meta property=\"og:description\" content=\"N\u00eb Qendr\u00ebn e Kultur\u00ebs n\u00eb Ulqin u mbajt edicioni i 14-t\u00eb i festivalit \u201cNet\u00ebt e Klipit Shqiptar Pas konkursit \u201cMiss Shqip\u00ebria 2014\u201d, i\u00a0cili u mbajt p\u00ebr t\u00eb\" \/>\n<meta property=\"og:url\" content=\"https:\/\/www.visit-ulcinj.com\/blog\/2015\/06\/20\/ulqini-stacion-artisteve-shqiptare\/\" \/>\n<meta property=\"og:site_name\" content=\"Lajme nga Ulqini\" \/>\n<meta property=\"article:published_time\" content=\"2015-06-20T14:37:28+00:00\" \/>\n<meta name=\"twitter:label1\" content=\"Written by\" \/>\n\t<meta name=\"twitter:data1\" content=\"ulqini\" \/>\n\t<meta name=\"twitter:label2\" content=\"Est. reading time\" \/>\n\t<meta name=\"twitter:data2\" content=\"4 minutes\" \/>\n<script type=\"application\/ld+json\" class=\"yoast-schema-graph\">{\"@context\":\"https:\/\/schema.org\",\"@graph\":[{\"@type\":\"WebSite\",\"@id\":\"https:\/\/www.visit-ulcinj.com\/blog\/#website\",\"url\":\"https:\/\/www.visit-ulcinj.com\/blog\/\",\"name\":\"Lajme nga Ulqini\",\"description\":\"Lajme,Vijesti,Ulqini,Ulqin,Crna Gora,Mali i Zi\",\"potentialAction\":[{\"@type\":\"SearchAction\",\"target\":{\"@type\":\"EntryPoint\",\"urlTemplate\":\"https:\/\/www.visit-ulcinj.com\/blog\/?s={search_term_string}\"},\"query-input\":\"required name=search_term_string\"}],\"inLanguage\":\"en-US\"},{\"@type\":\"WebPage\",\"@id\":\"https:\/\/www.visit-ulcinj.com\/blog\/2015\/06\/20\/ulqini-stacion-artisteve-shqiptare\/#webpage\",\"url\":\"https:\/\/www.visit-ulcinj.com\/blog\/2015\/06\/20\/ulqini-stacion-artisteve-shqiptare\/\",\"name\":\"Ulqini, stacion i artist\u00ebve shqiptar\u00eb - Lajme nga Ulqini\",\"isPartOf\":{\"@id\":\"https:\/\/www.visit-ulcinj.com\/blog\/#website\"},\"datePublished\":\"2015-06-20T14:37:28+00:00\",\"dateModified\":\"2015-06-20T14:37:28+00:00\",\"author\":{\"@id\":\"https:\/\/www.visit-ulcinj.com\/blog\/#\/schema\/person\/dcab619c614d3038751c63bc2aadc06d\"},\"description\":\"N\u00eb Qendr\u00ebn e Kultur\u00ebs n\u00eb Ulqin u mbajt edicioni i 14-t\u00eb i festivalit \u201cNet\u00ebt e Klipit Shqiptar Pas konkursit \u201cMiss Shqip\u00ebria 2014\u201d, i\u00a0cili u mbajt p\u00ebr t\u00eb\",\"breadcrumb\":{\"@id\":\"https:\/\/www.visit-ulcinj.com\/blog\/2015\/06\/20\/ulqini-stacion-artisteve-shqiptare\/#breadcrumb\"},\"inLanguage\":\"en-US\",\"potentialAction\":[{\"@type\":\"ReadAction\",\"target\":[\"https:\/\/www.visit-ulcinj.com\/blog\/2015\/06\/20\/ulqini-stacion-artisteve-shqiptare\/\"]}]},{\"@type\":\"BreadcrumbList\",\"@id\":\"https:\/\/www.visit-ulcinj.com\/blog\/2015\/06\/20\/ulqini-stacion-artisteve-shqiptare\/#breadcrumb\",\"itemListElement\":[{\"@type\":\"ListItem\",\"position\":1,\"name\":\"Ulqini, stacion i artist\u00ebve shqiptar\u00eb\"}]},{\"@type\":\"Person\",\"@id\":\"https:\/\/www.visit-ulcinj.com\/blog\/#\/schema\/person\/dcab619c614d3038751c63bc2aadc06d\",\"name\":\"ulqini\",\"sameAs\":[\"http:\/\/www.visit-ulcinj.com\"],\"url\":\"https:\/\/www.visit-ulcinj.com\/blog\/author\/admin\/\"}]}<\/script>\n<!-- \/ Yoast SEO plugin. -->","yoast_head_json":{"title":"Ulqini, stacion i artist\u00ebve shqiptar\u00eb - Lajme nga Ulqini","description":"N\u00eb Qendr\u00ebn e Kultur\u00ebs n\u00eb Ulqin u mbajt edicioni i 14-t\u00eb i festivalit \u201cNet\u00ebt e Klipit Shqiptar Pas konkursit \u201cMiss Shqip\u00ebria 2014\u201d, i\u00a0cili u mbajt p\u00ebr t\u00eb","robots":{"index":"index","follow":"follow","max-snippet":"max-snippet:-1","max-image-preview":"max-image-preview:large","max-video-preview":"max-video-preview:-1"},"canonical":"https:\/\/www.visit-ulcinj.com\/blog\/2015\/06\/20\/ulqini-stacion-artisteve-shqiptare\/","og_locale":"en_US","og_type":"article","og_title":"Ulqini, stacion i artist\u00ebve shqiptar\u00eb - Lajme nga Ulqini","og_description":"N\u00eb Qendr\u00ebn e Kultur\u00ebs n\u00eb Ulqin u mbajt edicioni i 14-t\u00eb i festivalit \u201cNet\u00ebt e Klipit Shqiptar Pas konkursit \u201cMiss Shqip\u00ebria 2014\u201d, i\u00a0cili u mbajt p\u00ebr t\u00eb","og_url":"https:\/\/www.visit-ulcinj.com\/blog\/2015\/06\/20\/ulqini-stacion-artisteve-shqiptare\/","og_site_name":"Lajme nga Ulqini","article_published_time":"2015-06-20T14:37:28+00:00","twitter_misc":{"Written by":"ulqini","Est. reading time":"4 minutes"},"schema":{"@context":"https:\/\/schema.org","@graph":[{"@type":"WebSite","@id":"https:\/\/www.visit-ulcinj.com\/blog\/#website","url":"https:\/\/www.visit-ulcinj.com\/blog\/","name":"Lajme nga Ulqini","description":"Lajme,Vijesti,Ulqini,Ulqin,Crna Gora,Mali i Zi","potentialAction":[{"@type":"SearchAction","target":{"@type":"EntryPoint","urlTemplate":"https:\/\/www.visit-ulcinj.com\/blog\/?s={search_term_string}"},"query-input":"required name=search_term_string"}],"inLanguage":"en-US"},{"@type":"WebPage","@id":"https:\/\/www.visit-ulcinj.com\/blog\/2015\/06\/20\/ulqini-stacion-artisteve-shqiptare\/#webpage","url":"https:\/\/www.visit-ulcinj.com\/blog\/2015\/06\/20\/ulqini-stacion-artisteve-shqiptare\/","name":"Ulqini, stacion i artist\u00ebve shqiptar\u00eb - Lajme nga Ulqini","isPartOf":{"@id":"https:\/\/www.visit-ulcinj.com\/blog\/#website"},"datePublished":"2015-06-20T14:37:28+00:00","dateModified":"2015-06-20T14:37:28+00:00","author":{"@id":"https:\/\/www.visit-ulcinj.com\/blog\/#\/schema\/person\/dcab619c614d3038751c63bc2aadc06d"},"description":"N\u00eb Qendr\u00ebn e Kultur\u00ebs n\u00eb Ulqin u mbajt edicioni i 14-t\u00eb i festivalit \u201cNet\u00ebt e Klipit Shqiptar Pas konkursit \u201cMiss Shqip\u00ebria 2014\u201d, i\u00a0cili u mbajt p\u00ebr t\u00eb","breadcrumb":{"@id":"https:\/\/www.visit-ulcinj.com\/blog\/2015\/06\/20\/ulqini-stacion-artisteve-shqiptare\/#breadcrumb"},"inLanguage":"en-US","potentialAction":[{"@type":"ReadAction","target":["https:\/\/www.visit-ulcinj.com\/blog\/2015\/06\/20\/ulqini-stacion-artisteve-shqiptare\/"]}]},{"@type":"BreadcrumbList","@id":"https:\/\/www.visit-ulcinj.com\/blog\/2015\/06\/20\/ulqini-stacion-artisteve-shqiptare\/#breadcrumb","itemListElement":[{"@type":"ListItem","position":1,"name":"Ulqini, stacion i artist\u00ebve shqiptar\u00eb"}]},{"@type":"Person","@id":"https:\/\/www.visit-ulcinj.com\/blog\/#\/schema\/person\/dcab619c614d3038751c63bc2aadc06d","name":"ulqini","sameAs":["http:\/\/www.visit-ulcinj.com"],"url":"https:\/\/www.visit-ulcinj.com\/blog\/author\/admin\/"}]}},"jetpack_featured_media_url":"","jetpack_sharing_enabled":true,"jetpack_shortlink":"https:\/\/wp.me\/pe6lTn-nHU","_links":{"self":[{"href":"https:\/\/www.visit-ulcinj.com\/blog\/wp-json\/wp\/v2\/posts\/91134"}],"collection":[{"href":"https:\/\/www.visit-ulcinj.com\/blog\/wp-json\/wp\/v2\/posts"}],"about":[{"href":"https:\/\/www.visit-ulcinj.com\/blog\/wp-json\/wp\/v2\/types\/post"}],"author":[{"embeddable":true,"href":"https:\/\/www.visit-ulcinj.com\/blog\/wp-json\/wp\/v2\/users\/1"}],"replies":[{"embeddable":true,"href":"https:\/\/www.visit-ulcinj.com\/blog\/wp-json\/wp\/v2\/comments?post=91134"}],"version-history":[{"count":1,"href":"https:\/\/www.visit-ulcinj.com\/blog\/wp-json\/wp\/v2\/posts\/91134\/revisions"}],"predecessor-version":[{"id":91136,"href":"https:\/\/www.visit-ulcinj.com\/blog\/wp-json\/wp\/v2\/posts\/91134\/revisions\/91136"}],"wp:attachment":[{"href":"https:\/\/www.visit-ulcinj.com\/blog\/wp-json\/wp\/v2\/media?parent=91134"}],"wp:term":[{"taxonomy":"category","embeddable":true,"href":"https:\/\/www.visit-ulcinj.com\/blog\/wp-json\/wp\/v2\/categories?post=91134"},{"taxonomy":"post_tag","embeddable":true,"href":"https:\/\/www.visit-ulcinj.com\/blog\/wp-json\/wp\/v2\/tags?post=91134"}],"curies":[{"name":"wp","href":"https:\/\/api.w.org\/{rel}","templated":true}]}}