{"id":91146,"date":"2015-06-20T22:25:48","date_gmt":"2015-06-20T21:25:48","guid":{"rendered":"http:\/\/www.visit-ulcinj.com\/blog\/?p=91146"},"modified":"2015-06-20T22:29:23","modified_gmt":"2015-06-20T21:29:23","slug":"lift-u-starom-gradu-ljulja-vlast-ulcinja","status":"publish","type":"post","link":"https:\/\/www.visit-ulcinj.com\/blog\/2015\/06\/20\/lift-u-starom-gradu-ljulja-vlast-ulcinja\/","title":{"rendered":"Lift u Starom gradu ljulja vlast Ulcinja"},"content":{"rendered":"<p><strong>\u201cRok za podno\u0161enje \u017ealbi istekao je 29. maja. U tom periodu, niko se nije \u017ealio na odluku. \u010cudi da je poni\u0161tenje inicirao sekretar za prostorno planiranje i odr\u017eivi razvoj, koji je bio \u010dlan \u017eirija i \u010diji je sekretarijat raspisao konkurs\u201d<\/strong><\/p>\n<p><a href=\"http:\/\/www.visit-ulcinj.com\/blog\/wp-content\/uploads\/2015\/06\/Lift-u-Starom-gradu-ulcinj.jpg\"><img loading=\"lazy\" class=\"alignleft wp-image-91147\" src=\"http:\/\/www.visit-ulcinj.com\/blog\/wp-content\/uploads\/2015\/06\/Lift-u-Starom-gradu-ulcinj.jpg\" alt=\"Lift u Starom gradu-ulcinj\" width=\"508\" height=\"319\" srcset=\"https:\/\/www.visit-ulcinj.com\/blog\/wp-content\/uploads\/2015\/06\/Lift-u-Starom-gradu-ulcinj.jpg 560w, https:\/\/www.visit-ulcinj.com\/blog\/wp-content\/uploads\/2015\/06\/Lift-u-Starom-gradu-ulcinj-300x189.jpg 300w\" sizes=\"(max-width: 508px) 100vw, 508px\" \/><\/a><\/p>\n<div class=\"credits cf\"><strong><span class=\"credits__author\"> Autor: Samir Adrovi\u0107 <\/span><\/strong><\/div>\n<p>Odgovor na pitanje da li je lift na zidinama Starog grada Ulcinja politi\u010dko, pravno ili par ekselens pitanje struke i nauke, uskoro mo\u017ee dati Dr\u017eavna komisija za kontrolu postupaka javnih nabavki koja \u0107e odlu\u010divati po \u017ealbi poznatog ulcinjskog arhitekte Selima Resulbegovi\u0107a. Resulbegovi\u0107eva firma Ital design pobijedila je na me\u0111unarodnom konkursu za arhitektonsko urbanisti\u010dko rje\u0161enje Pristana, ali je predsjednik Op\u0161tine Fatmir \u0110eka tu odluku za zonu 3, gdje je planirana gradnja lifta, prije tri dana oglasio ni\u0161tavnom po slu\u017ebenoj du\u017enosti.<\/p>\n<p>\u0110eka je bio pod pritiskom koalicionih partnera iz Force da poni\u0161ti odluku deseto\u010dlane komisije kojom je predsjedavao, ali se u rje\u0161enju, koje je donio na predlog Sekretarijata za urbanizam, poziva na zakon o op\u0161tem upravnom postupku kojim je predvi\u0111eno da se ni\u0161tavnom mo\u017ee oglasiti odluka \u010dije izvr\u0161enje nije mogu\u0107e. Resulbegovi\u0107ev rad je za najbolji progla\u0161en 15.maja i u zakonskom roku od deset dana komisiji nije stigla ni jedna \u017ealba. Sekretar za urbanizam Mustafa Gorana, koji je bio i \u010dlan \u017eirija, kazao je da je inicirao poni\u0161tenje odluke zato \u0161to pobjedni\u010dki rad nije imao dovoljno podataka o gradnji lifta zbog \u010dega ne bi mogli biti izdati urbanisti\u010dko tehni\u010dki uslovi.<\/p>\n<p>\u201cIskoristio sam pravo i nijesam u\u010destvovao u glasanju jer je rad imao nedostataka\u201d, kazao je Gorana, koji je funkcioner Force. Upitan za\u0161to nije pravovremeno reagovao tokom samog izbora za najbolje rje\u0161enje ili u zakonskom roku, Gorana je kazao da je prethodno morao utvrditi stvarno stanje na terenu.<\/p>\n<p>\u201cOcijenili smo da je primjena pobjedni\u010dkog rje\u0161enja u praksi neizvodljiva\u201d, kazao je on.<\/p>\n<p>Resulbegovi\u0107 je demantovao tvrdnje Gorane da je rad nepotpun. On je u \u017ealbi dr\u017eavnoj komisiji takstativno pobrojao \u0161ta je sve \u017eiri imao na uvid prilikom odlu\u010divanja.<\/p>\n<p>\u201cVa\u017eno je znati da se informacije dovoljne za gradnju objekta dostavljaju sa idejnim projektom \u0161to konkurskom nije tra\u017eeno. To se radi u daljem postupku pri izdavanju urbanisti\u010dko-tehni\u010dkih uslova kada se pristupa izradi glavnog projekta\u201d, kazao je Resulbegovi\u0107. Ponovio je da je njegov rad odlukom \u0161irija progla\u0161en najboljim 15.maja, a dostavljen tri dana kasnije.<\/p>\n<p>\u201cRok za podno\u0161enje \u017ealbi istekao je \u00a029. maja. U tom periodu, niko se nije \u017ealio na odluku. \u010cudi da je poni\u0161tenje inicirao sekretar za prostorno planiranje i odr\u017eivi razvoj, koji je bio \u010dlan \u017eirija i \u010diji je sekretarijat raspisao konkurs\u201d, kazao je Resulbegovi\u0107.<\/p>\n<p>Osim \u0110eke i Gorane, u \u017eiriju su bili i arhitekte Rifat Alihod\u017ei\u0107, Fuad Mavri\u0107, Zana Sarvan, Nikola Draki\u0107, Suada Ismailaga te Mirlinda Cena sa Kosova i Dunja Bilalgi\u0107 iz Bosne, a \u00a0izvjestilac Mehmet Tafica. Savjetnik \u0110eke u ovom poslu bila je direktor direktorata za kulturnu ba\u0161tinu Crne Gore Lidija Ljesar. Na konkurs je prispjelo ukupno osam radova firmi iz Ulcinja, Bara, Podgorice, Herceg Novog i sa Kosova.<\/p>\n<p>\u201cZanimljivo je da niko od tako eminentnih eksperata koji su sjedjeli u \u017eiriju nije imao primjedbi na moj rad ali \u0107emo vidjeti \u0161ta \u0107e o svemu re\u0107i dr\u017eavna komisija\u201d, kazao je Resulbegovi\u0107 koji je ve\u0107 godinama na \u010delu ulcinjskog SDP. On je \u201cVijestima\u201d dao na uvid i obrazlo\u017eenje komisije koja je njegov rad ocijenila najkvalitetnijim.<\/p>\n<p>\u201cPredlo\u017eena konstrukcija je slobodnostoje\u0107a u prostoru i fizi\u010dki ne zadire u tkivo Starog grada izuzev na kontaktnim ta\u010dkama gdje se nalaze dvije stanice\u201d, pi\u0161e pored ostalog u obrazlo\u017eenju \u017eirija. Me\u0111utim, lider Force Nazif Cungu smatra da je u pitanju devastacija drevnih zidina.<\/p>\n<p>\u201cForca ne\u0107e podr\u017eati predsjednika Op\u0161tine koji odlukama devastira grad\u201d, kazao je Cungu, koji je podr\u017eao stav kolege Gencija Nimanbegua da \u0107e ukoliko ostane rje\u0161enje za lift uskratiti podr\u0161ku \u0110eki.<\/p>\n<p><strong>Na vlasti dvije partije i dva odbornika<\/strong><\/p>\n<p>U Ulcinju su na vlasti \u0110ekina DP, Forca i dva odbornika URA. Resulbegovi\u0107 i Cungu odavno nijesu u dobrim odnosima, a svojevremeno su jedan protiv drugog podnosili prijave zbog uzurpacije dr\u017eavnog zemlji\u0161ta i zloupotrebe polo\u017eaja.<\/p>\n<p>\u0110eka ju\u010de nije odgovarao na pozive i poruke na broj dostupan \u201cVijestima\u201d. Draki\u0107 je kazao da ne zna za\u0161to je rje\u0161enje za lift poni\u0161teno.<\/p>\n<p>\u201cTo je bio rad koji je imao sve ono \u0161to je tra\u017eeno konkursom\u201d, kazao je on \u201cVijestima\u201d.<\/p>\n<p><strong>Izvor: Vijesti Online<\/strong><\/p>\n<!--YouTube Error: bad URL entered-->\n","protected":false},"excerpt":{"rendered":"<p>\u201cRok za podno\u0161enje \u017ealbi istekao je 29. maja. U tom periodu, niko se nije \u017ealio na odluku. \u010cudi da je poni\u0161tenje inicirao sekretar za prostorno planiranje i odr\u017eivi razvoj, koji je bio \u010dlan \u017eirija i \u010diji je sekretarijat raspisao konkurs\u201d Autor: Samir Adrovi\u0107 Odgovor na pitanje da li je lift na zidinama Starog grada Ulcinja [&hellip;]<\/p>\n","protected":false},"author":1,"featured_media":0,"comment_status":"closed","ping_status":"closed","sticky":false,"template":"","format":"standard","meta":{"spay_email":"","jetpack_publicize_message":"","jetpack_is_tweetstorm":false,"jetpack_publicize_feature_enabled":true},"categories":[8337],"tags":[],"jetpack_publicize_connections":[],"yoast_head":"<!-- This site is optimized with the Yoast SEO plugin v19.1 - https:\/\/yoast.com\/wordpress\/plugins\/seo\/ -->\n<title>Lift u Starom gradu ljulja vlast Ulcinja - Lajme nga Ulqini<\/title>\n<meta name=\"description\" content=\"\u201cRok za podno\u0161enje \u017ealbi istekao je 29. maja. U tom periodu, niko se nije \u017ealio na odluku. \u010cudi da je poni\u0161tenje inicirao sekretar za prostorno planiranje\" \/>\n<meta name=\"robots\" content=\"index, follow, max-snippet:-1, max-image-preview:large, max-video-preview:-1\" \/>\n<link rel=\"canonical\" href=\"https:\/\/www.visit-ulcinj.com\/blog\/2015\/06\/20\/lift-u-starom-gradu-ljulja-vlast-ulcinja\/\" \/>\n<meta property=\"og:locale\" content=\"en_US\" \/>\n<meta property=\"og:type\" content=\"article\" \/>\n<meta property=\"og:title\" content=\"Lift u Starom gradu ljulja vlast Ulcinja - Lajme nga Ulqini\" \/>\n<meta property=\"og:description\" content=\"\u201cRok za podno\u0161enje \u017ealbi istekao je 29. maja. U tom periodu, niko se nije \u017ealio na odluku. \u010cudi da je poni\u0161tenje inicirao sekretar za prostorno planiranje\" \/>\n<meta property=\"og:url\" content=\"https:\/\/www.visit-ulcinj.com\/blog\/2015\/06\/20\/lift-u-starom-gradu-ljulja-vlast-ulcinja\/\" \/>\n<meta property=\"og:site_name\" content=\"Lajme nga Ulqini\" \/>\n<meta property=\"article:published_time\" content=\"2015-06-20T21:25:48+00:00\" \/>\n<meta property=\"article:modified_time\" content=\"2015-06-20T21:29:23+00:00\" \/>\n<meta property=\"og:image\" content=\"http:\/\/www.visit-ulcinj.com\/blog\/wp-content\/uploads\/2015\/06\/Lift-u-Starom-gradu-ulcinj.jpg\" \/>\n<meta name=\"twitter:label1\" content=\"Written by\" \/>\n\t<meta name=\"twitter:data1\" content=\"ulqini\" \/>\n\t<meta name=\"twitter:label2\" content=\"Est. reading time\" \/>\n\t<meta name=\"twitter:data2\" content=\"4 minutes\" \/>\n<script type=\"application\/ld+json\" class=\"yoast-schema-graph\">{\"@context\":\"https:\/\/schema.org\",\"@graph\":[{\"@type\":\"WebSite\",\"@id\":\"https:\/\/www.visit-ulcinj.com\/blog\/#website\",\"url\":\"https:\/\/www.visit-ulcinj.com\/blog\/\",\"name\":\"Lajme nga Ulqini\",\"description\":\"Lajme,Vijesti,Ulqini,Ulqin,Crna Gora,Mali i Zi\",\"potentialAction\":[{\"@type\":\"SearchAction\",\"target\":{\"@type\":\"EntryPoint\",\"urlTemplate\":\"https:\/\/www.visit-ulcinj.com\/blog\/?s={search_term_string}\"},\"query-input\":\"required name=search_term_string\"}],\"inLanguage\":\"en-US\"},{\"@type\":\"ImageObject\",\"inLanguage\":\"en-US\",\"@id\":\"https:\/\/www.visit-ulcinj.com\/blog\/2015\/06\/20\/lift-u-starom-gradu-ljulja-vlast-ulcinja\/#primaryimage\",\"url\":\"https:\/\/www.visit-ulcinj.com\/blog\/wp-content\/uploads\/2015\/06\/Lift-u-Starom-gradu-ulcinj.jpg\",\"contentUrl\":\"https:\/\/www.visit-ulcinj.com\/blog\/wp-content\/uploads\/2015\/06\/Lift-u-Starom-gradu-ulcinj.jpg\",\"width\":560,\"height\":352},{\"@type\":\"WebPage\",\"@id\":\"https:\/\/www.visit-ulcinj.com\/blog\/2015\/06\/20\/lift-u-starom-gradu-ljulja-vlast-ulcinja\/#webpage\",\"url\":\"https:\/\/www.visit-ulcinj.com\/blog\/2015\/06\/20\/lift-u-starom-gradu-ljulja-vlast-ulcinja\/\",\"name\":\"Lift u Starom gradu ljulja vlast Ulcinja - Lajme nga Ulqini\",\"isPartOf\":{\"@id\":\"https:\/\/www.visit-ulcinj.com\/blog\/#website\"},\"primaryImageOfPage\":{\"@id\":\"https:\/\/www.visit-ulcinj.com\/blog\/2015\/06\/20\/lift-u-starom-gradu-ljulja-vlast-ulcinja\/#primaryimage\"},\"datePublished\":\"2015-06-20T21:25:48+00:00\",\"dateModified\":\"2015-06-20T21:29:23+00:00\",\"author\":{\"@id\":\"https:\/\/www.visit-ulcinj.com\/blog\/#\/schema\/person\/dcab619c614d3038751c63bc2aadc06d\"},\"description\":\"\u201cRok za podno\u0161enje \u017ealbi istekao je 29. maja. U tom periodu, niko se nije \u017ealio na odluku. \u010cudi da je poni\u0161tenje inicirao sekretar za prostorno planiranje\",\"breadcrumb\":{\"@id\":\"https:\/\/www.visit-ulcinj.com\/blog\/2015\/06\/20\/lift-u-starom-gradu-ljulja-vlast-ulcinja\/#breadcrumb\"},\"inLanguage\":\"en-US\",\"potentialAction\":[{\"@type\":\"ReadAction\",\"target\":[\"https:\/\/www.visit-ulcinj.com\/blog\/2015\/06\/20\/lift-u-starom-gradu-ljulja-vlast-ulcinja\/\"]}]},{\"@type\":\"BreadcrumbList\",\"@id\":\"https:\/\/www.visit-ulcinj.com\/blog\/2015\/06\/20\/lift-u-starom-gradu-ljulja-vlast-ulcinja\/#breadcrumb\",\"itemListElement\":[{\"@type\":\"ListItem\",\"position\":1,\"name\":\"Lift u Starom gradu ljulja vlast Ulcinja\"}]},{\"@type\":\"Person\",\"@id\":\"https:\/\/www.visit-ulcinj.com\/blog\/#\/schema\/person\/dcab619c614d3038751c63bc2aadc06d\",\"name\":\"ulqini\",\"sameAs\":[\"http:\/\/www.visit-ulcinj.com\"],\"url\":\"https:\/\/www.visit-ulcinj.com\/blog\/author\/admin\/\"}]}<\/script>\n<!-- \/ Yoast SEO plugin. -->","yoast_head_json":{"title":"Lift u Starom gradu ljulja vlast Ulcinja - Lajme nga Ulqini","description":"\u201cRok za podno\u0161enje \u017ealbi istekao je 29. maja. U tom periodu, niko se nije \u017ealio na odluku. \u010cudi da je poni\u0161tenje inicirao sekretar za prostorno planiranje","robots":{"index":"index","follow":"follow","max-snippet":"max-snippet:-1","max-image-preview":"max-image-preview:large","max-video-preview":"max-video-preview:-1"},"canonical":"https:\/\/www.visit-ulcinj.com\/blog\/2015\/06\/20\/lift-u-starom-gradu-ljulja-vlast-ulcinja\/","og_locale":"en_US","og_type":"article","og_title":"Lift u Starom gradu ljulja vlast Ulcinja - Lajme nga Ulqini","og_description":"\u201cRok za podno\u0161enje \u017ealbi istekao je 29. maja. U tom periodu, niko se nije \u017ealio na odluku. \u010cudi da je poni\u0161tenje inicirao sekretar za prostorno planiranje","og_url":"https:\/\/www.visit-ulcinj.com\/blog\/2015\/06\/20\/lift-u-starom-gradu-ljulja-vlast-ulcinja\/","og_site_name":"Lajme nga Ulqini","article_published_time":"2015-06-20T21:25:48+00:00","article_modified_time":"2015-06-20T21:29:23+00:00","og_image":[{"url":"http:\/\/www.visit-ulcinj.com\/blog\/wp-content\/uploads\/2015\/06\/Lift-u-Starom-gradu-ulcinj.jpg"}],"twitter_misc":{"Written by":"ulqini","Est. reading time":"4 minutes"},"schema":{"@context":"https:\/\/schema.org","@graph":[{"@type":"WebSite","@id":"https:\/\/www.visit-ulcinj.com\/blog\/#website","url":"https:\/\/www.visit-ulcinj.com\/blog\/","name":"Lajme nga Ulqini","description":"Lajme,Vijesti,Ulqini,Ulqin,Crna Gora,Mali i Zi","potentialAction":[{"@type":"SearchAction","target":{"@type":"EntryPoint","urlTemplate":"https:\/\/www.visit-ulcinj.com\/blog\/?s={search_term_string}"},"query-input":"required name=search_term_string"}],"inLanguage":"en-US"},{"@type":"ImageObject","inLanguage":"en-US","@id":"https:\/\/www.visit-ulcinj.com\/blog\/2015\/06\/20\/lift-u-starom-gradu-ljulja-vlast-ulcinja\/#primaryimage","url":"https:\/\/www.visit-ulcinj.com\/blog\/wp-content\/uploads\/2015\/06\/Lift-u-Starom-gradu-ulcinj.jpg","contentUrl":"https:\/\/www.visit-ulcinj.com\/blog\/wp-content\/uploads\/2015\/06\/Lift-u-Starom-gradu-ulcinj.jpg","width":560,"height":352},{"@type":"WebPage","@id":"https:\/\/www.visit-ulcinj.com\/blog\/2015\/06\/20\/lift-u-starom-gradu-ljulja-vlast-ulcinja\/#webpage","url":"https:\/\/www.visit-ulcinj.com\/blog\/2015\/06\/20\/lift-u-starom-gradu-ljulja-vlast-ulcinja\/","name":"Lift u Starom gradu ljulja vlast Ulcinja - Lajme nga Ulqini","isPartOf":{"@id":"https:\/\/www.visit-ulcinj.com\/blog\/#website"},"primaryImageOfPage":{"@id":"https:\/\/www.visit-ulcinj.com\/blog\/2015\/06\/20\/lift-u-starom-gradu-ljulja-vlast-ulcinja\/#primaryimage"},"datePublished":"2015-06-20T21:25:48+00:00","dateModified":"2015-06-20T21:29:23+00:00","author":{"@id":"https:\/\/www.visit-ulcinj.com\/blog\/#\/schema\/person\/dcab619c614d3038751c63bc2aadc06d"},"description":"\u201cRok za podno\u0161enje \u017ealbi istekao je 29. maja. U tom periodu, niko se nije \u017ealio na odluku. \u010cudi da je poni\u0161tenje inicirao sekretar za prostorno planiranje","breadcrumb":{"@id":"https:\/\/www.visit-ulcinj.com\/blog\/2015\/06\/20\/lift-u-starom-gradu-ljulja-vlast-ulcinja\/#breadcrumb"},"inLanguage":"en-US","potentialAction":[{"@type":"ReadAction","target":["https:\/\/www.visit-ulcinj.com\/blog\/2015\/06\/20\/lift-u-starom-gradu-ljulja-vlast-ulcinja\/"]}]},{"@type":"BreadcrumbList","@id":"https:\/\/www.visit-ulcinj.com\/blog\/2015\/06\/20\/lift-u-starom-gradu-ljulja-vlast-ulcinja\/#breadcrumb","itemListElement":[{"@type":"ListItem","position":1,"name":"Lift u Starom gradu ljulja vlast Ulcinja"}]},{"@type":"Person","@id":"https:\/\/www.visit-ulcinj.com\/blog\/#\/schema\/person\/dcab619c614d3038751c63bc2aadc06d","name":"ulqini","sameAs":["http:\/\/www.visit-ulcinj.com"],"url":"https:\/\/www.visit-ulcinj.com\/blog\/author\/admin\/"}]}},"jetpack_featured_media_url":"","jetpack_sharing_enabled":true,"jetpack_shortlink":"https:\/\/wp.me\/pe6lTn-nI6","_links":{"self":[{"href":"https:\/\/www.visit-ulcinj.com\/blog\/wp-json\/wp\/v2\/posts\/91146"}],"collection":[{"href":"https:\/\/www.visit-ulcinj.com\/blog\/wp-json\/wp\/v2\/posts"}],"about":[{"href":"https:\/\/www.visit-ulcinj.com\/blog\/wp-json\/wp\/v2\/types\/post"}],"author":[{"embeddable":true,"href":"https:\/\/www.visit-ulcinj.com\/blog\/wp-json\/wp\/v2\/users\/1"}],"replies":[{"embeddable":true,"href":"https:\/\/www.visit-ulcinj.com\/blog\/wp-json\/wp\/v2\/comments?post=91146"}],"version-history":[{"count":3,"href":"https:\/\/www.visit-ulcinj.com\/blog\/wp-json\/wp\/v2\/posts\/91146\/revisions"}],"predecessor-version":[{"id":91150,"href":"https:\/\/www.visit-ulcinj.com\/blog\/wp-json\/wp\/v2\/posts\/91146\/revisions\/91150"}],"wp:attachment":[{"href":"https:\/\/www.visit-ulcinj.com\/blog\/wp-json\/wp\/v2\/media?parent=91146"}],"wp:term":[{"taxonomy":"category","embeddable":true,"href":"https:\/\/www.visit-ulcinj.com\/blog\/wp-json\/wp\/v2\/categories?post=91146"},{"taxonomy":"post_tag","embeddable":true,"href":"https:\/\/www.visit-ulcinj.com\/blog\/wp-json\/wp\/v2\/tags?post=91146"}],"curies":[{"name":"wp","href":"https:\/\/api.w.org\/{rel}","templated":true}]}}