{"id":91158,"date":"2015-06-21T17:19:26","date_gmt":"2015-06-21T16:19:26","guid":{"rendered":"http:\/\/www.visit-ulcinj.com\/blog\/?p=91158"},"modified":"2015-06-21T17:19:26","modified_gmt":"2015-06-21T16:19:26","slug":"ura-cuva-li-vlada-dinamitase","status":"publish","type":"post","link":"https:\/\/www.visit-ulcinj.com\/blog\/2015\/06\/21\/ura-cuva-li-vlada-dinamitase\/","title":{"rendered":"URA: \u010cuva li Vlada &#8220;dinamita\u0161e&#8221;?"},"content":{"rendered":"<p><a href=\"http:\/\/www.visit-ulcinj.com\/blog\/wp-content\/uploads\/2015\/06\/URA-Cuva-li-Vlada-dinamitase-Ulcinj.jpg\"><img loading=\"lazy\" class=\"alignleft wp-image-91160\" src=\"http:\/\/www.visit-ulcinj.com\/blog\/wp-content\/uploads\/2015\/06\/URA-Cuva-li-Vlada-dinamitase-Ulcinj.jpg\" alt=\"URA-Cuva li Vlada dinamitase-Ulcinj\" width=\"508\" height=\"366\" srcset=\"https:\/\/www.visit-ulcinj.com\/blog\/wp-content\/uploads\/2015\/06\/URA-Cuva-li-Vlada-dinamitase-Ulcinj.jpg 595w, https:\/\/www.visit-ulcinj.com\/blog\/wp-content\/uploads\/2015\/06\/URA-Cuva-li-Vlada-dinamitase-Ulcinj-300x216.jpg 300w\" sizes=\"(max-width: 508px) 100vw, 508px\" \/><\/a>\u201cURA predla\u017ee ministrima unutra\u0161njih poslova, pravde, poljoprivrede i turizma da se ozbiljnije uklju\u010de u svoj posao i prestanu da se oglu\u0161uju na pojave koje se ti\u010du bezbjednosti gra\u0111ana i turista\u201d, navode u saop\u0161tenju.<\/p>\n<p>Dodaju da se, iako je turisti\u010dka sezona po\u010dela, i dalje koriste nedozvoljena sredstva u ribolovu, kako na primorju, tako i u vodama u unutra\u0161njosti, a inspekcija, tu\u017eila\u0161tvo i policija, tvrde, ne reaguju adekvatno.<\/p>\n<p>\u201cTu\u017eila\u0161tvo je 1. juna konstatovalo da nema elemenata za pokretanje krivi\u010dnog postupka za kori\u0161\u0107enje dinamita u svrhu ribolova, a povodom nezgode u kojoj je jedan od onih koji ga koriste zadobio te\u0161ke tjelesne povrede. Tu\u017eilac ka\u017ee da je do\u0161lo do samopovre\u0111ivanja. Premda u na\u0161em Krivi\u010dnom zakoniku postoji vi\u0161e osnova da se ovakva krivi\u010dna djela sankcioni\u0161u, u svim do sada prijavljenim slu\u010dajevima do\u0161lo je do neadekvatne reakcije dr\u017eavnih organa\u201d, navodi se u saop\u0161tenju URA-e.<\/p>\n<p>Isti\u010du da se umjesto Crne Gore tim problemom bave prijatelji iz inostranstva, te da je po\u010detkom godine Norve\u0161ka donirala 118 866 eura, kako bi se taj problem iskorijenio u op\u0161tini Ulcinj.<\/p>\n<p>\u201cPo\u0161to postoji ozbiljni razlozi za sumnju da je izvori\u0161te i ovog problema zapo\u0161ljavanje dr\u017eavnih slu\u017ebenika preko strana\u010dkih prostorija vladaju\u0107e koalicije, URA pita nadle\u017ene ministre dokle \u0107e gra\u0111ani Crne Gore da finansiraju administraciju koja je nesposobna da obavlja svoj posao\u201d, dodaje se u saop\u0161tenju.<\/p>\n<p>RTCG<\/p>\n","protected":false},"excerpt":{"rendered":"<p>\u201cURA predla\u017ee ministrima unutra\u0161njih poslova, pravde, poljoprivrede i turizma da se ozbiljnije uklju\u010de u svoj posao i prestanu da se oglu\u0161uju na pojave koje se ti\u010du bezbjednosti gra\u0111ana i turista\u201d, navode u saop\u0161tenju. Dodaju da se, iako je turisti\u010dka sezona po\u010dela, i dalje koriste nedozvoljena sredstva u ribolovu, kako na primorju, tako i u vodama [&hellip;]<\/p>\n","protected":false},"author":1,"featured_media":0,"comment_status":"closed","ping_status":"closed","sticky":false,"template":"","format":"standard","meta":{"spay_email":"","jetpack_publicize_message":"","jetpack_is_tweetstorm":false,"jetpack_publicize_feature_enabled":true},"categories":[6950],"tags":[],"jetpack_publicize_connections":[],"yoast_head":"<!-- This site is optimized with the Yoast SEO plugin v19.1 - https:\/\/yoast.com\/wordpress\/plugins\/seo\/ -->\n<title>URA: \u010cuva li Vlada &quot;dinamita\u0161e&quot;? - Lajme nga Ulqini<\/title>\n<meta name=\"description\" content=\"\u201cURA predla\u017ee ministrima unutra\u0161njih poslova, pravde, poljoprivrede i turizma da se ozbiljnije uklju\u010de u svoj posao i prestanu da se oglu\u0161uju na pojave\" \/>\n<meta name=\"robots\" content=\"index, follow, max-snippet:-1, max-image-preview:large, max-video-preview:-1\" \/>\n<link rel=\"canonical\" href=\"https:\/\/www.visit-ulcinj.com\/blog\/2015\/06\/21\/ura-cuva-li-vlada-dinamitase\/\" \/>\n<meta property=\"og:locale\" content=\"en_US\" \/>\n<meta property=\"og:type\" content=\"article\" \/>\n<meta property=\"og:title\" content=\"URA: \u010cuva li Vlada &quot;dinamita\u0161e&quot;? - Lajme nga Ulqini\" \/>\n<meta property=\"og:description\" content=\"\u201cURA predla\u017ee ministrima unutra\u0161njih poslova, pravde, poljoprivrede i turizma da se ozbiljnije uklju\u010de u svoj posao i prestanu da se oglu\u0161uju na pojave\" \/>\n<meta property=\"og:url\" content=\"https:\/\/www.visit-ulcinj.com\/blog\/2015\/06\/21\/ura-cuva-li-vlada-dinamitase\/\" \/>\n<meta property=\"og:site_name\" content=\"Lajme nga Ulqini\" \/>\n<meta property=\"article:published_time\" content=\"2015-06-21T16:19:26+00:00\" \/>\n<meta property=\"og:image\" content=\"http:\/\/www.visit-ulcinj.com\/blog\/wp-content\/uploads\/2015\/06\/URA-Cuva-li-Vlada-dinamitase-Ulcinj.jpg\" \/>\n<meta name=\"twitter:label1\" content=\"Written by\" \/>\n\t<meta name=\"twitter:data1\" content=\"ulqini\" \/>\n\t<meta name=\"twitter:label2\" content=\"Est. reading time\" \/>\n\t<meta name=\"twitter:data2\" content=\"1 minute\" \/>\n<script type=\"application\/ld+json\" class=\"yoast-schema-graph\">{\"@context\":\"https:\/\/schema.org\",\"@graph\":[{\"@type\":\"WebSite\",\"@id\":\"https:\/\/www.visit-ulcinj.com\/blog\/#website\",\"url\":\"https:\/\/www.visit-ulcinj.com\/blog\/\",\"name\":\"Lajme nga Ulqini\",\"description\":\"Lajme,Vijesti,Ulqini,Ulqin,Crna Gora,Mali i Zi\",\"potentialAction\":[{\"@type\":\"SearchAction\",\"target\":{\"@type\":\"EntryPoint\",\"urlTemplate\":\"https:\/\/www.visit-ulcinj.com\/blog\/?s={search_term_string}\"},\"query-input\":\"required name=search_term_string\"}],\"inLanguage\":\"en-US\"},{\"@type\":\"ImageObject\",\"inLanguage\":\"en-US\",\"@id\":\"https:\/\/www.visit-ulcinj.com\/blog\/2015\/06\/21\/ura-cuva-li-vlada-dinamitase\/#primaryimage\",\"url\":\"https:\/\/www.visit-ulcinj.com\/blog\/wp-content\/uploads\/2015\/06\/URA-Cuva-li-Vlada-dinamitase-Ulcinj.jpg\",\"contentUrl\":\"https:\/\/www.visit-ulcinj.com\/blog\/wp-content\/uploads\/2015\/06\/URA-Cuva-li-Vlada-dinamitase-Ulcinj.jpg\",\"width\":595,\"height\":429},{\"@type\":\"WebPage\",\"@id\":\"https:\/\/www.visit-ulcinj.com\/blog\/2015\/06\/21\/ura-cuva-li-vlada-dinamitase\/#webpage\",\"url\":\"https:\/\/www.visit-ulcinj.com\/blog\/2015\/06\/21\/ura-cuva-li-vlada-dinamitase\/\",\"name\":\"URA: \u010cuva li Vlada \\\"dinamita\u0161e\\\"? - Lajme nga Ulqini\",\"isPartOf\":{\"@id\":\"https:\/\/www.visit-ulcinj.com\/blog\/#website\"},\"primaryImageOfPage\":{\"@id\":\"https:\/\/www.visit-ulcinj.com\/blog\/2015\/06\/21\/ura-cuva-li-vlada-dinamitase\/#primaryimage\"},\"datePublished\":\"2015-06-21T16:19:26+00:00\",\"dateModified\":\"2015-06-21T16:19:26+00:00\",\"author\":{\"@id\":\"https:\/\/www.visit-ulcinj.com\/blog\/#\/schema\/person\/dcab619c614d3038751c63bc2aadc06d\"},\"description\":\"\u201cURA predla\u017ee ministrima unutra\u0161njih poslova, pravde, poljoprivrede i turizma da se ozbiljnije uklju\u010de u svoj posao i prestanu da se oglu\u0161uju na pojave\",\"breadcrumb\":{\"@id\":\"https:\/\/www.visit-ulcinj.com\/blog\/2015\/06\/21\/ura-cuva-li-vlada-dinamitase\/#breadcrumb\"},\"inLanguage\":\"en-US\",\"potentialAction\":[{\"@type\":\"ReadAction\",\"target\":[\"https:\/\/www.visit-ulcinj.com\/blog\/2015\/06\/21\/ura-cuva-li-vlada-dinamitase\/\"]}]},{\"@type\":\"BreadcrumbList\",\"@id\":\"https:\/\/www.visit-ulcinj.com\/blog\/2015\/06\/21\/ura-cuva-li-vlada-dinamitase\/#breadcrumb\",\"itemListElement\":[{\"@type\":\"ListItem\",\"position\":1,\"name\":\"URA: \u010cuva li Vlada &#8220;dinamita\u0161e&#8221;?\"}]},{\"@type\":\"Person\",\"@id\":\"https:\/\/www.visit-ulcinj.com\/blog\/#\/schema\/person\/dcab619c614d3038751c63bc2aadc06d\",\"name\":\"ulqini\",\"sameAs\":[\"http:\/\/www.visit-ulcinj.com\"],\"url\":\"https:\/\/www.visit-ulcinj.com\/blog\/author\/admin\/\"}]}<\/script>\n<!-- \/ Yoast SEO plugin. -->","yoast_head_json":{"title":"URA: \u010cuva li Vlada \"dinamita\u0161e\"? - Lajme nga Ulqini","description":"\u201cURA predla\u017ee ministrima unutra\u0161njih poslova, pravde, poljoprivrede i turizma da se ozbiljnije uklju\u010de u svoj posao i prestanu da se oglu\u0161uju na pojave","robots":{"index":"index","follow":"follow","max-snippet":"max-snippet:-1","max-image-preview":"max-image-preview:large","max-video-preview":"max-video-preview:-1"},"canonical":"https:\/\/www.visit-ulcinj.com\/blog\/2015\/06\/21\/ura-cuva-li-vlada-dinamitase\/","og_locale":"en_US","og_type":"article","og_title":"URA: \u010cuva li Vlada \"dinamita\u0161e\"? - Lajme nga Ulqini","og_description":"\u201cURA predla\u017ee ministrima unutra\u0161njih poslova, pravde, poljoprivrede i turizma da se ozbiljnije uklju\u010de u svoj posao i prestanu da se oglu\u0161uju na pojave","og_url":"https:\/\/www.visit-ulcinj.com\/blog\/2015\/06\/21\/ura-cuva-li-vlada-dinamitase\/","og_site_name":"Lajme nga Ulqini","article_published_time":"2015-06-21T16:19:26+00:00","og_image":[{"url":"http:\/\/www.visit-ulcinj.com\/blog\/wp-content\/uploads\/2015\/06\/URA-Cuva-li-Vlada-dinamitase-Ulcinj.jpg"}],"twitter_misc":{"Written by":"ulqini","Est. reading time":"1 minute"},"schema":{"@context":"https:\/\/schema.org","@graph":[{"@type":"WebSite","@id":"https:\/\/www.visit-ulcinj.com\/blog\/#website","url":"https:\/\/www.visit-ulcinj.com\/blog\/","name":"Lajme nga Ulqini","description":"Lajme,Vijesti,Ulqini,Ulqin,Crna Gora,Mali i Zi","potentialAction":[{"@type":"SearchAction","target":{"@type":"EntryPoint","urlTemplate":"https:\/\/www.visit-ulcinj.com\/blog\/?s={search_term_string}"},"query-input":"required name=search_term_string"}],"inLanguage":"en-US"},{"@type":"ImageObject","inLanguage":"en-US","@id":"https:\/\/www.visit-ulcinj.com\/blog\/2015\/06\/21\/ura-cuva-li-vlada-dinamitase\/#primaryimage","url":"https:\/\/www.visit-ulcinj.com\/blog\/wp-content\/uploads\/2015\/06\/URA-Cuva-li-Vlada-dinamitase-Ulcinj.jpg","contentUrl":"https:\/\/www.visit-ulcinj.com\/blog\/wp-content\/uploads\/2015\/06\/URA-Cuva-li-Vlada-dinamitase-Ulcinj.jpg","width":595,"height":429},{"@type":"WebPage","@id":"https:\/\/www.visit-ulcinj.com\/blog\/2015\/06\/21\/ura-cuva-li-vlada-dinamitase\/#webpage","url":"https:\/\/www.visit-ulcinj.com\/blog\/2015\/06\/21\/ura-cuva-li-vlada-dinamitase\/","name":"URA: \u010cuva li Vlada \"dinamita\u0161e\"? - Lajme nga Ulqini","isPartOf":{"@id":"https:\/\/www.visit-ulcinj.com\/blog\/#website"},"primaryImageOfPage":{"@id":"https:\/\/www.visit-ulcinj.com\/blog\/2015\/06\/21\/ura-cuva-li-vlada-dinamitase\/#primaryimage"},"datePublished":"2015-06-21T16:19:26+00:00","dateModified":"2015-06-21T16:19:26+00:00","author":{"@id":"https:\/\/www.visit-ulcinj.com\/blog\/#\/schema\/person\/dcab619c614d3038751c63bc2aadc06d"},"description":"\u201cURA predla\u017ee ministrima unutra\u0161njih poslova, pravde, poljoprivrede i turizma da se ozbiljnije uklju\u010de u svoj posao i prestanu da se oglu\u0161uju na pojave","breadcrumb":{"@id":"https:\/\/www.visit-ulcinj.com\/blog\/2015\/06\/21\/ura-cuva-li-vlada-dinamitase\/#breadcrumb"},"inLanguage":"en-US","potentialAction":[{"@type":"ReadAction","target":["https:\/\/www.visit-ulcinj.com\/blog\/2015\/06\/21\/ura-cuva-li-vlada-dinamitase\/"]}]},{"@type":"BreadcrumbList","@id":"https:\/\/www.visit-ulcinj.com\/blog\/2015\/06\/21\/ura-cuva-li-vlada-dinamitase\/#breadcrumb","itemListElement":[{"@type":"ListItem","position":1,"name":"URA: \u010cuva li Vlada &#8220;dinamita\u0161e&#8221;?"}]},{"@type":"Person","@id":"https:\/\/www.visit-ulcinj.com\/blog\/#\/schema\/person\/dcab619c614d3038751c63bc2aadc06d","name":"ulqini","sameAs":["http:\/\/www.visit-ulcinj.com"],"url":"https:\/\/www.visit-ulcinj.com\/blog\/author\/admin\/"}]}},"jetpack_featured_media_url":"","jetpack_sharing_enabled":true,"jetpack_shortlink":"https:\/\/wp.me\/pe6lTn-nIi","_links":{"self":[{"href":"https:\/\/www.visit-ulcinj.com\/blog\/wp-json\/wp\/v2\/posts\/91158"}],"collection":[{"href":"https:\/\/www.visit-ulcinj.com\/blog\/wp-json\/wp\/v2\/posts"}],"about":[{"href":"https:\/\/www.visit-ulcinj.com\/blog\/wp-json\/wp\/v2\/types\/post"}],"author":[{"embeddable":true,"href":"https:\/\/www.visit-ulcinj.com\/blog\/wp-json\/wp\/v2\/users\/1"}],"replies":[{"embeddable":true,"href":"https:\/\/www.visit-ulcinj.com\/blog\/wp-json\/wp\/v2\/comments?post=91158"}],"version-history":[{"count":1,"href":"https:\/\/www.visit-ulcinj.com\/blog\/wp-json\/wp\/v2\/posts\/91158\/revisions"}],"predecessor-version":[{"id":91161,"href":"https:\/\/www.visit-ulcinj.com\/blog\/wp-json\/wp\/v2\/posts\/91158\/revisions\/91161"}],"wp:attachment":[{"href":"https:\/\/www.visit-ulcinj.com\/blog\/wp-json\/wp\/v2\/media?parent=91158"}],"wp:term":[{"taxonomy":"category","embeddable":true,"href":"https:\/\/www.visit-ulcinj.com\/blog\/wp-json\/wp\/v2\/categories?post=91158"},{"taxonomy":"post_tag","embeddable":true,"href":"https:\/\/www.visit-ulcinj.com\/blog\/wp-json\/wp\/v2\/tags?post=91158"}],"curies":[{"name":"wp","href":"https:\/\/api.w.org\/{rel}","templated":true}]}}