{"id":91166,"date":"2015-06-22T14:22:53","date_gmt":"2015-06-22T13:22:53","guid":{"rendered":"http:\/\/www.visit-ulcinj.com\/blog\/?p=91166"},"modified":"2015-06-23T16:34:59","modified_gmt":"2015-06-23T15:34:59","slug":"nora-prezanton-vajzen-bukuroshe-renee-ne-plazhin-e-ulqinit","status":"publish","type":"post","link":"https:\/\/www.visit-ulcinj.com\/blog\/2015\/06\/22\/nora-prezanton-vajzen-bukuroshe-renee-ne-plazhin-e-ulqinit\/","title":{"rendered":"Nora prezanton vajz\u00ebn bukuroshe Renee n\u00eb Plazhin e Ulqinit &#8211; Video"},"content":{"rendered":"<p><a href=\"http:\/\/www.visit-ulcinj.com\/blog\/wp-content\/uploads\/2015\/06\/Nora-Istrefi-vajza-Renee-Robert-Berisha-Ulqin-Ulqini.jpg\"><img loading=\"lazy\" class=\"alignleft wp-image-91167\" src=\"http:\/\/www.visit-ulcinj.com\/blog\/wp-content\/uploads\/2015\/06\/Nora-Istrefi-vajza-Renee-Robert-Berisha-Ulqin-Ulqini.jpg\" alt=\"Nora-Istrefi-vajza-Renee-Robert-Berisha-Ulqin-Ulqini\" width=\"508\" height=\"383\" \/><\/a>K\u00ebng\u00ebtarja e njohur Nora Istrefi e cila vet\u00ebm pak jav\u00eb m\u00eb par\u00eb \u00ebsht\u00eb b\u00ebr\u00eb n\u00ebn\u00eb dhe ka sjell\u00eb n\u00eb jet\u00eb vajz\u00ebn Renee, duket se k\u00ebt\u00eb ver\u00eb nuk do t\u00eb ndalet. Ajo bashk\u00eb me Robertin dhe vajz\u00ebn po q\u00ebndrojn\u00eb n\u00eb Ulqin, atje ku k\u00ebng\u00ebtarja do e filloj\u00eb sezon\u00ebn verore t\u00eb koncerteve.<\/p>\n<p>Paparazzi.al ka arritur t\u00eb siguroj\u00eb foto ekskluzive teksa k\u00ebng\u00ebtarja sh\u00ebtitet n\u00ebp\u00ebr qytetin e Ulqinit me vajz\u00ebn n\u00eb krah por gjithashtu edhe foto n\u00eb t\u00eb cil\u00ebn shihet teksa futet n\u00eb uj\u00eb me bashk\u00ebshortin, Robertin. P\u00ebrndryshe shihet se pas lindjes Nora q\u00ebndron shum\u00eb mir\u00eb me fizikun e saj.<\/p>\n<p><strong>Paparazzi.al<\/strong><\/p>\n<!--YouTube Error: bad URL entered-->\n","protected":false},"excerpt":{"rendered":"<p>K\u00ebng\u00ebtarja e njohur Nora Istrefi e cila vet\u00ebm pak jav\u00eb m\u00eb par\u00eb \u00ebsht\u00eb b\u00ebr\u00eb n\u00ebn\u00eb dhe ka sjell\u00eb n\u00eb jet\u00eb vajz\u00ebn Renee, duket se k\u00ebt\u00eb ver\u00eb nuk do t\u00eb ndalet. Ajo bashk\u00eb me Robertin dhe vajz\u00ebn po q\u00ebndrojn\u00eb n\u00eb Ulqin, atje ku k\u00ebng\u00ebtarja do e filloj\u00eb sezon\u00ebn verore t\u00eb koncerteve. Paparazzi.al ka arritur t\u00eb siguroj\u00eb [&hellip;]<\/p>\n","protected":false},"author":1,"featured_media":0,"comment_status":"closed","ping_status":"closed","sticky":false,"template":"","format":"standard","meta":{"spay_email":"","jetpack_publicize_message":"","jetpack_is_tweetstorm":false,"jetpack_publicize_feature_enabled":true},"categories":[1],"tags":[],"jetpack_publicize_connections":[],"yoast_head":"<!-- This site is optimized with the Yoast SEO plugin v19.1 - https:\/\/yoast.com\/wordpress\/plugins\/seo\/ -->\n<title>Nora prezanton vajz\u00ebn bukuroshe Renee n\u00eb Plazhin e Ulqinit - Video - Lajme nga Ulqini<\/title>\n<meta name=\"description\" content=\"K\u00ebng\u00ebtarja e njohur Nora Istrefi e cila vet\u00ebm pak jav\u00eb m\u00eb par\u00eb \u00ebsht\u00eb b\u00ebr\u00eb n\u00ebn\u00eb dhe ka sjell\u00eb n\u00eb jet\u00eb vajz\u00ebn Renee, duket se k\u00ebt\u00eb ver\u00eb nuk do t\u00eb ndalet.\" \/>\n<meta name=\"robots\" content=\"index, follow, max-snippet:-1, max-image-preview:large, max-video-preview:-1\" \/>\n<link rel=\"canonical\" href=\"https:\/\/www.visit-ulcinj.com\/blog\/2015\/06\/22\/nora-prezanton-vajzen-bukuroshe-renee-ne-plazhin-e-ulqinit\/\" \/>\n<meta property=\"og:locale\" content=\"en_US\" \/>\n<meta property=\"og:type\" content=\"article\" \/>\n<meta property=\"og:title\" content=\"Nora prezanton vajz\u00ebn bukuroshe Renee n\u00eb Plazhin e Ulqinit - Video - Lajme nga Ulqini\" \/>\n<meta property=\"og:description\" content=\"K\u00ebng\u00ebtarja e njohur Nora Istrefi e cila vet\u00ebm pak jav\u00eb m\u00eb par\u00eb \u00ebsht\u00eb b\u00ebr\u00eb n\u00ebn\u00eb dhe ka sjell\u00eb n\u00eb jet\u00eb vajz\u00ebn Renee, duket se k\u00ebt\u00eb ver\u00eb nuk do t\u00eb ndalet.\" \/>\n<meta property=\"og:url\" content=\"https:\/\/www.visit-ulcinj.com\/blog\/2015\/06\/22\/nora-prezanton-vajzen-bukuroshe-renee-ne-plazhin-e-ulqinit\/\" \/>\n<meta property=\"og:site_name\" content=\"Lajme nga Ulqini\" \/>\n<meta property=\"article:published_time\" content=\"2015-06-22T13:22:53+00:00\" \/>\n<meta property=\"article:modified_time\" content=\"2015-06-23T15:34:59+00:00\" \/>\n<meta property=\"og:image\" content=\"http:\/\/www.visit-ulcinj.com\/blog\/wp-content\/uploads\/2015\/06\/Nora-Istrefi-vajza-Renee-Robert-Berisha-Ulqin-Ulqini.jpg\" \/>\n<meta name=\"twitter:label1\" content=\"Written by\" \/>\n\t<meta name=\"twitter:data1\" content=\"ulqini\" \/>\n\t<meta name=\"twitter:label2\" content=\"Est. reading time\" \/>\n\t<meta name=\"twitter:data2\" content=\"1 minute\" \/>\n<script type=\"application\/ld+json\" class=\"yoast-schema-graph\">{\"@context\":\"https:\/\/schema.org\",\"@graph\":[{\"@type\":\"WebSite\",\"@id\":\"https:\/\/www.visit-ulcinj.com\/blog\/#website\",\"url\":\"https:\/\/www.visit-ulcinj.com\/blog\/\",\"name\":\"Lajme nga Ulqini\",\"description\":\"Lajme,Vijesti,Ulqini,Ulqin,Crna Gora,Mali i Zi\",\"potentialAction\":[{\"@type\":\"SearchAction\",\"target\":{\"@type\":\"EntryPoint\",\"urlTemplate\":\"https:\/\/www.visit-ulcinj.com\/blog\/?s={search_term_string}\"},\"query-input\":\"required name=search_term_string\"}],\"inLanguage\":\"en-US\"},{\"@type\":\"ImageObject\",\"inLanguage\":\"en-US\",\"@id\":\"https:\/\/www.visit-ulcinj.com\/blog\/2015\/06\/22\/nora-prezanton-vajzen-bukuroshe-renee-ne-plazhin-e-ulqinit\/#primaryimage\",\"url\":\"http:\/\/www.visit-ulcinj.com\/blog\/wp-content\/uploads\/2015\/06\/Nora-Istrefi-vajza-Renee-Robert-Berisha-Ulqin-Ulqini.jpg\",\"contentUrl\":\"http:\/\/www.visit-ulcinj.com\/blog\/wp-content\/uploads\/2015\/06\/Nora-Istrefi-vajza-Renee-Robert-Berisha-Ulqin-Ulqini.jpg\"},{\"@type\":\"WebPage\",\"@id\":\"https:\/\/www.visit-ulcinj.com\/blog\/2015\/06\/22\/nora-prezanton-vajzen-bukuroshe-renee-ne-plazhin-e-ulqinit\/#webpage\",\"url\":\"https:\/\/www.visit-ulcinj.com\/blog\/2015\/06\/22\/nora-prezanton-vajzen-bukuroshe-renee-ne-plazhin-e-ulqinit\/\",\"name\":\"Nora prezanton vajz\u00ebn bukuroshe Renee n\u00eb Plazhin e Ulqinit - Video - Lajme nga Ulqini\",\"isPartOf\":{\"@id\":\"https:\/\/www.visit-ulcinj.com\/blog\/#website\"},\"primaryImageOfPage\":{\"@id\":\"https:\/\/www.visit-ulcinj.com\/blog\/2015\/06\/22\/nora-prezanton-vajzen-bukuroshe-renee-ne-plazhin-e-ulqinit\/#primaryimage\"},\"datePublished\":\"2015-06-22T13:22:53+00:00\",\"dateModified\":\"2015-06-23T15:34:59+00:00\",\"author\":{\"@id\":\"https:\/\/www.visit-ulcinj.com\/blog\/#\/schema\/person\/dcab619c614d3038751c63bc2aadc06d\"},\"description\":\"K\u00ebng\u00ebtarja e njohur Nora Istrefi e cila vet\u00ebm pak jav\u00eb m\u00eb par\u00eb \u00ebsht\u00eb b\u00ebr\u00eb n\u00ebn\u00eb dhe ka sjell\u00eb n\u00eb jet\u00eb vajz\u00ebn Renee, duket se k\u00ebt\u00eb ver\u00eb nuk do t\u00eb ndalet.\",\"breadcrumb\":{\"@id\":\"https:\/\/www.visit-ulcinj.com\/blog\/2015\/06\/22\/nora-prezanton-vajzen-bukuroshe-renee-ne-plazhin-e-ulqinit\/#breadcrumb\"},\"inLanguage\":\"en-US\",\"potentialAction\":[{\"@type\":\"ReadAction\",\"target\":[\"https:\/\/www.visit-ulcinj.com\/blog\/2015\/06\/22\/nora-prezanton-vajzen-bukuroshe-renee-ne-plazhin-e-ulqinit\/\"]}]},{\"@type\":\"BreadcrumbList\",\"@id\":\"https:\/\/www.visit-ulcinj.com\/blog\/2015\/06\/22\/nora-prezanton-vajzen-bukuroshe-renee-ne-plazhin-e-ulqinit\/#breadcrumb\",\"itemListElement\":[{\"@type\":\"ListItem\",\"position\":1,\"name\":\"Nora prezanton vajz\u00ebn bukuroshe Renee n\u00eb Plazhin e Ulqinit &#8211; Video\"}]},{\"@type\":\"Person\",\"@id\":\"https:\/\/www.visit-ulcinj.com\/blog\/#\/schema\/person\/dcab619c614d3038751c63bc2aadc06d\",\"name\":\"ulqini\",\"sameAs\":[\"http:\/\/www.visit-ulcinj.com\"],\"url\":\"https:\/\/www.visit-ulcinj.com\/blog\/author\/admin\/\"}]}<\/script>\n<!-- \/ Yoast SEO plugin. -->","yoast_head_json":{"title":"Nora prezanton vajz\u00ebn bukuroshe Renee n\u00eb Plazhin e Ulqinit - Video - Lajme nga Ulqini","description":"K\u00ebng\u00ebtarja e njohur Nora Istrefi e cila vet\u00ebm pak jav\u00eb m\u00eb par\u00eb \u00ebsht\u00eb b\u00ebr\u00eb n\u00ebn\u00eb dhe ka sjell\u00eb n\u00eb jet\u00eb vajz\u00ebn Renee, duket se k\u00ebt\u00eb ver\u00eb nuk do t\u00eb ndalet.","robots":{"index":"index","follow":"follow","max-snippet":"max-snippet:-1","max-image-preview":"max-image-preview:large","max-video-preview":"max-video-preview:-1"},"canonical":"https:\/\/www.visit-ulcinj.com\/blog\/2015\/06\/22\/nora-prezanton-vajzen-bukuroshe-renee-ne-plazhin-e-ulqinit\/","og_locale":"en_US","og_type":"article","og_title":"Nora prezanton vajz\u00ebn bukuroshe Renee n\u00eb Plazhin e Ulqinit - Video - Lajme nga Ulqini","og_description":"K\u00ebng\u00ebtarja e njohur Nora Istrefi e cila vet\u00ebm pak jav\u00eb m\u00eb par\u00eb \u00ebsht\u00eb b\u00ebr\u00eb n\u00ebn\u00eb dhe ka sjell\u00eb n\u00eb jet\u00eb vajz\u00ebn Renee, duket se k\u00ebt\u00eb ver\u00eb nuk do t\u00eb ndalet.","og_url":"https:\/\/www.visit-ulcinj.com\/blog\/2015\/06\/22\/nora-prezanton-vajzen-bukuroshe-renee-ne-plazhin-e-ulqinit\/","og_site_name":"Lajme nga Ulqini","article_published_time":"2015-06-22T13:22:53+00:00","article_modified_time":"2015-06-23T15:34:59+00:00","og_image":[{"url":"http:\/\/www.visit-ulcinj.com\/blog\/wp-content\/uploads\/2015\/06\/Nora-Istrefi-vajza-Renee-Robert-Berisha-Ulqin-Ulqini.jpg"}],"twitter_misc":{"Written by":"ulqini","Est. reading time":"1 minute"},"schema":{"@context":"https:\/\/schema.org","@graph":[{"@type":"WebSite","@id":"https:\/\/www.visit-ulcinj.com\/blog\/#website","url":"https:\/\/www.visit-ulcinj.com\/blog\/","name":"Lajme nga Ulqini","description":"Lajme,Vijesti,Ulqini,Ulqin,Crna Gora,Mali i Zi","potentialAction":[{"@type":"SearchAction","target":{"@type":"EntryPoint","urlTemplate":"https:\/\/www.visit-ulcinj.com\/blog\/?s={search_term_string}"},"query-input":"required name=search_term_string"}],"inLanguage":"en-US"},{"@type":"ImageObject","inLanguage":"en-US","@id":"https:\/\/www.visit-ulcinj.com\/blog\/2015\/06\/22\/nora-prezanton-vajzen-bukuroshe-renee-ne-plazhin-e-ulqinit\/#primaryimage","url":"http:\/\/www.visit-ulcinj.com\/blog\/wp-content\/uploads\/2015\/06\/Nora-Istrefi-vajza-Renee-Robert-Berisha-Ulqin-Ulqini.jpg","contentUrl":"http:\/\/www.visit-ulcinj.com\/blog\/wp-content\/uploads\/2015\/06\/Nora-Istrefi-vajza-Renee-Robert-Berisha-Ulqin-Ulqini.jpg"},{"@type":"WebPage","@id":"https:\/\/www.visit-ulcinj.com\/blog\/2015\/06\/22\/nora-prezanton-vajzen-bukuroshe-renee-ne-plazhin-e-ulqinit\/#webpage","url":"https:\/\/www.visit-ulcinj.com\/blog\/2015\/06\/22\/nora-prezanton-vajzen-bukuroshe-renee-ne-plazhin-e-ulqinit\/","name":"Nora prezanton vajz\u00ebn bukuroshe Renee n\u00eb Plazhin e Ulqinit - Video - Lajme nga Ulqini","isPartOf":{"@id":"https:\/\/www.visit-ulcinj.com\/blog\/#website"},"primaryImageOfPage":{"@id":"https:\/\/www.visit-ulcinj.com\/blog\/2015\/06\/22\/nora-prezanton-vajzen-bukuroshe-renee-ne-plazhin-e-ulqinit\/#primaryimage"},"datePublished":"2015-06-22T13:22:53+00:00","dateModified":"2015-06-23T15:34:59+00:00","author":{"@id":"https:\/\/www.visit-ulcinj.com\/blog\/#\/schema\/person\/dcab619c614d3038751c63bc2aadc06d"},"description":"K\u00ebng\u00ebtarja e njohur Nora Istrefi e cila vet\u00ebm pak jav\u00eb m\u00eb par\u00eb \u00ebsht\u00eb b\u00ebr\u00eb n\u00ebn\u00eb dhe ka sjell\u00eb n\u00eb jet\u00eb vajz\u00ebn Renee, duket se k\u00ebt\u00eb ver\u00eb nuk do t\u00eb ndalet.","breadcrumb":{"@id":"https:\/\/www.visit-ulcinj.com\/blog\/2015\/06\/22\/nora-prezanton-vajzen-bukuroshe-renee-ne-plazhin-e-ulqinit\/#breadcrumb"},"inLanguage":"en-US","potentialAction":[{"@type":"ReadAction","target":["https:\/\/www.visit-ulcinj.com\/blog\/2015\/06\/22\/nora-prezanton-vajzen-bukuroshe-renee-ne-plazhin-e-ulqinit\/"]}]},{"@type":"BreadcrumbList","@id":"https:\/\/www.visit-ulcinj.com\/blog\/2015\/06\/22\/nora-prezanton-vajzen-bukuroshe-renee-ne-plazhin-e-ulqinit\/#breadcrumb","itemListElement":[{"@type":"ListItem","position":1,"name":"Nora prezanton vajz\u00ebn bukuroshe Renee n\u00eb Plazhin e Ulqinit &#8211; Video"}]},{"@type":"Person","@id":"https:\/\/www.visit-ulcinj.com\/blog\/#\/schema\/person\/dcab619c614d3038751c63bc2aadc06d","name":"ulqini","sameAs":["http:\/\/www.visit-ulcinj.com"],"url":"https:\/\/www.visit-ulcinj.com\/blog\/author\/admin\/"}]}},"jetpack_featured_media_url":"","jetpack_sharing_enabled":true,"jetpack_shortlink":"https:\/\/wp.me\/pe6lTn-nIq","_links":{"self":[{"href":"https:\/\/www.visit-ulcinj.com\/blog\/wp-json\/wp\/v2\/posts\/91166"}],"collection":[{"href":"https:\/\/www.visit-ulcinj.com\/blog\/wp-json\/wp\/v2\/posts"}],"about":[{"href":"https:\/\/www.visit-ulcinj.com\/blog\/wp-json\/wp\/v2\/types\/post"}],"author":[{"embeddable":true,"href":"https:\/\/www.visit-ulcinj.com\/blog\/wp-json\/wp\/v2\/users\/1"}],"replies":[{"embeddable":true,"href":"https:\/\/www.visit-ulcinj.com\/blog\/wp-json\/wp\/v2\/comments?post=91166"}],"version-history":[{"count":2,"href":"https:\/\/www.visit-ulcinj.com\/blog\/wp-json\/wp\/v2\/posts\/91166\/revisions"}],"predecessor-version":[{"id":91169,"href":"https:\/\/www.visit-ulcinj.com\/blog\/wp-json\/wp\/v2\/posts\/91166\/revisions\/91169"}],"wp:attachment":[{"href":"https:\/\/www.visit-ulcinj.com\/blog\/wp-json\/wp\/v2\/media?parent=91166"}],"wp:term":[{"taxonomy":"category","embeddable":true,"href":"https:\/\/www.visit-ulcinj.com\/blog\/wp-json\/wp\/v2\/categories?post=91166"},{"taxonomy":"post_tag","embeddable":true,"href":"https:\/\/www.visit-ulcinj.com\/blog\/wp-json\/wp\/v2\/tags?post=91166"}],"curies":[{"name":"wp","href":"https:\/\/api.w.org\/{rel}","templated":true}]}}