{"id":91198,"date":"2015-06-25T10:52:00","date_gmt":"2015-06-25T09:52:00","guid":{"rendered":"http:\/\/www.visit-ulcinj.com\/blog\/?p=91198"},"modified":"2015-06-26T12:17:12","modified_gmt":"2015-06-26T11:17:12","slug":"pamje-ekskluzive-e-ulqinit-nga-syri-i-dronit-video","status":"publish","type":"post","link":"https:\/\/www.visit-ulcinj.com\/blog\/2015\/06\/25\/pamje-ekskluzive-e-ulqinit-nga-syri-i-dronit-video\/","title":{"rendered":"Pamje ekskluzive e Ulqinit nga syri i dronit &#8211; Video"},"content":{"rendered":"<p><a href=\"http:\/\/www.visit-ulcinj.com\/blog\/wp-content\/uploads\/2015\/06\/Pamje-ekskluzive-e-Ulqinit-nga-Droni.jpg\"><img loading=\"lazy\" class=\"alignleft wp-image-91199\" src=\"http:\/\/www.visit-ulcinj.com\/blog\/wp-content\/uploads\/2015\/06\/Pamje-ekskluzive-e-Ulqinit-nga-Droni.jpg\" alt=\"Pamje ekskluzive e Ulqinit nga Droni\" width=\"508\" height=\"287\" srcset=\"https:\/\/www.visit-ulcinj.com\/blog\/wp-content\/uploads\/2015\/06\/Pamje-ekskluzive-e-Ulqinit-nga-Droni.jpg 1000w, https:\/\/www.visit-ulcinj.com\/blog\/wp-content\/uploads\/2015\/06\/Pamje-ekskluzive-e-Ulqinit-nga-Droni-300x170.jpg 300w\" sizes=\"(max-width: 508px) 100vw, 508px\" \/><\/a>Tanim\u00eb jemi n\u00eb periudh\u00ebn e pushimeve verore ku shqiptar\u00eb nga Kosova e rajoni zgjedhin pik\u00ebrisht Ulqinin p\u00ebr tu relaksuar e pushuar me familjet e tyre.<\/p>\n<p>K\u00ebtu ju sjellim nj\u00eb video t\u00eb Ulqinin e realizuar me dron ku shfaq\u00ebn pamje fantastike t\u00eb k\u00ebtij vendit mjaft\u00eb t\u00eb frekuentuar turistik.<\/p>\n<p><iframe loading=\"lazy\" width=\"508\" height=\"330\" src=\"https:\/\/www.youtube.com\/embed\/o9PcgOR6gXM\" frameborder=\"0\" allowfullscreen><\/iframe><\/p>\n","protected":false},"excerpt":{"rendered":"<p>Tanim\u00eb jemi n\u00eb periudh\u00ebn e pushimeve verore ku shqiptar\u00eb nga Kosova e rajoni zgjedhin pik\u00ebrisht Ulqinin p\u00ebr tu relaksuar e pushuar me familjet e tyre. K\u00ebtu ju sjellim nj\u00eb video t\u00eb Ulqinin e realizuar me dron ku shfaq\u00ebn pamje fantastike t\u00eb k\u00ebtij vendit mjaft\u00eb t\u00eb frekuentuar turistik.<\/p>\n","protected":false},"author":1,"featured_media":0,"comment_status":"closed","ping_status":"closed","sticky":false,"template":"","format":"standard","meta":{"spay_email":"","jetpack_publicize_message":"","jetpack_is_tweetstorm":false,"jetpack_publicize_feature_enabled":true},"categories":[1,13],"tags":[],"jetpack_publicize_connections":[],"yoast_head":"<!-- This site is optimized with the Yoast SEO plugin v19.1 - https:\/\/yoast.com\/wordpress\/plugins\/seo\/ -->\n<title>Pamje ekskluzive e Ulqinit nga syri i dronit - Video - Lajme nga Ulqini<\/title>\n<meta name=\"description\" content=\"Tanim\u00eb jemi n\u00eb periudh\u00ebn e pushimeve verore ku shqiptar\u00eb nga Kosova e rajoni zgjedhin pik\u00ebrisht Ulqinin p\u00ebr tu relaksuar e pushuar me familjet e tyre.\" \/>\n<meta name=\"robots\" content=\"index, follow, max-snippet:-1, max-image-preview:large, max-video-preview:-1\" \/>\n<link rel=\"canonical\" href=\"https:\/\/www.visit-ulcinj.com\/blog\/2015\/06\/25\/pamje-ekskluzive-e-ulqinit-nga-syri-i-dronit-video\/\" \/>\n<meta property=\"og:locale\" content=\"en_US\" \/>\n<meta property=\"og:type\" content=\"article\" \/>\n<meta property=\"og:title\" content=\"Pamje ekskluzive e Ulqinit nga syri i dronit - Video - Lajme nga Ulqini\" \/>\n<meta property=\"og:description\" content=\"Tanim\u00eb jemi n\u00eb periudh\u00ebn e pushimeve verore ku shqiptar\u00eb nga Kosova e rajoni zgjedhin pik\u00ebrisht Ulqinin p\u00ebr tu relaksuar e pushuar me familjet e tyre.\" \/>\n<meta property=\"og:url\" content=\"https:\/\/www.visit-ulcinj.com\/blog\/2015\/06\/25\/pamje-ekskluzive-e-ulqinit-nga-syri-i-dronit-video\/\" \/>\n<meta property=\"og:site_name\" content=\"Lajme nga Ulqini\" \/>\n<meta property=\"article:published_time\" content=\"2015-06-25T09:52:00+00:00\" \/>\n<meta property=\"article:modified_time\" content=\"2015-06-26T11:17:12+00:00\" \/>\n<meta property=\"og:image\" content=\"http:\/\/www.visit-ulcinj.com\/blog\/wp-content\/uploads\/2015\/06\/Pamje-ekskluzive-e-Ulqinit-nga-Droni.jpg\" \/>\n<meta name=\"twitter:label1\" content=\"Written by\" \/>\n\t<meta name=\"twitter:data1\" content=\"ulqini\" \/>\n<script type=\"application\/ld+json\" class=\"yoast-schema-graph\">{\"@context\":\"https:\/\/schema.org\",\"@graph\":[{\"@type\":\"WebSite\",\"@id\":\"https:\/\/www.visit-ulcinj.com\/blog\/#website\",\"url\":\"https:\/\/www.visit-ulcinj.com\/blog\/\",\"name\":\"Lajme nga Ulqini\",\"description\":\"Lajme,Vijesti,Ulqini,Ulqin,Crna Gora,Mali i Zi\",\"potentialAction\":[{\"@type\":\"SearchAction\",\"target\":{\"@type\":\"EntryPoint\",\"urlTemplate\":\"https:\/\/www.visit-ulcinj.com\/blog\/?s={search_term_string}\"},\"query-input\":\"required name=search_term_string\"}],\"inLanguage\":\"en-US\"},{\"@type\":\"ImageObject\",\"inLanguage\":\"en-US\",\"@id\":\"https:\/\/www.visit-ulcinj.com\/blog\/2015\/06\/25\/pamje-ekskluzive-e-ulqinit-nga-syri-i-dronit-video\/#primaryimage\",\"url\":\"https:\/\/www.visit-ulcinj.com\/blog\/wp-content\/uploads\/2015\/06\/Pamje-ekskluzive-e-Ulqinit-nga-Droni.jpg\",\"contentUrl\":\"https:\/\/www.visit-ulcinj.com\/blog\/wp-content\/uploads\/2015\/06\/Pamje-ekskluzive-e-Ulqinit-nga-Droni.jpg\",\"width\":1000,\"height\":565},{\"@type\":\"WebPage\",\"@id\":\"https:\/\/www.visit-ulcinj.com\/blog\/2015\/06\/25\/pamje-ekskluzive-e-ulqinit-nga-syri-i-dronit-video\/#webpage\",\"url\":\"https:\/\/www.visit-ulcinj.com\/blog\/2015\/06\/25\/pamje-ekskluzive-e-ulqinit-nga-syri-i-dronit-video\/\",\"name\":\"Pamje ekskluzive e Ulqinit nga syri i dronit - Video - Lajme nga Ulqini\",\"isPartOf\":{\"@id\":\"https:\/\/www.visit-ulcinj.com\/blog\/#website\"},\"primaryImageOfPage\":{\"@id\":\"https:\/\/www.visit-ulcinj.com\/blog\/2015\/06\/25\/pamje-ekskluzive-e-ulqinit-nga-syri-i-dronit-video\/#primaryimage\"},\"datePublished\":\"2015-06-25T09:52:00+00:00\",\"dateModified\":\"2015-06-26T11:17:12+00:00\",\"author\":{\"@id\":\"https:\/\/www.visit-ulcinj.com\/blog\/#\/schema\/person\/dcab619c614d3038751c63bc2aadc06d\"},\"description\":\"Tanim\u00eb jemi n\u00eb periudh\u00ebn e pushimeve verore ku shqiptar\u00eb nga Kosova e rajoni zgjedhin pik\u00ebrisht Ulqinin p\u00ebr tu relaksuar e pushuar me familjet e tyre.\",\"breadcrumb\":{\"@id\":\"https:\/\/www.visit-ulcinj.com\/blog\/2015\/06\/25\/pamje-ekskluzive-e-ulqinit-nga-syri-i-dronit-video\/#breadcrumb\"},\"inLanguage\":\"en-US\",\"potentialAction\":[{\"@type\":\"ReadAction\",\"target\":[\"https:\/\/www.visit-ulcinj.com\/blog\/2015\/06\/25\/pamje-ekskluzive-e-ulqinit-nga-syri-i-dronit-video\/\"]}]},{\"@type\":\"BreadcrumbList\",\"@id\":\"https:\/\/www.visit-ulcinj.com\/blog\/2015\/06\/25\/pamje-ekskluzive-e-ulqinit-nga-syri-i-dronit-video\/#breadcrumb\",\"itemListElement\":[{\"@type\":\"ListItem\",\"position\":1,\"name\":\"Pamje ekskluzive e Ulqinit nga syri i dronit &#8211; Video\"}]},{\"@type\":\"Person\",\"@id\":\"https:\/\/www.visit-ulcinj.com\/blog\/#\/schema\/person\/dcab619c614d3038751c63bc2aadc06d\",\"name\":\"ulqini\",\"sameAs\":[\"http:\/\/www.visit-ulcinj.com\"],\"url\":\"https:\/\/www.visit-ulcinj.com\/blog\/author\/admin\/\"}]}<\/script>\n<!-- \/ Yoast SEO plugin. -->","yoast_head_json":{"title":"Pamje ekskluzive e Ulqinit nga syri i dronit - Video - Lajme nga Ulqini","description":"Tanim\u00eb jemi n\u00eb periudh\u00ebn e pushimeve verore ku shqiptar\u00eb nga Kosova e rajoni zgjedhin pik\u00ebrisht Ulqinin p\u00ebr tu relaksuar e pushuar me familjet e tyre.","robots":{"index":"index","follow":"follow","max-snippet":"max-snippet:-1","max-image-preview":"max-image-preview:large","max-video-preview":"max-video-preview:-1"},"canonical":"https:\/\/www.visit-ulcinj.com\/blog\/2015\/06\/25\/pamje-ekskluzive-e-ulqinit-nga-syri-i-dronit-video\/","og_locale":"en_US","og_type":"article","og_title":"Pamje ekskluzive e Ulqinit nga syri i dronit - Video - Lajme nga Ulqini","og_description":"Tanim\u00eb jemi n\u00eb periudh\u00ebn e pushimeve verore ku shqiptar\u00eb nga Kosova e rajoni zgjedhin pik\u00ebrisht Ulqinin p\u00ebr tu relaksuar e pushuar me familjet e tyre.","og_url":"https:\/\/www.visit-ulcinj.com\/blog\/2015\/06\/25\/pamje-ekskluzive-e-ulqinit-nga-syri-i-dronit-video\/","og_site_name":"Lajme nga Ulqini","article_published_time":"2015-06-25T09:52:00+00:00","article_modified_time":"2015-06-26T11:17:12+00:00","og_image":[{"url":"http:\/\/www.visit-ulcinj.com\/blog\/wp-content\/uploads\/2015\/06\/Pamje-ekskluzive-e-Ulqinit-nga-Droni.jpg"}],"twitter_misc":{"Written by":"ulqini"},"schema":{"@context":"https:\/\/schema.org","@graph":[{"@type":"WebSite","@id":"https:\/\/www.visit-ulcinj.com\/blog\/#website","url":"https:\/\/www.visit-ulcinj.com\/blog\/","name":"Lajme nga Ulqini","description":"Lajme,Vijesti,Ulqini,Ulqin,Crna Gora,Mali i Zi","potentialAction":[{"@type":"SearchAction","target":{"@type":"EntryPoint","urlTemplate":"https:\/\/www.visit-ulcinj.com\/blog\/?s={search_term_string}"},"query-input":"required name=search_term_string"}],"inLanguage":"en-US"},{"@type":"ImageObject","inLanguage":"en-US","@id":"https:\/\/www.visit-ulcinj.com\/blog\/2015\/06\/25\/pamje-ekskluzive-e-ulqinit-nga-syri-i-dronit-video\/#primaryimage","url":"https:\/\/www.visit-ulcinj.com\/blog\/wp-content\/uploads\/2015\/06\/Pamje-ekskluzive-e-Ulqinit-nga-Droni.jpg","contentUrl":"https:\/\/www.visit-ulcinj.com\/blog\/wp-content\/uploads\/2015\/06\/Pamje-ekskluzive-e-Ulqinit-nga-Droni.jpg","width":1000,"height":565},{"@type":"WebPage","@id":"https:\/\/www.visit-ulcinj.com\/blog\/2015\/06\/25\/pamje-ekskluzive-e-ulqinit-nga-syri-i-dronit-video\/#webpage","url":"https:\/\/www.visit-ulcinj.com\/blog\/2015\/06\/25\/pamje-ekskluzive-e-ulqinit-nga-syri-i-dronit-video\/","name":"Pamje ekskluzive e Ulqinit nga syri i dronit - Video - Lajme nga Ulqini","isPartOf":{"@id":"https:\/\/www.visit-ulcinj.com\/blog\/#website"},"primaryImageOfPage":{"@id":"https:\/\/www.visit-ulcinj.com\/blog\/2015\/06\/25\/pamje-ekskluzive-e-ulqinit-nga-syri-i-dronit-video\/#primaryimage"},"datePublished":"2015-06-25T09:52:00+00:00","dateModified":"2015-06-26T11:17:12+00:00","author":{"@id":"https:\/\/www.visit-ulcinj.com\/blog\/#\/schema\/person\/dcab619c614d3038751c63bc2aadc06d"},"description":"Tanim\u00eb jemi n\u00eb periudh\u00ebn e pushimeve verore ku shqiptar\u00eb nga Kosova e rajoni zgjedhin pik\u00ebrisht Ulqinin p\u00ebr tu relaksuar e pushuar me familjet e tyre.","breadcrumb":{"@id":"https:\/\/www.visit-ulcinj.com\/blog\/2015\/06\/25\/pamje-ekskluzive-e-ulqinit-nga-syri-i-dronit-video\/#breadcrumb"},"inLanguage":"en-US","potentialAction":[{"@type":"ReadAction","target":["https:\/\/www.visit-ulcinj.com\/blog\/2015\/06\/25\/pamje-ekskluzive-e-ulqinit-nga-syri-i-dronit-video\/"]}]},{"@type":"BreadcrumbList","@id":"https:\/\/www.visit-ulcinj.com\/blog\/2015\/06\/25\/pamje-ekskluzive-e-ulqinit-nga-syri-i-dronit-video\/#breadcrumb","itemListElement":[{"@type":"ListItem","position":1,"name":"Pamje ekskluzive e Ulqinit nga syri i dronit &#8211; Video"}]},{"@type":"Person","@id":"https:\/\/www.visit-ulcinj.com\/blog\/#\/schema\/person\/dcab619c614d3038751c63bc2aadc06d","name":"ulqini","sameAs":["http:\/\/www.visit-ulcinj.com"],"url":"https:\/\/www.visit-ulcinj.com\/blog\/author\/admin\/"}]}},"jetpack_featured_media_url":"","jetpack_sharing_enabled":true,"jetpack_shortlink":"https:\/\/wp.me\/pe6lTn-nIW","_links":{"self":[{"href":"https:\/\/www.visit-ulcinj.com\/blog\/wp-json\/wp\/v2\/posts\/91198"}],"collection":[{"href":"https:\/\/www.visit-ulcinj.com\/blog\/wp-json\/wp\/v2\/posts"}],"about":[{"href":"https:\/\/www.visit-ulcinj.com\/blog\/wp-json\/wp\/v2\/types\/post"}],"author":[{"embeddable":true,"href":"https:\/\/www.visit-ulcinj.com\/blog\/wp-json\/wp\/v2\/users\/1"}],"replies":[{"embeddable":true,"href":"https:\/\/www.visit-ulcinj.com\/blog\/wp-json\/wp\/v2\/comments?post=91198"}],"version-history":[{"count":3,"href":"https:\/\/www.visit-ulcinj.com\/blog\/wp-json\/wp\/v2\/posts\/91198\/revisions"}],"predecessor-version":[{"id":91202,"href":"https:\/\/www.visit-ulcinj.com\/blog\/wp-json\/wp\/v2\/posts\/91198\/revisions\/91202"}],"wp:attachment":[{"href":"https:\/\/www.visit-ulcinj.com\/blog\/wp-json\/wp\/v2\/media?parent=91198"}],"wp:term":[{"taxonomy":"category","embeddable":true,"href":"https:\/\/www.visit-ulcinj.com\/blog\/wp-json\/wp\/v2\/categories?post=91198"},{"taxonomy":"post_tag","embeddable":true,"href":"https:\/\/www.visit-ulcinj.com\/blog\/wp-json\/wp\/v2\/tags?post=91198"}],"curies":[{"name":"wp","href":"https:\/\/api.w.org\/{rel}","templated":true}]}}