{"id":91222,"date":"2015-06-27T18:24:58","date_gmt":"2015-06-27T17:24:58","guid":{"rendered":"http:\/\/www.visit-ulcinj.com\/blog\/?p=91222"},"modified":"2015-06-28T05:22:16","modified_gmt":"2015-06-28T04:22:16","slug":"ulqini-kujton-camerine-video","status":"publish","type":"post","link":"https:\/\/www.visit-ulcinj.com\/blog\/2015\/06\/27\/ulqini-kujton-camerine-video\/","title":{"rendered":"Ulqini kujton \u00c7am\u00ebrin\u00eb &#8211; Video"},"content":{"rendered":"<p><strong><a href=\"http:\/\/www.visit-ulcinj.com\/blog\/wp-content\/uploads\/2015\/06\/Ulqini-kujton-\u00c7am\u00ebrin\u00eb-.jpg\"><img loading=\"lazy\" class=\"alignleft wp-image-91223\" src=\"http:\/\/www.visit-ulcinj.com\/blog\/wp-content\/uploads\/2015\/06\/Ulqini-kujton-\u00c7am\u00ebrin\u00eb-.jpg\" alt=\"Ulqini kujton \u00c7am\u00ebrin\u00eb-\" width=\"508\" height=\"286\" srcset=\"https:\/\/www.visit-ulcinj.com\/blog\/wp-content\/uploads\/2015\/06\/Ulqini-kujton-\u00c7am\u00ebrin\u00eb-.jpg 640w, https:\/\/www.visit-ulcinj.com\/blog\/wp-content\/uploads\/2015\/06\/Ulqini-kujton-\u00c7am\u00ebrin\u00eb--300x169.jpg 300w\" sizes=\"(max-width: 508px) 100vw, 508px\" \/><\/a>Ulqin, veprimtari kushtuar \u00e7\u00ebshtjes \u00e7ame<\/strong><\/p>\n<p>N\u00eb Ulqin u mbajt nj\u00eb veprimtari kulturoro-shkencore kushtuar \u00e7\u00ebshtjes \u00e7ame dhe historis\u00eb s\u00eb dhimbshme t\u00eb k\u00ebsaj popullate\u00a0 shqiptare.<\/p>\n<p>Veprimtaria e titulluar\u00a0 &#8220;Ulqini kujton \u00c7am\u00ebrin\u00eb&#8221; u organizua me rastin e 70 vjetorit t\u00eb tragjedis\u00eb \u00e7ame, ku p\u00ebrve\u00e7 studimeve t\u00eb fushave t\u00eb ndryshme, u hap nj\u00eb ekspozit\u00eb me fotografi, u recituan poezi dhe u interpretuan valle folklorike me motive \u00e7ame.<\/p>\n<p>P\u00ebr m\u00eb shum\u00eb ndiqeni kronik\u00ebn e p\u00ebrgaditur nga korrespondenti i Z\u00ebrit t\u00eb Amerik\u00ebs, Ali Salaj.<\/p>\n<p><strong>VAO<\/strong><\/p>\n<p><iframe loading=\"lazy\" src=\"http:\/\/zeriamerikes.share.voanews.eu\/flashembed.aspx?t=vid&amp;id=2838577&amp;w=640&amp;h=363&amp;skin=embeded\" scrolling=\"no\" frameborder=\"0\" width=\"508\" height=\"340\"><\/iframe><\/p>\n","protected":false},"excerpt":{"rendered":"<p>Ulqin, veprimtari kushtuar \u00e7\u00ebshtjes \u00e7ame N\u00eb Ulqin u mbajt nj\u00eb veprimtari kulturoro-shkencore kushtuar \u00e7\u00ebshtjes \u00e7ame dhe historis\u00eb s\u00eb dhimbshme t\u00eb k\u00ebsaj popullate\u00a0 shqiptare. Veprimtaria e titulluar\u00a0 &#8220;Ulqini kujton \u00c7am\u00ebrin\u00eb&#8221; u organizua me rastin e 70 vjetorit t\u00eb tragjedis\u00eb \u00e7ame, ku p\u00ebrve\u00e7 studimeve t\u00eb fushave t\u00eb ndryshme, u hap nj\u00eb ekspozit\u00eb me fotografi, u recituan poezi [&hellip;]<\/p>\n","protected":false},"author":1,"featured_media":0,"comment_status":"closed","ping_status":"closed","sticky":false,"template":"","format":"standard","meta":{"spay_email":"","jetpack_publicize_message":"","jetpack_is_tweetstorm":false,"jetpack_publicize_feature_enabled":true},"categories":[1,11],"tags":[],"jetpack_publicize_connections":[],"yoast_head":"<!-- This site is optimized with the Yoast SEO plugin v19.1 - https:\/\/yoast.com\/wordpress\/plugins\/seo\/ -->\n<title>Ulqini kujton \u00c7am\u00ebrin\u00eb - Video - Lajme nga Ulqini<\/title>\n<meta name=\"description\" content=\"Ulqin, veprimtari kushtuar \u00e7\u00ebshtjes \u00e7ame N\u00eb Ulqin u mbajt nj\u00eb veprimtari kulturoro-shkencore kushtuar \u00e7\u00ebshtjes \u00e7ame dhe historis\u00eb s\u00eb dhimbshme t\u00eb k\u00ebsaj\" \/>\n<meta name=\"robots\" content=\"index, follow, max-snippet:-1, max-image-preview:large, max-video-preview:-1\" \/>\n<link rel=\"canonical\" href=\"https:\/\/www.visit-ulcinj.com\/blog\/2015\/06\/27\/ulqini-kujton-camerine-video\/\" \/>\n<meta property=\"og:locale\" content=\"en_US\" \/>\n<meta property=\"og:type\" content=\"article\" \/>\n<meta property=\"og:title\" content=\"Ulqini kujton \u00c7am\u00ebrin\u00eb - Video - Lajme nga Ulqini\" \/>\n<meta property=\"og:description\" content=\"Ulqin, veprimtari kushtuar \u00e7\u00ebshtjes \u00e7ame N\u00eb Ulqin u mbajt nj\u00eb veprimtari kulturoro-shkencore kushtuar \u00e7\u00ebshtjes \u00e7ame dhe historis\u00eb s\u00eb dhimbshme t\u00eb k\u00ebsaj\" \/>\n<meta property=\"og:url\" content=\"https:\/\/www.visit-ulcinj.com\/blog\/2015\/06\/27\/ulqini-kujton-camerine-video\/\" \/>\n<meta property=\"og:site_name\" content=\"Lajme nga Ulqini\" \/>\n<meta property=\"article:published_time\" content=\"2015-06-27T17:24:58+00:00\" \/>\n<meta property=\"article:modified_time\" content=\"2015-06-28T04:22:16+00:00\" \/>\n<meta name=\"twitter:label1\" content=\"Written by\" \/>\n\t<meta name=\"twitter:data1\" content=\"ulqini\" \/>\n<script type=\"application\/ld+json\" class=\"yoast-schema-graph\">{\"@context\":\"https:\/\/schema.org\",\"@graph\":[{\"@type\":\"WebSite\",\"@id\":\"https:\/\/www.visit-ulcinj.com\/blog\/#website\",\"url\":\"https:\/\/www.visit-ulcinj.com\/blog\/\",\"name\":\"Lajme nga Ulqini\",\"description\":\"Lajme,Vijesti,Ulqini,Ulqin,Crna Gora,Mali i Zi\",\"potentialAction\":[{\"@type\":\"SearchAction\",\"target\":{\"@type\":\"EntryPoint\",\"urlTemplate\":\"https:\/\/www.visit-ulcinj.com\/blog\/?s={search_term_string}\"},\"query-input\":\"required name=search_term_string\"}],\"inLanguage\":\"en-US\"},{\"@type\":\"WebPage\",\"@id\":\"https:\/\/www.visit-ulcinj.com\/blog\/2015\/06\/27\/ulqini-kujton-camerine-video\/#webpage\",\"url\":\"https:\/\/www.visit-ulcinj.com\/blog\/2015\/06\/27\/ulqini-kujton-camerine-video\/\",\"name\":\"Ulqini kujton \u00c7am\u00ebrin\u00eb - Video - Lajme nga Ulqini\",\"isPartOf\":{\"@id\":\"https:\/\/www.visit-ulcinj.com\/blog\/#website\"},\"datePublished\":\"2015-06-27T17:24:58+00:00\",\"dateModified\":\"2015-06-28T04:22:16+00:00\",\"author\":{\"@id\":\"https:\/\/www.visit-ulcinj.com\/blog\/#\/schema\/person\/dcab619c614d3038751c63bc2aadc06d\"},\"description\":\"Ulqin, veprimtari kushtuar \u00e7\u00ebshtjes \u00e7ame N\u00eb Ulqin u mbajt nj\u00eb veprimtari kulturoro-shkencore kushtuar \u00e7\u00ebshtjes \u00e7ame dhe historis\u00eb s\u00eb dhimbshme t\u00eb k\u00ebsaj\",\"breadcrumb\":{\"@id\":\"https:\/\/www.visit-ulcinj.com\/blog\/2015\/06\/27\/ulqini-kujton-camerine-video\/#breadcrumb\"},\"inLanguage\":\"en-US\",\"potentialAction\":[{\"@type\":\"ReadAction\",\"target\":[\"https:\/\/www.visit-ulcinj.com\/blog\/2015\/06\/27\/ulqini-kujton-camerine-video\/\"]}]},{\"@type\":\"BreadcrumbList\",\"@id\":\"https:\/\/www.visit-ulcinj.com\/blog\/2015\/06\/27\/ulqini-kujton-camerine-video\/#breadcrumb\",\"itemListElement\":[{\"@type\":\"ListItem\",\"position\":1,\"name\":\"Ulqini kujton \u00c7am\u00ebrin\u00eb &#8211; Video\"}]},{\"@type\":\"Person\",\"@id\":\"https:\/\/www.visit-ulcinj.com\/blog\/#\/schema\/person\/dcab619c614d3038751c63bc2aadc06d\",\"name\":\"ulqini\",\"sameAs\":[\"http:\/\/www.visit-ulcinj.com\"],\"url\":\"https:\/\/www.visit-ulcinj.com\/blog\/author\/admin\/\"}]}<\/script>\n<!-- \/ Yoast SEO plugin. -->","yoast_head_json":{"title":"Ulqini kujton \u00c7am\u00ebrin\u00eb - Video - Lajme nga Ulqini","description":"Ulqin, veprimtari kushtuar \u00e7\u00ebshtjes \u00e7ame N\u00eb Ulqin u mbajt nj\u00eb veprimtari kulturoro-shkencore kushtuar \u00e7\u00ebshtjes \u00e7ame dhe historis\u00eb s\u00eb dhimbshme t\u00eb k\u00ebsaj","robots":{"index":"index","follow":"follow","max-snippet":"max-snippet:-1","max-image-preview":"max-image-preview:large","max-video-preview":"max-video-preview:-1"},"canonical":"https:\/\/www.visit-ulcinj.com\/blog\/2015\/06\/27\/ulqini-kujton-camerine-video\/","og_locale":"en_US","og_type":"article","og_title":"Ulqini kujton \u00c7am\u00ebrin\u00eb - Video - Lajme nga Ulqini","og_description":"Ulqin, veprimtari kushtuar \u00e7\u00ebshtjes \u00e7ame N\u00eb Ulqin u mbajt nj\u00eb veprimtari kulturoro-shkencore kushtuar \u00e7\u00ebshtjes \u00e7ame dhe historis\u00eb s\u00eb dhimbshme t\u00eb k\u00ebsaj","og_url":"https:\/\/www.visit-ulcinj.com\/blog\/2015\/06\/27\/ulqini-kujton-camerine-video\/","og_site_name":"Lajme nga Ulqini","article_published_time":"2015-06-27T17:24:58+00:00","article_modified_time":"2015-06-28T04:22:16+00:00","twitter_misc":{"Written by":"ulqini"},"schema":{"@context":"https:\/\/schema.org","@graph":[{"@type":"WebSite","@id":"https:\/\/www.visit-ulcinj.com\/blog\/#website","url":"https:\/\/www.visit-ulcinj.com\/blog\/","name":"Lajme nga Ulqini","description":"Lajme,Vijesti,Ulqini,Ulqin,Crna Gora,Mali i Zi","potentialAction":[{"@type":"SearchAction","target":{"@type":"EntryPoint","urlTemplate":"https:\/\/www.visit-ulcinj.com\/blog\/?s={search_term_string}"},"query-input":"required name=search_term_string"}],"inLanguage":"en-US"},{"@type":"WebPage","@id":"https:\/\/www.visit-ulcinj.com\/blog\/2015\/06\/27\/ulqini-kujton-camerine-video\/#webpage","url":"https:\/\/www.visit-ulcinj.com\/blog\/2015\/06\/27\/ulqini-kujton-camerine-video\/","name":"Ulqini kujton \u00c7am\u00ebrin\u00eb - Video - Lajme nga Ulqini","isPartOf":{"@id":"https:\/\/www.visit-ulcinj.com\/blog\/#website"},"datePublished":"2015-06-27T17:24:58+00:00","dateModified":"2015-06-28T04:22:16+00:00","author":{"@id":"https:\/\/www.visit-ulcinj.com\/blog\/#\/schema\/person\/dcab619c614d3038751c63bc2aadc06d"},"description":"Ulqin, veprimtari kushtuar \u00e7\u00ebshtjes \u00e7ame N\u00eb Ulqin u mbajt nj\u00eb veprimtari kulturoro-shkencore kushtuar \u00e7\u00ebshtjes \u00e7ame dhe historis\u00eb s\u00eb dhimbshme t\u00eb k\u00ebsaj","breadcrumb":{"@id":"https:\/\/www.visit-ulcinj.com\/blog\/2015\/06\/27\/ulqini-kujton-camerine-video\/#breadcrumb"},"inLanguage":"en-US","potentialAction":[{"@type":"ReadAction","target":["https:\/\/www.visit-ulcinj.com\/blog\/2015\/06\/27\/ulqini-kujton-camerine-video\/"]}]},{"@type":"BreadcrumbList","@id":"https:\/\/www.visit-ulcinj.com\/blog\/2015\/06\/27\/ulqini-kujton-camerine-video\/#breadcrumb","itemListElement":[{"@type":"ListItem","position":1,"name":"Ulqini kujton \u00c7am\u00ebrin\u00eb &#8211; Video"}]},{"@type":"Person","@id":"https:\/\/www.visit-ulcinj.com\/blog\/#\/schema\/person\/dcab619c614d3038751c63bc2aadc06d","name":"ulqini","sameAs":["http:\/\/www.visit-ulcinj.com"],"url":"https:\/\/www.visit-ulcinj.com\/blog\/author\/admin\/"}]}},"jetpack_featured_media_url":"","jetpack_sharing_enabled":true,"jetpack_shortlink":"https:\/\/wp.me\/pe6lTn-nJk","_links":{"self":[{"href":"https:\/\/www.visit-ulcinj.com\/blog\/wp-json\/wp\/v2\/posts\/91222"}],"collection":[{"href":"https:\/\/www.visit-ulcinj.com\/blog\/wp-json\/wp\/v2\/posts"}],"about":[{"href":"https:\/\/www.visit-ulcinj.com\/blog\/wp-json\/wp\/v2\/types\/post"}],"author":[{"embeddable":true,"href":"https:\/\/www.visit-ulcinj.com\/blog\/wp-json\/wp\/v2\/users\/1"}],"replies":[{"embeddable":true,"href":"https:\/\/www.visit-ulcinj.com\/blog\/wp-json\/wp\/v2\/comments?post=91222"}],"version-history":[{"count":1,"href":"https:\/\/www.visit-ulcinj.com\/blog\/wp-json\/wp\/v2\/posts\/91222\/revisions"}],"predecessor-version":[{"id":91224,"href":"https:\/\/www.visit-ulcinj.com\/blog\/wp-json\/wp\/v2\/posts\/91222\/revisions\/91224"}],"wp:attachment":[{"href":"https:\/\/www.visit-ulcinj.com\/blog\/wp-json\/wp\/v2\/media?parent=91222"}],"wp:term":[{"taxonomy":"category","embeddable":true,"href":"https:\/\/www.visit-ulcinj.com\/blog\/wp-json\/wp\/v2\/categories?post=91222"},{"taxonomy":"post_tag","embeddable":true,"href":"https:\/\/www.visit-ulcinj.com\/blog\/wp-json\/wp\/v2\/tags?post=91222"}],"curies":[{"name":"wp","href":"https:\/\/api.w.org\/{rel}","templated":true}]}}