{"id":91228,"date":"2015-06-28T05:21:36","date_gmt":"2015-06-28T04:21:36","guid":{"rendered":"http:\/\/www.visit-ulcinj.com\/blog\/?p=91228"},"modified":"2015-06-28T22:42:57","modified_gmt":"2015-06-28T21:42:57","slug":"salaj-shqetesime-per-privatizimet-ne-ulqin","status":"publish","type":"post","link":"https:\/\/www.visit-ulcinj.com\/blog\/2015\/06\/28\/salaj-shqetesime-per-privatizimet-ne-ulqin\/","title":{"rendered":"Salaj: Shqet\u00ebsime p\u00ebr privatizimet n\u00eb Ulqin"},"content":{"rendered":"<div><a href=\"http:\/\/www.visit-ulcinj.com\/blog\/wp-content\/uploads\/2015\/06\/Shqet\u00ebsime-p\u00ebr-privatizimet-n\u00eb-Ulqin.jpg\"><img loading=\"lazy\" class=\"alignleft wp-image-91229\" src=\"http:\/\/www.visit-ulcinj.com\/blog\/wp-content\/uploads\/2015\/06\/Shqet\u00ebsime-p\u00ebr-privatizimet-n\u00eb-Ulqin.jpg\" alt=\"Shqet\u00ebsime p\u00ebr privatizimet n\u00eb Ulqin\" width=\"508\" height=\"279\" srcset=\"https:\/\/www.visit-ulcinj.com\/blog\/wp-content\/uploads\/2015\/06\/Shqet\u00ebsime-p\u00ebr-privatizimet-n\u00eb-Ulqin.jpg 680w, https:\/\/www.visit-ulcinj.com\/blog\/wp-content\/uploads\/2015\/06\/Shqet\u00ebsime-p\u00ebr-privatizimet-n\u00eb-Ulqin-300x165.jpg 300w\" sizes=\"(max-width: 508px) 100vw, 508px\" \/><\/a>Sindikatat e pavarura kritikojn\u00eb procesin e privatizimit n\u00eb Komun\u00ebn e Ulqinit duke e cil\u00ebsuar at\u00eb si t\u00eb d\u00ebshtuar dhe me pasoja t\u00eb r\u00ebnda ekonomike dhe sociale.<\/div>\n<div><\/div>\n<div>Ata k\u00ebrkojn\u00eb q\u00eb privatizimet e nd\u00ebrmarrjeve shoq\u00ebrore tu n\u00ebnshtrohen nj\u00eb rivler\u00ebsimi dhe rishqyrtime me q\u00ebllim q\u00eb t\u00eb zbutet sadopak situata e krijuar.<\/div>\n<div><\/div>\n<div><\/div>\n<div>Korrespondenti i Z\u00ebrit t\u00eb Amerik\u00ebs Ali Salaj \u00a0p\u00ebrgatiti kronik\u00ebn q\u00eb po transmetojm\u00eb.<\/div>\n<div><\/div>\n<div>VAO<\/div>\n<div><!--YouTube Error: bad URL entered--><\/div>\n","protected":false},"excerpt":{"rendered":"<p>Sindikatat e pavarura kritikojn\u00eb procesin e privatizimit n\u00eb Komun\u00ebn e Ulqinit duke e cil\u00ebsuar at\u00eb si t\u00eb d\u00ebshtuar dhe me pasoja t\u00eb r\u00ebnda ekonomike dhe sociale. Ata k\u00ebrkojn\u00eb q\u00eb privatizimet e nd\u00ebrmarrjeve shoq\u00ebrore tu n\u00ebnshtrohen nj\u00eb rivler\u00ebsimi dhe rishqyrtime me q\u00ebllim q\u00eb t\u00eb zbutet sadopak situata e krijuar. Korrespondenti i Z\u00ebrit t\u00eb Amerik\u00ebs Ali Salaj [&hellip;]<\/p>\n","protected":false},"author":1,"featured_media":0,"comment_status":"closed","ping_status":"closed","sticky":false,"template":"","format":"standard","meta":{"spay_email":"","jetpack_publicize_message":"","jetpack_is_tweetstorm":false,"jetpack_publicize_feature_enabled":true},"categories":[10,1],"tags":[],"jetpack_publicize_connections":[],"yoast_head":"<!-- This site is optimized with the Yoast SEO plugin v19.1 - https:\/\/yoast.com\/wordpress\/plugins\/seo\/ -->\n<title>Salaj: Shqet\u00ebsime p\u00ebr privatizimet n\u00eb Ulqin - Lajme nga Ulqini<\/title>\n<meta name=\"description\" content=\"Sindikatat e pavarura kritikojn\u00eb procesin e privatizimit n\u00eb Komun\u00ebn e Ulqinit duke e cil\u00ebsuar at\u00eb si t\u00eb d\u00ebshtuar dhe me pasoja t\u00eb r\u00ebnda ekonomike dhe\" \/>\n<meta name=\"robots\" content=\"index, follow, max-snippet:-1, max-image-preview:large, max-video-preview:-1\" \/>\n<link rel=\"canonical\" href=\"https:\/\/www.visit-ulcinj.com\/blog\/2015\/06\/28\/salaj-shqetesime-per-privatizimet-ne-ulqin\/\" \/>\n<meta property=\"og:locale\" content=\"en_US\" \/>\n<meta property=\"og:type\" content=\"article\" \/>\n<meta property=\"og:title\" content=\"Salaj: Shqet\u00ebsime p\u00ebr privatizimet n\u00eb Ulqin - Lajme nga Ulqini\" \/>\n<meta property=\"og:description\" content=\"Sindikatat e pavarura kritikojn\u00eb procesin e privatizimit n\u00eb Komun\u00ebn e Ulqinit duke e cil\u00ebsuar at\u00eb si t\u00eb d\u00ebshtuar dhe me pasoja t\u00eb r\u00ebnda ekonomike dhe\" \/>\n<meta property=\"og:url\" content=\"https:\/\/www.visit-ulcinj.com\/blog\/2015\/06\/28\/salaj-shqetesime-per-privatizimet-ne-ulqin\/\" \/>\n<meta property=\"og:site_name\" content=\"Lajme nga Ulqini\" \/>\n<meta property=\"article:published_time\" content=\"2015-06-28T04:21:36+00:00\" \/>\n<meta property=\"article:modified_time\" content=\"2015-06-28T21:42:57+00:00\" \/>\n<meta name=\"twitter:label1\" content=\"Written by\" \/>\n\t<meta name=\"twitter:data1\" content=\"ulqini\" \/>\n<script type=\"application\/ld+json\" class=\"yoast-schema-graph\">{\"@context\":\"https:\/\/schema.org\",\"@graph\":[{\"@type\":\"WebSite\",\"@id\":\"https:\/\/www.visit-ulcinj.com\/blog\/#website\",\"url\":\"https:\/\/www.visit-ulcinj.com\/blog\/\",\"name\":\"Lajme nga Ulqini\",\"description\":\"Lajme,Vijesti,Ulqini,Ulqin,Crna Gora,Mali i Zi\",\"potentialAction\":[{\"@type\":\"SearchAction\",\"target\":{\"@type\":\"EntryPoint\",\"urlTemplate\":\"https:\/\/www.visit-ulcinj.com\/blog\/?s={search_term_string}\"},\"query-input\":\"required name=search_term_string\"}],\"inLanguage\":\"en-US\"},{\"@type\":\"WebPage\",\"@id\":\"https:\/\/www.visit-ulcinj.com\/blog\/2015\/06\/28\/salaj-shqetesime-per-privatizimet-ne-ulqin\/#webpage\",\"url\":\"https:\/\/www.visit-ulcinj.com\/blog\/2015\/06\/28\/salaj-shqetesime-per-privatizimet-ne-ulqin\/\",\"name\":\"Salaj: Shqet\u00ebsime p\u00ebr privatizimet n\u00eb Ulqin - Lajme nga Ulqini\",\"isPartOf\":{\"@id\":\"https:\/\/www.visit-ulcinj.com\/blog\/#website\"},\"datePublished\":\"2015-06-28T04:21:36+00:00\",\"dateModified\":\"2015-06-28T21:42:57+00:00\",\"author\":{\"@id\":\"https:\/\/www.visit-ulcinj.com\/blog\/#\/schema\/person\/dcab619c614d3038751c63bc2aadc06d\"},\"description\":\"Sindikatat e pavarura kritikojn\u00eb procesin e privatizimit n\u00eb Komun\u00ebn e Ulqinit duke e cil\u00ebsuar at\u00eb si t\u00eb d\u00ebshtuar dhe me pasoja t\u00eb r\u00ebnda ekonomike dhe\",\"breadcrumb\":{\"@id\":\"https:\/\/www.visit-ulcinj.com\/blog\/2015\/06\/28\/salaj-shqetesime-per-privatizimet-ne-ulqin\/#breadcrumb\"},\"inLanguage\":\"en-US\",\"potentialAction\":[{\"@type\":\"ReadAction\",\"target\":[\"https:\/\/www.visit-ulcinj.com\/blog\/2015\/06\/28\/salaj-shqetesime-per-privatizimet-ne-ulqin\/\"]}]},{\"@type\":\"BreadcrumbList\",\"@id\":\"https:\/\/www.visit-ulcinj.com\/blog\/2015\/06\/28\/salaj-shqetesime-per-privatizimet-ne-ulqin\/#breadcrumb\",\"itemListElement\":[{\"@type\":\"ListItem\",\"position\":1,\"name\":\"Salaj: Shqet\u00ebsime p\u00ebr privatizimet n\u00eb Ulqin\"}]},{\"@type\":\"Person\",\"@id\":\"https:\/\/www.visit-ulcinj.com\/blog\/#\/schema\/person\/dcab619c614d3038751c63bc2aadc06d\",\"name\":\"ulqini\",\"sameAs\":[\"http:\/\/www.visit-ulcinj.com\"],\"url\":\"https:\/\/www.visit-ulcinj.com\/blog\/author\/admin\/\"}]}<\/script>\n<!-- \/ Yoast SEO plugin. -->","yoast_head_json":{"title":"Salaj: Shqet\u00ebsime p\u00ebr privatizimet n\u00eb Ulqin - Lajme nga Ulqini","description":"Sindikatat e pavarura kritikojn\u00eb procesin e privatizimit n\u00eb Komun\u00ebn e Ulqinit duke e cil\u00ebsuar at\u00eb si t\u00eb d\u00ebshtuar dhe me pasoja t\u00eb r\u00ebnda ekonomike dhe","robots":{"index":"index","follow":"follow","max-snippet":"max-snippet:-1","max-image-preview":"max-image-preview:large","max-video-preview":"max-video-preview:-1"},"canonical":"https:\/\/www.visit-ulcinj.com\/blog\/2015\/06\/28\/salaj-shqetesime-per-privatizimet-ne-ulqin\/","og_locale":"en_US","og_type":"article","og_title":"Salaj: Shqet\u00ebsime p\u00ebr privatizimet n\u00eb Ulqin - Lajme nga Ulqini","og_description":"Sindikatat e pavarura kritikojn\u00eb procesin e privatizimit n\u00eb Komun\u00ebn e Ulqinit duke e cil\u00ebsuar at\u00eb si t\u00eb d\u00ebshtuar dhe me pasoja t\u00eb r\u00ebnda ekonomike dhe","og_url":"https:\/\/www.visit-ulcinj.com\/blog\/2015\/06\/28\/salaj-shqetesime-per-privatizimet-ne-ulqin\/","og_site_name":"Lajme nga Ulqini","article_published_time":"2015-06-28T04:21:36+00:00","article_modified_time":"2015-06-28T21:42:57+00:00","twitter_misc":{"Written by":"ulqini"},"schema":{"@context":"https:\/\/schema.org","@graph":[{"@type":"WebSite","@id":"https:\/\/www.visit-ulcinj.com\/blog\/#website","url":"https:\/\/www.visit-ulcinj.com\/blog\/","name":"Lajme nga Ulqini","description":"Lajme,Vijesti,Ulqini,Ulqin,Crna Gora,Mali i Zi","potentialAction":[{"@type":"SearchAction","target":{"@type":"EntryPoint","urlTemplate":"https:\/\/www.visit-ulcinj.com\/blog\/?s={search_term_string}"},"query-input":"required name=search_term_string"}],"inLanguage":"en-US"},{"@type":"WebPage","@id":"https:\/\/www.visit-ulcinj.com\/blog\/2015\/06\/28\/salaj-shqetesime-per-privatizimet-ne-ulqin\/#webpage","url":"https:\/\/www.visit-ulcinj.com\/blog\/2015\/06\/28\/salaj-shqetesime-per-privatizimet-ne-ulqin\/","name":"Salaj: Shqet\u00ebsime p\u00ebr privatizimet n\u00eb Ulqin - Lajme nga Ulqini","isPartOf":{"@id":"https:\/\/www.visit-ulcinj.com\/blog\/#website"},"datePublished":"2015-06-28T04:21:36+00:00","dateModified":"2015-06-28T21:42:57+00:00","author":{"@id":"https:\/\/www.visit-ulcinj.com\/blog\/#\/schema\/person\/dcab619c614d3038751c63bc2aadc06d"},"description":"Sindikatat e pavarura kritikojn\u00eb procesin e privatizimit n\u00eb Komun\u00ebn e Ulqinit duke e cil\u00ebsuar at\u00eb si t\u00eb d\u00ebshtuar dhe me pasoja t\u00eb r\u00ebnda ekonomike dhe","breadcrumb":{"@id":"https:\/\/www.visit-ulcinj.com\/blog\/2015\/06\/28\/salaj-shqetesime-per-privatizimet-ne-ulqin\/#breadcrumb"},"inLanguage":"en-US","potentialAction":[{"@type":"ReadAction","target":["https:\/\/www.visit-ulcinj.com\/blog\/2015\/06\/28\/salaj-shqetesime-per-privatizimet-ne-ulqin\/"]}]},{"@type":"BreadcrumbList","@id":"https:\/\/www.visit-ulcinj.com\/blog\/2015\/06\/28\/salaj-shqetesime-per-privatizimet-ne-ulqin\/#breadcrumb","itemListElement":[{"@type":"ListItem","position":1,"name":"Salaj: Shqet\u00ebsime p\u00ebr privatizimet n\u00eb Ulqin"}]},{"@type":"Person","@id":"https:\/\/www.visit-ulcinj.com\/blog\/#\/schema\/person\/dcab619c614d3038751c63bc2aadc06d","name":"ulqini","sameAs":["http:\/\/www.visit-ulcinj.com"],"url":"https:\/\/www.visit-ulcinj.com\/blog\/author\/admin\/"}]}},"jetpack_featured_media_url":"","jetpack_sharing_enabled":true,"jetpack_shortlink":"https:\/\/wp.me\/pe6lTn-nJq","_links":{"self":[{"href":"https:\/\/www.visit-ulcinj.com\/blog\/wp-json\/wp\/v2\/posts\/91228"}],"collection":[{"href":"https:\/\/www.visit-ulcinj.com\/blog\/wp-json\/wp\/v2\/posts"}],"about":[{"href":"https:\/\/www.visit-ulcinj.com\/blog\/wp-json\/wp\/v2\/types\/post"}],"author":[{"embeddable":true,"href":"https:\/\/www.visit-ulcinj.com\/blog\/wp-json\/wp\/v2\/users\/1"}],"replies":[{"embeddable":true,"href":"https:\/\/www.visit-ulcinj.com\/blog\/wp-json\/wp\/v2\/comments?post=91228"}],"version-history":[{"count":1,"href":"https:\/\/www.visit-ulcinj.com\/blog\/wp-json\/wp\/v2\/posts\/91228\/revisions"}],"predecessor-version":[{"id":91230,"href":"https:\/\/www.visit-ulcinj.com\/blog\/wp-json\/wp\/v2\/posts\/91228\/revisions\/91230"}],"wp:attachment":[{"href":"https:\/\/www.visit-ulcinj.com\/blog\/wp-json\/wp\/v2\/media?parent=91228"}],"wp:term":[{"taxonomy":"category","embeddable":true,"href":"https:\/\/www.visit-ulcinj.com\/blog\/wp-json\/wp\/v2\/categories?post=91228"},{"taxonomy":"post_tag","embeddable":true,"href":"https:\/\/www.visit-ulcinj.com\/blog\/wp-json\/wp\/v2\/tags?post=91228"}],"curies":[{"name":"wp","href":"https:\/\/api.w.org\/{rel}","templated":true}]}}