{"id":9123,"date":"2009-01-16T22:05:04","date_gmt":"2009-01-16T21:05:04","guid":{"rendered":"http:\/\/www.visit-ulcinj.com\/blog\/?p=9123"},"modified":"2009-01-16T22:05:08","modified_gmt":"2009-01-16T21:05:08","slug":"ne-la-guardia-te-nju-jorkut-bie-avioni-shpetojne-pasagjeret","status":"publish","type":"post","link":"https:\/\/www.visit-ulcinj.com\/blog\/2009\/01\/16\/ne-la-guardia-te-nju-jorkut-bie-avioni-shpetojne-pasagjeret\/","title":{"rendered":"N\u00eb La Guardia t\u00eb Nju Jorkut bie avioni, shp\u00ebtojn\u00eb pasagjer\u00ebt"},"content":{"rendered":"<p><a rel=\"attachment wp-att-9124\" href=\"http:\/\/www.visit-ulcinj.com\/blog\/2009\/01\/16\/ne-la-guardia-te-nju-jorkut-bie-avioni-shpetojne-pasagjeret\/us-airways-a320\/\"><img loading=\"lazy\" class=\"alignleft size-full wp-image-9124\" title=\"us-airways-a320\" src=\"http:\/\/www.visit-ulcinj.com\/blog\/wp-content\/uploads\/2009\/01\/us-airways-a320.jpg\" alt=\"us-airways-a320\" width=\"570\" height=\"277\" \/><\/a>Nj\u00eb avion i US Airways A320, i nisur nga aeroporti i La Guardia t\u00eb Nju Jorkut dhe q\u00eb ishte drejtuar p\u00ebr n\u00eb Karolin\u00ebn e Veriut, \u00ebsht\u00eb rr\u00ebzuar n\u00eb lumin e Hudsonit, q\u00eb ndan Nju Jorkun, nga pjesa per\u00ebndimore e Manhatanit. Sipas imazheve t\u00eb transmetuara nga CNN, avioni ndodhet n\u00eb uj\u00ebrat e lumit Hudson dhe rreth tij ndodhen shum\u00eb tragete.<br \/>\nDeri m\u00eb tani nuk ka njoftime p\u00ebr t\u00eb vdekur. Sipas autoriteteve amerikane, n\u00eb bordin e avionit t\u00eb fluturimit 1549, kishte 164 pasagjer\u00eb, si dhe 5 pasagjer\u00eb t\u00eb ekuipazhit. Shkaktar p\u00ebr uljen emergjente t\u00eb avionit n\u00eb lumin e Hudsonit, mendohet t\u00eb ket\u00eb q\u00ebn\u00eb nj\u00eb zog, q\u00eb kishte p\u00ebrfunduar n\u00eb nj\u00ebrin nga motor\u00ebt e avionit n\u00eb momentin e ngritjes. N\u00eb Nju Jork ka nisur t\u00eb bjer\u00eb edhe d\u00ebbor\u00eb, duke b\u00ebr\u00eb q\u00eb uj\u00ebrat e Hudsonit t\u00eb jen\u00eb t\u00eb akullta. Shum\u00eb pasagjer\u00eb jan\u00eb shp\u00ebtuar nga traget\u00ebt q\u00eb kan\u00eb mb\u00ebrritur menj\u00ebher\u00eb n\u00eb vendngjarje, por duke par\u00eb edhe kushtet e v\u00ebshtira klimatike, mund t\u00eb ket\u00eb edhe viktima. Sipas d\u00ebshmitar\u00ebve okular\u00eb q\u00eb po shihnin nga godinat aty pran\u00eb, avioni i \u00ebsht\u00eb drejtuar ujit n\u00eb nj\u00eb k\u00ebnd gradual dhe ka b\u00ebr\u00eb nj\u00eb p\u00ebrplasje t\u00eb madhe. \u201cAvioni po fluturonte shum\u00eb shpejt. Pati nj\u00eb kontakt t\u00eb fort\u00eb me ujin\u201d, u shpreh d\u00ebshmitari Ben Von Klemperer. Nj\u00eb avion Airbus A320, mund t\u00eb mbaj\u00eb maksimumi 179 pasagjer\u00eb. Sipas lajmeve m\u00eb t\u00eb fundit t\u00eb gjith\u00eb pasagjer\u00ebt e avionit kan\u00eb shp\u00ebtuar.<br \/>\n<strong>Shqip Media <\/strong><\/p>\n<p><strong><\/p>\n<p><\/strong><\/p>\n<p><strong>Top Channel Video<br \/>\n<\/strong><\/p>\n<p>[flv]http:\/\/shqiphost.top-channel.tv\/18754796\/flv\/kronika\/mrekullia-hudson.flv[\/flv]<strong><br \/>\n<\/strong><\/p>\n<p><strong><br \/>\n<\/strong><\/p>\n","protected":false},"excerpt":{"rendered":"<p>Nj\u00eb avion i US Airways A320, i nisur nga aeroporti i La Guardia t\u00eb Nju Jorkut dhe q\u00eb ishte drejtuar p\u00ebr n\u00eb Karolin\u00ebn e Veriut, \u00ebsht\u00eb rr\u00ebzuar n\u00eb lumin e Hudsonit, q\u00eb ndan Nju Jorkun, nga pjesa per\u00ebndimore e Manhatanit. Sipas imazheve t\u00eb transmetuara nga CNN, avioni ndodhet n\u00eb uj\u00ebrat e lumit Hudson dhe rreth [&hellip;]<\/p>\n","protected":false},"author":1,"featured_media":0,"comment_status":"open","ping_status":"closed","sticky":false,"template":"","format":"standard","meta":{"spay_email":"","jetpack_publicize_message":"","jetpack_is_tweetstorm":false,"jetpack_publicize_feature_enabled":true},"categories":[7],"tags":[5795,5796,5794,5792,5798,4642,5793,5797],"jetpack_publicize_connections":[],"yoast_head":"<!-- This site is optimized with the Yoast SEO plugin v19.1 - https:\/\/yoast.com\/wordpress\/plugins\/seo\/ -->\n<title>N\u00eb La Guardia t\u00eb Nju Jorkut bie avioni, shp\u00ebtojn\u00eb pasagjer\u00ebt - Lajme nga Ulqini<\/title>\n<meta name=\"description\" content=\"Nj\u00eb avion i US Airways A320, i nisur nga aeroporti i La Guardia t\u00eb Nju Jorkut dhe q\u00eb ishte drejtuar p\u00ebr n\u00eb Karolin\u00ebn e Veriut, \u00ebsht\u00eb rr\u00ebzuar n\u00eb lumin e\" \/>\n<meta name=\"robots\" content=\"index, follow, max-snippet:-1, max-image-preview:large, max-video-preview:-1\" \/>\n<link rel=\"canonical\" href=\"https:\/\/www.visit-ulcinj.com\/blog\/2009\/01\/16\/ne-la-guardia-te-nju-jorkut-bie-avioni-shpetojne-pasagjeret\/\" \/>\n<meta property=\"og:locale\" content=\"en_US\" \/>\n<meta property=\"og:type\" content=\"article\" \/>\n<meta property=\"og:title\" content=\"N\u00eb La Guardia t\u00eb Nju Jorkut bie avioni, shp\u00ebtojn\u00eb pasagjer\u00ebt - Lajme nga Ulqini\" \/>\n<meta property=\"og:description\" content=\"Nj\u00eb avion i US Airways A320, i nisur nga aeroporti i La Guardia t\u00eb Nju Jorkut dhe q\u00eb ishte drejtuar p\u00ebr n\u00eb Karolin\u00ebn e Veriut, \u00ebsht\u00eb rr\u00ebzuar n\u00eb lumin e\" \/>\n<meta property=\"og:url\" content=\"https:\/\/www.visit-ulcinj.com\/blog\/2009\/01\/16\/ne-la-guardia-te-nju-jorkut-bie-avioni-shpetojne-pasagjeret\/\" \/>\n<meta property=\"og:site_name\" content=\"Lajme nga Ulqini\" \/>\n<meta property=\"article:published_time\" content=\"2009-01-16T21:05:04+00:00\" \/>\n<meta property=\"article:modified_time\" content=\"2009-01-16T21:05:08+00:00\" \/>\n<meta property=\"og:image\" content=\"https:\/\/www.visit-ulcinj.com\/blog\/wp-content\/uploads\/2009\/01\/us-airways-a320-150x150.jpg\" \/>\n<meta name=\"twitter:label1\" content=\"Written by\" \/>\n\t<meta name=\"twitter:data1\" content=\"ulqini\" \/>\n\t<meta name=\"twitter:label2\" content=\"Est. reading time\" \/>\n\t<meta name=\"twitter:data2\" content=\"1 minute\" \/>\n<script type=\"application\/ld+json\" class=\"yoast-schema-graph\">{\"@context\":\"https:\/\/schema.org\",\"@graph\":[{\"@type\":\"WebSite\",\"@id\":\"https:\/\/www.visit-ulcinj.com\/blog\/#website\",\"url\":\"https:\/\/www.visit-ulcinj.com\/blog\/\",\"name\":\"Lajme nga Ulqini\",\"description\":\"Lajme,Vijesti,Ulqini,Ulqin,Crna Gora,Mali i Zi\",\"potentialAction\":[{\"@type\":\"SearchAction\",\"target\":{\"@type\":\"EntryPoint\",\"urlTemplate\":\"https:\/\/www.visit-ulcinj.com\/blog\/?s={search_term_string}\"},\"query-input\":\"required name=search_term_string\"}],\"inLanguage\":\"en-US\"},{\"@type\":\"ImageObject\",\"inLanguage\":\"en-US\",\"@id\":\"https:\/\/www.visit-ulcinj.com\/blog\/2009\/01\/16\/ne-la-guardia-te-nju-jorkut-bie-avioni-shpetojne-pasagjeret\/#primaryimage\",\"url\":\"http:\/\/www.visit-ulcinj.com\/blog\/wp-content\/uploads\/2009\/01\/us-airways-a320.jpg\",\"contentUrl\":\"http:\/\/www.visit-ulcinj.com\/blog\/wp-content\/uploads\/2009\/01\/us-airways-a320.jpg\"},{\"@type\":\"WebPage\",\"@id\":\"https:\/\/www.visit-ulcinj.com\/blog\/2009\/01\/16\/ne-la-guardia-te-nju-jorkut-bie-avioni-shpetojne-pasagjeret\/#webpage\",\"url\":\"https:\/\/www.visit-ulcinj.com\/blog\/2009\/01\/16\/ne-la-guardia-te-nju-jorkut-bie-avioni-shpetojne-pasagjeret\/\",\"name\":\"N\u00eb La Guardia t\u00eb Nju Jorkut bie avioni, shp\u00ebtojn\u00eb pasagjer\u00ebt - Lajme nga Ulqini\",\"isPartOf\":{\"@id\":\"https:\/\/www.visit-ulcinj.com\/blog\/#website\"},\"primaryImageOfPage\":{\"@id\":\"https:\/\/www.visit-ulcinj.com\/blog\/2009\/01\/16\/ne-la-guardia-te-nju-jorkut-bie-avioni-shpetojne-pasagjeret\/#primaryimage\"},\"datePublished\":\"2009-01-16T21:05:04+00:00\",\"dateModified\":\"2009-01-16T21:05:08+00:00\",\"author\":{\"@id\":\"https:\/\/www.visit-ulcinj.com\/blog\/#\/schema\/person\/dcab619c614d3038751c63bc2aadc06d\"},\"description\":\"Nj\u00eb avion i US Airways A320, i nisur nga aeroporti i La Guardia t\u00eb Nju Jorkut dhe q\u00eb ishte drejtuar p\u00ebr n\u00eb Karolin\u00ebn e Veriut, \u00ebsht\u00eb rr\u00ebzuar n\u00eb lumin e\",\"breadcrumb\":{\"@id\":\"https:\/\/www.visit-ulcinj.com\/blog\/2009\/01\/16\/ne-la-guardia-te-nju-jorkut-bie-avioni-shpetojne-pasagjeret\/#breadcrumb\"},\"inLanguage\":\"en-US\",\"potentialAction\":[{\"@type\":\"ReadAction\",\"target\":[\"https:\/\/www.visit-ulcinj.com\/blog\/2009\/01\/16\/ne-la-guardia-te-nju-jorkut-bie-avioni-shpetojne-pasagjeret\/\"]}]},{\"@type\":\"BreadcrumbList\",\"@id\":\"https:\/\/www.visit-ulcinj.com\/blog\/2009\/01\/16\/ne-la-guardia-te-nju-jorkut-bie-avioni-shpetojne-pasagjeret\/#breadcrumb\",\"itemListElement\":[{\"@type\":\"ListItem\",\"position\":1,\"name\":\"N\u00eb La Guardia t\u00eb Nju Jorkut bie avioni, shp\u00ebtojn\u00eb pasagjer\u00ebt\"}]},{\"@type\":\"Person\",\"@id\":\"https:\/\/www.visit-ulcinj.com\/blog\/#\/schema\/person\/dcab619c614d3038751c63bc2aadc06d\",\"name\":\"ulqini\",\"sameAs\":[\"http:\/\/www.visit-ulcinj.com\"],\"url\":\"https:\/\/www.visit-ulcinj.com\/blog\/author\/admin\/\"}]}<\/script>\n<!-- \/ Yoast SEO plugin. -->","yoast_head_json":{"title":"N\u00eb La Guardia t\u00eb Nju Jorkut bie avioni, shp\u00ebtojn\u00eb pasagjer\u00ebt - Lajme nga Ulqini","description":"Nj\u00eb avion i US Airways A320, i nisur nga aeroporti i La Guardia t\u00eb Nju Jorkut dhe q\u00eb ishte drejtuar p\u00ebr n\u00eb Karolin\u00ebn e Veriut, \u00ebsht\u00eb rr\u00ebzuar n\u00eb lumin e","robots":{"index":"index","follow":"follow","max-snippet":"max-snippet:-1","max-image-preview":"max-image-preview:large","max-video-preview":"max-video-preview:-1"},"canonical":"https:\/\/www.visit-ulcinj.com\/blog\/2009\/01\/16\/ne-la-guardia-te-nju-jorkut-bie-avioni-shpetojne-pasagjeret\/","og_locale":"en_US","og_type":"article","og_title":"N\u00eb La Guardia t\u00eb Nju Jorkut bie avioni, shp\u00ebtojn\u00eb pasagjer\u00ebt - Lajme nga Ulqini","og_description":"Nj\u00eb avion i US Airways A320, i nisur nga aeroporti i La Guardia t\u00eb Nju Jorkut dhe q\u00eb ishte drejtuar p\u00ebr n\u00eb Karolin\u00ebn e Veriut, \u00ebsht\u00eb rr\u00ebzuar n\u00eb lumin e","og_url":"https:\/\/www.visit-ulcinj.com\/blog\/2009\/01\/16\/ne-la-guardia-te-nju-jorkut-bie-avioni-shpetojne-pasagjeret\/","og_site_name":"Lajme nga Ulqini","article_published_time":"2009-01-16T21:05:04+00:00","article_modified_time":"2009-01-16T21:05:08+00:00","og_image":[{"url":"https:\/\/www.visit-ulcinj.com\/blog\/wp-content\/uploads\/2009\/01\/us-airways-a320-150x150.jpg"}],"twitter_misc":{"Written by":"ulqini","Est. reading time":"1 minute"},"schema":{"@context":"https:\/\/schema.org","@graph":[{"@type":"WebSite","@id":"https:\/\/www.visit-ulcinj.com\/blog\/#website","url":"https:\/\/www.visit-ulcinj.com\/blog\/","name":"Lajme nga Ulqini","description":"Lajme,Vijesti,Ulqini,Ulqin,Crna Gora,Mali i Zi","potentialAction":[{"@type":"SearchAction","target":{"@type":"EntryPoint","urlTemplate":"https:\/\/www.visit-ulcinj.com\/blog\/?s={search_term_string}"},"query-input":"required name=search_term_string"}],"inLanguage":"en-US"},{"@type":"ImageObject","inLanguage":"en-US","@id":"https:\/\/www.visit-ulcinj.com\/blog\/2009\/01\/16\/ne-la-guardia-te-nju-jorkut-bie-avioni-shpetojne-pasagjeret\/#primaryimage","url":"http:\/\/www.visit-ulcinj.com\/blog\/wp-content\/uploads\/2009\/01\/us-airways-a320.jpg","contentUrl":"http:\/\/www.visit-ulcinj.com\/blog\/wp-content\/uploads\/2009\/01\/us-airways-a320.jpg"},{"@type":"WebPage","@id":"https:\/\/www.visit-ulcinj.com\/blog\/2009\/01\/16\/ne-la-guardia-te-nju-jorkut-bie-avioni-shpetojne-pasagjeret\/#webpage","url":"https:\/\/www.visit-ulcinj.com\/blog\/2009\/01\/16\/ne-la-guardia-te-nju-jorkut-bie-avioni-shpetojne-pasagjeret\/","name":"N\u00eb La Guardia t\u00eb Nju Jorkut bie avioni, shp\u00ebtojn\u00eb pasagjer\u00ebt - Lajme nga Ulqini","isPartOf":{"@id":"https:\/\/www.visit-ulcinj.com\/blog\/#website"},"primaryImageOfPage":{"@id":"https:\/\/www.visit-ulcinj.com\/blog\/2009\/01\/16\/ne-la-guardia-te-nju-jorkut-bie-avioni-shpetojne-pasagjeret\/#primaryimage"},"datePublished":"2009-01-16T21:05:04+00:00","dateModified":"2009-01-16T21:05:08+00:00","author":{"@id":"https:\/\/www.visit-ulcinj.com\/blog\/#\/schema\/person\/dcab619c614d3038751c63bc2aadc06d"},"description":"Nj\u00eb avion i US Airways A320, i nisur nga aeroporti i La Guardia t\u00eb Nju Jorkut dhe q\u00eb ishte drejtuar p\u00ebr n\u00eb Karolin\u00ebn e Veriut, \u00ebsht\u00eb rr\u00ebzuar n\u00eb lumin e","breadcrumb":{"@id":"https:\/\/www.visit-ulcinj.com\/blog\/2009\/01\/16\/ne-la-guardia-te-nju-jorkut-bie-avioni-shpetojne-pasagjeret\/#breadcrumb"},"inLanguage":"en-US","potentialAction":[{"@type":"ReadAction","target":["https:\/\/www.visit-ulcinj.com\/blog\/2009\/01\/16\/ne-la-guardia-te-nju-jorkut-bie-avioni-shpetojne-pasagjeret\/"]}]},{"@type":"BreadcrumbList","@id":"https:\/\/www.visit-ulcinj.com\/blog\/2009\/01\/16\/ne-la-guardia-te-nju-jorkut-bie-avioni-shpetojne-pasagjeret\/#breadcrumb","itemListElement":[{"@type":"ListItem","position":1,"name":"N\u00eb La Guardia t\u00eb Nju Jorkut bie avioni, shp\u00ebtojn\u00eb pasagjer\u00ebt"}]},{"@type":"Person","@id":"https:\/\/www.visit-ulcinj.com\/blog\/#\/schema\/person\/dcab619c614d3038751c63bc2aadc06d","name":"ulqini","sameAs":["http:\/\/www.visit-ulcinj.com"],"url":"https:\/\/www.visit-ulcinj.com\/blog\/author\/admin\/"}]}},"jetpack_featured_media_url":"","jetpack_sharing_enabled":true,"jetpack_shortlink":"https:\/\/wp.me\/pe6lTn-2n9","_links":{"self":[{"href":"https:\/\/www.visit-ulcinj.com\/blog\/wp-json\/wp\/v2\/posts\/9123"}],"collection":[{"href":"https:\/\/www.visit-ulcinj.com\/blog\/wp-json\/wp\/v2\/posts"}],"about":[{"href":"https:\/\/www.visit-ulcinj.com\/blog\/wp-json\/wp\/v2\/types\/post"}],"author":[{"embeddable":true,"href":"https:\/\/www.visit-ulcinj.com\/blog\/wp-json\/wp\/v2\/users\/1"}],"replies":[{"embeddable":true,"href":"https:\/\/www.visit-ulcinj.com\/blog\/wp-json\/wp\/v2\/comments?post=9123"}],"version-history":[{"count":0,"href":"https:\/\/www.visit-ulcinj.com\/blog\/wp-json\/wp\/v2\/posts\/9123\/revisions"}],"wp:attachment":[{"href":"https:\/\/www.visit-ulcinj.com\/blog\/wp-json\/wp\/v2\/media?parent=9123"}],"wp:term":[{"taxonomy":"category","embeddable":true,"href":"https:\/\/www.visit-ulcinj.com\/blog\/wp-json\/wp\/v2\/categories?post=9123"},{"taxonomy":"post_tag","embeddable":true,"href":"https:\/\/www.visit-ulcinj.com\/blog\/wp-json\/wp\/v2\/tags?post=9123"}],"curies":[{"name":"wp","href":"https:\/\/api.w.org\/{rel}","templated":true}]}}