{"id":91235,"date":"2015-06-29T14:10:37","date_gmt":"2015-06-29T13:10:37","guid":{"rendered":"http:\/\/www.visit-ulcinj.com\/blog\/?p=91235"},"modified":"2015-06-29T14:10:37","modified_gmt":"2015-06-29T13:10:37","slug":"ulqini-gati-per-pritjen-e-turisteve","status":"publish","type":"post","link":"https:\/\/www.visit-ulcinj.com\/blog\/2015\/06\/29\/ulqini-gati-per-pritjen-e-turisteve\/","title":{"rendered":"Ulqini gati p\u00ebr pritjen e turist\u00ebve"},"content":{"rendered":"<p><a href=\"http:\/\/www.visit-ulcinj.com\/blog\/wp-content\/uploads\/2013\/08\/ulqini-plazha.jpg\"><img loading=\"lazy\" class=\"alignleft wp-image-74025\" src=\"http:\/\/www.visit-ulcinj.com\/blog\/wp-content\/uploads\/2013\/08\/ulqini-plazha.jpg\" alt=\"ulqini-plazha\" width=\"508\" height=\"381\" srcset=\"https:\/\/www.visit-ulcinj.com\/blog\/wp-content\/uploads\/2013\/08\/ulqini-plazha.jpg 500w, https:\/\/www.visit-ulcinj.com\/blog\/wp-content\/uploads\/2013\/08\/ulqini-plazha-300x225.jpg 300w\" sizes=\"(max-width: 508px) 100vw, 508px\" \/><\/a>Ata q\u00eb kan\u00eb b\u00ebr\u00eb plane q\u00eb pushimet t&#8217;i kalojn\u00eb n\u00eb bregdet, Ulqini \u00ebsht\u00eb b\u00ebr\u00eb gati t&#8217;i pres\u00eb.<\/p>\n<p>Ata q\u00eb kan\u00eb b\u00ebr\u00eb plane q\u00eb pushimet t&#8217;i kalojn\u00eb n\u00eb bregdet, Ulqini \u00ebsht\u00eb b\u00ebr\u00eb gati t&#8217;i pres\u00eb. Qyteti bregdetar tashm\u00eb ka filluar me pritjet e turist\u00ebve. Muaji q\u00eb po kalojm\u00eb, sipas Organizat\u00ebs Turistike t\u00eb Ulqinit, \u00ebsht\u00eb n\u00eb nivel t\u00eb nj\u00ebjt\u00eb me vitin e kaluar. Ata presin q\u00eb fluksi m\u00eb i madh i turist\u00ebve t\u00eb filloj\u00eb pas Ramazanit.<\/p>\n<p>Ulqini, qytet bregdetar i banuar me shumic\u00eb shqiptare, \u00ebsht\u00eb vendi t\u00eb cilit natyra i ka dh\u00ebn\u00eb shum\u00eb bukuri duke e b\u00ebr\u00eb k\u00ebshtu t\u00ebrheq\u00ebs. Ky qytet bregdetar \u00ebsht\u00eb nj\u00eb nga qendrat turistike m\u00eb t\u00eb r\u00ebnd\u00ebsishme t\u00eb Malit t\u00eb Zi, dhe \u00ebsht\u00eb destinacioni shum\u00eb i preferuar p\u00ebr t\u00eb kaluar pushimet.<\/p>\n<p>&#8220;Sa i p\u00ebrket muajit qershor mund t\u00eb themi q\u00eb \u00ebsht\u00eb n\u00eb nivel t\u00eb vitit t\u00eb kaluar, mir\u00ebpo n\u00eb krahasim me muajin maj i cili ka qen\u00eb shum\u00eb m\u00eb i mir\u00eb sesa vitet e m\u00ebhershme mund t\u00eb themi qe kemi nj\u00eb renie t\u00eb mysafireve&#8221;, tha<br \/>\ndrejtoresha e Organizata Turistike e Ulqinit, Zana Sarvan.<\/p>\n<p>Kjo duket e arsyeshme p\u00ebr shkak t\u00eb muajit t\u00eb shenjt\u00eb t\u00eb Ramazanit, megjithat\u00eb pritshm\u00ebrit\u00eb jan\u00eb t\u00eb m\u00ebdha. Sarvan po ashtu deklaron se fillimi i sezonit \u00ebsht\u00eb i k\u00ebnaqsh\u00ebm por jo t\u00eb atij niveli q\u00eb pritet t\u00eb jet\u00eb dhe se ka mjaft p\u00ebr t&#8217;u b\u00ebr\u00eb n\u00eb k\u00ebt\u00eb aspekt<br \/>\n&#8220;Kur \u00ebsht\u00eb n\u00eb pyetje konkurrenca t\u00eb cil\u00ebn e kemi, p\u00ebr tregun kosovar e dim\u00eb q\u00eb Shqip\u00ebria \u00ebsht\u00eb nj\u00eb konkurrent shum\u00eb i madh sidomos me \u00e7mime. Mir\u00ebpo kur \u00ebsht\u00eb n\u00eb pyetje siguria, infrastruktura dhe mikpritja te cil\u00ebn e ka Ulqini mysafiret nga Kosova k\u00ebt\u00eb e kan\u00eb t\u00eb ditur, dhe shpresojm\u00eb q\u00eb ardhja e tyre do t\u00eb jet\u00eb n\u00eb nivelin e vitit te kaluar&#8221;, tha ajo.<\/p>\n<p>Mysafir\u00ebt q\u00eb preferojn\u00eb Ulqinin jan\u00eb nga Kosova por ka edhe t\u00eb huaj, dhe opinioni i tyre \u00ebsht\u00eb mjaft pozitiv.<\/p>\n<p>&#8220;Jemi nga Londra, \u00ebsht\u00eb hera e par\u00eb p\u00ebr shoqen time, por un\u00eb vij shpesh ne Ulqin, sepse qyteti \u00ebsht\u00eb i qet\u00eb, njer\u00ebzit jan\u00eb t\u00eb dashur, me p\u00eblqen ushqimi, sidomos peshku i fresk\u00ebt. Do marr pjes\u00eb n\u00eb festivalin Southern Soul, dhe do q\u00ebndroj 10 dite\u201d.<\/p>\n<p>\u00c7mimet n\u00eb Ulqin nuk kan\u00eb ndryshuar shum\u00eb krahasuar me vitet paraprake, por ajo q\u00eb ka ndryshuar jan\u00eb kushtet p\u00ebr t\u00eb mir\u00eb t\u00eb turist\u00ebve.<\/p>\n<p>Bota Sot<\/p>\n","protected":false},"excerpt":{"rendered":"<p>Ata q\u00eb kan\u00eb b\u00ebr\u00eb plane q\u00eb pushimet t&#8217;i kalojn\u00eb n\u00eb bregdet, Ulqini \u00ebsht\u00eb b\u00ebr\u00eb gati t&#8217;i pres\u00eb. Ata q\u00eb kan\u00eb b\u00ebr\u00eb plane q\u00eb pushimet t&#8217;i kalojn\u00eb n\u00eb bregdet, Ulqini \u00ebsht\u00eb b\u00ebr\u00eb gati t&#8217;i pres\u00eb. Qyteti bregdetar tashm\u00eb ka filluar me pritjet e turist\u00ebve. Muaji q\u00eb po kalojm\u00eb, sipas Organizat\u00ebs Turistike t\u00eb Ulqinit, \u00ebsht\u00eb n\u00eb nivel [&hellip;]<\/p>\n","protected":false},"author":1,"featured_media":0,"comment_status":"closed","ping_status":"closed","sticky":false,"template":"","format":"standard","meta":{"spay_email":"","jetpack_publicize_message":"","jetpack_is_tweetstorm":false,"jetpack_publicize_feature_enabled":true},"categories":[8,15],"tags":[],"jetpack_publicize_connections":[],"yoast_head":"<!-- This site is optimized with the Yoast SEO plugin v19.1 - https:\/\/yoast.com\/wordpress\/plugins\/seo\/ -->\n<title>Ulqini gati p\u00ebr pritjen e turist\u00ebve - Lajme nga Ulqini<\/title>\n<meta name=\"description\" content=\"Ata q\u00eb kan\u00eb b\u00ebr\u00eb plane q\u00eb pushimet t&#039;i kalojn\u00eb n\u00eb bregdet, Ulqini \u00ebsht\u00eb b\u00ebr\u00eb gati t&#039;i pres\u00eb. Ata q\u00eb kan\u00eb b\u00ebr\u00eb plane q\u00eb pushimet t&#039;i kalojn\u00eb n\u00eb bregdet,\" \/>\n<meta name=\"robots\" content=\"index, follow, max-snippet:-1, max-image-preview:large, max-video-preview:-1\" \/>\n<link rel=\"canonical\" href=\"https:\/\/www.visit-ulcinj.com\/blog\/2015\/06\/29\/ulqini-gati-per-pritjen-e-turisteve\/\" \/>\n<meta property=\"og:locale\" content=\"en_US\" \/>\n<meta property=\"og:type\" content=\"article\" \/>\n<meta property=\"og:title\" content=\"Ulqini gati p\u00ebr pritjen e turist\u00ebve - Lajme nga Ulqini\" \/>\n<meta property=\"og:description\" content=\"Ata q\u00eb kan\u00eb b\u00ebr\u00eb plane q\u00eb pushimet t&#039;i kalojn\u00eb n\u00eb bregdet, Ulqini \u00ebsht\u00eb b\u00ebr\u00eb gati t&#039;i pres\u00eb. Ata q\u00eb kan\u00eb b\u00ebr\u00eb plane q\u00eb pushimet t&#039;i kalojn\u00eb n\u00eb bregdet,\" \/>\n<meta property=\"og:url\" content=\"https:\/\/www.visit-ulcinj.com\/blog\/2015\/06\/29\/ulqini-gati-per-pritjen-e-turisteve\/\" \/>\n<meta property=\"og:site_name\" content=\"Lajme nga Ulqini\" \/>\n<meta property=\"article:published_time\" content=\"2015-06-29T13:10:37+00:00\" \/>\n<meta property=\"og:image\" content=\"http:\/\/www.visit-ulcinj.com\/blog\/wp-content\/uploads\/2013\/08\/ulqini-plazha.jpg\" \/>\n<meta name=\"twitter:label1\" content=\"Written by\" \/>\n\t<meta name=\"twitter:data1\" content=\"ulqini\" \/>\n\t<meta name=\"twitter:label2\" content=\"Est. reading time\" \/>\n\t<meta name=\"twitter:data2\" content=\"2 minutes\" \/>\n<script type=\"application\/ld+json\" class=\"yoast-schema-graph\">{\"@context\":\"https:\/\/schema.org\",\"@graph\":[{\"@type\":\"WebSite\",\"@id\":\"https:\/\/www.visit-ulcinj.com\/blog\/#website\",\"url\":\"https:\/\/www.visit-ulcinj.com\/blog\/\",\"name\":\"Lajme nga Ulqini\",\"description\":\"Lajme,Vijesti,Ulqini,Ulqin,Crna Gora,Mali i Zi\",\"potentialAction\":[{\"@type\":\"SearchAction\",\"target\":{\"@type\":\"EntryPoint\",\"urlTemplate\":\"https:\/\/www.visit-ulcinj.com\/blog\/?s={search_term_string}\"},\"query-input\":\"required name=search_term_string\"}],\"inLanguage\":\"en-US\"},{\"@type\":\"ImageObject\",\"inLanguage\":\"en-US\",\"@id\":\"https:\/\/www.visit-ulcinj.com\/blog\/2015\/06\/29\/ulqini-gati-per-pritjen-e-turisteve\/#primaryimage\",\"url\":\"https:\/\/www.visit-ulcinj.com\/blog\/wp-content\/uploads\/2013\/08\/ulqini-plazha.jpg\",\"contentUrl\":\"https:\/\/www.visit-ulcinj.com\/blog\/wp-content\/uploads\/2013\/08\/ulqini-plazha.jpg\",\"width\":500,\"height\":375},{\"@type\":\"WebPage\",\"@id\":\"https:\/\/www.visit-ulcinj.com\/blog\/2015\/06\/29\/ulqini-gati-per-pritjen-e-turisteve\/#webpage\",\"url\":\"https:\/\/www.visit-ulcinj.com\/blog\/2015\/06\/29\/ulqini-gati-per-pritjen-e-turisteve\/\",\"name\":\"Ulqini gati p\u00ebr pritjen e turist\u00ebve - Lajme nga Ulqini\",\"isPartOf\":{\"@id\":\"https:\/\/www.visit-ulcinj.com\/blog\/#website\"},\"primaryImageOfPage\":{\"@id\":\"https:\/\/www.visit-ulcinj.com\/blog\/2015\/06\/29\/ulqini-gati-per-pritjen-e-turisteve\/#primaryimage\"},\"datePublished\":\"2015-06-29T13:10:37+00:00\",\"dateModified\":\"2015-06-29T13:10:37+00:00\",\"author\":{\"@id\":\"https:\/\/www.visit-ulcinj.com\/blog\/#\/schema\/person\/dcab619c614d3038751c63bc2aadc06d\"},\"description\":\"Ata q\u00eb kan\u00eb b\u00ebr\u00eb plane q\u00eb pushimet t'i kalojn\u00eb n\u00eb bregdet, Ulqini \u00ebsht\u00eb b\u00ebr\u00eb gati t'i pres\u00eb. Ata q\u00eb kan\u00eb b\u00ebr\u00eb plane q\u00eb pushimet t'i kalojn\u00eb n\u00eb bregdet,\",\"breadcrumb\":{\"@id\":\"https:\/\/www.visit-ulcinj.com\/blog\/2015\/06\/29\/ulqini-gati-per-pritjen-e-turisteve\/#breadcrumb\"},\"inLanguage\":\"en-US\",\"potentialAction\":[{\"@type\":\"ReadAction\",\"target\":[\"https:\/\/www.visit-ulcinj.com\/blog\/2015\/06\/29\/ulqini-gati-per-pritjen-e-turisteve\/\"]}]},{\"@type\":\"BreadcrumbList\",\"@id\":\"https:\/\/www.visit-ulcinj.com\/blog\/2015\/06\/29\/ulqini-gati-per-pritjen-e-turisteve\/#breadcrumb\",\"itemListElement\":[{\"@type\":\"ListItem\",\"position\":1,\"name\":\"Ulqini gati p\u00ebr pritjen e turist\u00ebve\"}]},{\"@type\":\"Person\",\"@id\":\"https:\/\/www.visit-ulcinj.com\/blog\/#\/schema\/person\/dcab619c614d3038751c63bc2aadc06d\",\"name\":\"ulqini\",\"sameAs\":[\"http:\/\/www.visit-ulcinj.com\"],\"url\":\"https:\/\/www.visit-ulcinj.com\/blog\/author\/admin\/\"}]}<\/script>\n<!-- \/ Yoast SEO plugin. -->","yoast_head_json":{"title":"Ulqini gati p\u00ebr pritjen e turist\u00ebve - Lajme nga Ulqini","description":"Ata q\u00eb kan\u00eb b\u00ebr\u00eb plane q\u00eb pushimet t'i kalojn\u00eb n\u00eb bregdet, Ulqini \u00ebsht\u00eb b\u00ebr\u00eb gati t'i pres\u00eb. Ata q\u00eb kan\u00eb b\u00ebr\u00eb plane q\u00eb pushimet t'i kalojn\u00eb n\u00eb bregdet,","robots":{"index":"index","follow":"follow","max-snippet":"max-snippet:-1","max-image-preview":"max-image-preview:large","max-video-preview":"max-video-preview:-1"},"canonical":"https:\/\/www.visit-ulcinj.com\/blog\/2015\/06\/29\/ulqini-gati-per-pritjen-e-turisteve\/","og_locale":"en_US","og_type":"article","og_title":"Ulqini gati p\u00ebr pritjen e turist\u00ebve - Lajme nga Ulqini","og_description":"Ata q\u00eb kan\u00eb b\u00ebr\u00eb plane q\u00eb pushimet t'i kalojn\u00eb n\u00eb bregdet, Ulqini \u00ebsht\u00eb b\u00ebr\u00eb gati t'i pres\u00eb. Ata q\u00eb kan\u00eb b\u00ebr\u00eb plane q\u00eb pushimet t'i kalojn\u00eb n\u00eb bregdet,","og_url":"https:\/\/www.visit-ulcinj.com\/blog\/2015\/06\/29\/ulqini-gati-per-pritjen-e-turisteve\/","og_site_name":"Lajme nga Ulqini","article_published_time":"2015-06-29T13:10:37+00:00","og_image":[{"url":"http:\/\/www.visit-ulcinj.com\/blog\/wp-content\/uploads\/2013\/08\/ulqini-plazha.jpg"}],"twitter_misc":{"Written by":"ulqini","Est. reading time":"2 minutes"},"schema":{"@context":"https:\/\/schema.org","@graph":[{"@type":"WebSite","@id":"https:\/\/www.visit-ulcinj.com\/blog\/#website","url":"https:\/\/www.visit-ulcinj.com\/blog\/","name":"Lajme nga Ulqini","description":"Lajme,Vijesti,Ulqini,Ulqin,Crna Gora,Mali i Zi","potentialAction":[{"@type":"SearchAction","target":{"@type":"EntryPoint","urlTemplate":"https:\/\/www.visit-ulcinj.com\/blog\/?s={search_term_string}"},"query-input":"required name=search_term_string"}],"inLanguage":"en-US"},{"@type":"ImageObject","inLanguage":"en-US","@id":"https:\/\/www.visit-ulcinj.com\/blog\/2015\/06\/29\/ulqini-gati-per-pritjen-e-turisteve\/#primaryimage","url":"https:\/\/www.visit-ulcinj.com\/blog\/wp-content\/uploads\/2013\/08\/ulqini-plazha.jpg","contentUrl":"https:\/\/www.visit-ulcinj.com\/blog\/wp-content\/uploads\/2013\/08\/ulqini-plazha.jpg","width":500,"height":375},{"@type":"WebPage","@id":"https:\/\/www.visit-ulcinj.com\/blog\/2015\/06\/29\/ulqini-gati-per-pritjen-e-turisteve\/#webpage","url":"https:\/\/www.visit-ulcinj.com\/blog\/2015\/06\/29\/ulqini-gati-per-pritjen-e-turisteve\/","name":"Ulqini gati p\u00ebr pritjen e turist\u00ebve - Lajme nga Ulqini","isPartOf":{"@id":"https:\/\/www.visit-ulcinj.com\/blog\/#website"},"primaryImageOfPage":{"@id":"https:\/\/www.visit-ulcinj.com\/blog\/2015\/06\/29\/ulqini-gati-per-pritjen-e-turisteve\/#primaryimage"},"datePublished":"2015-06-29T13:10:37+00:00","dateModified":"2015-06-29T13:10:37+00:00","author":{"@id":"https:\/\/www.visit-ulcinj.com\/blog\/#\/schema\/person\/dcab619c614d3038751c63bc2aadc06d"},"description":"Ata q\u00eb kan\u00eb b\u00ebr\u00eb plane q\u00eb pushimet t'i kalojn\u00eb n\u00eb bregdet, Ulqini \u00ebsht\u00eb b\u00ebr\u00eb gati t'i pres\u00eb. Ata q\u00eb kan\u00eb b\u00ebr\u00eb plane q\u00eb pushimet t'i kalojn\u00eb n\u00eb bregdet,","breadcrumb":{"@id":"https:\/\/www.visit-ulcinj.com\/blog\/2015\/06\/29\/ulqini-gati-per-pritjen-e-turisteve\/#breadcrumb"},"inLanguage":"en-US","potentialAction":[{"@type":"ReadAction","target":["https:\/\/www.visit-ulcinj.com\/blog\/2015\/06\/29\/ulqini-gati-per-pritjen-e-turisteve\/"]}]},{"@type":"BreadcrumbList","@id":"https:\/\/www.visit-ulcinj.com\/blog\/2015\/06\/29\/ulqini-gati-per-pritjen-e-turisteve\/#breadcrumb","itemListElement":[{"@type":"ListItem","position":1,"name":"Ulqini gati p\u00ebr pritjen e turist\u00ebve"}]},{"@type":"Person","@id":"https:\/\/www.visit-ulcinj.com\/blog\/#\/schema\/person\/dcab619c614d3038751c63bc2aadc06d","name":"ulqini","sameAs":["http:\/\/www.visit-ulcinj.com"],"url":"https:\/\/www.visit-ulcinj.com\/blog\/author\/admin\/"}]}},"jetpack_featured_media_url":"","jetpack_sharing_enabled":true,"jetpack_shortlink":"https:\/\/wp.me\/pe6lTn-nJx","_links":{"self":[{"href":"https:\/\/www.visit-ulcinj.com\/blog\/wp-json\/wp\/v2\/posts\/91235"}],"collection":[{"href":"https:\/\/www.visit-ulcinj.com\/blog\/wp-json\/wp\/v2\/posts"}],"about":[{"href":"https:\/\/www.visit-ulcinj.com\/blog\/wp-json\/wp\/v2\/types\/post"}],"author":[{"embeddable":true,"href":"https:\/\/www.visit-ulcinj.com\/blog\/wp-json\/wp\/v2\/users\/1"}],"replies":[{"embeddable":true,"href":"https:\/\/www.visit-ulcinj.com\/blog\/wp-json\/wp\/v2\/comments?post=91235"}],"version-history":[{"count":1,"href":"https:\/\/www.visit-ulcinj.com\/blog\/wp-json\/wp\/v2\/posts\/91235\/revisions"}],"predecessor-version":[{"id":91236,"href":"https:\/\/www.visit-ulcinj.com\/blog\/wp-json\/wp\/v2\/posts\/91235\/revisions\/91236"}],"wp:attachment":[{"href":"https:\/\/www.visit-ulcinj.com\/blog\/wp-json\/wp\/v2\/media?parent=91235"}],"wp:term":[{"taxonomy":"category","embeddable":true,"href":"https:\/\/www.visit-ulcinj.com\/blog\/wp-json\/wp\/v2\/categories?post=91235"},{"taxonomy":"post_tag","embeddable":true,"href":"https:\/\/www.visit-ulcinj.com\/blog\/wp-json\/wp\/v2\/tags?post=91235"}],"curies":[{"name":"wp","href":"https:\/\/api.w.org\/{rel}","templated":true}]}}