{"id":91247,"date":"2015-06-30T18:19:47","date_gmt":"2015-06-30T17:19:47","guid":{"rendered":"http:\/\/www.visit-ulcinj.com\/blog\/?p=91247"},"modified":"2015-07-01T08:43:09","modified_gmt":"2015-07-01T07:43:09","slug":"haxhi-zeneli-me-kosoven-po-behen-eksperimente","status":"publish","type":"post","link":"https:\/\/www.visit-ulcinj.com\/blog\/2015\/06\/30\/haxhi-zeneli-me-kosoven-po-behen-eksperimente\/","title":{"rendered":"Haxhi Zeneli: Me Kosov\u00ebn po b\u00ebh\u00ebn eksperimente"},"content":{"rendered":"<p><a href=\"http:\/\/www.visit-ulcinj.com\/blog\/wp-content\/uploads\/2015\/06\/Haxhi-Zeneli-.jpg\"><img loading=\"lazy\" class=\"alignleft wp-image-91248 size-full\" src=\"http:\/\/www.visit-ulcinj.com\/blog\/wp-content\/uploads\/2015\/06\/Haxhi-Zeneli-.jpg\" alt=\"Haxhi-Zeneli-\" width=\"146\" height=\"188\" \/><\/a>Para 16 viteve populli doli n\u00eb rrug\u00ebt e Kosov\u00ebs duke brohoritur,e duke p\u00ebrsh\u00ebndetur me sinqeritetin m\u00eb t\u00eb past\u00ebrt q\u00eb mund t\u00eb dali nga shpirt\u00ebrat e molisur.Ashtu t\u00eb lodhur nga lufta p\u00ebrsh\u00ebndet\u00ebn rrug\u00ebve p\u00ebr ti faleminderuar nga zemra,nd\u00ebrkomb\u00ebtar\u00ebt q\u00eb erdh\u00ebn si shpetimtar.<\/p>\n<p>Pas t\u00eb gjitha atyre q\u00eb kaloi Populli i Kosov\u00ebs,ende po mbah\u00ebn peng dhe t\u00eb d\u00ebnuar.Ata q\u00eb duh\u00ebt t\u00eb flasin,heshtin!heshtin p\u00ebr mos ti prishur pun\u00ebt e tyre,apo nuk duan t\u00eb flasin t\u00eb v\u00ebrtet\u00ebn,sepse kan\u00eb interesa p\u00ebrsonale si\u00e7 kan\u00eb pasur deri m\u00eb tani.P\u00ebr votimin e Gjykat\u00ebs Speciale mendoh\u00ebt se nuk \u00ebsht\u00eb asgj\u00eb tjet\u00ebr p\u00ebrve\u00e7 se nj\u00eb jet\u00eb gjat\u00ebsie e korrupcionit n\u00eb Kosov\u00eb,p\u00ebr mos suksesin e nd\u00ebrkomb\u00ebtar\u00ebve t\u00eb korruptuar.<\/p>\n<p>Po tall\u00ebn me k\u00ebt\u00eb popull si kan\u00eb d\u00ebshir\u00eb.B\u00ebh\u00ebn presione q\u00eb t\u00eb pranojn\u00eb k\u00ebt\u00eb Gjykat\u00eb,Kosova k\u00ebrc\u00ebnoh\u00ebt nga nd\u00ebrkomb\u00ebtar\u00ebt se n\u00ebse nuk e votoni,do ti keni pun\u00ebt shum\u00eb keq.Ku m\u00eb tep\u00ebr i ngjan\u00eb nj\u00eb shantazhi(blackmail).<\/p>\n<p>Nuk e di se ka ndodhur kjo n\u00eb ndonj\u00eb vend tjet\u00ebr:q\u00eb t\u00eb d\u00ebnohet viktima,ata t\u00eb cil\u00ebt mbrojt\u00ebn pragun e sht\u00ebpis dhe familjet e tyre,nga kriminelet dhe bandat paramilitare terroriste t\u00eb Serbis.T\u00eb cil\u00ebt vran\u00eb e pren me mijra qytetar duke mos kursyar: f\u00ebmit,femrat,pleq\u00ebt,dhe sot ata kriminel sill\u00ebn lirsh\u00ebm n\u00ebp\u00ebr Serbi.<\/p>\n<p>Skenari i k\u00ebsaj\u00eb gjykate mund t\u00eb ken\u00eb prapavi,dhe mundemi edhe t\u00eb spekulojm\u00eb,por sidoqoft, n\u00eb asnj\u00eb m\u00ebnyr\u00eb nuk mund t\u00eb quh\u00ebt i moralsh\u00ebm,q\u00eb t\u00eb d\u00ebnoh\u00ebn ata t\u00eb cil\u00ebt luftuan n\u00eb nj\u00eb luft\u00eb mbrojt\u00ebse t\u00eb pa barabart\u00eb ndaj \u00e7etnik\u00ebve serb.Turpi s&#8217;ka fund,ata duan p\u00ebrs\u00ebri viktimen ta gjykojn\u00eb.Por shqiptar\u00ebt nuk duh\u00ebt t\u00eb habit\u00ebn shum\u00eb nga kjo q\u00eb po ju sjellin nd\u00ebrkomb\u00ebtar\u00ebt dhe Europa.Mos harroni se&#8221;Europa e Cilivizuar&#8221;q\u00eb ne po i lutemi t\u00eb na marrin n\u00eb prehrin e tyre,ata lejuan gjenocidin e shekullit,n\u00eb kampet e p\u00ebrqendrimit t\u00eb Srebrenic\u00ebs,mu n\u00eb mesin e tyre,q\u00eb ishte nj\u00eb turp i shekullit.<\/p>\n<p>Shqiptar\u00ebve t\u00eb Kosov\u00ebs menj\u00ebher\u00eb pas p\u00ebrfundimit t\u00eb luft\u00ebs 1999,ku ende pa u thar\u00eb gjaku m\u00eb tep\u00ebr se 1000 f\u00ebmij\u00ebve t\u00eb masakruar dhe mij\u00ebra grave t\u00eb dhunuara n\u00eb Kosov\u00eb,ju \u00ebsht\u00eb urdh\u00ebruar luftar\u00ebve t\u00eb liris\u00eb q\u00eb p\u00ebr t\u00eb mir\u00ebn e Kosov\u00ebs duhet q\u00eb ju vullnetarisht t\u00eb rradhit\u00ebni n\u00eb bankat e Tribunalit t\u00eb Hag\u00ebs p\u00ebr t\u00eb treguar se jeni t\u00eb past\u00ebrt ndaj\u00eb krimeve,dhe ashtu u b\u00eb.<\/p>\n<p>Kush u d\u00ebnua e kush nuk u d\u00ebnua,sidoqoft shqiptar\u00ebt fituan p\u00ebrshtypjen se puna e gjykatave mori fund.Kurse tashti p\u00ebrs\u00ebri pas 16 viteve duan t\u00eb b\u00ebjn\u00eb eksperimente me Kosov\u00ebn si model,p\u00ebr t\u00eb tjer\u00ebt,apo k\u00ebto nd\u00ebrkomb\u00ebtar kan\u00eb hallin e tyre,sepse jan\u00eb korruptuar aq keq,sa q\u00eb tashti duh\u00ebt ti arsytoh\u00ebn taksagues\u00ebve europian p\u00ebr mossuksesin e Kosov\u00ebs.Se kush do t\u00eb gjykoh\u00ebt ndoshta edhe nuk e kan\u00eb t\u00eb qart\u00eb,sepse deri sa t\u00eb filloj\u00eb pun\u00ebn kjo gjykat\u00eb,do t\u00eb kaloj\u00eb edha disa vite,dhe nd\u00ebr koh\u00eb do t\u00eb ri-inventojn\u00eb di\u00e7ka tjet\u00ebr,k\u00ebshtu q\u00eb Kosova e shkret\u00eb ende do t\u00eb vazhdoj\u00eb t\u00eb q\u00ebndroj\u00eb n\u00eb mshir\u00ebn e nd\u00ebrkomb\u00ebtar\u00ebve t\u00eb korruptuar s\u00eb bashku me disa politikan vendor.<\/p>\n<p>Serbia po b\u00ebn\u00eb \u00e7do gj\u00eb,p\u00ebr t\u00eb shfryt\u00ebzuar rastin,q\u00eb t\u00eb ja arrij\u00eb q\u00ebllimit,q\u00eb ti d\u00ebnoj\u00eb t\u00eb gjith\u00eb ish-luftar\u00ebt e liris,sepse kjo do ishte m\u00ebnyra m\u00eb e mir\u00eb t\u00eb shfaj\u00ebsoj\u00eb Serbin p\u00ebr krimet e b\u00ebra.<\/p>\n<p>Apetit\u00ebt e:serbo\/bullgaro\/greko\/malazez,jan\u00eb t\u00eb pa ngopura,atyre ende nuk jan\u00eb shuar orekset p\u00ebr ti grabitur tokat e shqiptar\u00ebve.Frika \u00ebsht\u00eb se po na rishfaq\u00ebt e nj\u00ebjta sken\u00eb me protagonist t\u00eb nj\u00ebjt\u00eb,q\u00eb p\u00ebrs\u00ebri duan t\u00eb manipulojn\u00eb me tokat shqiptare,sikur\u00ebse n\u00eb vitin 1913,kur\u00eb Europa caktoj\u00eb kufijt n\u00eb m\u00ebnyr\u00eb t\u00eb pa drejt.<\/p>\n<p>At\u00ebher\u00eb natyrisht q\u00eb ne si nj\u00eb popull kaq i vuajtur,i p\u00ebrbuzur dhe i mashtruar,si mund ta fitojm\u00eb besimin ndaj atyre q\u00eb asnj\u00ebher\u00eb nuk ishin pran\u00eb nesh,s\u00eb paku t\u00eb na qajn hallin.<\/p>\n<p>Faji nuk \u00ebsht\u00eb tek shqiptar\u00ebt q\u00eb hezitojn\u00eb t\u00eb votojn\u00eb Gjykat\u00ebn Speciale,ata kan\u00eb humbur besimin tek nd\u00ebrkomb\u00ebtaret.Shqiptar\u00ebt po diskriminoh\u00ebn hapatazi,kurse Serbia po f\u00ebrkon shuplakat.<\/p>\n<p>Shqiptar\u00ebt gjat\u00eb gjith\u00eb historis\u00eb,kan\u00eb paguar me gjakun e tyre p\u00ebr tu mbrojtur nga fqinj\u00ebt barbar.<\/p>\n<p>Kurse tani me shantazhe b\u00ebni presione q\u00eb t\u00eb pranoh\u00ebt kjo gjykat\u00eb,se p\u00ebrndryshe do ti keni pun\u00ebt keq!.A thu Kosova do t\u00eb ka nj\u00eb gjend\u00ebje ma t\u00eb keqe se sot?!.<\/p>\n<p>Po si thoni ju?a duh\u00ebt shqiptar\u00ebt ti shfajsojn\u00eb serbet p\u00ebr krimet e b\u00ebra,vet\u00ebm q\u00eb t\u00eb antar\u00ebsoh\u00ebn n\u00eb Bashkimin Europian?.BE-ja ka shum\u00eb probleme me shtetet q\u00eb jan\u00eb br\u00ebnda dhe nuk po din me i dh\u00ebn\u00eb fund,ja merr\u00ebni shembull Greqin se \u00e7far\u00eb pondodh\u00eb!.Ky \u00ebsht\u00eb fillimi i problemeve t\u00eb BE-s\u00eb.Mendoj\u00eb se \u00ebsht\u00eb akoma her\u00ebt q\u00eb ti i&#8217;ja marrim zili nj\u00eb Eurozone e cila nuk mund ti ndihmoj\u00eb nj\u00eb shteti si Greqia.Shqiptar\u00ebt mos ti mbajn\u00eb shpresat shum\u00eb lart\u00eb tek BE-ja.<\/p>\n<p>Shqiptar\u00ebt e Kosov\u00ebs duh\u00ebt pa kurrfar infirioriteti ndaj nd\u00ebrkomb\u00ebtar\u00ebve tu tregojn\u00eb rrug\u00ebn andej ka kan\u00eb ardhur,se bolle e kan\u00eb korruptuar k\u00ebt\u00eb vend p\u00ebr 16 vite.<\/p>\n<p>Ata pat\u00ebn shansin t\u00eb tregoh\u00ebn si shp\u00ebtimtar q\u00eb s\u00eb paku ta p\u00ebrmisojn\u00eb jet\u00ebn e qytetar\u00ebve.Kurse tashti na del se:Kosova p\u00ebr tu b\u00eb m\u00eb mir\u00eb duh\u00ebt t\u00eb votoj\u00eb Gjykaten Speciale.<\/p>\n<p>Po n\u00eb rregull\u00eb! Por m\u00eb e logjik\u00ebshme do t\u00eb ishte q\u00eb Gjykata Speciale,t\u00eb sh\u00ebrbej\u00eb m\u00eb s\u00eb pari,p\u00ebr ti gjykar t\u00eb gjith\u00eb ata t\u00eb cil\u00ebt ja kan\u00eb zhytur rrotat n\u00eb balt\u00eb Kosov\u00ebs,tuj p\u00ebrfshi politikan\u00ebt,nd\u00ebrkomb\u00ebt\u00ebt dhe Eulexin e korruptuar.Kjo do t\u00eb ishte m\u00eb e ar\u00ebsyeshme,p\u00ebr ti arsytuar parat e taxapagues\u00ebve t\u00eb Bashkimit Europian,t\u00eb cil\u00ebt i kan\u00eb d\u00ebrguar si njer\u00ebz t\u00eb besuar p\u00ebr t\u00eb ndihmuar Kosov\u00ebn.<\/p>\n<p>&nbsp;<\/p>\n<p>Qershor\/2015<\/p>\n","protected":false},"excerpt":{"rendered":"<p>Para 16 viteve populli doli n\u00eb rrug\u00ebt e Kosov\u00ebs duke brohoritur,e duke p\u00ebrsh\u00ebndetur me sinqeritetin m\u00eb t\u00eb past\u00ebrt q\u00eb mund t\u00eb dali nga shpirt\u00ebrat e molisur.Ashtu t\u00eb lodhur nga lufta p\u00ebrsh\u00ebndet\u00ebn rrug\u00ebve p\u00ebr ti faleminderuar nga zemra,nd\u00ebrkomb\u00ebtar\u00ebt q\u00eb erdh\u00ebn si shpetimtar. Pas t\u00eb gjitha atyre q\u00eb kaloi Populli i Kosov\u00ebs,ende po mbah\u00ebn peng dhe t\u00eb [&hellip;]<\/p>\n","protected":false},"author":1,"featured_media":0,"comment_status":"closed","ping_status":"closed","sticky":false,"template":"","format":"standard","meta":{"spay_email":"","jetpack_publicize_message":"","jetpack_is_tweetstorm":false,"jetpack_publicize_feature_enabled":true},"categories":[1,14249],"tags":[],"jetpack_publicize_connections":[],"yoast_head":"<!-- This site is optimized with the Yoast SEO plugin v19.1 - https:\/\/yoast.com\/wordpress\/plugins\/seo\/ -->\n<title>Haxhi Zeneli: Me Kosov\u00ebn po b\u00ebh\u00ebn eksperimente - Lajme nga Ulqini<\/title>\n<meta name=\"description\" content=\"Para 16 viteve populli doli n\u00eb rrug\u00ebt e Kosov\u00ebs duke brohoritur,e duke p\u00ebrsh\u00ebndetur me sinqeritetin m\u00eb t\u00eb past\u00ebrt q\u00eb mund t\u00eb dali nga shpirt\u00ebrat e\" \/>\n<meta name=\"robots\" content=\"index, follow, max-snippet:-1, max-image-preview:large, max-video-preview:-1\" \/>\n<link rel=\"canonical\" href=\"https:\/\/www.visit-ulcinj.com\/blog\/2015\/06\/30\/haxhi-zeneli-me-kosoven-po-behen-eksperimente\/\" \/>\n<meta property=\"og:locale\" content=\"en_US\" \/>\n<meta property=\"og:type\" content=\"article\" \/>\n<meta property=\"og:title\" content=\"Haxhi Zeneli: Me Kosov\u00ebn po b\u00ebh\u00ebn eksperimente - Lajme nga Ulqini\" \/>\n<meta property=\"og:description\" content=\"Para 16 viteve populli doli n\u00eb rrug\u00ebt e Kosov\u00ebs duke brohoritur,e duke p\u00ebrsh\u00ebndetur me sinqeritetin m\u00eb t\u00eb past\u00ebrt q\u00eb mund t\u00eb dali nga shpirt\u00ebrat e\" \/>\n<meta property=\"og:url\" content=\"https:\/\/www.visit-ulcinj.com\/blog\/2015\/06\/30\/haxhi-zeneli-me-kosoven-po-behen-eksperimente\/\" \/>\n<meta property=\"og:site_name\" content=\"Lajme nga Ulqini\" \/>\n<meta property=\"article:published_time\" content=\"2015-06-30T17:19:47+00:00\" \/>\n<meta property=\"article:modified_time\" content=\"2015-07-01T07:43:09+00:00\" \/>\n<meta property=\"og:image\" content=\"http:\/\/www.visit-ulcinj.com\/blog\/wp-content\/uploads\/2015\/06\/Haxhi-Zeneli-.jpg\" \/>\n<meta name=\"twitter:label1\" content=\"Written by\" \/>\n\t<meta name=\"twitter:data1\" content=\"ulqini\" \/>\n\t<meta name=\"twitter:label2\" content=\"Est. reading time\" \/>\n\t<meta name=\"twitter:data2\" content=\"6 minutes\" \/>\n<script type=\"application\/ld+json\" class=\"yoast-schema-graph\">{\"@context\":\"https:\/\/schema.org\",\"@graph\":[{\"@type\":\"WebSite\",\"@id\":\"https:\/\/www.visit-ulcinj.com\/blog\/#website\",\"url\":\"https:\/\/www.visit-ulcinj.com\/blog\/\",\"name\":\"Lajme nga Ulqini\",\"description\":\"Lajme,Vijesti,Ulqini,Ulqin,Crna Gora,Mali i Zi\",\"potentialAction\":[{\"@type\":\"SearchAction\",\"target\":{\"@type\":\"EntryPoint\",\"urlTemplate\":\"https:\/\/www.visit-ulcinj.com\/blog\/?s={search_term_string}\"},\"query-input\":\"required name=search_term_string\"}],\"inLanguage\":\"en-US\"},{\"@type\":\"ImageObject\",\"inLanguage\":\"en-US\",\"@id\":\"https:\/\/www.visit-ulcinj.com\/blog\/2015\/06\/30\/haxhi-zeneli-me-kosoven-po-behen-eksperimente\/#primaryimage\",\"url\":\"https:\/\/www.visit-ulcinj.com\/blog\/wp-content\/uploads\/2015\/06\/Haxhi-Zeneli-.jpg\",\"contentUrl\":\"https:\/\/www.visit-ulcinj.com\/blog\/wp-content\/uploads\/2015\/06\/Haxhi-Zeneli-.jpg\",\"width\":146,\"height\":188},{\"@type\":\"WebPage\",\"@id\":\"https:\/\/www.visit-ulcinj.com\/blog\/2015\/06\/30\/haxhi-zeneli-me-kosoven-po-behen-eksperimente\/#webpage\",\"url\":\"https:\/\/www.visit-ulcinj.com\/blog\/2015\/06\/30\/haxhi-zeneli-me-kosoven-po-behen-eksperimente\/\",\"name\":\"Haxhi Zeneli: Me Kosov\u00ebn po b\u00ebh\u00ebn eksperimente - Lajme nga Ulqini\",\"isPartOf\":{\"@id\":\"https:\/\/www.visit-ulcinj.com\/blog\/#website\"},\"primaryImageOfPage\":{\"@id\":\"https:\/\/www.visit-ulcinj.com\/blog\/2015\/06\/30\/haxhi-zeneli-me-kosoven-po-behen-eksperimente\/#primaryimage\"},\"datePublished\":\"2015-06-30T17:19:47+00:00\",\"dateModified\":\"2015-07-01T07:43:09+00:00\",\"author\":{\"@id\":\"https:\/\/www.visit-ulcinj.com\/blog\/#\/schema\/person\/dcab619c614d3038751c63bc2aadc06d\"},\"description\":\"Para 16 viteve populli doli n\u00eb rrug\u00ebt e Kosov\u00ebs duke brohoritur,e duke p\u00ebrsh\u00ebndetur me sinqeritetin m\u00eb t\u00eb past\u00ebrt q\u00eb mund t\u00eb dali nga shpirt\u00ebrat e\",\"breadcrumb\":{\"@id\":\"https:\/\/www.visit-ulcinj.com\/blog\/2015\/06\/30\/haxhi-zeneli-me-kosoven-po-behen-eksperimente\/#breadcrumb\"},\"inLanguage\":\"en-US\",\"potentialAction\":[{\"@type\":\"ReadAction\",\"target\":[\"https:\/\/www.visit-ulcinj.com\/blog\/2015\/06\/30\/haxhi-zeneli-me-kosoven-po-behen-eksperimente\/\"]}]},{\"@type\":\"BreadcrumbList\",\"@id\":\"https:\/\/www.visit-ulcinj.com\/blog\/2015\/06\/30\/haxhi-zeneli-me-kosoven-po-behen-eksperimente\/#breadcrumb\",\"itemListElement\":[{\"@type\":\"ListItem\",\"position\":1,\"name\":\"Haxhi Zeneli: Me Kosov\u00ebn po b\u00ebh\u00ebn eksperimente\"}]},{\"@type\":\"Person\",\"@id\":\"https:\/\/www.visit-ulcinj.com\/blog\/#\/schema\/person\/dcab619c614d3038751c63bc2aadc06d\",\"name\":\"ulqini\",\"sameAs\":[\"http:\/\/www.visit-ulcinj.com\"],\"url\":\"https:\/\/www.visit-ulcinj.com\/blog\/author\/admin\/\"}]}<\/script>\n<!-- \/ Yoast SEO plugin. -->","yoast_head_json":{"title":"Haxhi Zeneli: Me Kosov\u00ebn po b\u00ebh\u00ebn eksperimente - Lajme nga Ulqini","description":"Para 16 viteve populli doli n\u00eb rrug\u00ebt e Kosov\u00ebs duke brohoritur,e duke p\u00ebrsh\u00ebndetur me sinqeritetin m\u00eb t\u00eb past\u00ebrt q\u00eb mund t\u00eb dali nga shpirt\u00ebrat e","robots":{"index":"index","follow":"follow","max-snippet":"max-snippet:-1","max-image-preview":"max-image-preview:large","max-video-preview":"max-video-preview:-1"},"canonical":"https:\/\/www.visit-ulcinj.com\/blog\/2015\/06\/30\/haxhi-zeneli-me-kosoven-po-behen-eksperimente\/","og_locale":"en_US","og_type":"article","og_title":"Haxhi Zeneli: Me Kosov\u00ebn po b\u00ebh\u00ebn eksperimente - Lajme nga Ulqini","og_description":"Para 16 viteve populli doli n\u00eb rrug\u00ebt e Kosov\u00ebs duke brohoritur,e duke p\u00ebrsh\u00ebndetur me sinqeritetin m\u00eb t\u00eb past\u00ebrt q\u00eb mund t\u00eb dali nga shpirt\u00ebrat e","og_url":"https:\/\/www.visit-ulcinj.com\/blog\/2015\/06\/30\/haxhi-zeneli-me-kosoven-po-behen-eksperimente\/","og_site_name":"Lajme nga Ulqini","article_published_time":"2015-06-30T17:19:47+00:00","article_modified_time":"2015-07-01T07:43:09+00:00","og_image":[{"url":"http:\/\/www.visit-ulcinj.com\/blog\/wp-content\/uploads\/2015\/06\/Haxhi-Zeneli-.jpg"}],"twitter_misc":{"Written by":"ulqini","Est. reading time":"6 minutes"},"schema":{"@context":"https:\/\/schema.org","@graph":[{"@type":"WebSite","@id":"https:\/\/www.visit-ulcinj.com\/blog\/#website","url":"https:\/\/www.visit-ulcinj.com\/blog\/","name":"Lajme nga Ulqini","description":"Lajme,Vijesti,Ulqini,Ulqin,Crna Gora,Mali i Zi","potentialAction":[{"@type":"SearchAction","target":{"@type":"EntryPoint","urlTemplate":"https:\/\/www.visit-ulcinj.com\/blog\/?s={search_term_string}"},"query-input":"required name=search_term_string"}],"inLanguage":"en-US"},{"@type":"ImageObject","inLanguage":"en-US","@id":"https:\/\/www.visit-ulcinj.com\/blog\/2015\/06\/30\/haxhi-zeneli-me-kosoven-po-behen-eksperimente\/#primaryimage","url":"https:\/\/www.visit-ulcinj.com\/blog\/wp-content\/uploads\/2015\/06\/Haxhi-Zeneli-.jpg","contentUrl":"https:\/\/www.visit-ulcinj.com\/blog\/wp-content\/uploads\/2015\/06\/Haxhi-Zeneli-.jpg","width":146,"height":188},{"@type":"WebPage","@id":"https:\/\/www.visit-ulcinj.com\/blog\/2015\/06\/30\/haxhi-zeneli-me-kosoven-po-behen-eksperimente\/#webpage","url":"https:\/\/www.visit-ulcinj.com\/blog\/2015\/06\/30\/haxhi-zeneli-me-kosoven-po-behen-eksperimente\/","name":"Haxhi Zeneli: Me Kosov\u00ebn po b\u00ebh\u00ebn eksperimente - Lajme nga Ulqini","isPartOf":{"@id":"https:\/\/www.visit-ulcinj.com\/blog\/#website"},"primaryImageOfPage":{"@id":"https:\/\/www.visit-ulcinj.com\/blog\/2015\/06\/30\/haxhi-zeneli-me-kosoven-po-behen-eksperimente\/#primaryimage"},"datePublished":"2015-06-30T17:19:47+00:00","dateModified":"2015-07-01T07:43:09+00:00","author":{"@id":"https:\/\/www.visit-ulcinj.com\/blog\/#\/schema\/person\/dcab619c614d3038751c63bc2aadc06d"},"description":"Para 16 viteve populli doli n\u00eb rrug\u00ebt e Kosov\u00ebs duke brohoritur,e duke p\u00ebrsh\u00ebndetur me sinqeritetin m\u00eb t\u00eb past\u00ebrt q\u00eb mund t\u00eb dali nga shpirt\u00ebrat e","breadcrumb":{"@id":"https:\/\/www.visit-ulcinj.com\/blog\/2015\/06\/30\/haxhi-zeneli-me-kosoven-po-behen-eksperimente\/#breadcrumb"},"inLanguage":"en-US","potentialAction":[{"@type":"ReadAction","target":["https:\/\/www.visit-ulcinj.com\/blog\/2015\/06\/30\/haxhi-zeneli-me-kosoven-po-behen-eksperimente\/"]}]},{"@type":"BreadcrumbList","@id":"https:\/\/www.visit-ulcinj.com\/blog\/2015\/06\/30\/haxhi-zeneli-me-kosoven-po-behen-eksperimente\/#breadcrumb","itemListElement":[{"@type":"ListItem","position":1,"name":"Haxhi Zeneli: Me Kosov\u00ebn po b\u00ebh\u00ebn eksperimente"}]},{"@type":"Person","@id":"https:\/\/www.visit-ulcinj.com\/blog\/#\/schema\/person\/dcab619c614d3038751c63bc2aadc06d","name":"ulqini","sameAs":["http:\/\/www.visit-ulcinj.com"],"url":"https:\/\/www.visit-ulcinj.com\/blog\/author\/admin\/"}]}},"jetpack_featured_media_url":"","jetpack_sharing_enabled":true,"jetpack_shortlink":"https:\/\/wp.me\/pe6lTn-nJJ","_links":{"self":[{"href":"https:\/\/www.visit-ulcinj.com\/blog\/wp-json\/wp\/v2\/posts\/91247"}],"collection":[{"href":"https:\/\/www.visit-ulcinj.com\/blog\/wp-json\/wp\/v2\/posts"}],"about":[{"href":"https:\/\/www.visit-ulcinj.com\/blog\/wp-json\/wp\/v2\/types\/post"}],"author":[{"embeddable":true,"href":"https:\/\/www.visit-ulcinj.com\/blog\/wp-json\/wp\/v2\/users\/1"}],"replies":[{"embeddable":true,"href":"https:\/\/www.visit-ulcinj.com\/blog\/wp-json\/wp\/v2\/comments?post=91247"}],"version-history":[{"count":2,"href":"https:\/\/www.visit-ulcinj.com\/blog\/wp-json\/wp\/v2\/posts\/91247\/revisions"}],"predecessor-version":[{"id":91264,"href":"https:\/\/www.visit-ulcinj.com\/blog\/wp-json\/wp\/v2\/posts\/91247\/revisions\/91264"}],"wp:attachment":[{"href":"https:\/\/www.visit-ulcinj.com\/blog\/wp-json\/wp\/v2\/media?parent=91247"}],"wp:term":[{"taxonomy":"category","embeddable":true,"href":"https:\/\/www.visit-ulcinj.com\/blog\/wp-json\/wp\/v2\/categories?post=91247"},{"taxonomy":"post_tag","embeddable":true,"href":"https:\/\/www.visit-ulcinj.com\/blog\/wp-json\/wp\/v2\/tags?post=91247"}],"curies":[{"name":"wp","href":"https:\/\/api.w.org\/{rel}","templated":true}]}}