{"id":91279,"date":"2015-07-01T11:13:18","date_gmt":"2015-07-01T10:13:18","guid":{"rendered":"http:\/\/www.visit-ulcinj.com\/blog\/?p=91279"},"modified":"2015-07-01T11:13:18","modified_gmt":"2015-07-01T10:13:18","slug":"izgorio-autobus-koji-je-pazarce-prevozio-za-ulcinj","status":"publish","type":"post","link":"https:\/\/www.visit-ulcinj.com\/blog\/2015\/07\/01\/izgorio-autobus-koji-je-pazarce-prevozio-za-ulcinj\/","title":{"rendered":"Izgorio autobus koji je Pazarce prevozio za Ulcinj"},"content":{"rendered":"<p><a href=\"http:\/\/www.visit-ulcinj.com\/blog\/wp-content\/uploads\/2015\/07\/Izgorio-autobus-noni-pazar-Ulcinj.jpg\"><img loading=\"lazy\" class=\"alignleft wp-image-91281\" src=\"http:\/\/www.visit-ulcinj.com\/blog\/wp-content\/uploads\/2015\/07\/Izgorio-autobus-noni-pazar-Ulcinj.jpg\" alt=\"Izgorio autobus -noni-pazar-Ulcinj\" width=\"508\" height=\"292\" srcset=\"https:\/\/www.visit-ulcinj.com\/blog\/wp-content\/uploads\/2015\/07\/Izgorio-autobus-noni-pazar-Ulcinj.jpg 1000w, https:\/\/www.visit-ulcinj.com\/blog\/wp-content\/uploads\/2015\/07\/Izgorio-autobus-noni-pazar-Ulcinj-300x172.jpg 300w\" sizes=\"(max-width: 508px) 100vw, 508px\" \/><\/a>Autobus firme Ozlem zapalio se danas oko 12.00h na podru\u010dju op\u0161tine Berane u mjestu Lokve , udaljenom od Ro\u017eaja oko 17 km.<\/p>\n<p>Odmah po primljenom pozivu pripadnici Slu\u017ebe za\u0161tite Ro\u017eaje su u najkra\u0107em vremenu stigli na lice mjesta i brzom intervencijom uspjeli da lokalizuju po\u017ear.Ne\u0161to kasnije stigla je i ekipa iz Berana.<\/p>\n<p>Na intervenciji je ucestvovalo jedno vatrogasno vozilo sa tri vatrogasca rekao je za agenciju SANA komandir Slu\u017ebe \u017ea\u0161tite,\u00a0Hasi\u0107 Sead.<\/p>\n<p>U po\u017earu nije bilo povrije\u0111enih a pri\u010dinjena je velika materijalna \u0161teta.<\/p>\n<p><strong>Izvor: <span class=\"fsl fwb\"><a href=\"https:\/\/www.facebook.com\/SandzakPRESS\" target=\"_blank\">SandzakPRESS<\/a><\/span><\/strong><\/p>\n<p><a href=\"http:\/\/www.visit-ulcinj.com\/blog\/wp-content\/uploads\/2015\/07\/Izgorio-autobus-noni-pazar-Ulcinj-1.jpg\"><img loading=\"lazy\" class=\"alignleft wp-image-91282\" src=\"http:\/\/www.visit-ulcinj.com\/blog\/wp-content\/uploads\/2015\/07\/Izgorio-autobus-noni-pazar-Ulcinj-1.jpg\" alt=\"Izgorio autobus -noni-pazar-Ulcinj-1\" width=\"508\" height=\"447\" srcset=\"https:\/\/www.visit-ulcinj.com\/blog\/wp-content\/uploads\/2015\/07\/Izgorio-autobus-noni-pazar-Ulcinj-1.jpg 960w, https:\/\/www.visit-ulcinj.com\/blog\/wp-content\/uploads\/2015\/07\/Izgorio-autobus-noni-pazar-Ulcinj-1-300x264.jpg 300w\" sizes=\"(max-width: 508px) 100vw, 508px\" \/><\/a> <a href=\"http:\/\/www.visit-ulcinj.com\/blog\/wp-content\/uploads\/2015\/07\/Izgorio-autobus-noni-pazar-Ulcinj-2.jpg\"><img loading=\"lazy\" class=\"alignleft wp-image-91283\" src=\"http:\/\/www.visit-ulcinj.com\/blog\/wp-content\/uploads\/2015\/07\/Izgorio-autobus-noni-pazar-Ulcinj-2.jpg\" alt=\"Izgorio autobus -noni-pazar-Ulcinj-2\" width=\"508\" height=\"452\" srcset=\"https:\/\/www.visit-ulcinj.com\/blog\/wp-content\/uploads\/2015\/07\/Izgorio-autobus-noni-pazar-Ulcinj-2.jpg 960w, https:\/\/www.visit-ulcinj.com\/blog\/wp-content\/uploads\/2015\/07\/Izgorio-autobus-noni-pazar-Ulcinj-2-300x267.jpg 300w\" sizes=\"(max-width: 508px) 100vw, 508px\" \/><\/a><\/p>\n","protected":false},"excerpt":{"rendered":"<p>Autobus firme Ozlem zapalio se danas oko 12.00h na podru\u010dju op\u0161tine Berane u mjestu Lokve , udaljenom od Ro\u017eaja oko 17 km. Odmah po primljenom pozivu pripadnici Slu\u017ebe za\u0161tite Ro\u017eaje su u najkra\u0107em vremenu stigli na lice mjesta i brzom intervencijom uspjeli da lokalizuju po\u017ear.Ne\u0161to kasnije stigla je i ekipa iz Berana. Na intervenciji je [&hellip;]<\/p>\n","protected":false},"author":1,"featured_media":0,"comment_status":"closed","ping_status":"closed","sticky":false,"template":"","format":"standard","meta":{"spay_email":"","jetpack_publicize_message":"","jetpack_is_tweetstorm":false,"jetpack_publicize_feature_enabled":true},"categories":[8337],"tags":[],"jetpack_publicize_connections":[],"yoast_head":"<!-- This site is optimized with the Yoast SEO plugin v19.1 - https:\/\/yoast.com\/wordpress\/plugins\/seo\/ -->\n<title>Izgorio autobus koji je Pazarce prevozio za Ulcinj - Lajme nga Ulqini<\/title>\n<meta name=\"description\" content=\"Autobus firme Ozlem zapalio se danas oko 12.00h na podru\u010dju op\u0161tine Berane u mjestu Lokve , udaljenom od Ro\u017eaja oko 17 km. Odmah po primljenom pozivu\" \/>\n<meta name=\"robots\" content=\"index, follow, max-snippet:-1, max-image-preview:large, max-video-preview:-1\" \/>\n<link rel=\"canonical\" href=\"https:\/\/www.visit-ulcinj.com\/blog\/2015\/07\/01\/izgorio-autobus-koji-je-pazarce-prevozio-za-ulcinj\/\" \/>\n<meta property=\"og:locale\" content=\"en_US\" \/>\n<meta property=\"og:type\" content=\"article\" \/>\n<meta property=\"og:title\" content=\"Izgorio autobus koji je Pazarce prevozio za Ulcinj - Lajme nga Ulqini\" \/>\n<meta property=\"og:description\" content=\"Autobus firme Ozlem zapalio se danas oko 12.00h na podru\u010dju op\u0161tine Berane u mjestu Lokve , udaljenom od Ro\u017eaja oko 17 km. Odmah po primljenom pozivu\" \/>\n<meta property=\"og:url\" content=\"https:\/\/www.visit-ulcinj.com\/blog\/2015\/07\/01\/izgorio-autobus-koji-je-pazarce-prevozio-za-ulcinj\/\" \/>\n<meta property=\"og:site_name\" content=\"Lajme nga Ulqini\" \/>\n<meta property=\"article:published_time\" content=\"2015-07-01T10:13:18+00:00\" \/>\n<meta property=\"og:image\" content=\"http:\/\/www.visit-ulcinj.com\/blog\/wp-content\/uploads\/2015\/07\/Izgorio-autobus-noni-pazar-Ulcinj.jpg\" \/>\n<meta name=\"twitter:label1\" content=\"Written by\" \/>\n\t<meta name=\"twitter:data1\" content=\"ulqini\" \/>\n<script type=\"application\/ld+json\" class=\"yoast-schema-graph\">{\"@context\":\"https:\/\/schema.org\",\"@graph\":[{\"@type\":\"WebSite\",\"@id\":\"https:\/\/www.visit-ulcinj.com\/blog\/#website\",\"url\":\"https:\/\/www.visit-ulcinj.com\/blog\/\",\"name\":\"Lajme nga Ulqini\",\"description\":\"Lajme,Vijesti,Ulqini,Ulqin,Crna Gora,Mali i Zi\",\"potentialAction\":[{\"@type\":\"SearchAction\",\"target\":{\"@type\":\"EntryPoint\",\"urlTemplate\":\"https:\/\/www.visit-ulcinj.com\/blog\/?s={search_term_string}\"},\"query-input\":\"required name=search_term_string\"}],\"inLanguage\":\"en-US\"},{\"@type\":\"ImageObject\",\"inLanguage\":\"en-US\",\"@id\":\"https:\/\/www.visit-ulcinj.com\/blog\/2015\/07\/01\/izgorio-autobus-koji-je-pazarce-prevozio-za-ulcinj\/#primaryimage\",\"url\":\"https:\/\/www.visit-ulcinj.com\/blog\/wp-content\/uploads\/2015\/07\/Izgorio-autobus-noni-pazar-Ulcinj.jpg\",\"contentUrl\":\"https:\/\/www.visit-ulcinj.com\/blog\/wp-content\/uploads\/2015\/07\/Izgorio-autobus-noni-pazar-Ulcinj.jpg\",\"width\":1000,\"height\":574},{\"@type\":\"WebPage\",\"@id\":\"https:\/\/www.visit-ulcinj.com\/blog\/2015\/07\/01\/izgorio-autobus-koji-je-pazarce-prevozio-za-ulcinj\/#webpage\",\"url\":\"https:\/\/www.visit-ulcinj.com\/blog\/2015\/07\/01\/izgorio-autobus-koji-je-pazarce-prevozio-za-ulcinj\/\",\"name\":\"Izgorio autobus koji je Pazarce prevozio za Ulcinj - Lajme nga Ulqini\",\"isPartOf\":{\"@id\":\"https:\/\/www.visit-ulcinj.com\/blog\/#website\"},\"primaryImageOfPage\":{\"@id\":\"https:\/\/www.visit-ulcinj.com\/blog\/2015\/07\/01\/izgorio-autobus-koji-je-pazarce-prevozio-za-ulcinj\/#primaryimage\"},\"datePublished\":\"2015-07-01T10:13:18+00:00\",\"dateModified\":\"2015-07-01T10:13:18+00:00\",\"author\":{\"@id\":\"https:\/\/www.visit-ulcinj.com\/blog\/#\/schema\/person\/dcab619c614d3038751c63bc2aadc06d\"},\"description\":\"Autobus firme Ozlem zapalio se danas oko 12.00h na podru\u010dju op\u0161tine Berane u mjestu Lokve , udaljenom od Ro\u017eaja oko 17 km. Odmah po primljenom pozivu\",\"breadcrumb\":{\"@id\":\"https:\/\/www.visit-ulcinj.com\/blog\/2015\/07\/01\/izgorio-autobus-koji-je-pazarce-prevozio-za-ulcinj\/#breadcrumb\"},\"inLanguage\":\"en-US\",\"potentialAction\":[{\"@type\":\"ReadAction\",\"target\":[\"https:\/\/www.visit-ulcinj.com\/blog\/2015\/07\/01\/izgorio-autobus-koji-je-pazarce-prevozio-za-ulcinj\/\"]}]},{\"@type\":\"BreadcrumbList\",\"@id\":\"https:\/\/www.visit-ulcinj.com\/blog\/2015\/07\/01\/izgorio-autobus-koji-je-pazarce-prevozio-za-ulcinj\/#breadcrumb\",\"itemListElement\":[{\"@type\":\"ListItem\",\"position\":1,\"name\":\"Izgorio autobus koji je Pazarce prevozio za Ulcinj\"}]},{\"@type\":\"Person\",\"@id\":\"https:\/\/www.visit-ulcinj.com\/blog\/#\/schema\/person\/dcab619c614d3038751c63bc2aadc06d\",\"name\":\"ulqini\",\"sameAs\":[\"http:\/\/www.visit-ulcinj.com\"],\"url\":\"https:\/\/www.visit-ulcinj.com\/blog\/author\/admin\/\"}]}<\/script>\n<!-- \/ Yoast SEO plugin. -->","yoast_head_json":{"title":"Izgorio autobus koji je Pazarce prevozio za Ulcinj - Lajme nga Ulqini","description":"Autobus firme Ozlem zapalio se danas oko 12.00h na podru\u010dju op\u0161tine Berane u mjestu Lokve , udaljenom od Ro\u017eaja oko 17 km. Odmah po primljenom pozivu","robots":{"index":"index","follow":"follow","max-snippet":"max-snippet:-1","max-image-preview":"max-image-preview:large","max-video-preview":"max-video-preview:-1"},"canonical":"https:\/\/www.visit-ulcinj.com\/blog\/2015\/07\/01\/izgorio-autobus-koji-je-pazarce-prevozio-za-ulcinj\/","og_locale":"en_US","og_type":"article","og_title":"Izgorio autobus koji je Pazarce prevozio za Ulcinj - Lajme nga Ulqini","og_description":"Autobus firme Ozlem zapalio se danas oko 12.00h na podru\u010dju op\u0161tine Berane u mjestu Lokve , udaljenom od Ro\u017eaja oko 17 km. Odmah po primljenom pozivu","og_url":"https:\/\/www.visit-ulcinj.com\/blog\/2015\/07\/01\/izgorio-autobus-koji-je-pazarce-prevozio-za-ulcinj\/","og_site_name":"Lajme nga Ulqini","article_published_time":"2015-07-01T10:13:18+00:00","og_image":[{"url":"http:\/\/www.visit-ulcinj.com\/blog\/wp-content\/uploads\/2015\/07\/Izgorio-autobus-noni-pazar-Ulcinj.jpg"}],"twitter_misc":{"Written by":"ulqini"},"schema":{"@context":"https:\/\/schema.org","@graph":[{"@type":"WebSite","@id":"https:\/\/www.visit-ulcinj.com\/blog\/#website","url":"https:\/\/www.visit-ulcinj.com\/blog\/","name":"Lajme nga Ulqini","description":"Lajme,Vijesti,Ulqini,Ulqin,Crna Gora,Mali i Zi","potentialAction":[{"@type":"SearchAction","target":{"@type":"EntryPoint","urlTemplate":"https:\/\/www.visit-ulcinj.com\/blog\/?s={search_term_string}"},"query-input":"required name=search_term_string"}],"inLanguage":"en-US"},{"@type":"ImageObject","inLanguage":"en-US","@id":"https:\/\/www.visit-ulcinj.com\/blog\/2015\/07\/01\/izgorio-autobus-koji-je-pazarce-prevozio-za-ulcinj\/#primaryimage","url":"https:\/\/www.visit-ulcinj.com\/blog\/wp-content\/uploads\/2015\/07\/Izgorio-autobus-noni-pazar-Ulcinj.jpg","contentUrl":"https:\/\/www.visit-ulcinj.com\/blog\/wp-content\/uploads\/2015\/07\/Izgorio-autobus-noni-pazar-Ulcinj.jpg","width":1000,"height":574},{"@type":"WebPage","@id":"https:\/\/www.visit-ulcinj.com\/blog\/2015\/07\/01\/izgorio-autobus-koji-je-pazarce-prevozio-za-ulcinj\/#webpage","url":"https:\/\/www.visit-ulcinj.com\/blog\/2015\/07\/01\/izgorio-autobus-koji-je-pazarce-prevozio-za-ulcinj\/","name":"Izgorio autobus koji je Pazarce prevozio za Ulcinj - Lajme nga Ulqini","isPartOf":{"@id":"https:\/\/www.visit-ulcinj.com\/blog\/#website"},"primaryImageOfPage":{"@id":"https:\/\/www.visit-ulcinj.com\/blog\/2015\/07\/01\/izgorio-autobus-koji-je-pazarce-prevozio-za-ulcinj\/#primaryimage"},"datePublished":"2015-07-01T10:13:18+00:00","dateModified":"2015-07-01T10:13:18+00:00","author":{"@id":"https:\/\/www.visit-ulcinj.com\/blog\/#\/schema\/person\/dcab619c614d3038751c63bc2aadc06d"},"description":"Autobus firme Ozlem zapalio se danas oko 12.00h na podru\u010dju op\u0161tine Berane u mjestu Lokve , udaljenom od Ro\u017eaja oko 17 km. Odmah po primljenom pozivu","breadcrumb":{"@id":"https:\/\/www.visit-ulcinj.com\/blog\/2015\/07\/01\/izgorio-autobus-koji-je-pazarce-prevozio-za-ulcinj\/#breadcrumb"},"inLanguage":"en-US","potentialAction":[{"@type":"ReadAction","target":["https:\/\/www.visit-ulcinj.com\/blog\/2015\/07\/01\/izgorio-autobus-koji-je-pazarce-prevozio-za-ulcinj\/"]}]},{"@type":"BreadcrumbList","@id":"https:\/\/www.visit-ulcinj.com\/blog\/2015\/07\/01\/izgorio-autobus-koji-je-pazarce-prevozio-za-ulcinj\/#breadcrumb","itemListElement":[{"@type":"ListItem","position":1,"name":"Izgorio autobus koji je Pazarce prevozio za Ulcinj"}]},{"@type":"Person","@id":"https:\/\/www.visit-ulcinj.com\/blog\/#\/schema\/person\/dcab619c614d3038751c63bc2aadc06d","name":"ulqini","sameAs":["http:\/\/www.visit-ulcinj.com"],"url":"https:\/\/www.visit-ulcinj.com\/blog\/author\/admin\/"}]}},"jetpack_featured_media_url":"","jetpack_sharing_enabled":true,"jetpack_shortlink":"https:\/\/wp.me\/pe6lTn-nKf","_links":{"self":[{"href":"https:\/\/www.visit-ulcinj.com\/blog\/wp-json\/wp\/v2\/posts\/91279"}],"collection":[{"href":"https:\/\/www.visit-ulcinj.com\/blog\/wp-json\/wp\/v2\/posts"}],"about":[{"href":"https:\/\/www.visit-ulcinj.com\/blog\/wp-json\/wp\/v2\/types\/post"}],"author":[{"embeddable":true,"href":"https:\/\/www.visit-ulcinj.com\/blog\/wp-json\/wp\/v2\/users\/1"}],"replies":[{"embeddable":true,"href":"https:\/\/www.visit-ulcinj.com\/blog\/wp-json\/wp\/v2\/comments?post=91279"}],"version-history":[{"count":1,"href":"https:\/\/www.visit-ulcinj.com\/blog\/wp-json\/wp\/v2\/posts\/91279\/revisions"}],"predecessor-version":[{"id":91284,"href":"https:\/\/www.visit-ulcinj.com\/blog\/wp-json\/wp\/v2\/posts\/91279\/revisions\/91284"}],"wp:attachment":[{"href":"https:\/\/www.visit-ulcinj.com\/blog\/wp-json\/wp\/v2\/media?parent=91279"}],"wp:term":[{"taxonomy":"category","embeddable":true,"href":"https:\/\/www.visit-ulcinj.com\/blog\/wp-json\/wp\/v2\/categories?post=91279"},{"taxonomy":"post_tag","embeddable":true,"href":"https:\/\/www.visit-ulcinj.com\/blog\/wp-json\/wp\/v2\/tags?post=91279"}],"curies":[{"name":"wp","href":"https:\/\/api.w.org\/{rel}","templated":true}]}}