{"id":91293,"date":"2015-07-01T17:33:55","date_gmt":"2015-07-01T16:33:55","guid":{"rendered":"http:\/\/www.visit-ulcinj.com\/blog\/?p=91293"},"modified":"2015-07-01T17:33:55","modified_gmt":"2015-07-01T16:33:55","slug":"abazoviq-zgjedhjet-e-parakohshme-zgjidhja-reale","status":"publish","type":"post","link":"https:\/\/www.visit-ulcinj.com\/blog\/2015\/07\/01\/abazoviq-zgjedhjet-e-parakohshme-zgjidhja-reale\/","title":{"rendered":"Abazoviq: Zgjedhjet e parakohshme, zgjidhja m\u00eb reale"},"content":{"rendered":"<p><a href=\"http:\/\/www.visit-ulcinj.com\/blog\/wp-content\/uploads\/2015\/03\/Dritan-Abazoviq.jpg\"><img loading=\"lazy\" class=\"alignleft wp-image-89697\" src=\"http:\/\/www.visit-ulcinj.com\/blog\/wp-content\/uploads\/2015\/03\/Dritan-Abazoviq.jpg\" alt=\"Dritan-Abazoviq\" width=\"508\" height=\"319\" srcset=\"https:\/\/www.visit-ulcinj.com\/blog\/wp-content\/uploads\/2015\/03\/Dritan-Abazoviq.jpg 560w, https:\/\/www.visit-ulcinj.com\/blog\/wp-content\/uploads\/2015\/03\/Dritan-Abazoviq-300x189.jpg 300w\" sizes=\"(max-width: 508px) 100vw, 508px\" \/><\/a>Zgjedhjet parlamentare n\u00eb vjesht\u00eb\u00a0 jan\u00eb zgjidhja m\u00eb reale pas ngjarjeve n\u00eb PSD kurse ministrat t\u00eb cil\u00ebt e kan\u00eb braktisur k\u00ebt\u00eb parti nuk mund ta p\u00ebrfaq\u00ebsojn\u00eb\u00a0 at\u00eb n\u00eb qeveri, konsideron deputeti i pavarur\u00a0 Dritan Abazoviq .<\/p>\n<p>Ai po ashtu ka pohuar se n\u00ebse PSD pas gjith\u00eb k\u00ebsaj nuk e prish koalicionin me PDS, p\u00ebrfundimisht do ta v\u00ebrtetoj\u00eb se kjo parti nuk e ka m\u00eb subjektivitetin e vet\u00eb. N\u00ebse lejojn\u00eb q\u00eb ministrat t\u00eb cil\u00ebt nuk jan\u00eb m\u00eb an\u00ebtar t\u00eb tyre t\u00eb vazhdojn\u00eb t\u00eb jen\u00eb n\u00eb pushtet dhe t\u00eb g\u00ebzojn\u00eb p\u00ebrkrahjen e an\u00ebtar\u00ebve nga parlamenti t\u00eb cil\u00ebt p\u00ebrfaq\u00ebsojn\u00eb PSD, do t\u00eb jet\u00eb ky nonsens total t\u00eb cilin teoria politike nuk e njeh,ka pohuar Abazoviq.<\/p>\n<p>TVCG<\/p>\n","protected":false},"excerpt":{"rendered":"<p>Zgjedhjet parlamentare n\u00eb vjesht\u00eb\u00a0 jan\u00eb zgjidhja m\u00eb reale pas ngjarjeve n\u00eb PSD kurse ministrat t\u00eb cil\u00ebt e kan\u00eb braktisur k\u00ebt\u00eb parti nuk mund ta p\u00ebrfaq\u00ebsojn\u00eb\u00a0 at\u00eb n\u00eb qeveri, konsideron deputeti i pavarur\u00a0 Dritan Abazoviq . Ai po ashtu ka pohuar se n\u00ebse PSD pas gjith\u00eb k\u00ebsaj nuk e prish koalicionin me PDS, p\u00ebrfundimisht do ta [&hellip;]<\/p>\n","protected":false},"author":1,"featured_media":0,"comment_status":"closed","ping_status":"closed","sticky":false,"template":"","format":"standard","meta":{"spay_email":"","jetpack_publicize_message":"","jetpack_is_tweetstorm":false,"jetpack_publicize_feature_enabled":true},"categories":[6],"tags":[],"jetpack_publicize_connections":[],"yoast_head":"<!-- This site is optimized with the Yoast SEO plugin v19.1 - https:\/\/yoast.com\/wordpress\/plugins\/seo\/ -->\n<title>Abazoviq: Zgjedhjet e parakohshme, zgjidhja m\u00eb reale - Lajme nga Ulqini<\/title>\n<meta name=\"description\" content=\"Zgjedhjet parlamentare n\u00eb vjesht\u00eb\u00a0 jan\u00eb zgjidhja m\u00eb reale pas ngjarjeve n\u00eb PSD kurse ministrat t\u00eb cil\u00ebt e kan\u00eb braktisur k\u00ebt\u00eb parti nuk mund ta\" \/>\n<meta name=\"robots\" content=\"index, follow, max-snippet:-1, max-image-preview:large, max-video-preview:-1\" \/>\n<link rel=\"canonical\" href=\"https:\/\/www.visit-ulcinj.com\/blog\/2015\/07\/01\/abazoviq-zgjedhjet-e-parakohshme-zgjidhja-reale\/\" \/>\n<meta property=\"og:locale\" content=\"en_US\" \/>\n<meta property=\"og:type\" content=\"article\" \/>\n<meta property=\"og:title\" content=\"Abazoviq: Zgjedhjet e parakohshme, zgjidhja m\u00eb reale - Lajme nga Ulqini\" \/>\n<meta property=\"og:description\" content=\"Zgjedhjet parlamentare n\u00eb vjesht\u00eb\u00a0 jan\u00eb zgjidhja m\u00eb reale pas ngjarjeve n\u00eb PSD kurse ministrat t\u00eb cil\u00ebt e kan\u00eb braktisur k\u00ebt\u00eb parti nuk mund ta\" \/>\n<meta property=\"og:url\" content=\"https:\/\/www.visit-ulcinj.com\/blog\/2015\/07\/01\/abazoviq-zgjedhjet-e-parakohshme-zgjidhja-reale\/\" \/>\n<meta property=\"og:site_name\" content=\"Lajme nga Ulqini\" \/>\n<meta property=\"article:published_time\" content=\"2015-07-01T16:33:55+00:00\" \/>\n<meta property=\"og:image\" content=\"http:\/\/www.visit-ulcinj.com\/blog\/wp-content\/uploads\/2015\/03\/Dritan-Abazoviq.jpg\" \/>\n<meta name=\"twitter:label1\" content=\"Written by\" \/>\n\t<meta name=\"twitter:data1\" content=\"ulqini\" \/>\n\t<meta name=\"twitter:label2\" content=\"Est. reading time\" \/>\n\t<meta name=\"twitter:data2\" content=\"1 minute\" \/>\n<script type=\"application\/ld+json\" class=\"yoast-schema-graph\">{\"@context\":\"https:\/\/schema.org\",\"@graph\":[{\"@type\":\"WebSite\",\"@id\":\"https:\/\/www.visit-ulcinj.com\/blog\/#website\",\"url\":\"https:\/\/www.visit-ulcinj.com\/blog\/\",\"name\":\"Lajme nga Ulqini\",\"description\":\"Lajme,Vijesti,Ulqini,Ulqin,Crna Gora,Mali i Zi\",\"potentialAction\":[{\"@type\":\"SearchAction\",\"target\":{\"@type\":\"EntryPoint\",\"urlTemplate\":\"https:\/\/www.visit-ulcinj.com\/blog\/?s={search_term_string}\"},\"query-input\":\"required name=search_term_string\"}],\"inLanguage\":\"en-US\"},{\"@type\":\"ImageObject\",\"inLanguage\":\"en-US\",\"@id\":\"https:\/\/www.visit-ulcinj.com\/blog\/2015\/07\/01\/abazoviq-zgjedhjet-e-parakohshme-zgjidhja-reale\/#primaryimage\",\"url\":\"https:\/\/www.visit-ulcinj.com\/blog\/wp-content\/uploads\/2015\/03\/Dritan-Abazoviq.jpg\",\"contentUrl\":\"https:\/\/www.visit-ulcinj.com\/blog\/wp-content\/uploads\/2015\/03\/Dritan-Abazoviq.jpg\",\"width\":560,\"height\":352},{\"@type\":\"WebPage\",\"@id\":\"https:\/\/www.visit-ulcinj.com\/blog\/2015\/07\/01\/abazoviq-zgjedhjet-e-parakohshme-zgjidhja-reale\/#webpage\",\"url\":\"https:\/\/www.visit-ulcinj.com\/blog\/2015\/07\/01\/abazoviq-zgjedhjet-e-parakohshme-zgjidhja-reale\/\",\"name\":\"Abazoviq: Zgjedhjet e parakohshme, zgjidhja m\u00eb reale - Lajme nga Ulqini\",\"isPartOf\":{\"@id\":\"https:\/\/www.visit-ulcinj.com\/blog\/#website\"},\"primaryImageOfPage\":{\"@id\":\"https:\/\/www.visit-ulcinj.com\/blog\/2015\/07\/01\/abazoviq-zgjedhjet-e-parakohshme-zgjidhja-reale\/#primaryimage\"},\"datePublished\":\"2015-07-01T16:33:55+00:00\",\"dateModified\":\"2015-07-01T16:33:55+00:00\",\"author\":{\"@id\":\"https:\/\/www.visit-ulcinj.com\/blog\/#\/schema\/person\/dcab619c614d3038751c63bc2aadc06d\"},\"description\":\"Zgjedhjet parlamentare n\u00eb vjesht\u00eb\u00a0 jan\u00eb zgjidhja m\u00eb reale pas ngjarjeve n\u00eb PSD kurse ministrat t\u00eb cil\u00ebt e kan\u00eb braktisur k\u00ebt\u00eb parti nuk mund ta\",\"breadcrumb\":{\"@id\":\"https:\/\/www.visit-ulcinj.com\/blog\/2015\/07\/01\/abazoviq-zgjedhjet-e-parakohshme-zgjidhja-reale\/#breadcrumb\"},\"inLanguage\":\"en-US\",\"potentialAction\":[{\"@type\":\"ReadAction\",\"target\":[\"https:\/\/www.visit-ulcinj.com\/blog\/2015\/07\/01\/abazoviq-zgjedhjet-e-parakohshme-zgjidhja-reale\/\"]}]},{\"@type\":\"BreadcrumbList\",\"@id\":\"https:\/\/www.visit-ulcinj.com\/blog\/2015\/07\/01\/abazoviq-zgjedhjet-e-parakohshme-zgjidhja-reale\/#breadcrumb\",\"itemListElement\":[{\"@type\":\"ListItem\",\"position\":1,\"name\":\"Abazoviq: Zgjedhjet e parakohshme, zgjidhja m\u00eb reale\"}]},{\"@type\":\"Person\",\"@id\":\"https:\/\/www.visit-ulcinj.com\/blog\/#\/schema\/person\/dcab619c614d3038751c63bc2aadc06d\",\"name\":\"ulqini\",\"sameAs\":[\"http:\/\/www.visit-ulcinj.com\"],\"url\":\"https:\/\/www.visit-ulcinj.com\/blog\/author\/admin\/\"}]}<\/script>\n<!-- \/ Yoast SEO plugin. -->","yoast_head_json":{"title":"Abazoviq: Zgjedhjet e parakohshme, zgjidhja m\u00eb reale - Lajme nga Ulqini","description":"Zgjedhjet parlamentare n\u00eb vjesht\u00eb\u00a0 jan\u00eb zgjidhja m\u00eb reale pas ngjarjeve n\u00eb PSD kurse ministrat t\u00eb cil\u00ebt e kan\u00eb braktisur k\u00ebt\u00eb parti nuk mund ta","robots":{"index":"index","follow":"follow","max-snippet":"max-snippet:-1","max-image-preview":"max-image-preview:large","max-video-preview":"max-video-preview:-1"},"canonical":"https:\/\/www.visit-ulcinj.com\/blog\/2015\/07\/01\/abazoviq-zgjedhjet-e-parakohshme-zgjidhja-reale\/","og_locale":"en_US","og_type":"article","og_title":"Abazoviq: Zgjedhjet e parakohshme, zgjidhja m\u00eb reale - Lajme nga Ulqini","og_description":"Zgjedhjet parlamentare n\u00eb vjesht\u00eb\u00a0 jan\u00eb zgjidhja m\u00eb reale pas ngjarjeve n\u00eb PSD kurse ministrat t\u00eb cil\u00ebt e kan\u00eb braktisur k\u00ebt\u00eb parti nuk mund ta","og_url":"https:\/\/www.visit-ulcinj.com\/blog\/2015\/07\/01\/abazoviq-zgjedhjet-e-parakohshme-zgjidhja-reale\/","og_site_name":"Lajme nga Ulqini","article_published_time":"2015-07-01T16:33:55+00:00","og_image":[{"url":"http:\/\/www.visit-ulcinj.com\/blog\/wp-content\/uploads\/2015\/03\/Dritan-Abazoviq.jpg"}],"twitter_misc":{"Written by":"ulqini","Est. reading time":"1 minute"},"schema":{"@context":"https:\/\/schema.org","@graph":[{"@type":"WebSite","@id":"https:\/\/www.visit-ulcinj.com\/blog\/#website","url":"https:\/\/www.visit-ulcinj.com\/blog\/","name":"Lajme nga Ulqini","description":"Lajme,Vijesti,Ulqini,Ulqin,Crna Gora,Mali i Zi","potentialAction":[{"@type":"SearchAction","target":{"@type":"EntryPoint","urlTemplate":"https:\/\/www.visit-ulcinj.com\/blog\/?s={search_term_string}"},"query-input":"required name=search_term_string"}],"inLanguage":"en-US"},{"@type":"ImageObject","inLanguage":"en-US","@id":"https:\/\/www.visit-ulcinj.com\/blog\/2015\/07\/01\/abazoviq-zgjedhjet-e-parakohshme-zgjidhja-reale\/#primaryimage","url":"https:\/\/www.visit-ulcinj.com\/blog\/wp-content\/uploads\/2015\/03\/Dritan-Abazoviq.jpg","contentUrl":"https:\/\/www.visit-ulcinj.com\/blog\/wp-content\/uploads\/2015\/03\/Dritan-Abazoviq.jpg","width":560,"height":352},{"@type":"WebPage","@id":"https:\/\/www.visit-ulcinj.com\/blog\/2015\/07\/01\/abazoviq-zgjedhjet-e-parakohshme-zgjidhja-reale\/#webpage","url":"https:\/\/www.visit-ulcinj.com\/blog\/2015\/07\/01\/abazoviq-zgjedhjet-e-parakohshme-zgjidhja-reale\/","name":"Abazoviq: Zgjedhjet e parakohshme, zgjidhja m\u00eb reale - Lajme nga Ulqini","isPartOf":{"@id":"https:\/\/www.visit-ulcinj.com\/blog\/#website"},"primaryImageOfPage":{"@id":"https:\/\/www.visit-ulcinj.com\/blog\/2015\/07\/01\/abazoviq-zgjedhjet-e-parakohshme-zgjidhja-reale\/#primaryimage"},"datePublished":"2015-07-01T16:33:55+00:00","dateModified":"2015-07-01T16:33:55+00:00","author":{"@id":"https:\/\/www.visit-ulcinj.com\/blog\/#\/schema\/person\/dcab619c614d3038751c63bc2aadc06d"},"description":"Zgjedhjet parlamentare n\u00eb vjesht\u00eb\u00a0 jan\u00eb zgjidhja m\u00eb reale pas ngjarjeve n\u00eb PSD kurse ministrat t\u00eb cil\u00ebt e kan\u00eb braktisur k\u00ebt\u00eb parti nuk mund ta","breadcrumb":{"@id":"https:\/\/www.visit-ulcinj.com\/blog\/2015\/07\/01\/abazoviq-zgjedhjet-e-parakohshme-zgjidhja-reale\/#breadcrumb"},"inLanguage":"en-US","potentialAction":[{"@type":"ReadAction","target":["https:\/\/www.visit-ulcinj.com\/blog\/2015\/07\/01\/abazoviq-zgjedhjet-e-parakohshme-zgjidhja-reale\/"]}]},{"@type":"BreadcrumbList","@id":"https:\/\/www.visit-ulcinj.com\/blog\/2015\/07\/01\/abazoviq-zgjedhjet-e-parakohshme-zgjidhja-reale\/#breadcrumb","itemListElement":[{"@type":"ListItem","position":1,"name":"Abazoviq: Zgjedhjet e parakohshme, zgjidhja m\u00eb reale"}]},{"@type":"Person","@id":"https:\/\/www.visit-ulcinj.com\/blog\/#\/schema\/person\/dcab619c614d3038751c63bc2aadc06d","name":"ulqini","sameAs":["http:\/\/www.visit-ulcinj.com"],"url":"https:\/\/www.visit-ulcinj.com\/blog\/author\/admin\/"}]}},"jetpack_featured_media_url":"","jetpack_sharing_enabled":true,"jetpack_shortlink":"https:\/\/wp.me\/pe6lTn-nKt","_links":{"self":[{"href":"https:\/\/www.visit-ulcinj.com\/blog\/wp-json\/wp\/v2\/posts\/91293"}],"collection":[{"href":"https:\/\/www.visit-ulcinj.com\/blog\/wp-json\/wp\/v2\/posts"}],"about":[{"href":"https:\/\/www.visit-ulcinj.com\/blog\/wp-json\/wp\/v2\/types\/post"}],"author":[{"embeddable":true,"href":"https:\/\/www.visit-ulcinj.com\/blog\/wp-json\/wp\/v2\/users\/1"}],"replies":[{"embeddable":true,"href":"https:\/\/www.visit-ulcinj.com\/blog\/wp-json\/wp\/v2\/comments?post=91293"}],"version-history":[{"count":1,"href":"https:\/\/www.visit-ulcinj.com\/blog\/wp-json\/wp\/v2\/posts\/91293\/revisions"}],"predecessor-version":[{"id":91294,"href":"https:\/\/www.visit-ulcinj.com\/blog\/wp-json\/wp\/v2\/posts\/91293\/revisions\/91294"}],"wp:attachment":[{"href":"https:\/\/www.visit-ulcinj.com\/blog\/wp-json\/wp\/v2\/media?parent=91293"}],"wp:term":[{"taxonomy":"category","embeddable":true,"href":"https:\/\/www.visit-ulcinj.com\/blog\/wp-json\/wp\/v2\/categories?post=91293"},{"taxonomy":"post_tag","embeddable":true,"href":"https:\/\/www.visit-ulcinj.com\/blog\/wp-json\/wp\/v2\/tags?post=91293"}],"curies":[{"name":"wp","href":"https:\/\/api.w.org\/{rel}","templated":true}]}}