{"id":91295,"date":"2015-07-02T10:42:37","date_gmt":"2015-07-02T09:42:37","guid":{"rendered":"http:\/\/www.visit-ulcinj.com\/blog\/?p=91295"},"modified":"2015-07-02T13:49:47","modified_gmt":"2015-07-02T12:49:47","slug":"permbyllet-java-came-ne-qytetin-e-ulqinit","status":"publish","type":"post","link":"https:\/\/www.visit-ulcinj.com\/blog\/2015\/07\/02\/permbyllet-java-came-ne-qytetin-e-ulqinit\/","title":{"rendered":"P\u00ebrmbyllet java \u00c7ame n\u00eb qytetin e Ulqinit"},"content":{"rendered":"<div class=\"td-post-content td-pb-padding-side\">\n<p><a href=\"http:\/\/www.visit-ulcinj.com\/blog\/wp-content\/uploads\/2015\/07\/P\u00ebrmbyllet-java-Came-n\u00eb-qytetin-e-Ulqinit.jpg\"><img loading=\"lazy\" class=\"alignleft wp-image-91296\" src=\"http:\/\/www.visit-ulcinj.com\/blog\/wp-content\/uploads\/2015\/07\/P\u00ebrmbyllet-java-Came-n\u00eb-qytetin-e-Ulqinit.jpg\" alt=\"P\u00ebrmbyllet java Came n\u00eb qytetin e Ulqinit\" width=\"508\" height=\"337\" srcset=\"https:\/\/www.visit-ulcinj.com\/blog\/wp-content\/uploads\/2015\/07\/P\u00ebrmbyllet-java-Came-n\u00eb-qytetin-e-Ulqinit.jpg 645w, https:\/\/www.visit-ulcinj.com\/blog\/wp-content\/uploads\/2015\/07\/P\u00ebrmbyllet-java-Came-n\u00eb-qytetin-e-Ulqinit-300x199.jpg 300w\" sizes=\"(max-width: 508px) 100vw, 508px\" \/><\/a>Pas disa aktiviteteve n\u00eb qytetet kryesore t\u00eb vendit dhe kulmimit me homazhet e p\u00ebrvitshme n\u00eb Varrezat Monumentale t\u00eb Shqiptar\u00ebve t\u00eb \u00c7am\u00ebris\u00eb n\u00eb Kllogjer t\u00eb Sarand\u00ebs, Java \u00c7ame u p\u00ebrmbyll n\u00eb qytetin e Ulqinit me nj\u00eb simpozium shkencor t\u00eb organizuar nga disa shoqata atdhetare, p\u00ebrfshir\u00eb edhe Shoqat\u00ebn \u00c7am\u00ebria.<\/p>\n<p>N\u00eb k\u00ebt\u00eb simpozium kumtuan historian\u00eb, etnolog\u00eb, gjeograf\u00eb dhe studiues t\u00eb tjer\u00eb t\u00eb njohur n\u00eb fusha t\u00eb ndryshme, p\u00ebrfshi Prof. Fatmira Ram\u00ebn, Prof. Selman Shemen, Dr. Abaz Hadon, etj. Ata vendos\u00ebn n\u00eb pah fakte t\u00eb reja historike mbi genocidin ndaj shqiptar\u00ebve t\u00eb \u00c7am\u00ebris\u00eb, si edhe pasurin\u00eb e vlerave kulturore e komb\u00ebtare t\u00eb k\u00ebsaj treve.<\/p>\n<p><a href=\"http:\/\/www.visit-ulcinj.com\/blog\/wp-content\/uploads\/2015\/07\/Kryetari-i-Shoqat\u00ebs-Cam\u00ebria-Ardian-Tana.jpg\"><img loading=\"lazy\" class=\"alignleft wp-image-91297 size-medium\" src=\"http:\/\/www.visit-ulcinj.com\/blog\/wp-content\/uploads\/2015\/07\/Kryetari-i-Shoqat\u00ebs-Cam\u00ebria-Ardian-Tana-258x300.jpg\" alt=\"Kryetari i Shoqat\u00ebs Cam\u00ebria, Ardian Tana\" width=\"258\" height=\"300\" \/><\/a>Kryetari i Shoqat\u00ebs \u00c7am\u00ebria, Ardian Tana vler\u00ebsoi kohezionin q\u00eb ekziston n\u00eb kombin shqiptar p\u00ebr t\u00eb \u00e7uar drejt zgjidhjes \u00e7\u00ebshtjen \u00e7ame, si nj\u00eb prej \u00e7\u00ebshtjeve m\u00eb t\u00eb paprekurave t\u00eb \u00e7\u00ebshtjes son\u00eb komb\u00ebtare.<\/p>\n<p>Gjat\u00eb aktivitetit u prezantuan dokumentare historike, materiale fotografike nga \u00c7am\u00ebria, figurat kryesore n\u00eb histori, si edhe pasuria kulturore e k\u00ebsaj treve. Java \u00c7ame zhvillohet \u00e7do vit, p\u00ebrreth dat\u00ebs 27 qershor, q\u00eb \u00ebsht\u00eb pik\u00ebnisja e genocidit ndaj Shqiptar\u00ebve t\u00eb \u00c7am\u00ebris\u00eb nga forcat shoviniste t\u00eb Napoleon Zerv\u00ebs dhe q\u00eb njihet me ligj nga shteti shqiptar si dit\u00eb p\u00ebrkujtimore.<\/p>\n<p><strong>Koha Jone<\/strong><\/p>\n<\/div>\n","protected":false},"excerpt":{"rendered":"<p>Pas disa aktiviteteve n\u00eb qytetet kryesore t\u00eb vendit dhe kulmimit me homazhet e p\u00ebrvitshme n\u00eb Varrezat Monumentale t\u00eb Shqiptar\u00ebve t\u00eb \u00c7am\u00ebris\u00eb n\u00eb Kllogjer t\u00eb Sarand\u00ebs, Java \u00c7ame u p\u00ebrmbyll n\u00eb qytetin e Ulqinit me nj\u00eb simpozium shkencor t\u00eb organizuar nga disa shoqata atdhetare, p\u00ebrfshir\u00eb edhe Shoqat\u00ebn \u00c7am\u00ebria. N\u00eb k\u00ebt\u00eb simpozium kumtuan historian\u00eb, etnolog\u00eb, gjeograf\u00eb dhe [&hellip;]<\/p>\n","protected":false},"author":1,"featured_media":0,"comment_status":"closed","ping_status":"closed","sticky":false,"template":"","format":"standard","meta":{"spay_email":"","jetpack_publicize_message":"","jetpack_is_tweetstorm":false,"jetpack_publicize_feature_enabled":true},"categories":[7,1],"tags":[],"jetpack_publicize_connections":[],"yoast_head":"<!-- This site is optimized with the Yoast SEO plugin v19.1 - https:\/\/yoast.com\/wordpress\/plugins\/seo\/ -->\n<title>P\u00ebrmbyllet java \u00c7ame n\u00eb qytetin e Ulqinit - Lajme nga Ulqini<\/title>\n<meta name=\"description\" content=\"Pas disa aktiviteteve n\u00eb qytetet kryesore t\u00eb vendit dhe kulmimit me homazhet e p\u00ebrvitshme n\u00eb Varrezat Monumentale t\u00eb Shqiptar\u00ebve t\u00eb \u00c7am\u00ebris\u00eb n\u00eb Kllogjer\" \/>\n<meta name=\"robots\" content=\"index, follow, max-snippet:-1, max-image-preview:large, max-video-preview:-1\" \/>\n<link rel=\"canonical\" href=\"https:\/\/www.visit-ulcinj.com\/blog\/2015\/07\/02\/permbyllet-java-came-ne-qytetin-e-ulqinit\/\" \/>\n<meta property=\"og:locale\" content=\"en_US\" \/>\n<meta property=\"og:type\" content=\"article\" \/>\n<meta property=\"og:title\" content=\"P\u00ebrmbyllet java \u00c7ame n\u00eb qytetin e Ulqinit - Lajme nga Ulqini\" \/>\n<meta property=\"og:description\" content=\"Pas disa aktiviteteve n\u00eb qytetet kryesore t\u00eb vendit dhe kulmimit me homazhet e p\u00ebrvitshme n\u00eb Varrezat Monumentale t\u00eb Shqiptar\u00ebve t\u00eb \u00c7am\u00ebris\u00eb n\u00eb Kllogjer\" \/>\n<meta property=\"og:url\" content=\"https:\/\/www.visit-ulcinj.com\/blog\/2015\/07\/02\/permbyllet-java-came-ne-qytetin-e-ulqinit\/\" \/>\n<meta property=\"og:site_name\" content=\"Lajme nga Ulqini\" \/>\n<meta property=\"article:published_time\" content=\"2015-07-02T09:42:37+00:00\" \/>\n<meta property=\"article:modified_time\" content=\"2015-07-02T12:49:47+00:00\" \/>\n<meta name=\"twitter:label1\" content=\"Written by\" \/>\n\t<meta name=\"twitter:data1\" content=\"ulqini\" \/>\n\t<meta name=\"twitter:label2\" content=\"Est. reading time\" \/>\n\t<meta name=\"twitter:data2\" content=\"1 minute\" \/>\n<script type=\"application\/ld+json\" class=\"yoast-schema-graph\">{\"@context\":\"https:\/\/schema.org\",\"@graph\":[{\"@type\":\"WebSite\",\"@id\":\"https:\/\/www.visit-ulcinj.com\/blog\/#website\",\"url\":\"https:\/\/www.visit-ulcinj.com\/blog\/\",\"name\":\"Lajme nga Ulqini\",\"description\":\"Lajme,Vijesti,Ulqini,Ulqin,Crna Gora,Mali i Zi\",\"potentialAction\":[{\"@type\":\"SearchAction\",\"target\":{\"@type\":\"EntryPoint\",\"urlTemplate\":\"https:\/\/www.visit-ulcinj.com\/blog\/?s={search_term_string}\"},\"query-input\":\"required name=search_term_string\"}],\"inLanguage\":\"en-US\"},{\"@type\":\"WebPage\",\"@id\":\"https:\/\/www.visit-ulcinj.com\/blog\/2015\/07\/02\/permbyllet-java-came-ne-qytetin-e-ulqinit\/#webpage\",\"url\":\"https:\/\/www.visit-ulcinj.com\/blog\/2015\/07\/02\/permbyllet-java-came-ne-qytetin-e-ulqinit\/\",\"name\":\"P\u00ebrmbyllet java \u00c7ame n\u00eb qytetin e Ulqinit - Lajme nga Ulqini\",\"isPartOf\":{\"@id\":\"https:\/\/www.visit-ulcinj.com\/blog\/#website\"},\"datePublished\":\"2015-07-02T09:42:37+00:00\",\"dateModified\":\"2015-07-02T12:49:47+00:00\",\"author\":{\"@id\":\"https:\/\/www.visit-ulcinj.com\/blog\/#\/schema\/person\/dcab619c614d3038751c63bc2aadc06d\"},\"description\":\"Pas disa aktiviteteve n\u00eb qytetet kryesore t\u00eb vendit dhe kulmimit me homazhet e p\u00ebrvitshme n\u00eb Varrezat Monumentale t\u00eb Shqiptar\u00ebve t\u00eb \u00c7am\u00ebris\u00eb n\u00eb Kllogjer\",\"breadcrumb\":{\"@id\":\"https:\/\/www.visit-ulcinj.com\/blog\/2015\/07\/02\/permbyllet-java-came-ne-qytetin-e-ulqinit\/#breadcrumb\"},\"inLanguage\":\"en-US\",\"potentialAction\":[{\"@type\":\"ReadAction\",\"target\":[\"https:\/\/www.visit-ulcinj.com\/blog\/2015\/07\/02\/permbyllet-java-came-ne-qytetin-e-ulqinit\/\"]}]},{\"@type\":\"BreadcrumbList\",\"@id\":\"https:\/\/www.visit-ulcinj.com\/blog\/2015\/07\/02\/permbyllet-java-came-ne-qytetin-e-ulqinit\/#breadcrumb\",\"itemListElement\":[{\"@type\":\"ListItem\",\"position\":1,\"name\":\"P\u00ebrmbyllet java \u00c7ame n\u00eb qytetin e Ulqinit\"}]},{\"@type\":\"Person\",\"@id\":\"https:\/\/www.visit-ulcinj.com\/blog\/#\/schema\/person\/dcab619c614d3038751c63bc2aadc06d\",\"name\":\"ulqini\",\"sameAs\":[\"http:\/\/www.visit-ulcinj.com\"],\"url\":\"https:\/\/www.visit-ulcinj.com\/blog\/author\/admin\/\"}]}<\/script>\n<!-- \/ Yoast SEO plugin. -->","yoast_head_json":{"title":"P\u00ebrmbyllet java \u00c7ame n\u00eb qytetin e Ulqinit - Lajme nga Ulqini","description":"Pas disa aktiviteteve n\u00eb qytetet kryesore t\u00eb vendit dhe kulmimit me homazhet e p\u00ebrvitshme n\u00eb Varrezat Monumentale t\u00eb Shqiptar\u00ebve t\u00eb \u00c7am\u00ebris\u00eb n\u00eb Kllogjer","robots":{"index":"index","follow":"follow","max-snippet":"max-snippet:-1","max-image-preview":"max-image-preview:large","max-video-preview":"max-video-preview:-1"},"canonical":"https:\/\/www.visit-ulcinj.com\/blog\/2015\/07\/02\/permbyllet-java-came-ne-qytetin-e-ulqinit\/","og_locale":"en_US","og_type":"article","og_title":"P\u00ebrmbyllet java \u00c7ame n\u00eb qytetin e Ulqinit - Lajme nga Ulqini","og_description":"Pas disa aktiviteteve n\u00eb qytetet kryesore t\u00eb vendit dhe kulmimit me homazhet e p\u00ebrvitshme n\u00eb Varrezat Monumentale t\u00eb Shqiptar\u00ebve t\u00eb \u00c7am\u00ebris\u00eb n\u00eb Kllogjer","og_url":"https:\/\/www.visit-ulcinj.com\/blog\/2015\/07\/02\/permbyllet-java-came-ne-qytetin-e-ulqinit\/","og_site_name":"Lajme nga Ulqini","article_published_time":"2015-07-02T09:42:37+00:00","article_modified_time":"2015-07-02T12:49:47+00:00","twitter_misc":{"Written by":"ulqini","Est. reading time":"1 minute"},"schema":{"@context":"https:\/\/schema.org","@graph":[{"@type":"WebSite","@id":"https:\/\/www.visit-ulcinj.com\/blog\/#website","url":"https:\/\/www.visit-ulcinj.com\/blog\/","name":"Lajme nga Ulqini","description":"Lajme,Vijesti,Ulqini,Ulqin,Crna Gora,Mali i Zi","potentialAction":[{"@type":"SearchAction","target":{"@type":"EntryPoint","urlTemplate":"https:\/\/www.visit-ulcinj.com\/blog\/?s={search_term_string}"},"query-input":"required name=search_term_string"}],"inLanguage":"en-US"},{"@type":"WebPage","@id":"https:\/\/www.visit-ulcinj.com\/blog\/2015\/07\/02\/permbyllet-java-came-ne-qytetin-e-ulqinit\/#webpage","url":"https:\/\/www.visit-ulcinj.com\/blog\/2015\/07\/02\/permbyllet-java-came-ne-qytetin-e-ulqinit\/","name":"P\u00ebrmbyllet java \u00c7ame n\u00eb qytetin e Ulqinit - Lajme nga Ulqini","isPartOf":{"@id":"https:\/\/www.visit-ulcinj.com\/blog\/#website"},"datePublished":"2015-07-02T09:42:37+00:00","dateModified":"2015-07-02T12:49:47+00:00","author":{"@id":"https:\/\/www.visit-ulcinj.com\/blog\/#\/schema\/person\/dcab619c614d3038751c63bc2aadc06d"},"description":"Pas disa aktiviteteve n\u00eb qytetet kryesore t\u00eb vendit dhe kulmimit me homazhet e p\u00ebrvitshme n\u00eb Varrezat Monumentale t\u00eb Shqiptar\u00ebve t\u00eb \u00c7am\u00ebris\u00eb n\u00eb Kllogjer","breadcrumb":{"@id":"https:\/\/www.visit-ulcinj.com\/blog\/2015\/07\/02\/permbyllet-java-came-ne-qytetin-e-ulqinit\/#breadcrumb"},"inLanguage":"en-US","potentialAction":[{"@type":"ReadAction","target":["https:\/\/www.visit-ulcinj.com\/blog\/2015\/07\/02\/permbyllet-java-came-ne-qytetin-e-ulqinit\/"]}]},{"@type":"BreadcrumbList","@id":"https:\/\/www.visit-ulcinj.com\/blog\/2015\/07\/02\/permbyllet-java-came-ne-qytetin-e-ulqinit\/#breadcrumb","itemListElement":[{"@type":"ListItem","position":1,"name":"P\u00ebrmbyllet java \u00c7ame n\u00eb qytetin e Ulqinit"}]},{"@type":"Person","@id":"https:\/\/www.visit-ulcinj.com\/blog\/#\/schema\/person\/dcab619c614d3038751c63bc2aadc06d","name":"ulqini","sameAs":["http:\/\/www.visit-ulcinj.com"],"url":"https:\/\/www.visit-ulcinj.com\/blog\/author\/admin\/"}]}},"jetpack_featured_media_url":"","jetpack_sharing_enabled":true,"jetpack_shortlink":"https:\/\/wp.me\/pe6lTn-nKv","_links":{"self":[{"href":"https:\/\/www.visit-ulcinj.com\/blog\/wp-json\/wp\/v2\/posts\/91295"}],"collection":[{"href":"https:\/\/www.visit-ulcinj.com\/blog\/wp-json\/wp\/v2\/posts"}],"about":[{"href":"https:\/\/www.visit-ulcinj.com\/blog\/wp-json\/wp\/v2\/types\/post"}],"author":[{"embeddable":true,"href":"https:\/\/www.visit-ulcinj.com\/blog\/wp-json\/wp\/v2\/users\/1"}],"replies":[{"embeddable":true,"href":"https:\/\/www.visit-ulcinj.com\/blog\/wp-json\/wp\/v2\/comments?post=91295"}],"version-history":[{"count":1,"href":"https:\/\/www.visit-ulcinj.com\/blog\/wp-json\/wp\/v2\/posts\/91295\/revisions"}],"predecessor-version":[{"id":91298,"href":"https:\/\/www.visit-ulcinj.com\/blog\/wp-json\/wp\/v2\/posts\/91295\/revisions\/91298"}],"wp:attachment":[{"href":"https:\/\/www.visit-ulcinj.com\/blog\/wp-json\/wp\/v2\/media?parent=91295"}],"wp:term":[{"taxonomy":"category","embeddable":true,"href":"https:\/\/www.visit-ulcinj.com\/blog\/wp-json\/wp\/v2\/categories?post=91295"},{"taxonomy":"post_tag","embeddable":true,"href":"https:\/\/www.visit-ulcinj.com\/blog\/wp-json\/wp\/v2\/tags?post=91295"}],"curies":[{"name":"wp","href":"https:\/\/api.w.org\/{rel}","templated":true}]}}