{"id":91299,"date":"2015-07-02T11:13:33","date_gmt":"2015-07-02T10:13:33","guid":{"rendered":"http:\/\/www.visit-ulcinj.com\/blog\/?p=91299"},"modified":"2015-07-02T11:15:38","modified_gmt":"2015-07-02T10:15:38","slug":"ulqin-mali-zi-pret-thirrjen-ti-bashkohet-nato-s","status":"publish","type":"post","link":"https:\/\/www.visit-ulcinj.com\/blog\/2015\/07\/02\/ulqin-mali-zi-pret-thirrjen-ti-bashkohet-nato-s\/","title":{"rendered":"Ulqin: Mali i Zi pret thirrjen t\u2019i bashkohet NATO-s"},"content":{"rendered":"<p><a href=\"http:\/\/www.visit-ulcinj.com\/blog\/wp-content\/uploads\/2015\/07\/crna-gora-nato-.jpg\"><img loading=\"lazy\" class=\"alignleft wp-image-91300\" src=\"http:\/\/www.visit-ulcinj.com\/blog\/wp-content\/uploads\/2015\/07\/crna-gora-nato-.jpg\" alt=\"crna-gora-nato-\" width=\"508\" height=\"295\" srcset=\"https:\/\/www.visit-ulcinj.com\/blog\/wp-content\/uploads\/2015\/07\/crna-gora-nato-.jpg 800w, https:\/\/www.visit-ulcinj.com\/blog\/wp-content\/uploads\/2015\/07\/crna-gora-nato--300x174.jpg 300w\" sizes=\"(max-width: 508px) 100vw, 508px\" \/><\/a>Mali i Zi pritet q\u00eb deri n\u00eb fund t\u00eb k\u00ebtij viti t\u00eb marr\u00eb thirrjen p\u00ebr an\u00ebtar\u00ebsim n\u00eb Aleanc\u00ebn Ushtarake, u theksua n\u00eb nj\u00eb tribun\u00eb t\u00eb mbajtur n\u00eb Ulqin me tem\u00ebn &#8220;Mali i Zi dhe integrimi n\u00eb NATO&#8221;. N\u00eb k\u00ebt\u00eb tribun\u00eb fol\u00ebn ambasadori i Hungaris\u00eb dhe ambasadori i Shqip\u00ebris\u00eb n\u00eb Mal t\u00eb Zi , t\u00eb cil\u00ebt parqiten p\u00ebrvojat e shteteve t\u00eb tyre n\u00eb rrug\u00ebtimin drejt an\u00ebtar\u00ebsimit n\u00eb NATO si dhe theksuan r\u00ebnd\u00ebsin\u00eb e integrimeve p\u00ebr sigurin\u00eb e p\u00ebrgjithshme n\u00eb rajon.<\/p>\n<div>\n<p>Korrespondenti i Z\u00ebrit t\u00eb Amerik\u00ebs Ali Salaj \u00a0p\u00ebrgatiti kronik\u00ebn q\u00eb po transmetojm\u00eb.<\/p>\n<p><strong>VAO<\/strong><\/p>\n<p><iframe loading=\"lazy\" src=\"http:\/\/zeriamerikes.share.voanews.eu\/flashembed.aspx?t=vid&amp;id=2845191&amp;w=640&amp;h=363&amp;skin=embeded\" width=\"508\" height=\"343\" frameborder=\"0\" scrolling=\"no\"><\/iframe><\/p>\n<\/div>\n","protected":false},"excerpt":{"rendered":"<p>Mali i Zi pritet q\u00eb deri n\u00eb fund t\u00eb k\u00ebtij viti t\u00eb marr\u00eb thirrjen p\u00ebr an\u00ebtar\u00ebsim n\u00eb Aleanc\u00ebn Ushtarake, u theksua n\u00eb nj\u00eb tribun\u00eb t\u00eb mbajtur n\u00eb Ulqin me tem\u00ebn &#8220;Mali i Zi dhe integrimi n\u00eb NATO&#8221;. N\u00eb k\u00ebt\u00eb tribun\u00eb fol\u00ebn ambasadori i Hungaris\u00eb dhe ambasadori i Shqip\u00ebris\u00eb n\u00eb Mal t\u00eb Zi , t\u00eb cil\u00ebt [&hellip;]<\/p>\n","protected":false},"author":1,"featured_media":0,"comment_status":"closed","ping_status":"closed","sticky":false,"template":"","format":"standard","meta":{"spay_email":"","jetpack_publicize_message":"","jetpack_is_tweetstorm":false,"jetpack_publicize_feature_enabled":true},"categories":[12],"tags":[],"jetpack_publicize_connections":[],"yoast_head":"<!-- This site is optimized with the Yoast SEO plugin v19.1 - https:\/\/yoast.com\/wordpress\/plugins\/seo\/ -->\n<title>Ulqin: Mali i Zi pret thirrjen t\u2019i bashkohet NATO-s - Lajme nga Ulqini<\/title>\n<meta name=\"description\" content=\"Mali i Zi pritet q\u00eb deri n\u00eb fund t\u00eb k\u00ebtij viti t\u00eb marr\u00eb thirrjen p\u00ebr an\u00ebtar\u00ebsim n\u00eb Aleanc\u00ebn Ushtarake, u theksua n\u00eb nj\u00eb tribun\u00eb t\u00eb mbajtur n\u00eb Ulqin me\" \/>\n<meta name=\"robots\" content=\"index, follow, max-snippet:-1, max-image-preview:large, max-video-preview:-1\" \/>\n<link rel=\"canonical\" href=\"https:\/\/www.visit-ulcinj.com\/blog\/2015\/07\/02\/ulqin-mali-zi-pret-thirrjen-ti-bashkohet-nato-s\/\" \/>\n<meta property=\"og:locale\" content=\"en_US\" \/>\n<meta property=\"og:type\" content=\"article\" \/>\n<meta property=\"og:title\" content=\"Ulqin: Mali i Zi pret thirrjen t\u2019i bashkohet NATO-s - Lajme nga Ulqini\" \/>\n<meta property=\"og:description\" content=\"Mali i Zi pritet q\u00eb deri n\u00eb fund t\u00eb k\u00ebtij viti t\u00eb marr\u00eb thirrjen p\u00ebr an\u00ebtar\u00ebsim n\u00eb Aleanc\u00ebn Ushtarake, u theksua n\u00eb nj\u00eb tribun\u00eb t\u00eb mbajtur n\u00eb Ulqin me\" \/>\n<meta property=\"og:url\" content=\"https:\/\/www.visit-ulcinj.com\/blog\/2015\/07\/02\/ulqin-mali-zi-pret-thirrjen-ti-bashkohet-nato-s\/\" \/>\n<meta property=\"og:site_name\" content=\"Lajme nga Ulqini\" \/>\n<meta property=\"article:published_time\" content=\"2015-07-02T10:13:33+00:00\" \/>\n<meta property=\"article:modified_time\" content=\"2015-07-02T10:15:38+00:00\" \/>\n<meta property=\"og:image\" content=\"http:\/\/www.visit-ulcinj.com\/blog\/wp-content\/uploads\/2015\/07\/crna-gora-nato-.jpg\" \/>\n<meta name=\"twitter:label1\" content=\"Written by\" \/>\n\t<meta name=\"twitter:data1\" content=\"ulqini\" \/>\n\t<meta name=\"twitter:label2\" content=\"Est. reading time\" \/>\n\t<meta name=\"twitter:data2\" content=\"1 minute\" \/>\n<script type=\"application\/ld+json\" class=\"yoast-schema-graph\">{\"@context\":\"https:\/\/schema.org\",\"@graph\":[{\"@type\":\"WebSite\",\"@id\":\"https:\/\/www.visit-ulcinj.com\/blog\/#website\",\"url\":\"https:\/\/www.visit-ulcinj.com\/blog\/\",\"name\":\"Lajme nga Ulqini\",\"description\":\"Lajme,Vijesti,Ulqini,Ulqin,Crna Gora,Mali i Zi\",\"potentialAction\":[{\"@type\":\"SearchAction\",\"target\":{\"@type\":\"EntryPoint\",\"urlTemplate\":\"https:\/\/www.visit-ulcinj.com\/blog\/?s={search_term_string}\"},\"query-input\":\"required name=search_term_string\"}],\"inLanguage\":\"en-US\"},{\"@type\":\"ImageObject\",\"inLanguage\":\"en-US\",\"@id\":\"https:\/\/www.visit-ulcinj.com\/blog\/2015\/07\/02\/ulqin-mali-zi-pret-thirrjen-ti-bashkohet-nato-s\/#primaryimage\",\"url\":\"https:\/\/www.visit-ulcinj.com\/blog\/wp-content\/uploads\/2015\/07\/crna-gora-nato-.jpg\",\"contentUrl\":\"https:\/\/www.visit-ulcinj.com\/blog\/wp-content\/uploads\/2015\/07\/crna-gora-nato-.jpg\",\"width\":800,\"height\":465},{\"@type\":\"WebPage\",\"@id\":\"https:\/\/www.visit-ulcinj.com\/blog\/2015\/07\/02\/ulqin-mali-zi-pret-thirrjen-ti-bashkohet-nato-s\/#webpage\",\"url\":\"https:\/\/www.visit-ulcinj.com\/blog\/2015\/07\/02\/ulqin-mali-zi-pret-thirrjen-ti-bashkohet-nato-s\/\",\"name\":\"Ulqin: Mali i Zi pret thirrjen t\u2019i bashkohet NATO-s - Lajme nga Ulqini\",\"isPartOf\":{\"@id\":\"https:\/\/www.visit-ulcinj.com\/blog\/#website\"},\"primaryImageOfPage\":{\"@id\":\"https:\/\/www.visit-ulcinj.com\/blog\/2015\/07\/02\/ulqin-mali-zi-pret-thirrjen-ti-bashkohet-nato-s\/#primaryimage\"},\"datePublished\":\"2015-07-02T10:13:33+00:00\",\"dateModified\":\"2015-07-02T10:15:38+00:00\",\"author\":{\"@id\":\"https:\/\/www.visit-ulcinj.com\/blog\/#\/schema\/person\/dcab619c614d3038751c63bc2aadc06d\"},\"description\":\"Mali i Zi pritet q\u00eb deri n\u00eb fund t\u00eb k\u00ebtij viti t\u00eb marr\u00eb thirrjen p\u00ebr an\u00ebtar\u00ebsim n\u00eb Aleanc\u00ebn Ushtarake, u theksua n\u00eb nj\u00eb tribun\u00eb t\u00eb mbajtur n\u00eb Ulqin me\",\"breadcrumb\":{\"@id\":\"https:\/\/www.visit-ulcinj.com\/blog\/2015\/07\/02\/ulqin-mali-zi-pret-thirrjen-ti-bashkohet-nato-s\/#breadcrumb\"},\"inLanguage\":\"en-US\",\"potentialAction\":[{\"@type\":\"ReadAction\",\"target\":[\"https:\/\/www.visit-ulcinj.com\/blog\/2015\/07\/02\/ulqin-mali-zi-pret-thirrjen-ti-bashkohet-nato-s\/\"]}]},{\"@type\":\"BreadcrumbList\",\"@id\":\"https:\/\/www.visit-ulcinj.com\/blog\/2015\/07\/02\/ulqin-mali-zi-pret-thirrjen-ti-bashkohet-nato-s\/#breadcrumb\",\"itemListElement\":[{\"@type\":\"ListItem\",\"position\":1,\"name\":\"Ulqin: Mali i Zi pret thirrjen t\u2019i bashkohet NATO-s\"}]},{\"@type\":\"Person\",\"@id\":\"https:\/\/www.visit-ulcinj.com\/blog\/#\/schema\/person\/dcab619c614d3038751c63bc2aadc06d\",\"name\":\"ulqini\",\"sameAs\":[\"http:\/\/www.visit-ulcinj.com\"],\"url\":\"https:\/\/www.visit-ulcinj.com\/blog\/author\/admin\/\"}]}<\/script>\n<!-- \/ Yoast SEO plugin. -->","yoast_head_json":{"title":"Ulqin: Mali i Zi pret thirrjen t\u2019i bashkohet NATO-s - Lajme nga Ulqini","description":"Mali i Zi pritet q\u00eb deri n\u00eb fund t\u00eb k\u00ebtij viti t\u00eb marr\u00eb thirrjen p\u00ebr an\u00ebtar\u00ebsim n\u00eb Aleanc\u00ebn Ushtarake, u theksua n\u00eb nj\u00eb tribun\u00eb t\u00eb mbajtur n\u00eb Ulqin me","robots":{"index":"index","follow":"follow","max-snippet":"max-snippet:-1","max-image-preview":"max-image-preview:large","max-video-preview":"max-video-preview:-1"},"canonical":"https:\/\/www.visit-ulcinj.com\/blog\/2015\/07\/02\/ulqin-mali-zi-pret-thirrjen-ti-bashkohet-nato-s\/","og_locale":"en_US","og_type":"article","og_title":"Ulqin: Mali i Zi pret thirrjen t\u2019i bashkohet NATO-s - Lajme nga Ulqini","og_description":"Mali i Zi pritet q\u00eb deri n\u00eb fund t\u00eb k\u00ebtij viti t\u00eb marr\u00eb thirrjen p\u00ebr an\u00ebtar\u00ebsim n\u00eb Aleanc\u00ebn Ushtarake, u theksua n\u00eb nj\u00eb tribun\u00eb t\u00eb mbajtur n\u00eb Ulqin me","og_url":"https:\/\/www.visit-ulcinj.com\/blog\/2015\/07\/02\/ulqin-mali-zi-pret-thirrjen-ti-bashkohet-nato-s\/","og_site_name":"Lajme nga Ulqini","article_published_time":"2015-07-02T10:13:33+00:00","article_modified_time":"2015-07-02T10:15:38+00:00","og_image":[{"url":"http:\/\/www.visit-ulcinj.com\/blog\/wp-content\/uploads\/2015\/07\/crna-gora-nato-.jpg"}],"twitter_misc":{"Written by":"ulqini","Est. reading time":"1 minute"},"schema":{"@context":"https:\/\/schema.org","@graph":[{"@type":"WebSite","@id":"https:\/\/www.visit-ulcinj.com\/blog\/#website","url":"https:\/\/www.visit-ulcinj.com\/blog\/","name":"Lajme nga Ulqini","description":"Lajme,Vijesti,Ulqini,Ulqin,Crna Gora,Mali i Zi","potentialAction":[{"@type":"SearchAction","target":{"@type":"EntryPoint","urlTemplate":"https:\/\/www.visit-ulcinj.com\/blog\/?s={search_term_string}"},"query-input":"required name=search_term_string"}],"inLanguage":"en-US"},{"@type":"ImageObject","inLanguage":"en-US","@id":"https:\/\/www.visit-ulcinj.com\/blog\/2015\/07\/02\/ulqin-mali-zi-pret-thirrjen-ti-bashkohet-nato-s\/#primaryimage","url":"https:\/\/www.visit-ulcinj.com\/blog\/wp-content\/uploads\/2015\/07\/crna-gora-nato-.jpg","contentUrl":"https:\/\/www.visit-ulcinj.com\/blog\/wp-content\/uploads\/2015\/07\/crna-gora-nato-.jpg","width":800,"height":465},{"@type":"WebPage","@id":"https:\/\/www.visit-ulcinj.com\/blog\/2015\/07\/02\/ulqin-mali-zi-pret-thirrjen-ti-bashkohet-nato-s\/#webpage","url":"https:\/\/www.visit-ulcinj.com\/blog\/2015\/07\/02\/ulqin-mali-zi-pret-thirrjen-ti-bashkohet-nato-s\/","name":"Ulqin: Mali i Zi pret thirrjen t\u2019i bashkohet NATO-s - Lajme nga Ulqini","isPartOf":{"@id":"https:\/\/www.visit-ulcinj.com\/blog\/#website"},"primaryImageOfPage":{"@id":"https:\/\/www.visit-ulcinj.com\/blog\/2015\/07\/02\/ulqin-mali-zi-pret-thirrjen-ti-bashkohet-nato-s\/#primaryimage"},"datePublished":"2015-07-02T10:13:33+00:00","dateModified":"2015-07-02T10:15:38+00:00","author":{"@id":"https:\/\/www.visit-ulcinj.com\/blog\/#\/schema\/person\/dcab619c614d3038751c63bc2aadc06d"},"description":"Mali i Zi pritet q\u00eb deri n\u00eb fund t\u00eb k\u00ebtij viti t\u00eb marr\u00eb thirrjen p\u00ebr an\u00ebtar\u00ebsim n\u00eb Aleanc\u00ebn Ushtarake, u theksua n\u00eb nj\u00eb tribun\u00eb t\u00eb mbajtur n\u00eb Ulqin me","breadcrumb":{"@id":"https:\/\/www.visit-ulcinj.com\/blog\/2015\/07\/02\/ulqin-mali-zi-pret-thirrjen-ti-bashkohet-nato-s\/#breadcrumb"},"inLanguage":"en-US","potentialAction":[{"@type":"ReadAction","target":["https:\/\/www.visit-ulcinj.com\/blog\/2015\/07\/02\/ulqin-mali-zi-pret-thirrjen-ti-bashkohet-nato-s\/"]}]},{"@type":"BreadcrumbList","@id":"https:\/\/www.visit-ulcinj.com\/blog\/2015\/07\/02\/ulqin-mali-zi-pret-thirrjen-ti-bashkohet-nato-s\/#breadcrumb","itemListElement":[{"@type":"ListItem","position":1,"name":"Ulqin: Mali i Zi pret thirrjen t\u2019i bashkohet NATO-s"}]},{"@type":"Person","@id":"https:\/\/www.visit-ulcinj.com\/blog\/#\/schema\/person\/dcab619c614d3038751c63bc2aadc06d","name":"ulqini","sameAs":["http:\/\/www.visit-ulcinj.com"],"url":"https:\/\/www.visit-ulcinj.com\/blog\/author\/admin\/"}]}},"jetpack_featured_media_url":"","jetpack_sharing_enabled":true,"jetpack_shortlink":"https:\/\/wp.me\/pe6lTn-nKz","_links":{"self":[{"href":"https:\/\/www.visit-ulcinj.com\/blog\/wp-json\/wp\/v2\/posts\/91299"}],"collection":[{"href":"https:\/\/www.visit-ulcinj.com\/blog\/wp-json\/wp\/v2\/posts"}],"about":[{"href":"https:\/\/www.visit-ulcinj.com\/blog\/wp-json\/wp\/v2\/types\/post"}],"author":[{"embeddable":true,"href":"https:\/\/www.visit-ulcinj.com\/blog\/wp-json\/wp\/v2\/users\/1"}],"replies":[{"embeddable":true,"href":"https:\/\/www.visit-ulcinj.com\/blog\/wp-json\/wp\/v2\/comments?post=91299"}],"version-history":[{"count":1,"href":"https:\/\/www.visit-ulcinj.com\/blog\/wp-json\/wp\/v2\/posts\/91299\/revisions"}],"predecessor-version":[{"id":91301,"href":"https:\/\/www.visit-ulcinj.com\/blog\/wp-json\/wp\/v2\/posts\/91299\/revisions\/91301"}],"wp:attachment":[{"href":"https:\/\/www.visit-ulcinj.com\/blog\/wp-json\/wp\/v2\/media?parent=91299"}],"wp:term":[{"taxonomy":"category","embeddable":true,"href":"https:\/\/www.visit-ulcinj.com\/blog\/wp-json\/wp\/v2\/categories?post=91299"},{"taxonomy":"post_tag","embeddable":true,"href":"https:\/\/www.visit-ulcinj.com\/blog\/wp-json\/wp\/v2\/tags?post=91299"}],"curies":[{"name":"wp","href":"https:\/\/api.w.org\/{rel}","templated":true}]}}