{"id":913,"date":"2008-03-15T12:59:28","date_gmt":"2008-03-15T17:59:28","guid":{"rendered":"http:\/\/www.visit-ulcinj.com\/blog\/2008\/03\/15\/qeveria-e-kosoves-kerkon-pershpejtimin-e-nxjerrjes-se-dokumenteve-te-udhetimit\/"},"modified":"2008-03-15T13:01:30","modified_gmt":"2008-03-15T18:01:30","slug":"qeveria-e-kosoves-kerkon-pershpejtimin-e-nxjerrjes-se-dokumenteve-te-udhetimit","status":"publish","type":"post","link":"https:\/\/www.visit-ulcinj.com\/blog\/2008\/03\/15\/qeveria-e-kosoves-kerkon-pershpejtimin-e-nxjerrjes-se-dokumenteve-te-udhetimit\/","title":{"rendered":"Qeveria e Kosov\u00ebs k\u00ebrkon p\u00ebrshpejtimin e nxjerrjes s\u00eb dokumenteve t\u00eb udh\u00ebtimit"},"content":{"rendered":"<p><a href=\"http:\/\/www.visit-ulcinj.com\/blog\/wp-content\/uploads\/2008\/01\/hashim-thaci.jpg\" rel=\"lightbox[pics-1205602910]\" title=\"Hashim Tha\u00e7i\"><img loading=\"lazy\" src=\"http:\/\/www.visit-ulcinj.com\/blog\/wp-content\/uploads\/2008\/01\/hashim-thaci.thumbnail.jpg\" alt=\"Hashim Tha\u00e7i\" align=\"left\" height=\"95\" width=\"128\" \/><\/a>Prishtin\u00eb: Qeveria e Kosov\u00ebs n\u00eb mbledhjen e rregullt mori vendim q\u00eb t\u00eb p\u00ebrshpejtohet procedura e nxjerrjes s\u00eb dokumenteve t\u00eb reja t\u00eb udh\u00ebtimit n\u00eb p\u00ebrputhje me statusin e ri t\u00eb Kosov\u00ebs si shtet i pavarur dhe sovran si dhe miratoi disenjin e pasaport\u00ebs. Kryeministri i Kosov\u00ebs, Hashim Tha\u00e7i k\u00ebrkoi nga Ministri i Pun\u00ebve t\u00eb Brendshme q\u00eb kjo \u00e7\u00ebshtje t\u00eb procedohet dhe menj\u00ebher\u00eb pas p\u00ebrfundimit t\u00eb faz\u00ebs tranzitore, qytetar\u00ebt e Kosov\u00ebs kudo q\u00eb jetojn\u00eb, t&#8217;i ken\u00eb dokumentet e tyre shtet\u00ebrore. &#8220;\u00cbsht\u00eb nevoj\u00eb e domosdoshme koha e duhur p\u00ebr nxjerrjen e dokumenteve t\u00eb reja n\u00eb p\u00ebrputhje me statusin e ri t\u00eb Kosov\u00ebs si shtet i pavarur dhe sovran&#8221;, theksoi Tha\u00e7i, duke shtuar se kishte k\u00ebrkuar nga Ministri i Pun\u00ebve t\u00eb Brendshme &#8220;t\u00eb b\u00ebj\u00eb p\u00ebrgatitjet adekuat\u00eb si p\u00ebr pasaporta, let\u00ebrnjoftime dhe patent\u00eb shofer, dhe t\u00eb gjitha dokumentet tjera t\u00eb l\u00ebshuara nga institucionet e Kosov\u00ebs, duhet t\u00eb jen\u00eb t\u00eb reja dhe n\u00eb p\u00ebrputhje me ato q\u00eb i l\u00ebshojn\u00eb institucionet e shtetit t\u00eb Kosov\u00ebs&#8221;. Kryeministri vler\u00ebsoi se k\u00ebto dokumente jan\u00eb t\u00eb cil\u00ebsis\u00eb s\u00eb lart\u00eb dhe sipas standardeve t\u00eb BE s\u00eb. Ministri i Pun\u00ebve t\u00eb Brendshme, Zenun Pajaziti nd\u00ebrkaq tha se procesi i dokumenteve \u00ebsht\u00eb pak m\u00eb i nd\u00ebrlikuar p\u00ebr nga aspekti teknik, por ka shtuar se jan\u00eb marr\u00eb masat e nevojshme dhe mb\u00ebshtetjen e fuqishme edhe nga zyra e kryeministrit. &#8220;Me k\u00ebt\u00eb vendim, mendoj se p\u00ebrmbyllen t\u00eb gjitha p\u00ebrgatitjet edhe formale p\u00ebr t\u00eb filluar procesi praktik i aranzhimit t\u00eb procesit p\u00ebr finalizimin e nxjerrjes s\u00eb dokumenteve t\u00eb udh\u00ebtimit. Nuk do t\u00eb ket\u00eb telashe q\u00eb do t\u00eb krijoj vonesa, por jemi n\u00eb pritje vet\u00ebm t\u00eb kodit i cili nuk \u00ebsht\u00eb problem politik, dhe shpresojm\u00eb se n\u00eb faz\u00ebn optimale do t&#8217;i kemi pasaportat, por edhe dokumentet tjera civile&#8221;, u shpreh ministri Pajaziti. Kabineti qeveritar miratoi edhe disenjimin e pasaport\u00ebs e cila \u00ebsht\u00eb me ngjyr\u00eb blu t\u00eb mbyll\u00ebt dhe n\u00eb mes \u00ebsht\u00eb stema e Republik\u00ebs s\u00eb Kosov\u00ebs. Si pik\u00eb e ve\u00e7ant\u00eb e rendit t\u00eb dit\u00ebs ka qen\u00eb edhe p\u00ebrgatitja p\u00ebr Konferenc\u00ebn e Donator\u00ebve e cila do t\u00eb mbahet s\u00eb shpejti n\u00eb Prishtin\u00eb. Kryeministri Tha\u00e7i k\u00ebrkoi nga ministrat q\u00eb t&#8217;i koordinojn\u00eb pun\u00ebt me autoritetet lokale, n\u00eb m\u00ebnyr\u00eb q\u00eb kjo konferenc\u00eb t\u00eb ket\u00eb sukses. &#8220;Qeveria ka formuar dy grupe n\u00eb nivelin politike p\u00ebr organizimin e konferenc\u00ebs s\u00eb donator\u00ebve dhe nj\u00eb grup tjet\u00ebr p\u00ebr organizimin teknik. Kemi nj\u00eb lobizim edhe me zyrat e jashtme q\u00eb jan\u00eb n\u00eb Kosov\u00eb dhe jasht\u00eb saj dhe jemi t\u00eb bindur se deri kah mesi i prillit do t&#8217;i ofrojm\u00eb projektet tona&#8221;, sqaroi Tha\u00e7i, duke v\u00ebn\u00eb n\u00eb dukje dy q\u00ebllime: rritjen e shum\u00ebs s\u00eb donacioneve dhe q\u00eb donacionet t\u00eb jen\u00eb n\u00eb p\u00ebrputhje me prioritetet e qeveris\u00eb. Shefi i ekzekutivit vler\u00ebsoi se njohja e shtetit t\u00eb Kosov\u00ebs po vazhdon me rit\u00ebm t\u00eb pandalsh\u00ebm dhe sipas tij, tashm\u00eb jemi n\u00eb faz\u00ebn e fundi t\u00eb &#8220;njohjes kualitative&#8221; t\u00eb njoh\u00ebs s\u00eb pavar\u00ebsis\u00eb s\u00eb Kosov\u00ebs. &#8220;Lobimi yn\u00eb \u00ebsht\u00eb intensifikuar tash p\u00ebr faz\u00ebn e fillimit t\u00eb njohjes numerike n\u00eb m\u00ebnyr\u00eb q\u00eb t\u00eb kalojm\u00eb n\u00eb faz\u00ebn e konsolidimit, n\u00eb faz\u00ebn p\u00ebrfundimtare t\u00eb njohjes s\u00eb shtetit t\u00eb Kosov\u00ebs nga e gjith\u00eb bota demokratike&#8221;, u shpreh Tha\u00e7i. Ai po ashtu theksoi se gjendja e siguris\u00eb n\u00eb p\u00ebrgjith\u00ebsi n\u00eb Kosov\u00eb \u00ebsht\u00eb n\u00ebn kontroll dhe autoritetet e KFOR it dhe se mekaznimat e siguris\u00eb s\u00eb Kosov\u00ebs jan\u00eb duke b\u00ebr\u00eb pun\u00ebn e tyre n\u00eb p\u00ebrputhshm\u00ebri me kushtet dhe realitetin e Kosov\u00ebs s\u00eb pavarur. Qeveria shqyrtoi dhe miratoi k\u00ebrkes\u00ebn p\u00ebr nxjerrjen e dokumenteve civile dhe lejimin e procedur\u00ebs s\u00eb negociuar si dhe projektligjin p\u00ebr p\u00ebrdorimin e vul\u00ebs s\u00eb Republik\u00eb s\u00eb Kosov\u00ebs.<br \/>\nwww.kosova.com<\/p>\n<!-- vimeo error: not a vimeo video -->\n","protected":false},"excerpt":{"rendered":"<p><img loading=\"lazy\" src=\"http:\/\/www.visit-ulcinj.com\/blog\/wp-content\/uploads\/2008\/01\/hashim-thaci.thumbnail.jpg\" alt=\"Hashim Tha\u00e7i\" align=\"left\" height=\"140\" width=\"140\" \/><\/p>\n","protected":false},"author":1,"featured_media":0,"comment_status":"open","ping_status":"closed","sticky":false,"template":"","format":"standard","meta":{"spay_email":"","jetpack_publicize_message":"","jetpack_is_tweetstorm":false,"jetpack_publicize_feature_enabled":true},"categories":[14],"tags":[],"jetpack_publicize_connections":[],"yoast_head":"<!-- This site is optimized with the Yoast SEO plugin v19.1 - https:\/\/yoast.com\/wordpress\/plugins\/seo\/ -->\n<title>Qeveria e Kosov\u00ebs k\u00ebrkon p\u00ebrshpejtimin e nxjerrjes s\u00eb dokumenteve t\u00eb udh\u00ebtimit - Lajme nga Ulqini<\/title>\n<meta name=\"robots\" content=\"index, follow, max-snippet:-1, max-image-preview:large, max-video-preview:-1\" \/>\n<link rel=\"canonical\" href=\"https:\/\/www.visit-ulcinj.com\/blog\/2008\/03\/15\/qeveria-e-kosoves-kerkon-pershpejtimin-e-nxjerrjes-se-dokumenteve-te-udhetimit\/\" \/>\n<meta property=\"og:locale\" content=\"en_US\" \/>\n<meta property=\"og:type\" content=\"article\" \/>\n<meta property=\"og:title\" content=\"Qeveria e Kosov\u00ebs k\u00ebrkon p\u00ebrshpejtimin e nxjerrjes s\u00eb dokumenteve t\u00eb udh\u00ebtimit - Lajme nga Ulqini\" \/>\n<meta property=\"og:url\" content=\"https:\/\/www.visit-ulcinj.com\/blog\/2008\/03\/15\/qeveria-e-kosoves-kerkon-pershpejtimin-e-nxjerrjes-se-dokumenteve-te-udhetimit\/\" \/>\n<meta property=\"og:site_name\" content=\"Lajme nga Ulqini\" \/>\n<meta property=\"article:published_time\" content=\"2008-03-15T17:59:28+00:00\" \/>\n<meta property=\"article:modified_time\" content=\"2008-03-15T18:01:30+00:00\" \/>\n<meta property=\"og:image\" content=\"http:\/\/www.visit-ulcinj.com\/blog\/wp-content\/uploads\/2008\/01\/hashim-thaci.thumbnail.jpg\" \/>\n<meta name=\"twitter:label1\" content=\"Written by\" \/>\n\t<meta name=\"twitter:data1\" content=\"ulqini\" \/>\n\t<meta name=\"twitter:label2\" content=\"Est. reading time\" \/>\n\t<meta name=\"twitter:data2\" content=\"3 minutes\" \/>\n<script type=\"application\/ld+json\" class=\"yoast-schema-graph\">{\"@context\":\"https:\/\/schema.org\",\"@graph\":[{\"@type\":\"WebSite\",\"@id\":\"https:\/\/www.visit-ulcinj.com\/blog\/#website\",\"url\":\"https:\/\/www.visit-ulcinj.com\/blog\/\",\"name\":\"Lajme nga Ulqini\",\"description\":\"Lajme,Vijesti,Ulqini,Ulqin,Crna Gora,Mali i Zi\",\"potentialAction\":[{\"@type\":\"SearchAction\",\"target\":{\"@type\":\"EntryPoint\",\"urlTemplate\":\"https:\/\/www.visit-ulcinj.com\/blog\/?s={search_term_string}\"},\"query-input\":\"required name=search_term_string\"}],\"inLanguage\":\"en-US\"},{\"@type\":\"ImageObject\",\"inLanguage\":\"en-US\",\"@id\":\"https:\/\/www.visit-ulcinj.com\/blog\/2008\/03\/15\/qeveria-e-kosoves-kerkon-pershpejtimin-e-nxjerrjes-se-dokumenteve-te-udhetimit\/#primaryimage\",\"url\":\"http:\/\/www.visit-ulcinj.com\/blog\/wp-content\/uploads\/2008\/01\/hashim-thaci.thumbnail.jpg\",\"contentUrl\":\"http:\/\/www.visit-ulcinj.com\/blog\/wp-content\/uploads\/2008\/01\/hashim-thaci.thumbnail.jpg\"},{\"@type\":\"WebPage\",\"@id\":\"https:\/\/www.visit-ulcinj.com\/blog\/2008\/03\/15\/qeveria-e-kosoves-kerkon-pershpejtimin-e-nxjerrjes-se-dokumenteve-te-udhetimit\/#webpage\",\"url\":\"https:\/\/www.visit-ulcinj.com\/blog\/2008\/03\/15\/qeveria-e-kosoves-kerkon-pershpejtimin-e-nxjerrjes-se-dokumenteve-te-udhetimit\/\",\"name\":\"Qeveria e Kosov\u00ebs k\u00ebrkon p\u00ebrshpejtimin e nxjerrjes s\u00eb dokumenteve t\u00eb udh\u00ebtimit - Lajme nga Ulqini\",\"isPartOf\":{\"@id\":\"https:\/\/www.visit-ulcinj.com\/blog\/#website\"},\"primaryImageOfPage\":{\"@id\":\"https:\/\/www.visit-ulcinj.com\/blog\/2008\/03\/15\/qeveria-e-kosoves-kerkon-pershpejtimin-e-nxjerrjes-se-dokumenteve-te-udhetimit\/#primaryimage\"},\"datePublished\":\"2008-03-15T17:59:28+00:00\",\"dateModified\":\"2008-03-15T18:01:30+00:00\",\"author\":{\"@id\":\"https:\/\/www.visit-ulcinj.com\/blog\/#\/schema\/person\/dcab619c614d3038751c63bc2aadc06d\"},\"breadcrumb\":{\"@id\":\"https:\/\/www.visit-ulcinj.com\/blog\/2008\/03\/15\/qeveria-e-kosoves-kerkon-pershpejtimin-e-nxjerrjes-se-dokumenteve-te-udhetimit\/#breadcrumb\"},\"inLanguage\":\"en-US\",\"potentialAction\":[{\"@type\":\"ReadAction\",\"target\":[\"https:\/\/www.visit-ulcinj.com\/blog\/2008\/03\/15\/qeveria-e-kosoves-kerkon-pershpejtimin-e-nxjerrjes-se-dokumenteve-te-udhetimit\/\"]}]},{\"@type\":\"BreadcrumbList\",\"@id\":\"https:\/\/www.visit-ulcinj.com\/blog\/2008\/03\/15\/qeveria-e-kosoves-kerkon-pershpejtimin-e-nxjerrjes-se-dokumenteve-te-udhetimit\/#breadcrumb\",\"itemListElement\":[{\"@type\":\"ListItem\",\"position\":1,\"name\":\"Qeveria e Kosov\u00ebs k\u00ebrkon p\u00ebrshpejtimin e nxjerrjes s\u00eb dokumenteve t\u00eb udh\u00ebtimit\"}]},{\"@type\":\"Person\",\"@id\":\"https:\/\/www.visit-ulcinj.com\/blog\/#\/schema\/person\/dcab619c614d3038751c63bc2aadc06d\",\"name\":\"ulqini\",\"sameAs\":[\"http:\/\/www.visit-ulcinj.com\"],\"url\":\"https:\/\/www.visit-ulcinj.com\/blog\/author\/admin\/\"}]}<\/script>\n<!-- \/ Yoast SEO plugin. -->","yoast_head_json":{"title":"Qeveria e Kosov\u00ebs k\u00ebrkon p\u00ebrshpejtimin e nxjerrjes s\u00eb dokumenteve t\u00eb udh\u00ebtimit - Lajme nga Ulqini","robots":{"index":"index","follow":"follow","max-snippet":"max-snippet:-1","max-image-preview":"max-image-preview:large","max-video-preview":"max-video-preview:-1"},"canonical":"https:\/\/www.visit-ulcinj.com\/blog\/2008\/03\/15\/qeveria-e-kosoves-kerkon-pershpejtimin-e-nxjerrjes-se-dokumenteve-te-udhetimit\/","og_locale":"en_US","og_type":"article","og_title":"Qeveria e Kosov\u00ebs k\u00ebrkon p\u00ebrshpejtimin e nxjerrjes s\u00eb dokumenteve t\u00eb udh\u00ebtimit - Lajme nga Ulqini","og_url":"https:\/\/www.visit-ulcinj.com\/blog\/2008\/03\/15\/qeveria-e-kosoves-kerkon-pershpejtimin-e-nxjerrjes-se-dokumenteve-te-udhetimit\/","og_site_name":"Lajme nga Ulqini","article_published_time":"2008-03-15T17:59:28+00:00","article_modified_time":"2008-03-15T18:01:30+00:00","og_image":[{"url":"http:\/\/www.visit-ulcinj.com\/blog\/wp-content\/uploads\/2008\/01\/hashim-thaci.thumbnail.jpg"}],"twitter_misc":{"Written by":"ulqini","Est. reading time":"3 minutes"},"schema":{"@context":"https:\/\/schema.org","@graph":[{"@type":"WebSite","@id":"https:\/\/www.visit-ulcinj.com\/blog\/#website","url":"https:\/\/www.visit-ulcinj.com\/blog\/","name":"Lajme nga Ulqini","description":"Lajme,Vijesti,Ulqini,Ulqin,Crna Gora,Mali i Zi","potentialAction":[{"@type":"SearchAction","target":{"@type":"EntryPoint","urlTemplate":"https:\/\/www.visit-ulcinj.com\/blog\/?s={search_term_string}"},"query-input":"required name=search_term_string"}],"inLanguage":"en-US"},{"@type":"ImageObject","inLanguage":"en-US","@id":"https:\/\/www.visit-ulcinj.com\/blog\/2008\/03\/15\/qeveria-e-kosoves-kerkon-pershpejtimin-e-nxjerrjes-se-dokumenteve-te-udhetimit\/#primaryimage","url":"http:\/\/www.visit-ulcinj.com\/blog\/wp-content\/uploads\/2008\/01\/hashim-thaci.thumbnail.jpg","contentUrl":"http:\/\/www.visit-ulcinj.com\/blog\/wp-content\/uploads\/2008\/01\/hashim-thaci.thumbnail.jpg"},{"@type":"WebPage","@id":"https:\/\/www.visit-ulcinj.com\/blog\/2008\/03\/15\/qeveria-e-kosoves-kerkon-pershpejtimin-e-nxjerrjes-se-dokumenteve-te-udhetimit\/#webpage","url":"https:\/\/www.visit-ulcinj.com\/blog\/2008\/03\/15\/qeveria-e-kosoves-kerkon-pershpejtimin-e-nxjerrjes-se-dokumenteve-te-udhetimit\/","name":"Qeveria e Kosov\u00ebs k\u00ebrkon p\u00ebrshpejtimin e nxjerrjes s\u00eb dokumenteve t\u00eb udh\u00ebtimit - Lajme nga Ulqini","isPartOf":{"@id":"https:\/\/www.visit-ulcinj.com\/blog\/#website"},"primaryImageOfPage":{"@id":"https:\/\/www.visit-ulcinj.com\/blog\/2008\/03\/15\/qeveria-e-kosoves-kerkon-pershpejtimin-e-nxjerrjes-se-dokumenteve-te-udhetimit\/#primaryimage"},"datePublished":"2008-03-15T17:59:28+00:00","dateModified":"2008-03-15T18:01:30+00:00","author":{"@id":"https:\/\/www.visit-ulcinj.com\/blog\/#\/schema\/person\/dcab619c614d3038751c63bc2aadc06d"},"breadcrumb":{"@id":"https:\/\/www.visit-ulcinj.com\/blog\/2008\/03\/15\/qeveria-e-kosoves-kerkon-pershpejtimin-e-nxjerrjes-se-dokumenteve-te-udhetimit\/#breadcrumb"},"inLanguage":"en-US","potentialAction":[{"@type":"ReadAction","target":["https:\/\/www.visit-ulcinj.com\/blog\/2008\/03\/15\/qeveria-e-kosoves-kerkon-pershpejtimin-e-nxjerrjes-se-dokumenteve-te-udhetimit\/"]}]},{"@type":"BreadcrumbList","@id":"https:\/\/www.visit-ulcinj.com\/blog\/2008\/03\/15\/qeveria-e-kosoves-kerkon-pershpejtimin-e-nxjerrjes-se-dokumenteve-te-udhetimit\/#breadcrumb","itemListElement":[{"@type":"ListItem","position":1,"name":"Qeveria e Kosov\u00ebs k\u00ebrkon p\u00ebrshpejtimin e nxjerrjes s\u00eb dokumenteve t\u00eb udh\u00ebtimit"}]},{"@type":"Person","@id":"https:\/\/www.visit-ulcinj.com\/blog\/#\/schema\/person\/dcab619c614d3038751c63bc2aadc06d","name":"ulqini","sameAs":["http:\/\/www.visit-ulcinj.com"],"url":"https:\/\/www.visit-ulcinj.com\/blog\/author\/admin\/"}]}},"jetpack_featured_media_url":"","jetpack_sharing_enabled":true,"jetpack_shortlink":"https:\/\/wp.me\/pe6lTn-eJ","_links":{"self":[{"href":"https:\/\/www.visit-ulcinj.com\/blog\/wp-json\/wp\/v2\/posts\/913"}],"collection":[{"href":"https:\/\/www.visit-ulcinj.com\/blog\/wp-json\/wp\/v2\/posts"}],"about":[{"href":"https:\/\/www.visit-ulcinj.com\/blog\/wp-json\/wp\/v2\/types\/post"}],"author":[{"embeddable":true,"href":"https:\/\/www.visit-ulcinj.com\/blog\/wp-json\/wp\/v2\/users\/1"}],"replies":[{"embeddable":true,"href":"https:\/\/www.visit-ulcinj.com\/blog\/wp-json\/wp\/v2\/comments?post=913"}],"version-history":[{"count":0,"href":"https:\/\/www.visit-ulcinj.com\/blog\/wp-json\/wp\/v2\/posts\/913\/revisions"}],"wp:attachment":[{"href":"https:\/\/www.visit-ulcinj.com\/blog\/wp-json\/wp\/v2\/media?parent=913"}],"wp:term":[{"taxonomy":"category","embeddable":true,"href":"https:\/\/www.visit-ulcinj.com\/blog\/wp-json\/wp\/v2\/categories?post=913"},{"taxonomy":"post_tag","embeddable":true,"href":"https:\/\/www.visit-ulcinj.com\/blog\/wp-json\/wp\/v2\/tags?post=913"}],"curies":[{"name":"wp","href":"https:\/\/api.w.org\/{rel}","templated":true}]}}