{"id":9130,"date":"2009-01-16T22:32:14","date_gmt":"2009-01-16T21:32:14","guid":{"rendered":"http:\/\/www.visit-ulcinj.com\/blog\/?p=9130"},"modified":"2009-01-16T22:32:19","modified_gmt":"2009-01-16T21:32:19","slug":"limuzina-presidenciale-e-quajtur-%e2%80%9cbisha%e2%80%9d-e-obames","status":"publish","type":"post","link":"https:\/\/www.visit-ulcinj.com\/blog\/2009\/01\/16\/limuzina-presidenciale-e-quajtur-%e2%80%9cbisha%e2%80%9d-e-obames\/","title":{"rendered":"Limuzina presidenciale, e quajtur \u201cbisha\u201d e Obam\u00ebs"},"content":{"rendered":"<p><a rel=\"attachment wp-att-9131\" href=\"http:\/\/www.visit-ulcinj.com\/blog\/2009\/01\/16\/limuzina-presidenciale-e-quajtur-%e2%80%9cbisha%e2%80%9d-e-obames\/cadillak-of-obama\/\" target=\"_blank\"><img loading=\"lazy\" class=\"alignleft size-full wp-image-9131\" title=\"cadillak-of-obama\" src=\"http:\/\/www.visit-ulcinj.com\/blog\/wp-content\/uploads\/2009\/01\/cadillak-of-obama.jpg\" alt=\"cadillak-of-obama\" width=\"345\" height=\"218\" \/><\/a>Obama, padyshim q\u00eb do t\u00eb jet\u00eb njeriu m\u00eb i siguruar n\u00eb bot\u00eb. Pak dit\u00eb para se ai t\u00eb b\u00ebhet zyrtarisht presidenti i Shteteve t\u00eb Bashkuara \u00ebsht\u00eb bere e njohur per publikun edhe makina e tij, nj\u00eb limuzin\u00eb super e blinduar.<br \/>\nMakina duket sikur \u00ebsht\u00eb e Xhejms Bond, po shenja dalluese e presidentit, t\u00eb b\u00ebn t\u00eb kuptosh se larg saj do t\u00eb qendroj\u00eb edhe spiuni m\u00eb i madh n\u00eb bot\u00eb.<br \/>\nLimuzina presidenciale, e quajtur ndryshe \u201cbisha\u201d do t\u00eb shfaqet p\u00ebr publikun m\u00eb 20 janar, dit\u00ebn e ceremonise s\u00eb betimit t\u00eb Barak Obam\u00ebs.<br \/>\nKjo makin\u00eb, sipas sh\u00ebrbimeve sekrete, do t\u2019i siguroj\u00eb jet\u00ebn presidentit amerikan ndaj cdo lloj sulmi t\u00eb mundsh\u00ebm.<br \/>\nStruktura e saj \u00ebsht\u00eb sekrete, por i sigurt mbetet fakti se kjo makin\u00eb \u00ebsht\u00eb fjala e fundit e teknologjis\u00eb.<br \/>\n<strong>Shqip Media <\/strong><\/p>\n<p><strong>Top Channel Video<\/strong><\/p>\n<p>[flv]http:\/\/shqiphost.top-channel.tv\/18754796\/flv\/kronika\/obama-makina.flv[\/flv]<strong><br \/>\n<\/strong><\/p>\n","protected":false},"excerpt":{"rendered":"<p>Obama, padyshim q\u00eb do t\u00eb jet\u00eb njeriu m\u00eb i siguruar n\u00eb bot\u00eb. Pak dit\u00eb para se ai t\u00eb b\u00ebhet zyrtarisht presidenti i Shteteve t\u00eb Bashkuara \u00ebsht\u00eb bere e njohur per publikun edhe makina e tij, nj\u00eb limuzin\u00eb super e blinduar. Makina duket sikur \u00ebsht\u00eb e Xhejms Bond, po shenja dalluese e presidentit, t\u00eb b\u00ebn t\u00eb [&hellip;]<\/p>\n","protected":false},"author":1,"featured_media":0,"comment_status":"open","ping_status":"closed","sticky":false,"template":"","format":"standard","meta":{"spay_email":"","jetpack_publicize_message":"","jetpack_is_tweetstorm":false,"jetpack_publicize_feature_enabled":true},"categories":[7],"tags":[5799,5800,4924,5801],"jetpack_publicize_connections":[],"yoast_head":"<!-- This site is optimized with the Yoast SEO plugin v19.1 - https:\/\/yoast.com\/wordpress\/plugins\/seo\/ -->\n<title>Limuzina presidenciale, e quajtur \u201cbisha\u201d e Obam\u00ebs - Lajme nga Ulqini<\/title>\n<meta name=\"description\" content=\"Obama, padyshim q\u00eb do t\u00eb jet\u00eb njeriu m\u00eb i siguruar n\u00eb bot\u00eb. Pak dit\u00eb para se ai t\u00eb b\u00ebhet zyrtarisht presidenti i Shteteve t\u00eb Bashkuara \u00ebsht\u00eb bere e njohur\" \/>\n<meta name=\"robots\" content=\"index, follow, max-snippet:-1, max-image-preview:large, max-video-preview:-1\" \/>\n<link rel=\"canonical\" href=\"https:\/\/www.visit-ulcinj.com\/blog\/2009\/01\/16\/limuzina-presidenciale-e-quajtur-\u201cbisha\u201d-e-obames\/\" \/>\n<meta property=\"og:locale\" content=\"en_US\" \/>\n<meta property=\"og:type\" content=\"article\" \/>\n<meta property=\"og:title\" content=\"Limuzina presidenciale, e quajtur \u201cbisha\u201d e Obam\u00ebs - Lajme nga Ulqini\" \/>\n<meta property=\"og:description\" content=\"Obama, padyshim q\u00eb do t\u00eb jet\u00eb njeriu m\u00eb i siguruar n\u00eb bot\u00eb. Pak dit\u00eb para se ai t\u00eb b\u00ebhet zyrtarisht presidenti i Shteteve t\u00eb Bashkuara \u00ebsht\u00eb bere e njohur\" \/>\n<meta property=\"og:url\" content=\"https:\/\/www.visit-ulcinj.com\/blog\/2009\/01\/16\/limuzina-presidenciale-e-quajtur-\u201cbisha\u201d-e-obames\/\" \/>\n<meta property=\"og:site_name\" content=\"Lajme nga Ulqini\" \/>\n<meta property=\"article:published_time\" content=\"2009-01-16T21:32:14+00:00\" \/>\n<meta property=\"article:modified_time\" content=\"2009-01-16T21:32:19+00:00\" \/>\n<meta property=\"og:image\" content=\"http:\/\/www.visit-ulcinj.com\/blog\/wp-content\/uploads\/2009\/01\/cadillak-of-obama.jpg\" \/>\n<meta name=\"twitter:label1\" content=\"Written by\" \/>\n\t<meta name=\"twitter:data1\" content=\"ulqini\" \/>\n\t<meta name=\"twitter:label2\" content=\"Est. reading time\" \/>\n\t<meta name=\"twitter:data2\" content=\"1 minute\" \/>\n<script type=\"application\/ld+json\" class=\"yoast-schema-graph\">{\"@context\":\"https:\/\/schema.org\",\"@graph\":[{\"@type\":\"WebSite\",\"@id\":\"https:\/\/www.visit-ulcinj.com\/blog\/#website\",\"url\":\"https:\/\/www.visit-ulcinj.com\/blog\/\",\"name\":\"Lajme nga Ulqini\",\"description\":\"Lajme,Vijesti,Ulqini,Ulqin,Crna Gora,Mali i Zi\",\"potentialAction\":[{\"@type\":\"SearchAction\",\"target\":{\"@type\":\"EntryPoint\",\"urlTemplate\":\"https:\/\/www.visit-ulcinj.com\/blog\/?s={search_term_string}\"},\"query-input\":\"required name=search_term_string\"}],\"inLanguage\":\"en-US\"},{\"@type\":\"ImageObject\",\"inLanguage\":\"en-US\",\"@id\":\"https:\/\/www.visit-ulcinj.com\/blog\/2009\/01\/16\/limuzina-presidenciale-e-quajtur-%e2%80%9cbisha%e2%80%9d-e-obames\/#primaryimage\",\"url\":\"http:\/\/www.visit-ulcinj.com\/blog\/wp-content\/uploads\/2009\/01\/cadillak-of-obama.jpg\",\"contentUrl\":\"http:\/\/www.visit-ulcinj.com\/blog\/wp-content\/uploads\/2009\/01\/cadillak-of-obama.jpg\"},{\"@type\":\"WebPage\",\"@id\":\"https:\/\/www.visit-ulcinj.com\/blog\/2009\/01\/16\/limuzina-presidenciale-e-quajtur-%e2%80%9cbisha%e2%80%9d-e-obames\/#webpage\",\"url\":\"https:\/\/www.visit-ulcinj.com\/blog\/2009\/01\/16\/limuzina-presidenciale-e-quajtur-%e2%80%9cbisha%e2%80%9d-e-obames\/\",\"name\":\"Limuzina presidenciale, e quajtur \u201cbisha\u201d e Obam\u00ebs - Lajme nga Ulqini\",\"isPartOf\":{\"@id\":\"https:\/\/www.visit-ulcinj.com\/blog\/#website\"},\"primaryImageOfPage\":{\"@id\":\"https:\/\/www.visit-ulcinj.com\/blog\/2009\/01\/16\/limuzina-presidenciale-e-quajtur-%e2%80%9cbisha%e2%80%9d-e-obames\/#primaryimage\"},\"datePublished\":\"2009-01-16T21:32:14+00:00\",\"dateModified\":\"2009-01-16T21:32:19+00:00\",\"author\":{\"@id\":\"https:\/\/www.visit-ulcinj.com\/blog\/#\/schema\/person\/dcab619c614d3038751c63bc2aadc06d\"},\"description\":\"Obama, padyshim q\u00eb do t\u00eb jet\u00eb njeriu m\u00eb i siguruar n\u00eb bot\u00eb. Pak dit\u00eb para se ai t\u00eb b\u00ebhet zyrtarisht presidenti i Shteteve t\u00eb Bashkuara \u00ebsht\u00eb bere e njohur\",\"breadcrumb\":{\"@id\":\"https:\/\/www.visit-ulcinj.com\/blog\/2009\/01\/16\/limuzina-presidenciale-e-quajtur-%e2%80%9cbisha%e2%80%9d-e-obames\/#breadcrumb\"},\"inLanguage\":\"en-US\",\"potentialAction\":[{\"@type\":\"ReadAction\",\"target\":[\"https:\/\/www.visit-ulcinj.com\/blog\/2009\/01\/16\/limuzina-presidenciale-e-quajtur-%e2%80%9cbisha%e2%80%9d-e-obames\/\"]}]},{\"@type\":\"BreadcrumbList\",\"@id\":\"https:\/\/www.visit-ulcinj.com\/blog\/2009\/01\/16\/limuzina-presidenciale-e-quajtur-%e2%80%9cbisha%e2%80%9d-e-obames\/#breadcrumb\",\"itemListElement\":[{\"@type\":\"ListItem\",\"position\":1,\"name\":\"Limuzina presidenciale, e quajtur \u201cbisha\u201d e Obam\u00ebs\"}]},{\"@type\":\"Person\",\"@id\":\"https:\/\/www.visit-ulcinj.com\/blog\/#\/schema\/person\/dcab619c614d3038751c63bc2aadc06d\",\"name\":\"ulqini\",\"sameAs\":[\"http:\/\/www.visit-ulcinj.com\"],\"url\":\"https:\/\/www.visit-ulcinj.com\/blog\/author\/admin\/\"}]}<\/script>\n<!-- \/ Yoast SEO plugin. -->","yoast_head_json":{"title":"Limuzina presidenciale, e quajtur \u201cbisha\u201d e Obam\u00ebs - Lajme nga Ulqini","description":"Obama, padyshim q\u00eb do t\u00eb jet\u00eb njeriu m\u00eb i siguruar n\u00eb bot\u00eb. Pak dit\u00eb para se ai t\u00eb b\u00ebhet zyrtarisht presidenti i Shteteve t\u00eb Bashkuara \u00ebsht\u00eb bere e njohur","robots":{"index":"index","follow":"follow","max-snippet":"max-snippet:-1","max-image-preview":"max-image-preview:large","max-video-preview":"max-video-preview:-1"},"canonical":"https:\/\/www.visit-ulcinj.com\/blog\/2009\/01\/16\/limuzina-presidenciale-e-quajtur-\u201cbisha\u201d-e-obames\/","og_locale":"en_US","og_type":"article","og_title":"Limuzina presidenciale, e quajtur \u201cbisha\u201d e Obam\u00ebs - Lajme nga Ulqini","og_description":"Obama, padyshim q\u00eb do t\u00eb jet\u00eb njeriu m\u00eb i siguruar n\u00eb bot\u00eb. Pak dit\u00eb para se ai t\u00eb b\u00ebhet zyrtarisht presidenti i Shteteve t\u00eb Bashkuara \u00ebsht\u00eb bere e njohur","og_url":"https:\/\/www.visit-ulcinj.com\/blog\/2009\/01\/16\/limuzina-presidenciale-e-quajtur-\u201cbisha\u201d-e-obames\/","og_site_name":"Lajme nga Ulqini","article_published_time":"2009-01-16T21:32:14+00:00","article_modified_time":"2009-01-16T21:32:19+00:00","og_image":[{"url":"http:\/\/www.visit-ulcinj.com\/blog\/wp-content\/uploads\/2009\/01\/cadillak-of-obama.jpg"}],"twitter_misc":{"Written by":"ulqini","Est. reading time":"1 minute"},"schema":{"@context":"https:\/\/schema.org","@graph":[{"@type":"WebSite","@id":"https:\/\/www.visit-ulcinj.com\/blog\/#website","url":"https:\/\/www.visit-ulcinj.com\/blog\/","name":"Lajme nga Ulqini","description":"Lajme,Vijesti,Ulqini,Ulqin,Crna Gora,Mali i Zi","potentialAction":[{"@type":"SearchAction","target":{"@type":"EntryPoint","urlTemplate":"https:\/\/www.visit-ulcinj.com\/blog\/?s={search_term_string}"},"query-input":"required name=search_term_string"}],"inLanguage":"en-US"},{"@type":"ImageObject","inLanguage":"en-US","@id":"https:\/\/www.visit-ulcinj.com\/blog\/2009\/01\/16\/limuzina-presidenciale-e-quajtur-%e2%80%9cbisha%e2%80%9d-e-obames\/#primaryimage","url":"http:\/\/www.visit-ulcinj.com\/blog\/wp-content\/uploads\/2009\/01\/cadillak-of-obama.jpg","contentUrl":"http:\/\/www.visit-ulcinj.com\/blog\/wp-content\/uploads\/2009\/01\/cadillak-of-obama.jpg"},{"@type":"WebPage","@id":"https:\/\/www.visit-ulcinj.com\/blog\/2009\/01\/16\/limuzina-presidenciale-e-quajtur-%e2%80%9cbisha%e2%80%9d-e-obames\/#webpage","url":"https:\/\/www.visit-ulcinj.com\/blog\/2009\/01\/16\/limuzina-presidenciale-e-quajtur-%e2%80%9cbisha%e2%80%9d-e-obames\/","name":"Limuzina presidenciale, e quajtur \u201cbisha\u201d e Obam\u00ebs - Lajme nga Ulqini","isPartOf":{"@id":"https:\/\/www.visit-ulcinj.com\/blog\/#website"},"primaryImageOfPage":{"@id":"https:\/\/www.visit-ulcinj.com\/blog\/2009\/01\/16\/limuzina-presidenciale-e-quajtur-%e2%80%9cbisha%e2%80%9d-e-obames\/#primaryimage"},"datePublished":"2009-01-16T21:32:14+00:00","dateModified":"2009-01-16T21:32:19+00:00","author":{"@id":"https:\/\/www.visit-ulcinj.com\/blog\/#\/schema\/person\/dcab619c614d3038751c63bc2aadc06d"},"description":"Obama, padyshim q\u00eb do t\u00eb jet\u00eb njeriu m\u00eb i siguruar n\u00eb bot\u00eb. Pak dit\u00eb para se ai t\u00eb b\u00ebhet zyrtarisht presidenti i Shteteve t\u00eb Bashkuara \u00ebsht\u00eb bere e njohur","breadcrumb":{"@id":"https:\/\/www.visit-ulcinj.com\/blog\/2009\/01\/16\/limuzina-presidenciale-e-quajtur-%e2%80%9cbisha%e2%80%9d-e-obames\/#breadcrumb"},"inLanguage":"en-US","potentialAction":[{"@type":"ReadAction","target":["https:\/\/www.visit-ulcinj.com\/blog\/2009\/01\/16\/limuzina-presidenciale-e-quajtur-%e2%80%9cbisha%e2%80%9d-e-obames\/"]}]},{"@type":"BreadcrumbList","@id":"https:\/\/www.visit-ulcinj.com\/blog\/2009\/01\/16\/limuzina-presidenciale-e-quajtur-%e2%80%9cbisha%e2%80%9d-e-obames\/#breadcrumb","itemListElement":[{"@type":"ListItem","position":1,"name":"Limuzina presidenciale, e quajtur \u201cbisha\u201d e Obam\u00ebs"}]},{"@type":"Person","@id":"https:\/\/www.visit-ulcinj.com\/blog\/#\/schema\/person\/dcab619c614d3038751c63bc2aadc06d","name":"ulqini","sameAs":["http:\/\/www.visit-ulcinj.com"],"url":"https:\/\/www.visit-ulcinj.com\/blog\/author\/admin\/"}]}},"jetpack_featured_media_url":"","jetpack_sharing_enabled":true,"jetpack_shortlink":"https:\/\/wp.me\/pe6lTn-2ng","_links":{"self":[{"href":"https:\/\/www.visit-ulcinj.com\/blog\/wp-json\/wp\/v2\/posts\/9130"}],"collection":[{"href":"https:\/\/www.visit-ulcinj.com\/blog\/wp-json\/wp\/v2\/posts"}],"about":[{"href":"https:\/\/www.visit-ulcinj.com\/blog\/wp-json\/wp\/v2\/types\/post"}],"author":[{"embeddable":true,"href":"https:\/\/www.visit-ulcinj.com\/blog\/wp-json\/wp\/v2\/users\/1"}],"replies":[{"embeddable":true,"href":"https:\/\/www.visit-ulcinj.com\/blog\/wp-json\/wp\/v2\/comments?post=9130"}],"version-history":[{"count":0,"href":"https:\/\/www.visit-ulcinj.com\/blog\/wp-json\/wp\/v2\/posts\/9130\/revisions"}],"wp:attachment":[{"href":"https:\/\/www.visit-ulcinj.com\/blog\/wp-json\/wp\/v2\/media?parent=9130"}],"wp:term":[{"taxonomy":"category","embeddable":true,"href":"https:\/\/www.visit-ulcinj.com\/blog\/wp-json\/wp\/v2\/categories?post=9130"},{"taxonomy":"post_tag","embeddable":true,"href":"https:\/\/www.visit-ulcinj.com\/blog\/wp-json\/wp\/v2\/tags?post=9130"}],"curies":[{"name":"wp","href":"https:\/\/api.w.org\/{rel}","templated":true}]}}