{"id":91311,"date":"2015-07-02T13:17:48","date_gmt":"2015-07-02T12:17:48","guid":{"rendered":"http:\/\/www.visit-ulcinj.com\/blog\/?p=91311"},"modified":"2015-07-02T13:17:48","modified_gmt":"2015-07-02T12:17:48","slug":"mali-zi-dhe-shqiperia-ne-muriqan-per-masat-nga-sulmet-terroriste","status":"publish","type":"post","link":"https:\/\/www.visit-ulcinj.com\/blog\/2015\/07\/02\/mali-zi-dhe-shqiperia-ne-muriqan-per-masat-nga-sulmet-terroriste\/","title":{"rendered":"Mali i Zi dhe Shqip\u00ebria n\u00eb Muriqan p\u00ebr masat nga sulmet terroriste"},"content":{"rendered":"<div class=\"global-content\">\n<div class=\"global-content-left\">\n<div class=\"global-content-left-module-video-view\">\n<div class=\"global-content-left-module-news-view-txt\">\n<p><em><a href=\"http:\/\/www.visit-ulcinj.com\/blog\/wp-content\/uploads\/2015\/07\/K\u00ebrc\u00ebnimet-e-ISIS-p\u00ebrforcohen-masat-kufitare-n\u00eb-Muriqan-Sukobin.jpg\"><img loading=\"lazy\" class=\"alignleft wp-image-91312\" src=\"http:\/\/www.visit-ulcinj.com\/blog\/wp-content\/uploads\/2015\/07\/K\u00ebrc\u00ebnimet-e-ISIS-p\u00ebrforcohen-masat-kufitare-n\u00eb-Muriqan-Sukobin.jpg\" alt=\"K\u00ebrc\u00ebnimet e ISIS, p\u00ebrforcohen masat kufitare n\u00eb Muriqan-Sukobin\" width=\"508\" height=\"281\" srcset=\"https:\/\/www.visit-ulcinj.com\/blog\/wp-content\/uploads\/2015\/07\/K\u00ebrc\u00ebnimet-e-ISIS-p\u00ebrforcohen-masat-kufitare-n\u00eb-Muriqan-Sukobin.jpg 695w, https:\/\/www.visit-ulcinj.com\/blog\/wp-content\/uploads\/2015\/07\/K\u00ebrc\u00ebnimet-e-ISIS-p\u00ebrforcohen-masat-kufitare-n\u00eb-Muriqan-Sukobin-300x166.jpg 300w\" sizes=\"(max-width: 508px) 100vw, 508px\" \/><\/a>K\u00ebrc\u00ebnimi nga terrorizmi ka b\u00ebr\u00eb q\u00eb dy vendet Shqip\u00ebria dhe Mali i Zi t\u00eb forcojn\u00eb bashk\u00ebpunimin dhe t\u00eb rrisin vigjilenc\u00ebn. Ndon\u00ebse kufijt\u00eb cil\u00ebsohen t\u00eb sigurt, n\u00eb pik\u00ebn e Muriqanit \u00ebsht\u00eb vendosur nj\u00eb sistem i ngjash\u00ebm me at\u00eb TIMS, por q\u00eb do p\u00ebrdoret vet\u00ebm p\u00ebr t\u00eb ruajtur t\u00eb dh\u00ebnat e klandestin\u00ebve me origjin\u00eb nga vende n\u00eb konflikt si Siria.<\/em><\/p>\n<p>Rreziku nga k\u00ebrc\u00ebnimet e \u201cISIS\u201d p\u00ebr vendet e Ballkanit ka b\u00ebr\u00eb q\u00eb Shqip\u00ebria dhe Mali i Zi t\u00eb p\u00ebrforcojn\u00eb masat n\u00eb pikat kufitare. Zv\/drejtori i p\u00ebrgjithsh\u00ebm i policis\u00eb s\u00eb kufirit dhe migracionit, Genc Merepeza, i cil\u00ebson p\u00ebr momentin kufijt\u00eb t\u00eb sigurt\u00eb, por shton se vigjilenca \u00ebsht\u00eb maksimale.<\/p>\n<p><strong>Genc Merepeza:<\/strong> \u201cShk\u00ebmbehet informacion n\u00eb \u00e7do koh\u00eb. Ndiqet sidomos fluksi i i emigrant\u00ebve sepse mund t\u00eb p\u00ebrdoret si m\u00ebnyr\u00eb p\u00ebr t\u00eb penetruar k\u00ebto element\u00eb. p\u00ebr momentin nuk ka ndonj\u00eb rrezik, kufinjt\u00eb e Shqip\u00ebris\u00eb jan\u00eb t\u00eb sigurt\u201d<\/p>\n<p>N\u00eb pik\u00ebn e Muriqanit u instalua sistemi i verifikimit p\u00ebr klandestin\u00ebt, apo p\u00ebr shtetasit q\u00eb kalojn\u00eb drejt vendeve t\u00eb list\u00ebs s\u00eb zez\u00eb si Siria.<\/p>\n<p><strong>Mustafa Server Caylan<\/strong>: \u201cVitin qe lame pas 14 milion njerez lane vendet e tyre ne kerkim te sigurise dhe per te ndertuar jeten e tyre. Shume prej ketyre njerezve kalojne permes Ballkanit Perendimor, si\u00e7 eshte edhe Shqiperia apo Mali i Zi. Ne jemi gati per implementimin e ekspertizave me te mira europiane\u201d.<\/p>\n<p><strong>Mitja Drobnic:<\/strong> \u201cSistemi efikas i azilit qe eshte adoptuar aktualisht, eshte nje nga \u00e7eshtjet kryesore per Malin e Zi. Nje rritje e madhe e numrit te azilkerkuesve ne Mesdhe, ka ardhur per shkaqe te konflikteve qe egzistojne ne vendet e treta. Tragjedite e ndodhura sherbejne si kembane alarmi per te na thene sa te rendesishme jane keto \u00e7eshtje. Nje tjeter investim i madh prej 1.5 milion eurosh nga BE, eshte ai per ndertimin e qendres per azilant\u00ebt\u201d.<\/p>\n<p>Nd\u00ebrkoh\u00eb bashk\u00eb me sistemin e ngjash\u00ebm me at\u00eb TIMS jan\u00eb dhuruar edhe pajisje logjistike dhe automjete p\u00ebr patrullimin e kufirit t\u00eb gjelb\u00ebrt t\u00eb pik\u00ebs s\u00eb Muriqanit.<\/p>\n<p>ORA NEWS<\/p>\n<!--YouTube Error: bad URL entered-->\n<\/div>\n<\/div>\n<\/div>\n<\/div>\n","protected":false},"excerpt":{"rendered":"<p>K\u00ebrc\u00ebnimi nga terrorizmi ka b\u00ebr\u00eb q\u00eb dy vendet Shqip\u00ebria dhe Mali i Zi t\u00eb forcojn\u00eb bashk\u00ebpunimin dhe t\u00eb rrisin vigjilenc\u00ebn. Ndon\u00ebse kufijt\u00eb cil\u00ebsohen t\u00eb sigurt, n\u00eb pik\u00ebn e Muriqanit \u00ebsht\u00eb vendosur nj\u00eb sistem i ngjash\u00ebm me at\u00eb TIMS, por q\u00eb do p\u00ebrdoret vet\u00ebm p\u00ebr t\u00eb ruajtur t\u00eb dh\u00ebnat e klandestin\u00ebve me origjin\u00eb nga vende n\u00eb [&hellip;]<\/p>\n","protected":false},"author":1,"featured_media":0,"comment_status":"closed","ping_status":"closed","sticky":false,"template":"","format":"standard","meta":{"spay_email":"","jetpack_publicize_message":"","jetpack_is_tweetstorm":false,"jetpack_publicize_feature_enabled":true},"categories":[14],"tags":[],"jetpack_publicize_connections":[],"yoast_head":"<!-- This site is optimized with the Yoast SEO plugin v19.1 - https:\/\/yoast.com\/wordpress\/plugins\/seo\/ -->\n<title>Mali i Zi dhe Shqip\u00ebria n\u00eb Muriqan p\u00ebr masat nga sulmet terroriste - Lajme nga Ulqini<\/title>\n<meta name=\"description\" content=\"K\u00ebrc\u00ebnimi nga terrorizmi ka b\u00ebr\u00eb q\u00eb dy vendet Shqip\u00ebria dhe Mali i Zi t\u00eb forcojn\u00eb bashk\u00ebpunimin dhe t\u00eb rrisin vigjilenc\u00ebn. Ndon\u00ebse kufijt\u00eb cil\u00ebsohen t\u00eb\" \/>\n<meta name=\"robots\" content=\"index, follow, max-snippet:-1, max-image-preview:large, max-video-preview:-1\" \/>\n<link rel=\"canonical\" href=\"https:\/\/www.visit-ulcinj.com\/blog\/2015\/07\/02\/mali-zi-dhe-shqiperia-ne-muriqan-per-masat-nga-sulmet-terroriste\/\" \/>\n<meta property=\"og:locale\" content=\"en_US\" \/>\n<meta property=\"og:type\" content=\"article\" \/>\n<meta property=\"og:title\" content=\"Mali i Zi dhe Shqip\u00ebria n\u00eb Muriqan p\u00ebr masat nga sulmet terroriste - Lajme nga Ulqini\" \/>\n<meta property=\"og:description\" content=\"K\u00ebrc\u00ebnimi nga terrorizmi ka b\u00ebr\u00eb q\u00eb dy vendet Shqip\u00ebria dhe Mali i Zi t\u00eb forcojn\u00eb bashk\u00ebpunimin dhe t\u00eb rrisin vigjilenc\u00ebn. Ndon\u00ebse kufijt\u00eb cil\u00ebsohen t\u00eb\" \/>\n<meta property=\"og:url\" content=\"https:\/\/www.visit-ulcinj.com\/blog\/2015\/07\/02\/mali-zi-dhe-shqiperia-ne-muriqan-per-masat-nga-sulmet-terroriste\/\" \/>\n<meta property=\"og:site_name\" content=\"Lajme nga Ulqini\" \/>\n<meta property=\"article:published_time\" content=\"2015-07-02T12:17:48+00:00\" \/>\n<meta name=\"twitter:label1\" content=\"Written by\" \/>\n\t<meta name=\"twitter:data1\" content=\"ulqini\" \/>\n\t<meta name=\"twitter:label2\" content=\"Est. reading time\" \/>\n\t<meta name=\"twitter:data2\" content=\"2 minutes\" \/>\n<script type=\"application\/ld+json\" class=\"yoast-schema-graph\">{\"@context\":\"https:\/\/schema.org\",\"@graph\":[{\"@type\":\"WebSite\",\"@id\":\"https:\/\/www.visit-ulcinj.com\/blog\/#website\",\"url\":\"https:\/\/www.visit-ulcinj.com\/blog\/\",\"name\":\"Lajme nga Ulqini\",\"description\":\"Lajme,Vijesti,Ulqini,Ulqin,Crna Gora,Mali i Zi\",\"potentialAction\":[{\"@type\":\"SearchAction\",\"target\":{\"@type\":\"EntryPoint\",\"urlTemplate\":\"https:\/\/www.visit-ulcinj.com\/blog\/?s={search_term_string}\"},\"query-input\":\"required name=search_term_string\"}],\"inLanguage\":\"en-US\"},{\"@type\":\"WebPage\",\"@id\":\"https:\/\/www.visit-ulcinj.com\/blog\/2015\/07\/02\/mali-zi-dhe-shqiperia-ne-muriqan-per-masat-nga-sulmet-terroriste\/#webpage\",\"url\":\"https:\/\/www.visit-ulcinj.com\/blog\/2015\/07\/02\/mali-zi-dhe-shqiperia-ne-muriqan-per-masat-nga-sulmet-terroriste\/\",\"name\":\"Mali i Zi dhe Shqip\u00ebria n\u00eb Muriqan p\u00ebr masat nga sulmet terroriste - Lajme nga Ulqini\",\"isPartOf\":{\"@id\":\"https:\/\/www.visit-ulcinj.com\/blog\/#website\"},\"datePublished\":\"2015-07-02T12:17:48+00:00\",\"dateModified\":\"2015-07-02T12:17:48+00:00\",\"author\":{\"@id\":\"https:\/\/www.visit-ulcinj.com\/blog\/#\/schema\/person\/dcab619c614d3038751c63bc2aadc06d\"},\"description\":\"K\u00ebrc\u00ebnimi nga terrorizmi ka b\u00ebr\u00eb q\u00eb dy vendet Shqip\u00ebria dhe Mali i Zi t\u00eb forcojn\u00eb bashk\u00ebpunimin dhe t\u00eb rrisin vigjilenc\u00ebn. Ndon\u00ebse kufijt\u00eb cil\u00ebsohen t\u00eb\",\"breadcrumb\":{\"@id\":\"https:\/\/www.visit-ulcinj.com\/blog\/2015\/07\/02\/mali-zi-dhe-shqiperia-ne-muriqan-per-masat-nga-sulmet-terroriste\/#breadcrumb\"},\"inLanguage\":\"en-US\",\"potentialAction\":[{\"@type\":\"ReadAction\",\"target\":[\"https:\/\/www.visit-ulcinj.com\/blog\/2015\/07\/02\/mali-zi-dhe-shqiperia-ne-muriqan-per-masat-nga-sulmet-terroriste\/\"]}]},{\"@type\":\"BreadcrumbList\",\"@id\":\"https:\/\/www.visit-ulcinj.com\/blog\/2015\/07\/02\/mali-zi-dhe-shqiperia-ne-muriqan-per-masat-nga-sulmet-terroriste\/#breadcrumb\",\"itemListElement\":[{\"@type\":\"ListItem\",\"position\":1,\"name\":\"Mali i Zi dhe Shqip\u00ebria n\u00eb Muriqan p\u00ebr masat nga sulmet terroriste\"}]},{\"@type\":\"Person\",\"@id\":\"https:\/\/www.visit-ulcinj.com\/blog\/#\/schema\/person\/dcab619c614d3038751c63bc2aadc06d\",\"name\":\"ulqini\",\"sameAs\":[\"http:\/\/www.visit-ulcinj.com\"],\"url\":\"https:\/\/www.visit-ulcinj.com\/blog\/author\/admin\/\"}]}<\/script>\n<!-- \/ Yoast SEO plugin. -->","yoast_head_json":{"title":"Mali i Zi dhe Shqip\u00ebria n\u00eb Muriqan p\u00ebr masat nga sulmet terroriste - Lajme nga Ulqini","description":"K\u00ebrc\u00ebnimi nga terrorizmi ka b\u00ebr\u00eb q\u00eb dy vendet Shqip\u00ebria dhe Mali i Zi t\u00eb forcojn\u00eb bashk\u00ebpunimin dhe t\u00eb rrisin vigjilenc\u00ebn. Ndon\u00ebse kufijt\u00eb cil\u00ebsohen t\u00eb","robots":{"index":"index","follow":"follow","max-snippet":"max-snippet:-1","max-image-preview":"max-image-preview:large","max-video-preview":"max-video-preview:-1"},"canonical":"https:\/\/www.visit-ulcinj.com\/blog\/2015\/07\/02\/mali-zi-dhe-shqiperia-ne-muriqan-per-masat-nga-sulmet-terroriste\/","og_locale":"en_US","og_type":"article","og_title":"Mali i Zi dhe Shqip\u00ebria n\u00eb Muriqan p\u00ebr masat nga sulmet terroriste - Lajme nga Ulqini","og_description":"K\u00ebrc\u00ebnimi nga terrorizmi ka b\u00ebr\u00eb q\u00eb dy vendet Shqip\u00ebria dhe Mali i Zi t\u00eb forcojn\u00eb bashk\u00ebpunimin dhe t\u00eb rrisin vigjilenc\u00ebn. Ndon\u00ebse kufijt\u00eb cil\u00ebsohen t\u00eb","og_url":"https:\/\/www.visit-ulcinj.com\/blog\/2015\/07\/02\/mali-zi-dhe-shqiperia-ne-muriqan-per-masat-nga-sulmet-terroriste\/","og_site_name":"Lajme nga Ulqini","article_published_time":"2015-07-02T12:17:48+00:00","twitter_misc":{"Written by":"ulqini","Est. reading time":"2 minutes"},"schema":{"@context":"https:\/\/schema.org","@graph":[{"@type":"WebSite","@id":"https:\/\/www.visit-ulcinj.com\/blog\/#website","url":"https:\/\/www.visit-ulcinj.com\/blog\/","name":"Lajme nga Ulqini","description":"Lajme,Vijesti,Ulqini,Ulqin,Crna Gora,Mali i Zi","potentialAction":[{"@type":"SearchAction","target":{"@type":"EntryPoint","urlTemplate":"https:\/\/www.visit-ulcinj.com\/blog\/?s={search_term_string}"},"query-input":"required name=search_term_string"}],"inLanguage":"en-US"},{"@type":"WebPage","@id":"https:\/\/www.visit-ulcinj.com\/blog\/2015\/07\/02\/mali-zi-dhe-shqiperia-ne-muriqan-per-masat-nga-sulmet-terroriste\/#webpage","url":"https:\/\/www.visit-ulcinj.com\/blog\/2015\/07\/02\/mali-zi-dhe-shqiperia-ne-muriqan-per-masat-nga-sulmet-terroriste\/","name":"Mali i Zi dhe Shqip\u00ebria n\u00eb Muriqan p\u00ebr masat nga sulmet terroriste - Lajme nga Ulqini","isPartOf":{"@id":"https:\/\/www.visit-ulcinj.com\/blog\/#website"},"datePublished":"2015-07-02T12:17:48+00:00","dateModified":"2015-07-02T12:17:48+00:00","author":{"@id":"https:\/\/www.visit-ulcinj.com\/blog\/#\/schema\/person\/dcab619c614d3038751c63bc2aadc06d"},"description":"K\u00ebrc\u00ebnimi nga terrorizmi ka b\u00ebr\u00eb q\u00eb dy vendet Shqip\u00ebria dhe Mali i Zi t\u00eb forcojn\u00eb bashk\u00ebpunimin dhe t\u00eb rrisin vigjilenc\u00ebn. Ndon\u00ebse kufijt\u00eb cil\u00ebsohen t\u00eb","breadcrumb":{"@id":"https:\/\/www.visit-ulcinj.com\/blog\/2015\/07\/02\/mali-zi-dhe-shqiperia-ne-muriqan-per-masat-nga-sulmet-terroriste\/#breadcrumb"},"inLanguage":"en-US","potentialAction":[{"@type":"ReadAction","target":["https:\/\/www.visit-ulcinj.com\/blog\/2015\/07\/02\/mali-zi-dhe-shqiperia-ne-muriqan-per-masat-nga-sulmet-terroriste\/"]}]},{"@type":"BreadcrumbList","@id":"https:\/\/www.visit-ulcinj.com\/blog\/2015\/07\/02\/mali-zi-dhe-shqiperia-ne-muriqan-per-masat-nga-sulmet-terroriste\/#breadcrumb","itemListElement":[{"@type":"ListItem","position":1,"name":"Mali i Zi dhe Shqip\u00ebria n\u00eb Muriqan p\u00ebr masat nga sulmet terroriste"}]},{"@type":"Person","@id":"https:\/\/www.visit-ulcinj.com\/blog\/#\/schema\/person\/dcab619c614d3038751c63bc2aadc06d","name":"ulqini","sameAs":["http:\/\/www.visit-ulcinj.com"],"url":"https:\/\/www.visit-ulcinj.com\/blog\/author\/admin\/"}]}},"jetpack_featured_media_url":"","jetpack_sharing_enabled":true,"jetpack_shortlink":"https:\/\/wp.me\/pe6lTn-nKL","_links":{"self":[{"href":"https:\/\/www.visit-ulcinj.com\/blog\/wp-json\/wp\/v2\/posts\/91311"}],"collection":[{"href":"https:\/\/www.visit-ulcinj.com\/blog\/wp-json\/wp\/v2\/posts"}],"about":[{"href":"https:\/\/www.visit-ulcinj.com\/blog\/wp-json\/wp\/v2\/types\/post"}],"author":[{"embeddable":true,"href":"https:\/\/www.visit-ulcinj.com\/blog\/wp-json\/wp\/v2\/users\/1"}],"replies":[{"embeddable":true,"href":"https:\/\/www.visit-ulcinj.com\/blog\/wp-json\/wp\/v2\/comments?post=91311"}],"version-history":[{"count":1,"href":"https:\/\/www.visit-ulcinj.com\/blog\/wp-json\/wp\/v2\/posts\/91311\/revisions"}],"predecessor-version":[{"id":91313,"href":"https:\/\/www.visit-ulcinj.com\/blog\/wp-json\/wp\/v2\/posts\/91311\/revisions\/91313"}],"wp:attachment":[{"href":"https:\/\/www.visit-ulcinj.com\/blog\/wp-json\/wp\/v2\/media?parent=91311"}],"wp:term":[{"taxonomy":"category","embeddable":true,"href":"https:\/\/www.visit-ulcinj.com\/blog\/wp-json\/wp\/v2\/categories?post=91311"},{"taxonomy":"post_tag","embeddable":true,"href":"https:\/\/www.visit-ulcinj.com\/blog\/wp-json\/wp\/v2\/tags?post=91311"}],"curies":[{"name":"wp","href":"https:\/\/api.w.org\/{rel}","templated":true}]}}