{"id":91318,"date":"2015-07-02T13:46:39","date_gmt":"2015-07-02T12:46:39","guid":{"rendered":"http:\/\/www.visit-ulcinj.com\/blog\/?p=91318"},"modified":"2015-07-03T17:29:21","modified_gmt":"2015-07-03T16:29:21","slug":"portali-lajm-akuza-per-vjedhje-ne-komunen-e-ulqinit","status":"publish","type":"post","link":"https:\/\/www.visit-ulcinj.com\/blog\/2015\/07\/02\/portali-lajm-akuza-per-vjedhje-ne-komunen-e-ulqinit\/","title":{"rendered":"Portali Lajm: Akuza p\u00ebr vjedhje n\u00eb Komunen e Ulqinit"},"content":{"rendered":"<p class=\"entry-title\"><strong><a href=\"http:\/\/www.visit-ulcinj.com\/blog\/wp-content\/uploads\/2015\/07\/vjedhje-n\u00eb-Komunen-e-Ulqinit.jpg\"><img loading=\"lazy\" class=\"alignleft wp-image-91319\" src=\"http:\/\/www.visit-ulcinj.com\/blog\/wp-content\/uploads\/2015\/07\/vjedhje-n\u00eb-Komunen-e-Ulqinit.jpg\" alt=\"vjedhje n\u00eb Komunen e Ulqinit\" width=\"508\" height=\"378\" srcset=\"https:\/\/www.visit-ulcinj.com\/blog\/wp-content\/uploads\/2015\/07\/vjedhje-n\u00eb-Komunen-e-Ulqinit.jpg 690w, https:\/\/www.visit-ulcinj.com\/blog\/wp-content\/uploads\/2015\/07\/vjedhje-n\u00eb-Komunen-e-Ulqinit-300x223.jpg 300w\" sizes=\"(max-width: 508px) 100vw, 508px\" \/><\/a>Pla\u00e7kitja e Komun\u00ebs s\u00eb Ulqinit<\/strong><\/p>\n<p>Pla\u00e7kitja m\u00eb e madhe n\u00eb<strong> Komun\u00eb t\u00eb Ulqinit<\/strong>\u00a0 \u2013 Shpenzimet e udh\u00ebtimit, m\u00ebditjet, komisionet, kontratat mbi vep\u00ebr , or\u00ebt shtes\u00eb, koeficientat e pagave etj, raporton portali Lajm.me nga Ulqini.<\/p>\n<p><strong>Komuna e Ulqinit<\/strong> edhe pse ndodhet n\u00eb nj\u00eb gjendje t\u00eb renduar financiare, ku pun\u00ebtor\u00ebt vazhdojn\u00eb t\u00eb k\u00ebn\u00eb\u00a0 mungesa n\u00eb paga , k\u00ebshilltar\u00ebt n\u00eb marrjen e\u00a0 paushall\u00ebve apo komisioneve, disa funksioner\u00eb t\u00eb pushtetit ekzekutiv dhe nj\u00eb grup i af\u00ebrt i tyre, duket se po jetojn\u00eb dit\u00ebt m\u00eb t\u00eb mira.<\/p>\n<p>Shpenzime udh\u00ebtimesh, pagesa p\u00ebr komisione, meditje, or\u00eb shtes\u00eb , vazhdojn\u00eb t\u00eb shkruhen vazhdimisht, por m\u00eb e keqja ndodh q\u00eb pagesat kan\u00eb filluar edhe avans t\u00eb b\u00ebhen. Pagesat p\u00ebr komisione merren pa filluar mir\u00eb mbledhja apo pa dal\u00eb n\u00eb terren, kurse or\u00eb shtes\u00eb ka p\u00ebr t\u00eb gjith\u00eb.<\/p>\n<p>Poashtu edhe nj\u00eb fakt interesant \u00ebsht\u00eb se kontrata mbi vep\u00ebr, edhe pse e jasht\u00ebligjshme, vazhdon t\u00eb p\u00ebrdoret p\u00ebr marrjen e puntor\u00ebve n\u00eb pun\u00eb, disa m\u00eb arsyetim p\u00ebr munges\u00eb t\u00eb puntor\u00ebve ( kurse puntor\u00eb ka me bollek) disa p\u00ebr t\u00eb mbushur premtimet elektorale , disa kush e di p\u00ebr \u00e7ka.<\/p>\n<p>Turni i nat\u00ebs m\u00eb or\u00ebt shtes\u00eb \u00ebsht\u00eb kthyer tashm\u00eb n\u00eb praktik\u00eb.\u00a0 Koeficientat e pagave deri tani jan\u00eb b\u00ebr\u00eb si kush ka pasur qef, dikush edhe m\u00eb nga dy koeficienta. Pavar\u00ebsisht se inspeksioni ka t\u00ebrhequr v\u00ebrejtjen p\u00ebr ti b\u00ebr\u00eb koeficientat\u00a0 sipas ligjeve dhe rregullores , roli i m\u00eb ti fortit vazhdon t\u00eb ec\u00eb. Secili interpreton ligjin si ka qef , deri kur\u2026 pritet p\u00ebr tu par\u00eb.<\/p>\n<p>Qytetar\u00ebt e<strong> Komun\u00ebs s\u00eb Ulqinit<\/strong>, si taksapagues, jan\u00eb thjesht\u00eb spektator n\u00eb k\u00ebt\u00eb proces, dhe trajtimit q\u00eb u b\u00ebhet financave publike.<\/p>\n<p>Shpresa e vetme \u00ebsht\u00eb te k\u00ebshilltar\u00ebt e Kuvendit, si organ llogaridh\u00ebn\u00ebs p\u00ebrpara qytetar\u00ebve.<\/p>\n<p><strong><em>*autori\u00a0\u00ebsht\u00eb qytetar i thjesht\u00eb, emri i t\u00eb cilit njihet nga redaksia<\/em> Lajm.me<\/strong><\/p>\n","protected":false},"excerpt":{"rendered":"<p>Pla\u00e7kitja e Komun\u00ebs s\u00eb Ulqinit Pla\u00e7kitja m\u00eb e madhe n\u00eb Komun\u00eb t\u00eb Ulqinit\u00a0 \u2013 Shpenzimet e udh\u00ebtimit, m\u00ebditjet, komisionet, kontratat mbi vep\u00ebr , or\u00ebt shtes\u00eb, koeficientat e pagave etj, raporton portali Lajm.me nga Ulqini. Komuna e Ulqinit edhe pse ndodhet n\u00eb nj\u00eb gjendje t\u00eb renduar financiare, ku pun\u00ebtor\u00ebt vazhdojn\u00eb t\u00eb k\u00ebn\u00eb\u00a0 mungesa n\u00eb paga , [&hellip;]<\/p>\n","protected":false},"author":1,"featured_media":0,"comment_status":"closed","ping_status":"closed","sticky":false,"template":"","format":"standard","meta":{"spay_email":"","jetpack_publicize_message":"","jetpack_is_tweetstorm":false,"jetpack_publicize_feature_enabled":true},"categories":[1,14249],"tags":[],"jetpack_publicize_connections":[],"yoast_head":"<!-- This site is optimized with the Yoast SEO plugin v19.1 - https:\/\/yoast.com\/wordpress\/plugins\/seo\/ -->\n<title>Portali Lajm: Akuza p\u00ebr vjedhje n\u00eb Komunen e Ulqinit - Lajme nga Ulqini<\/title>\n<meta name=\"description\" content=\"Pla\u00e7kitja e Komun\u00ebs s\u00eb Ulqinit Pla\u00e7kitja m\u00eb e madhe n\u00eb Komun\u00eb t\u00eb Ulqinit\u00a0 \u2013 Shpenzimet e udh\u00ebtimit, m\u00ebditjet, komisionet, kontratat mbi vep\u00ebr , or\u00ebt\" \/>\n<meta name=\"robots\" content=\"index, follow, max-snippet:-1, max-image-preview:large, max-video-preview:-1\" \/>\n<link rel=\"canonical\" href=\"https:\/\/www.visit-ulcinj.com\/blog\/2015\/07\/02\/portali-lajm-akuza-per-vjedhje-ne-komunen-e-ulqinit\/\" \/>\n<meta property=\"og:locale\" content=\"en_US\" \/>\n<meta property=\"og:type\" content=\"article\" \/>\n<meta property=\"og:title\" content=\"Portali Lajm: Akuza p\u00ebr vjedhje n\u00eb Komunen e Ulqinit - Lajme nga Ulqini\" \/>\n<meta property=\"og:description\" content=\"Pla\u00e7kitja e Komun\u00ebs s\u00eb Ulqinit Pla\u00e7kitja m\u00eb e madhe n\u00eb Komun\u00eb t\u00eb Ulqinit\u00a0 \u2013 Shpenzimet e udh\u00ebtimit, m\u00ebditjet, komisionet, kontratat mbi vep\u00ebr , or\u00ebt\" \/>\n<meta property=\"og:url\" content=\"https:\/\/www.visit-ulcinj.com\/blog\/2015\/07\/02\/portali-lajm-akuza-per-vjedhje-ne-komunen-e-ulqinit\/\" \/>\n<meta property=\"og:site_name\" content=\"Lajme nga Ulqini\" \/>\n<meta property=\"article:published_time\" content=\"2015-07-02T12:46:39+00:00\" \/>\n<meta property=\"article:modified_time\" content=\"2015-07-03T16:29:21+00:00\" \/>\n<meta name=\"twitter:label1\" content=\"Written by\" \/>\n\t<meta name=\"twitter:data1\" content=\"ulqini\" \/>\n\t<meta name=\"twitter:label2\" content=\"Est. reading time\" \/>\n\t<meta name=\"twitter:data2\" content=\"2 minutes\" \/>\n<script type=\"application\/ld+json\" class=\"yoast-schema-graph\">{\"@context\":\"https:\/\/schema.org\",\"@graph\":[{\"@type\":\"WebSite\",\"@id\":\"https:\/\/www.visit-ulcinj.com\/blog\/#website\",\"url\":\"https:\/\/www.visit-ulcinj.com\/blog\/\",\"name\":\"Lajme nga Ulqini\",\"description\":\"Lajme,Vijesti,Ulqini,Ulqin,Crna Gora,Mali i Zi\",\"potentialAction\":[{\"@type\":\"SearchAction\",\"target\":{\"@type\":\"EntryPoint\",\"urlTemplate\":\"https:\/\/www.visit-ulcinj.com\/blog\/?s={search_term_string}\"},\"query-input\":\"required name=search_term_string\"}],\"inLanguage\":\"en-US\"},{\"@type\":\"WebPage\",\"@id\":\"https:\/\/www.visit-ulcinj.com\/blog\/2015\/07\/02\/portali-lajm-akuza-per-vjedhje-ne-komunen-e-ulqinit\/#webpage\",\"url\":\"https:\/\/www.visit-ulcinj.com\/blog\/2015\/07\/02\/portali-lajm-akuza-per-vjedhje-ne-komunen-e-ulqinit\/\",\"name\":\"Portali Lajm: Akuza p\u00ebr vjedhje n\u00eb Komunen e Ulqinit - Lajme nga Ulqini\",\"isPartOf\":{\"@id\":\"https:\/\/www.visit-ulcinj.com\/blog\/#website\"},\"datePublished\":\"2015-07-02T12:46:39+00:00\",\"dateModified\":\"2015-07-03T16:29:21+00:00\",\"author\":{\"@id\":\"https:\/\/www.visit-ulcinj.com\/blog\/#\/schema\/person\/dcab619c614d3038751c63bc2aadc06d\"},\"description\":\"Pla\u00e7kitja e Komun\u00ebs s\u00eb Ulqinit Pla\u00e7kitja m\u00eb e madhe n\u00eb Komun\u00eb t\u00eb Ulqinit\u00a0 \u2013 Shpenzimet e udh\u00ebtimit, m\u00ebditjet, komisionet, kontratat mbi vep\u00ebr , or\u00ebt\",\"breadcrumb\":{\"@id\":\"https:\/\/www.visit-ulcinj.com\/blog\/2015\/07\/02\/portali-lajm-akuza-per-vjedhje-ne-komunen-e-ulqinit\/#breadcrumb\"},\"inLanguage\":\"en-US\",\"potentialAction\":[{\"@type\":\"ReadAction\",\"target\":[\"https:\/\/www.visit-ulcinj.com\/blog\/2015\/07\/02\/portali-lajm-akuza-per-vjedhje-ne-komunen-e-ulqinit\/\"]}]},{\"@type\":\"BreadcrumbList\",\"@id\":\"https:\/\/www.visit-ulcinj.com\/blog\/2015\/07\/02\/portali-lajm-akuza-per-vjedhje-ne-komunen-e-ulqinit\/#breadcrumb\",\"itemListElement\":[{\"@type\":\"ListItem\",\"position\":1,\"name\":\"Portali Lajm: Akuza p\u00ebr vjedhje n\u00eb Komunen e Ulqinit\"}]},{\"@type\":\"Person\",\"@id\":\"https:\/\/www.visit-ulcinj.com\/blog\/#\/schema\/person\/dcab619c614d3038751c63bc2aadc06d\",\"name\":\"ulqini\",\"sameAs\":[\"http:\/\/www.visit-ulcinj.com\"],\"url\":\"https:\/\/www.visit-ulcinj.com\/blog\/author\/admin\/\"}]}<\/script>\n<!-- \/ Yoast SEO plugin. -->","yoast_head_json":{"title":"Portali Lajm: Akuza p\u00ebr vjedhje n\u00eb Komunen e Ulqinit - Lajme nga Ulqini","description":"Pla\u00e7kitja e Komun\u00ebs s\u00eb Ulqinit Pla\u00e7kitja m\u00eb e madhe n\u00eb Komun\u00eb t\u00eb Ulqinit\u00a0 \u2013 Shpenzimet e udh\u00ebtimit, m\u00ebditjet, komisionet, kontratat mbi vep\u00ebr , or\u00ebt","robots":{"index":"index","follow":"follow","max-snippet":"max-snippet:-1","max-image-preview":"max-image-preview:large","max-video-preview":"max-video-preview:-1"},"canonical":"https:\/\/www.visit-ulcinj.com\/blog\/2015\/07\/02\/portali-lajm-akuza-per-vjedhje-ne-komunen-e-ulqinit\/","og_locale":"en_US","og_type":"article","og_title":"Portali Lajm: Akuza p\u00ebr vjedhje n\u00eb Komunen e Ulqinit - Lajme nga Ulqini","og_description":"Pla\u00e7kitja e Komun\u00ebs s\u00eb Ulqinit Pla\u00e7kitja m\u00eb e madhe n\u00eb Komun\u00eb t\u00eb Ulqinit\u00a0 \u2013 Shpenzimet e udh\u00ebtimit, m\u00ebditjet, komisionet, kontratat mbi vep\u00ebr , or\u00ebt","og_url":"https:\/\/www.visit-ulcinj.com\/blog\/2015\/07\/02\/portali-lajm-akuza-per-vjedhje-ne-komunen-e-ulqinit\/","og_site_name":"Lajme nga Ulqini","article_published_time":"2015-07-02T12:46:39+00:00","article_modified_time":"2015-07-03T16:29:21+00:00","twitter_misc":{"Written by":"ulqini","Est. reading time":"2 minutes"},"schema":{"@context":"https:\/\/schema.org","@graph":[{"@type":"WebSite","@id":"https:\/\/www.visit-ulcinj.com\/blog\/#website","url":"https:\/\/www.visit-ulcinj.com\/blog\/","name":"Lajme nga Ulqini","description":"Lajme,Vijesti,Ulqini,Ulqin,Crna Gora,Mali i Zi","potentialAction":[{"@type":"SearchAction","target":{"@type":"EntryPoint","urlTemplate":"https:\/\/www.visit-ulcinj.com\/blog\/?s={search_term_string}"},"query-input":"required name=search_term_string"}],"inLanguage":"en-US"},{"@type":"WebPage","@id":"https:\/\/www.visit-ulcinj.com\/blog\/2015\/07\/02\/portali-lajm-akuza-per-vjedhje-ne-komunen-e-ulqinit\/#webpage","url":"https:\/\/www.visit-ulcinj.com\/blog\/2015\/07\/02\/portali-lajm-akuza-per-vjedhje-ne-komunen-e-ulqinit\/","name":"Portali Lajm: Akuza p\u00ebr vjedhje n\u00eb Komunen e Ulqinit - Lajme nga Ulqini","isPartOf":{"@id":"https:\/\/www.visit-ulcinj.com\/blog\/#website"},"datePublished":"2015-07-02T12:46:39+00:00","dateModified":"2015-07-03T16:29:21+00:00","author":{"@id":"https:\/\/www.visit-ulcinj.com\/blog\/#\/schema\/person\/dcab619c614d3038751c63bc2aadc06d"},"description":"Pla\u00e7kitja e Komun\u00ebs s\u00eb Ulqinit Pla\u00e7kitja m\u00eb e madhe n\u00eb Komun\u00eb t\u00eb Ulqinit\u00a0 \u2013 Shpenzimet e udh\u00ebtimit, m\u00ebditjet, komisionet, kontratat mbi vep\u00ebr , or\u00ebt","breadcrumb":{"@id":"https:\/\/www.visit-ulcinj.com\/blog\/2015\/07\/02\/portali-lajm-akuza-per-vjedhje-ne-komunen-e-ulqinit\/#breadcrumb"},"inLanguage":"en-US","potentialAction":[{"@type":"ReadAction","target":["https:\/\/www.visit-ulcinj.com\/blog\/2015\/07\/02\/portali-lajm-akuza-per-vjedhje-ne-komunen-e-ulqinit\/"]}]},{"@type":"BreadcrumbList","@id":"https:\/\/www.visit-ulcinj.com\/blog\/2015\/07\/02\/portali-lajm-akuza-per-vjedhje-ne-komunen-e-ulqinit\/#breadcrumb","itemListElement":[{"@type":"ListItem","position":1,"name":"Portali Lajm: Akuza p\u00ebr vjedhje n\u00eb Komunen e Ulqinit"}]},{"@type":"Person","@id":"https:\/\/www.visit-ulcinj.com\/blog\/#\/schema\/person\/dcab619c614d3038751c63bc2aadc06d","name":"ulqini","sameAs":["http:\/\/www.visit-ulcinj.com"],"url":"https:\/\/www.visit-ulcinj.com\/blog\/author\/admin\/"}]}},"jetpack_featured_media_url":"","jetpack_sharing_enabled":true,"jetpack_shortlink":"https:\/\/wp.me\/pe6lTn-nKS","_links":{"self":[{"href":"https:\/\/www.visit-ulcinj.com\/blog\/wp-json\/wp\/v2\/posts\/91318"}],"collection":[{"href":"https:\/\/www.visit-ulcinj.com\/blog\/wp-json\/wp\/v2\/posts"}],"about":[{"href":"https:\/\/www.visit-ulcinj.com\/blog\/wp-json\/wp\/v2\/types\/post"}],"author":[{"embeddable":true,"href":"https:\/\/www.visit-ulcinj.com\/blog\/wp-json\/wp\/v2\/users\/1"}],"replies":[{"embeddable":true,"href":"https:\/\/www.visit-ulcinj.com\/blog\/wp-json\/wp\/v2\/comments?post=91318"}],"version-history":[{"count":1,"href":"https:\/\/www.visit-ulcinj.com\/blog\/wp-json\/wp\/v2\/posts\/91318\/revisions"}],"predecessor-version":[{"id":91320,"href":"https:\/\/www.visit-ulcinj.com\/blog\/wp-json\/wp\/v2\/posts\/91318\/revisions\/91320"}],"wp:attachment":[{"href":"https:\/\/www.visit-ulcinj.com\/blog\/wp-json\/wp\/v2\/media?parent=91318"}],"wp:term":[{"taxonomy":"category","embeddable":true,"href":"https:\/\/www.visit-ulcinj.com\/blog\/wp-json\/wp\/v2\/categories?post=91318"},{"taxonomy":"post_tag","embeddable":true,"href":"https:\/\/www.visit-ulcinj.com\/blog\/wp-json\/wp\/v2\/tags?post=91318"}],"curies":[{"name":"wp","href":"https:\/\/api.w.org\/{rel}","templated":true}]}}