{"id":91338,"date":"2015-07-03T17:42:44","date_gmt":"2015-07-03T16:42:44","guid":{"rendered":"http:\/\/www.visit-ulcinj.com\/blog\/?p=91338"},"modified":"2015-07-03T17:42:44","modified_gmt":"2015-07-03T16:42:44","slug":"thellohet-bashkepunimi-ndermjet-ulqinit-dhe-decanit","status":"publish","type":"post","link":"https:\/\/www.visit-ulcinj.com\/blog\/2015\/07\/03\/thellohet-bashkepunimi-ndermjet-ulqinit-dhe-decanit\/","title":{"rendered":"Thellohet bashk\u00ebpunimi nd\u00ebrmjet Ulqinit dhe De\u00e7anit"},"content":{"rendered":"<p><a href=\"http:\/\/www.visit-ulcinj.com\/blog\/wp-content\/uploads\/2015\/07\/Bashk\u00ebpunimi-nd\u00ebrmjet-Ulqinit-dhe-Decanit.jpg\"><img loading=\"lazy\" class=\"alignleft wp-image-91340\" src=\"http:\/\/www.visit-ulcinj.com\/blog\/wp-content\/uploads\/2015\/07\/Bashk\u00ebpunimi-nd\u00ebrmjet-Ulqinit-dhe-Decanit.jpg\" alt=\"Bashk\u00ebpunimi nd\u00ebrmjet Ulqinit dhe Decanit\" width=\"508\" height=\"324\" srcset=\"https:\/\/www.visit-ulcinj.com\/blog\/wp-content\/uploads\/2015\/07\/Bashk\u00ebpunimi-nd\u00ebrmjet-Ulqinit-dhe-Decanit.jpg 999w, https:\/\/www.visit-ulcinj.com\/blog\/wp-content\/uploads\/2015\/07\/Bashk\u00ebpunimi-nd\u00ebrmjet-Ulqinit-dhe-Decanit-300x192.jpg 300w\" sizes=\"(max-width: 508px) 100vw, 508px\" \/><\/a>Kryetari i Komun\u00ebs\u00a0 s\u00eb Ulqinit Fatmir Gjeka\u00a0 priti n\u00eb nj\u00eb takim pune Kryetarin e Decanit Z. Rasim Selmanaj\u00a0 dhe bashk\u00ebpun\u00ebtor\u00ebt\u00a0 e tij .<\/p>\n<p>Bashk\u00ebpunimi\u00a0 ekonomik, kulturor\u00eb dhe sportiv\u00a0 ishte n\u00eb \u00a0qend\u00ebr t\u00eb v\u00ebm\u00ebndjes s\u00eb dy Kryetar\u00ebve t\u00eb cil\u00ebt u pajtuan se ata\u00a0\u00a0 mund\u00a0 t\u00eb sh\u00ebnojn\u00eb nj\u00eb avansim t\u00eb madh , jo vet\u00ebm p\u00ebr shkak t\u00eb lidhjeve t\u00eb shumfishta\u00a0 q\u00eb ekzistojn\u00eb\u00a0 nd\u00ebmjet dy\u00a0 qytetave, por s\u00eb fundi\u00a0 dhe\u00a0 rruga q\u00eb po nd\u00ebrtohet\u00a0\u00a0 Decan -Plav\u00eb \u00a0mund\u00a0 ti jap\u00eb\u00a0 edhe nj\u00eb\u00a0 shtytje m\u00eb t\u00eb\u00a0 madhe k\u00ebtij bashk\u00ebpunimi .<\/p>\n<p><a href=\"http:\/\/www.visit-ulcinj.com\/blog\/wp-content\/uploads\/2015\/07\/Bashk\u00ebpunimi-nd\u00ebrmjet-Ulqinit-dhe-Decanit-1.jpg\"><img loading=\"lazy\" class=\"alignleft wp-image-91341\" src=\"http:\/\/www.visit-ulcinj.com\/blog\/wp-content\/uploads\/2015\/07\/Bashk\u00ebpunimi-nd\u00ebrmjet-Ulqinit-dhe-Decanit-1.jpg\" alt=\"Bashk\u00ebpunimi nd\u00ebrmjet Ulqinit dhe Decanit-1\" width=\"508\" height=\"500\" srcset=\"https:\/\/www.visit-ulcinj.com\/blog\/wp-content\/uploads\/2015\/07\/Bashk\u00ebpunimi-nd\u00ebrmjet-Ulqinit-dhe-Decanit-1.jpg 959w, https:\/\/www.visit-ulcinj.com\/blog\/wp-content\/uploads\/2015\/07\/Bashk\u00ebpunimi-nd\u00ebrmjet-Ulqinit-dhe-Decanit-1-300x295.jpg 300w\" sizes=\"(max-width: 508px) 100vw, 508px\" \/><\/a><\/p>\n<p>Po ashtu , n\u00eb takim u hodh ideja p\u00ebr\u00a0 binjak\u00ebzimin e Ulqinit me \u00a0Decanit , nd\u00ebrkoh\u00eb q\u00eb\u00a0\u00a0 u b\u00eb ftes\u00eb\u00a0\u00a0 zyrtare\u00a0 q\u00eb\u00a0 Kryetari\u00a0\u00a0 Gjeka dhe\u00a0 bashk\u00ebpun\u00ebtor\u00ebt e tij\u00a0 t\u00eb\u00a0 jen\u00eb\u00a0 n\u00eb Decan n\u00eb fund\u00a0 t\u00eb k\u00ebtij muaji ku mbahet manifestimi,, Dit\u00ebt e diaspor\u00ebs,,\u00a0 e\u00a0 ku nj\u00eb dit\u00eb e vecant\u00eb i dedikohet turizmit\u00a0 \u00a0ku\u00a0 Ulqini ka vendin q\u00ebndror\u00eb.<\/p>\n<p>Pal\u00ebt u dakorduan q\u00eb takime t\u00eb k\u00ebtij lloji t\u00eb jen\u00eb\u00a0 m\u00eb t\u00eb shpeshta.<\/p>\n<p>Komuna Ulqinit<\/p>\n","protected":false},"excerpt":{"rendered":"<p>Kryetari i Komun\u00ebs\u00a0 s\u00eb Ulqinit Fatmir Gjeka\u00a0 priti n\u00eb nj\u00eb takim pune Kryetarin e Decanit Z. Rasim Selmanaj\u00a0 dhe bashk\u00ebpun\u00ebtor\u00ebt\u00a0 e tij . Bashk\u00ebpunimi\u00a0 ekonomik, kulturor\u00eb dhe sportiv\u00a0 ishte n\u00eb \u00a0qend\u00ebr t\u00eb v\u00ebm\u00ebndjes s\u00eb dy Kryetar\u00ebve t\u00eb cil\u00ebt u pajtuan se ata\u00a0\u00a0 mund\u00a0 t\u00eb sh\u00ebnojn\u00eb nj\u00eb avansim t\u00eb madh , jo vet\u00ebm p\u00ebr shkak t\u00eb [&hellip;]<\/p>\n","protected":false},"author":1,"featured_media":0,"comment_status":"closed","ping_status":"closed","sticky":false,"template":"","format":"standard","meta":{"spay_email":"","jetpack_publicize_message":"","jetpack_is_tweetstorm":false,"jetpack_publicize_feature_enabled":true},"categories":[6950],"tags":[],"jetpack_publicize_connections":[],"yoast_head":"<!-- This site is optimized with the Yoast SEO plugin v19.1 - https:\/\/yoast.com\/wordpress\/plugins\/seo\/ -->\n<title>Thellohet bashk\u00ebpunimi nd\u00ebrmjet Ulqinit dhe De\u00e7anit - Lajme nga Ulqini<\/title>\n<meta name=\"description\" content=\"Kryetari i Komun\u00ebs\u00a0 s\u00eb Ulqinit Fatmir Gjeka\u00a0 priti n\u00eb nj\u00eb takim pune Kryetarin e Decanit Z. Rasim Selmanaj\u00a0 dhe bashk\u00ebpun\u00ebtor\u00ebt\u00a0 e tij . Bashk\u00ebpunimi\u00a0\" \/>\n<meta name=\"robots\" content=\"index, follow, max-snippet:-1, max-image-preview:large, max-video-preview:-1\" \/>\n<link rel=\"canonical\" href=\"https:\/\/www.visit-ulcinj.com\/blog\/2015\/07\/03\/thellohet-bashkepunimi-ndermjet-ulqinit-dhe-decanit\/\" \/>\n<meta property=\"og:locale\" content=\"en_US\" \/>\n<meta property=\"og:type\" content=\"article\" \/>\n<meta property=\"og:title\" content=\"Thellohet bashk\u00ebpunimi nd\u00ebrmjet Ulqinit dhe De\u00e7anit - Lajme nga Ulqini\" \/>\n<meta property=\"og:description\" content=\"Kryetari i Komun\u00ebs\u00a0 s\u00eb Ulqinit Fatmir Gjeka\u00a0 priti n\u00eb nj\u00eb takim pune Kryetarin e Decanit Z. Rasim Selmanaj\u00a0 dhe bashk\u00ebpun\u00ebtor\u00ebt\u00a0 e tij . Bashk\u00ebpunimi\u00a0\" \/>\n<meta property=\"og:url\" content=\"https:\/\/www.visit-ulcinj.com\/blog\/2015\/07\/03\/thellohet-bashkepunimi-ndermjet-ulqinit-dhe-decanit\/\" \/>\n<meta property=\"og:site_name\" content=\"Lajme nga Ulqini\" \/>\n<meta property=\"article:published_time\" content=\"2015-07-03T16:42:44+00:00\" \/>\n<meta name=\"twitter:label1\" content=\"Written by\" \/>\n\t<meta name=\"twitter:data1\" content=\"ulqini\" \/>\n\t<meta name=\"twitter:label2\" content=\"Est. reading time\" \/>\n\t<meta name=\"twitter:data2\" content=\"1 minute\" \/>\n<script type=\"application\/ld+json\" class=\"yoast-schema-graph\">{\"@context\":\"https:\/\/schema.org\",\"@graph\":[{\"@type\":\"WebSite\",\"@id\":\"https:\/\/www.visit-ulcinj.com\/blog\/#website\",\"url\":\"https:\/\/www.visit-ulcinj.com\/blog\/\",\"name\":\"Lajme nga Ulqini\",\"description\":\"Lajme,Vijesti,Ulqini,Ulqin,Crna Gora,Mali i Zi\",\"potentialAction\":[{\"@type\":\"SearchAction\",\"target\":{\"@type\":\"EntryPoint\",\"urlTemplate\":\"https:\/\/www.visit-ulcinj.com\/blog\/?s={search_term_string}\"},\"query-input\":\"required name=search_term_string\"}],\"inLanguage\":\"en-US\"},{\"@type\":\"WebPage\",\"@id\":\"https:\/\/www.visit-ulcinj.com\/blog\/2015\/07\/03\/thellohet-bashkepunimi-ndermjet-ulqinit-dhe-decanit\/#webpage\",\"url\":\"https:\/\/www.visit-ulcinj.com\/blog\/2015\/07\/03\/thellohet-bashkepunimi-ndermjet-ulqinit-dhe-decanit\/\",\"name\":\"Thellohet bashk\u00ebpunimi nd\u00ebrmjet Ulqinit dhe De\u00e7anit - Lajme nga Ulqini\",\"isPartOf\":{\"@id\":\"https:\/\/www.visit-ulcinj.com\/blog\/#website\"},\"datePublished\":\"2015-07-03T16:42:44+00:00\",\"dateModified\":\"2015-07-03T16:42:44+00:00\",\"author\":{\"@id\":\"https:\/\/www.visit-ulcinj.com\/blog\/#\/schema\/person\/dcab619c614d3038751c63bc2aadc06d\"},\"description\":\"Kryetari i Komun\u00ebs\u00a0 s\u00eb Ulqinit Fatmir Gjeka\u00a0 priti n\u00eb nj\u00eb takim pune Kryetarin e Decanit Z. Rasim Selmanaj\u00a0 dhe bashk\u00ebpun\u00ebtor\u00ebt\u00a0 e tij . Bashk\u00ebpunimi\u00a0\",\"breadcrumb\":{\"@id\":\"https:\/\/www.visit-ulcinj.com\/blog\/2015\/07\/03\/thellohet-bashkepunimi-ndermjet-ulqinit-dhe-decanit\/#breadcrumb\"},\"inLanguage\":\"en-US\",\"potentialAction\":[{\"@type\":\"ReadAction\",\"target\":[\"https:\/\/www.visit-ulcinj.com\/blog\/2015\/07\/03\/thellohet-bashkepunimi-ndermjet-ulqinit-dhe-decanit\/\"]}]},{\"@type\":\"BreadcrumbList\",\"@id\":\"https:\/\/www.visit-ulcinj.com\/blog\/2015\/07\/03\/thellohet-bashkepunimi-ndermjet-ulqinit-dhe-decanit\/#breadcrumb\",\"itemListElement\":[{\"@type\":\"ListItem\",\"position\":1,\"name\":\"Thellohet bashk\u00ebpunimi nd\u00ebrmjet Ulqinit dhe De\u00e7anit\"}]},{\"@type\":\"Person\",\"@id\":\"https:\/\/www.visit-ulcinj.com\/blog\/#\/schema\/person\/dcab619c614d3038751c63bc2aadc06d\",\"name\":\"ulqini\",\"sameAs\":[\"http:\/\/www.visit-ulcinj.com\"],\"url\":\"https:\/\/www.visit-ulcinj.com\/blog\/author\/admin\/\"}]}<\/script>\n<!-- \/ Yoast SEO plugin. -->","yoast_head_json":{"title":"Thellohet bashk\u00ebpunimi nd\u00ebrmjet Ulqinit dhe De\u00e7anit - Lajme nga Ulqini","description":"Kryetari i Komun\u00ebs\u00a0 s\u00eb Ulqinit Fatmir Gjeka\u00a0 priti n\u00eb nj\u00eb takim pune Kryetarin e Decanit Z. Rasim Selmanaj\u00a0 dhe bashk\u00ebpun\u00ebtor\u00ebt\u00a0 e tij . Bashk\u00ebpunimi\u00a0","robots":{"index":"index","follow":"follow","max-snippet":"max-snippet:-1","max-image-preview":"max-image-preview:large","max-video-preview":"max-video-preview:-1"},"canonical":"https:\/\/www.visit-ulcinj.com\/blog\/2015\/07\/03\/thellohet-bashkepunimi-ndermjet-ulqinit-dhe-decanit\/","og_locale":"en_US","og_type":"article","og_title":"Thellohet bashk\u00ebpunimi nd\u00ebrmjet Ulqinit dhe De\u00e7anit - Lajme nga Ulqini","og_description":"Kryetari i Komun\u00ebs\u00a0 s\u00eb Ulqinit Fatmir Gjeka\u00a0 priti n\u00eb nj\u00eb takim pune Kryetarin e Decanit Z. Rasim Selmanaj\u00a0 dhe bashk\u00ebpun\u00ebtor\u00ebt\u00a0 e tij . Bashk\u00ebpunimi\u00a0","og_url":"https:\/\/www.visit-ulcinj.com\/blog\/2015\/07\/03\/thellohet-bashkepunimi-ndermjet-ulqinit-dhe-decanit\/","og_site_name":"Lajme nga Ulqini","article_published_time":"2015-07-03T16:42:44+00:00","twitter_misc":{"Written by":"ulqini","Est. reading time":"1 minute"},"schema":{"@context":"https:\/\/schema.org","@graph":[{"@type":"WebSite","@id":"https:\/\/www.visit-ulcinj.com\/blog\/#website","url":"https:\/\/www.visit-ulcinj.com\/blog\/","name":"Lajme nga Ulqini","description":"Lajme,Vijesti,Ulqini,Ulqin,Crna Gora,Mali i Zi","potentialAction":[{"@type":"SearchAction","target":{"@type":"EntryPoint","urlTemplate":"https:\/\/www.visit-ulcinj.com\/blog\/?s={search_term_string}"},"query-input":"required name=search_term_string"}],"inLanguage":"en-US"},{"@type":"WebPage","@id":"https:\/\/www.visit-ulcinj.com\/blog\/2015\/07\/03\/thellohet-bashkepunimi-ndermjet-ulqinit-dhe-decanit\/#webpage","url":"https:\/\/www.visit-ulcinj.com\/blog\/2015\/07\/03\/thellohet-bashkepunimi-ndermjet-ulqinit-dhe-decanit\/","name":"Thellohet bashk\u00ebpunimi nd\u00ebrmjet Ulqinit dhe De\u00e7anit - Lajme nga Ulqini","isPartOf":{"@id":"https:\/\/www.visit-ulcinj.com\/blog\/#website"},"datePublished":"2015-07-03T16:42:44+00:00","dateModified":"2015-07-03T16:42:44+00:00","author":{"@id":"https:\/\/www.visit-ulcinj.com\/blog\/#\/schema\/person\/dcab619c614d3038751c63bc2aadc06d"},"description":"Kryetari i Komun\u00ebs\u00a0 s\u00eb Ulqinit Fatmir Gjeka\u00a0 priti n\u00eb nj\u00eb takim pune Kryetarin e Decanit Z. Rasim Selmanaj\u00a0 dhe bashk\u00ebpun\u00ebtor\u00ebt\u00a0 e tij . Bashk\u00ebpunimi\u00a0","breadcrumb":{"@id":"https:\/\/www.visit-ulcinj.com\/blog\/2015\/07\/03\/thellohet-bashkepunimi-ndermjet-ulqinit-dhe-decanit\/#breadcrumb"},"inLanguage":"en-US","potentialAction":[{"@type":"ReadAction","target":["https:\/\/www.visit-ulcinj.com\/blog\/2015\/07\/03\/thellohet-bashkepunimi-ndermjet-ulqinit-dhe-decanit\/"]}]},{"@type":"BreadcrumbList","@id":"https:\/\/www.visit-ulcinj.com\/blog\/2015\/07\/03\/thellohet-bashkepunimi-ndermjet-ulqinit-dhe-decanit\/#breadcrumb","itemListElement":[{"@type":"ListItem","position":1,"name":"Thellohet bashk\u00ebpunimi nd\u00ebrmjet Ulqinit dhe De\u00e7anit"}]},{"@type":"Person","@id":"https:\/\/www.visit-ulcinj.com\/blog\/#\/schema\/person\/dcab619c614d3038751c63bc2aadc06d","name":"ulqini","sameAs":["http:\/\/www.visit-ulcinj.com"],"url":"https:\/\/www.visit-ulcinj.com\/blog\/author\/admin\/"}]}},"jetpack_featured_media_url":"","jetpack_sharing_enabled":true,"jetpack_shortlink":"https:\/\/wp.me\/pe6lTn-nLc","_links":{"self":[{"href":"https:\/\/www.visit-ulcinj.com\/blog\/wp-json\/wp\/v2\/posts\/91338"}],"collection":[{"href":"https:\/\/www.visit-ulcinj.com\/blog\/wp-json\/wp\/v2\/posts"}],"about":[{"href":"https:\/\/www.visit-ulcinj.com\/blog\/wp-json\/wp\/v2\/types\/post"}],"author":[{"embeddable":true,"href":"https:\/\/www.visit-ulcinj.com\/blog\/wp-json\/wp\/v2\/users\/1"}],"replies":[{"embeddable":true,"href":"https:\/\/www.visit-ulcinj.com\/blog\/wp-json\/wp\/v2\/comments?post=91338"}],"version-history":[{"count":1,"href":"https:\/\/www.visit-ulcinj.com\/blog\/wp-json\/wp\/v2\/posts\/91338\/revisions"}],"predecessor-version":[{"id":91342,"href":"https:\/\/www.visit-ulcinj.com\/blog\/wp-json\/wp\/v2\/posts\/91338\/revisions\/91342"}],"wp:attachment":[{"href":"https:\/\/www.visit-ulcinj.com\/blog\/wp-json\/wp\/v2\/media?parent=91338"}],"wp:term":[{"taxonomy":"category","embeddable":true,"href":"https:\/\/www.visit-ulcinj.com\/blog\/wp-json\/wp\/v2\/categories?post=91338"},{"taxonomy":"post_tag","embeddable":true,"href":"https:\/\/www.visit-ulcinj.com\/blog\/wp-json\/wp\/v2\/tags?post=91338"}],"curies":[{"name":"wp","href":"https:\/\/api.w.org\/{rel}","templated":true}]}}