{"id":91343,"date":"2015-07-03T17:49:00","date_gmt":"2015-07-03T16:49:00","guid":{"rendered":"http:\/\/www.visit-ulcinj.com\/blog\/?p=91343"},"modified":"2015-07-03T17:49:00","modified_gmt":"2015-07-03T16:49:00","slug":"drejtoria-e-ujrave-financon-thellimin-e-deltes-se-bunes","status":"publish","type":"post","link":"https:\/\/www.visit-ulcinj.com\/blog\/2015\/07\/03\/drejtoria-e-ujrave-financon-thellimin-e-deltes-se-bunes\/","title":{"rendered":"Drejtoria e Ujrave financon thellimin e delt\u00ebs s\u00eb Bun\u00ebs"},"content":{"rendered":"<p><strong><a href=\"http:\/\/www.visit-ulcinj.com\/blog\/wp-content\/uploads\/2015\/07\/Thellimi-i-Bun\u00ebs-komuna-Ulqinit.jpg\"><img loading=\"lazy\" class=\"alignleft wp-image-91344\" src=\"http:\/\/www.visit-ulcinj.com\/blog\/wp-content\/uploads\/2015\/07\/Thellimi-i-Bun\u00ebs-komuna-Ulqinit.jpg\" alt=\"Thellimi i Bun\u00ebs-komuna-Ulqinit\" width=\"508\" height=\"283\" srcset=\"https:\/\/www.visit-ulcinj.com\/blog\/wp-content\/uploads\/2015\/07\/Thellimi-i-Bun\u00ebs-komuna-Ulqinit.jpg 997w, https:\/\/www.visit-ulcinj.com\/blog\/wp-content\/uploads\/2015\/07\/Thellimi-i-Bun\u00ebs-komuna-Ulqinit-300x167.jpg 300w\" sizes=\"(max-width: 508px) 100vw, 508px\" \/><\/a>Me iniciativ t\u00eb Kryetarit t\u00eb Kuvendit t\u00eb Komun\u00ebs &#8211; Drejtoria e Ujrave financon thellimin e delt\u00ebs s\u00eb Bun\u00ebs<\/strong><\/p>\n<p>Sot n\u00eb zyren e Kryetarit t\u00eb Kuvendit z.Fudo Haxhibeti u mbajt\u00eb takimi m\u00eb p\u00ebrfaq\u00ebsuesit e Drejtoris\u00eb p\u00ebr Ujra , Danillo Gllobareviq , p\u00ebrfaq\u00ebsues t\u00eb OJQ peshkatar\u00ebt e Ulqinit, Atif Hasanaga , p\u00ebrfaq\u00ebsuesit e sh\u00ebrbimeve turistike n\u00eb Bun\u00eb , Marko Mashanoviq , dhe OJQ Hapi i Gjelb\u00ebrt Xhelal Hoxhiq.<\/p>\n<p>Tema e takimit ishte rrjedh\u00ebshm\u00ebria e krahut t\u00eb djatht\u00eb t\u00eb Lumit Buna dhe marrja e masave p\u00ebr thellimin e Delt\u00ebs s\u00eb Bun\u00ebs.<\/p>\n<p>T\u00eb pranishmit n\u00eb takim fol\u00ebn p\u00ebr situat\u00ebn dhe gjendjen e r\u00ebnd\u00eb n\u00eb terren , dhe propozuan q\u00eb t\u00eb merren t\u00eb gjitha masat e m\u00ebnj\u00ebhershme. Poashtu u propozua q\u00eb punimet t\u00eb kryhen gjat\u00eb nat\u00ebs p\u00ebr arsye t\u00eb sezones turistike.<\/p>\n<p>N\u00eb fund t\u00eb takimit u pruan k\u00ebto p\u00ebrfundime:<\/p>\n<p>Drejtoria e Ujrave mori p\u00ebrsip\u00ebr q\u00eb t\u00eb hap tenderin p\u00ebr kryerjen e punimeve sipas specifikimit \u00a0, pasi q\u00eb Komuna e Ulqinit t\u00eb p\u00ebrgadis dokumentacionin e nevojsh\u00ebm.<\/p>\n<p>Deri n\u00eb realizimin\u00a0e tenderit do t\u00eb merren masa urgjente sipas specifikimit t\u00eb cil\u00ebn Atif Hasanaga dhe Marko Mashanoviq do ta p\u00ebrgadisin n\u00eb bashk\u00ebpunim m\u00eb realizuesit e punimeve.<\/p>\n<p>Komuna Ulqinit<\/p>\n","protected":false},"excerpt":{"rendered":"<p>Me iniciativ t\u00eb Kryetarit t\u00eb Kuvendit t\u00eb Komun\u00ebs &#8211; Drejtoria e Ujrave financon thellimin e delt\u00ebs s\u00eb Bun\u00ebs Sot n\u00eb zyren e Kryetarit t\u00eb Kuvendit z.Fudo Haxhibeti u mbajt\u00eb takimi m\u00eb p\u00ebrfaq\u00ebsuesit e Drejtoris\u00eb p\u00ebr Ujra , Danillo Gllobareviq , p\u00ebrfaq\u00ebsues t\u00eb OJQ peshkatar\u00ebt e Ulqinit, Atif Hasanaga , p\u00ebrfaq\u00ebsuesit e sh\u00ebrbimeve turistike n\u00eb Bun\u00eb [&hellip;]<\/p>\n","protected":false},"author":1,"featured_media":0,"comment_status":"closed","ping_status":"closed","sticky":false,"template":"","format":"standard","meta":{"spay_email":"","jetpack_publicize_message":"","jetpack_is_tweetstorm":false,"jetpack_publicize_feature_enabled":true},"categories":[12],"tags":[],"jetpack_publicize_connections":[],"yoast_head":"<!-- This site is optimized with the Yoast SEO plugin v19.1 - https:\/\/yoast.com\/wordpress\/plugins\/seo\/ -->\n<title>Drejtoria e Ujrave financon thellimin e delt\u00ebs s\u00eb Bun\u00ebs - Lajme nga Ulqini<\/title>\n<meta name=\"description\" content=\"Me iniciativ t\u00eb Kryetarit t\u00eb Kuvendit t\u00eb Komun\u00ebs - Drejtoria e Ujrave financon thellimin e delt\u00ebs s\u00eb Bun\u00ebs Sot n\u00eb zyren e Kryetarit t\u00eb Kuvendit z.Fudo\" \/>\n<meta name=\"robots\" content=\"index, follow, max-snippet:-1, max-image-preview:large, max-video-preview:-1\" \/>\n<link rel=\"canonical\" href=\"https:\/\/www.visit-ulcinj.com\/blog\/2015\/07\/03\/drejtoria-e-ujrave-financon-thellimin-e-deltes-se-bunes\/\" \/>\n<meta property=\"og:locale\" content=\"en_US\" \/>\n<meta property=\"og:type\" content=\"article\" \/>\n<meta property=\"og:title\" content=\"Drejtoria e Ujrave financon thellimin e delt\u00ebs s\u00eb Bun\u00ebs - Lajme nga Ulqini\" \/>\n<meta property=\"og:description\" content=\"Me iniciativ t\u00eb Kryetarit t\u00eb Kuvendit t\u00eb Komun\u00ebs - Drejtoria e Ujrave financon thellimin e delt\u00ebs s\u00eb Bun\u00ebs Sot n\u00eb zyren e Kryetarit t\u00eb Kuvendit z.Fudo\" \/>\n<meta property=\"og:url\" content=\"https:\/\/www.visit-ulcinj.com\/blog\/2015\/07\/03\/drejtoria-e-ujrave-financon-thellimin-e-deltes-se-bunes\/\" \/>\n<meta property=\"og:site_name\" content=\"Lajme nga Ulqini\" \/>\n<meta property=\"article:published_time\" content=\"2015-07-03T16:49:00+00:00\" \/>\n<meta name=\"twitter:label1\" content=\"Written by\" \/>\n\t<meta name=\"twitter:data1\" content=\"ulqini\" \/>\n\t<meta name=\"twitter:label2\" content=\"Est. reading time\" \/>\n\t<meta name=\"twitter:data2\" content=\"1 minute\" \/>\n<script type=\"application\/ld+json\" class=\"yoast-schema-graph\">{\"@context\":\"https:\/\/schema.org\",\"@graph\":[{\"@type\":\"WebSite\",\"@id\":\"https:\/\/www.visit-ulcinj.com\/blog\/#website\",\"url\":\"https:\/\/www.visit-ulcinj.com\/blog\/\",\"name\":\"Lajme nga Ulqini\",\"description\":\"Lajme,Vijesti,Ulqini,Ulqin,Crna Gora,Mali i Zi\",\"potentialAction\":[{\"@type\":\"SearchAction\",\"target\":{\"@type\":\"EntryPoint\",\"urlTemplate\":\"https:\/\/www.visit-ulcinj.com\/blog\/?s={search_term_string}\"},\"query-input\":\"required name=search_term_string\"}],\"inLanguage\":\"en-US\"},{\"@type\":\"WebPage\",\"@id\":\"https:\/\/www.visit-ulcinj.com\/blog\/2015\/07\/03\/drejtoria-e-ujrave-financon-thellimin-e-deltes-se-bunes\/#webpage\",\"url\":\"https:\/\/www.visit-ulcinj.com\/blog\/2015\/07\/03\/drejtoria-e-ujrave-financon-thellimin-e-deltes-se-bunes\/\",\"name\":\"Drejtoria e Ujrave financon thellimin e delt\u00ebs s\u00eb Bun\u00ebs - Lajme nga Ulqini\",\"isPartOf\":{\"@id\":\"https:\/\/www.visit-ulcinj.com\/blog\/#website\"},\"datePublished\":\"2015-07-03T16:49:00+00:00\",\"dateModified\":\"2015-07-03T16:49:00+00:00\",\"author\":{\"@id\":\"https:\/\/www.visit-ulcinj.com\/blog\/#\/schema\/person\/dcab619c614d3038751c63bc2aadc06d\"},\"description\":\"Me iniciativ t\u00eb Kryetarit t\u00eb Kuvendit t\u00eb Komun\u00ebs - Drejtoria e Ujrave financon thellimin e delt\u00ebs s\u00eb Bun\u00ebs Sot n\u00eb zyren e Kryetarit t\u00eb Kuvendit z.Fudo\",\"breadcrumb\":{\"@id\":\"https:\/\/www.visit-ulcinj.com\/blog\/2015\/07\/03\/drejtoria-e-ujrave-financon-thellimin-e-deltes-se-bunes\/#breadcrumb\"},\"inLanguage\":\"en-US\",\"potentialAction\":[{\"@type\":\"ReadAction\",\"target\":[\"https:\/\/www.visit-ulcinj.com\/blog\/2015\/07\/03\/drejtoria-e-ujrave-financon-thellimin-e-deltes-se-bunes\/\"]}]},{\"@type\":\"BreadcrumbList\",\"@id\":\"https:\/\/www.visit-ulcinj.com\/blog\/2015\/07\/03\/drejtoria-e-ujrave-financon-thellimin-e-deltes-se-bunes\/#breadcrumb\",\"itemListElement\":[{\"@type\":\"ListItem\",\"position\":1,\"name\":\"Drejtoria e Ujrave financon thellimin e delt\u00ebs s\u00eb Bun\u00ebs\"}]},{\"@type\":\"Person\",\"@id\":\"https:\/\/www.visit-ulcinj.com\/blog\/#\/schema\/person\/dcab619c614d3038751c63bc2aadc06d\",\"name\":\"ulqini\",\"sameAs\":[\"http:\/\/www.visit-ulcinj.com\"],\"url\":\"https:\/\/www.visit-ulcinj.com\/blog\/author\/admin\/\"}]}<\/script>\n<!-- \/ Yoast SEO plugin. -->","yoast_head_json":{"title":"Drejtoria e Ujrave financon thellimin e delt\u00ebs s\u00eb Bun\u00ebs - Lajme nga Ulqini","description":"Me iniciativ t\u00eb Kryetarit t\u00eb Kuvendit t\u00eb Komun\u00ebs - Drejtoria e Ujrave financon thellimin e delt\u00ebs s\u00eb Bun\u00ebs Sot n\u00eb zyren e Kryetarit t\u00eb Kuvendit z.Fudo","robots":{"index":"index","follow":"follow","max-snippet":"max-snippet:-1","max-image-preview":"max-image-preview:large","max-video-preview":"max-video-preview:-1"},"canonical":"https:\/\/www.visit-ulcinj.com\/blog\/2015\/07\/03\/drejtoria-e-ujrave-financon-thellimin-e-deltes-se-bunes\/","og_locale":"en_US","og_type":"article","og_title":"Drejtoria e Ujrave financon thellimin e delt\u00ebs s\u00eb Bun\u00ebs - Lajme nga Ulqini","og_description":"Me iniciativ t\u00eb Kryetarit t\u00eb Kuvendit t\u00eb Komun\u00ebs - Drejtoria e Ujrave financon thellimin e delt\u00ebs s\u00eb Bun\u00ebs Sot n\u00eb zyren e Kryetarit t\u00eb Kuvendit z.Fudo","og_url":"https:\/\/www.visit-ulcinj.com\/blog\/2015\/07\/03\/drejtoria-e-ujrave-financon-thellimin-e-deltes-se-bunes\/","og_site_name":"Lajme nga Ulqini","article_published_time":"2015-07-03T16:49:00+00:00","twitter_misc":{"Written by":"ulqini","Est. reading time":"1 minute"},"schema":{"@context":"https:\/\/schema.org","@graph":[{"@type":"WebSite","@id":"https:\/\/www.visit-ulcinj.com\/blog\/#website","url":"https:\/\/www.visit-ulcinj.com\/blog\/","name":"Lajme nga Ulqini","description":"Lajme,Vijesti,Ulqini,Ulqin,Crna Gora,Mali i Zi","potentialAction":[{"@type":"SearchAction","target":{"@type":"EntryPoint","urlTemplate":"https:\/\/www.visit-ulcinj.com\/blog\/?s={search_term_string}"},"query-input":"required name=search_term_string"}],"inLanguage":"en-US"},{"@type":"WebPage","@id":"https:\/\/www.visit-ulcinj.com\/blog\/2015\/07\/03\/drejtoria-e-ujrave-financon-thellimin-e-deltes-se-bunes\/#webpage","url":"https:\/\/www.visit-ulcinj.com\/blog\/2015\/07\/03\/drejtoria-e-ujrave-financon-thellimin-e-deltes-se-bunes\/","name":"Drejtoria e Ujrave financon thellimin e delt\u00ebs s\u00eb Bun\u00ebs - Lajme nga Ulqini","isPartOf":{"@id":"https:\/\/www.visit-ulcinj.com\/blog\/#website"},"datePublished":"2015-07-03T16:49:00+00:00","dateModified":"2015-07-03T16:49:00+00:00","author":{"@id":"https:\/\/www.visit-ulcinj.com\/blog\/#\/schema\/person\/dcab619c614d3038751c63bc2aadc06d"},"description":"Me iniciativ t\u00eb Kryetarit t\u00eb Kuvendit t\u00eb Komun\u00ebs - Drejtoria e Ujrave financon thellimin e delt\u00ebs s\u00eb Bun\u00ebs Sot n\u00eb zyren e Kryetarit t\u00eb Kuvendit z.Fudo","breadcrumb":{"@id":"https:\/\/www.visit-ulcinj.com\/blog\/2015\/07\/03\/drejtoria-e-ujrave-financon-thellimin-e-deltes-se-bunes\/#breadcrumb"},"inLanguage":"en-US","potentialAction":[{"@type":"ReadAction","target":["https:\/\/www.visit-ulcinj.com\/blog\/2015\/07\/03\/drejtoria-e-ujrave-financon-thellimin-e-deltes-se-bunes\/"]}]},{"@type":"BreadcrumbList","@id":"https:\/\/www.visit-ulcinj.com\/blog\/2015\/07\/03\/drejtoria-e-ujrave-financon-thellimin-e-deltes-se-bunes\/#breadcrumb","itemListElement":[{"@type":"ListItem","position":1,"name":"Drejtoria e Ujrave financon thellimin e delt\u00ebs s\u00eb Bun\u00ebs"}]},{"@type":"Person","@id":"https:\/\/www.visit-ulcinj.com\/blog\/#\/schema\/person\/dcab619c614d3038751c63bc2aadc06d","name":"ulqini","sameAs":["http:\/\/www.visit-ulcinj.com"],"url":"https:\/\/www.visit-ulcinj.com\/blog\/author\/admin\/"}]}},"jetpack_featured_media_url":"","jetpack_sharing_enabled":true,"jetpack_shortlink":"https:\/\/wp.me\/pe6lTn-nLh","_links":{"self":[{"href":"https:\/\/www.visit-ulcinj.com\/blog\/wp-json\/wp\/v2\/posts\/91343"}],"collection":[{"href":"https:\/\/www.visit-ulcinj.com\/blog\/wp-json\/wp\/v2\/posts"}],"about":[{"href":"https:\/\/www.visit-ulcinj.com\/blog\/wp-json\/wp\/v2\/types\/post"}],"author":[{"embeddable":true,"href":"https:\/\/www.visit-ulcinj.com\/blog\/wp-json\/wp\/v2\/users\/1"}],"replies":[{"embeddable":true,"href":"https:\/\/www.visit-ulcinj.com\/blog\/wp-json\/wp\/v2\/comments?post=91343"}],"version-history":[{"count":1,"href":"https:\/\/www.visit-ulcinj.com\/blog\/wp-json\/wp\/v2\/posts\/91343\/revisions"}],"predecessor-version":[{"id":91345,"href":"https:\/\/www.visit-ulcinj.com\/blog\/wp-json\/wp\/v2\/posts\/91343\/revisions\/91345"}],"wp:attachment":[{"href":"https:\/\/www.visit-ulcinj.com\/blog\/wp-json\/wp\/v2\/media?parent=91343"}],"wp:term":[{"taxonomy":"category","embeddable":true,"href":"https:\/\/www.visit-ulcinj.com\/blog\/wp-json\/wp\/v2\/categories?post=91343"},{"taxonomy":"post_tag","embeddable":true,"href":"https:\/\/www.visit-ulcinj.com\/blog\/wp-json\/wp\/v2\/tags?post=91343"}],"curies":[{"name":"wp","href":"https:\/\/api.w.org\/{rel}","templated":true}]}}