{"id":91355,"date":"2015-07-03T18:22:31","date_gmt":"2015-07-03T17:22:31","guid":{"rendered":"http:\/\/www.visit-ulcinj.com\/blog\/?p=91355"},"modified":"2015-07-03T18:22:31","modified_gmt":"2015-07-03T17:22:31","slug":"nga-qendra-per-siguri-te-malit-te-zi-jane-vjedhur-20-snajper-dhe-municion","status":"publish","type":"post","link":"https:\/\/www.visit-ulcinj.com\/blog\/2015\/07\/03\/nga-qendra-per-siguri-te-malit-te-zi-jane-vjedhur-20-snajper-dhe-municion\/","title":{"rendered":"Nga Qendra p\u00ebr siguri t\u00eb Malit t\u00eb Zi jan\u00eb vjedhur 20 snajper dhe municion"},"content":{"rendered":"<p><a href=\"http:\/\/www.visit-ulcinj.com\/blog\/wp-content\/uploads\/2015\/07\/Snajper.jpg\"><img loading=\"lazy\" class=\"alignleft wp-image-91356\" src=\"http:\/\/www.visit-ulcinj.com\/blog\/wp-content\/uploads\/2015\/07\/Snajper.jpg\" alt=\"Snajper\" width=\"508\" height=\"270\" \/><\/a>Nga depoja e policis\u00eb n\u00eb nd\u00ebrtes\u00ebn e cila m\u00eb par\u00eb ka qen\u00eb Qendra p\u00ebr siguri n\u00eb Podgoric\u00eb, jan\u00eb vjedhur 30 snajper dhe nj\u00eb sasi e konsiderueshme e municionit, konfirmuan n\u00eb MPB t\u00eb Malit t\u00eb Zi.<\/p>\n<p>Inspektor\u00ebt kan\u00eb marr\u00eb n\u00eb pyetje informative disa koleg\u00eb t\u00eb tyre dhe roje t\u00eb depos t\u00eb cil\u00ebt i pasur \u00e7el\u00ebsat. Tani p\u00ebr tani askush nuk \u00ebsht\u00eb zyrtarisht i dyshimt\u00eb.<\/p>\n<p>Policia vler\u00ebson se pushk\u00ebt t\u00eb cil\u00ebt p\u00ebrve\u00e7 snajper kishin edhe shurdhues, kan\u00eb p\u00ebrfunduar n\u00eb tregun ilegal.<\/p>\n<p>\u201cPas zhvendosjes s\u00eb QS n\u00eb Podgoric\u00eb n\u00eb lokale t\u00eb reja n\u00eb Drejtorin\u00eb e policis\u00eb, nj\u00eb pjes\u00eb nga arm\u00ebt ka mbetur n\u00eb depo. Aty ka pasur \u00a0snajper dhe shurdhues, si dhe rreth 10.000 cop\u00eb municione t\u00eb ndryshme\u201d, deklaroi p\u00ebr Dan nj\u00eb bashk\u00ebbisedues nga policia.<\/p>\n<p><span id=\"ctl00_ContentPlaceHolder1_gvNews_ctl03_Label1\">Tetova Sot<\/span><\/p>\n","protected":false},"excerpt":{"rendered":"<p>Nga depoja e policis\u00eb n\u00eb nd\u00ebrtes\u00ebn e cila m\u00eb par\u00eb ka qen\u00eb Qendra p\u00ebr siguri n\u00eb Podgoric\u00eb, jan\u00eb vjedhur 30 snajper dhe nj\u00eb sasi e konsiderueshme e municionit, konfirmuan n\u00eb MPB t\u00eb Malit t\u00eb Zi. Inspektor\u00ebt kan\u00eb marr\u00eb n\u00eb pyetje informative disa koleg\u00eb t\u00eb tyre dhe roje t\u00eb depos t\u00eb cil\u00ebt i pasur \u00e7el\u00ebsat. Tani [&hellip;]<\/p>\n","protected":false},"author":1,"featured_media":0,"comment_status":"closed","ping_status":"closed","sticky":false,"template":"","format":"standard","meta":{"spay_email":"","jetpack_publicize_message":"","jetpack_is_tweetstorm":false,"jetpack_publicize_feature_enabled":true},"categories":[6950],"tags":[],"jetpack_publicize_connections":[],"yoast_head":"<!-- This site is optimized with the Yoast SEO plugin v19.1 - https:\/\/yoast.com\/wordpress\/plugins\/seo\/ -->\n<title>Nga Qendra p\u00ebr siguri t\u00eb Malit t\u00eb Zi jan\u00eb vjedhur 20 snajper dhe municion - Lajme nga Ulqini<\/title>\n<meta name=\"description\" content=\"Nga depoja e policis\u00eb n\u00eb nd\u00ebrtes\u00ebn e cila m\u00eb par\u00eb ka qen\u00eb Qendra p\u00ebr siguri n\u00eb Podgoric\u00eb, jan\u00eb vjedhur 30 snajper dhe nj\u00eb sasi e konsiderueshme e\" \/>\n<meta name=\"robots\" content=\"index, follow, max-snippet:-1, max-image-preview:large, max-video-preview:-1\" \/>\n<link rel=\"canonical\" href=\"https:\/\/www.visit-ulcinj.com\/blog\/2015\/07\/03\/nga-qendra-per-siguri-te-malit-te-zi-jane-vjedhur-20-snajper-dhe-municion\/\" \/>\n<meta property=\"og:locale\" content=\"en_US\" \/>\n<meta property=\"og:type\" content=\"article\" \/>\n<meta property=\"og:title\" content=\"Nga Qendra p\u00ebr siguri t\u00eb Malit t\u00eb Zi jan\u00eb vjedhur 20 snajper dhe municion - Lajme nga Ulqini\" \/>\n<meta property=\"og:description\" content=\"Nga depoja e policis\u00eb n\u00eb nd\u00ebrtes\u00ebn e cila m\u00eb par\u00eb ka qen\u00eb Qendra p\u00ebr siguri n\u00eb Podgoric\u00eb, jan\u00eb vjedhur 30 snajper dhe nj\u00eb sasi e konsiderueshme e\" \/>\n<meta property=\"og:url\" content=\"https:\/\/www.visit-ulcinj.com\/blog\/2015\/07\/03\/nga-qendra-per-siguri-te-malit-te-zi-jane-vjedhur-20-snajper-dhe-municion\/\" \/>\n<meta property=\"og:site_name\" content=\"Lajme nga Ulqini\" \/>\n<meta property=\"article:published_time\" content=\"2015-07-03T17:22:31+00:00\" \/>\n<meta property=\"og:image\" content=\"http:\/\/www.visit-ulcinj.com\/blog\/wp-content\/uploads\/2015\/07\/Snajper.jpg\" \/>\n<meta name=\"twitter:label1\" content=\"Written by\" \/>\n\t<meta name=\"twitter:data1\" content=\"ulqini\" \/>\n\t<meta name=\"twitter:label2\" content=\"Est. reading time\" \/>\n\t<meta name=\"twitter:data2\" content=\"1 minute\" \/>\n<script type=\"application\/ld+json\" class=\"yoast-schema-graph\">{\"@context\":\"https:\/\/schema.org\",\"@graph\":[{\"@type\":\"WebSite\",\"@id\":\"https:\/\/www.visit-ulcinj.com\/blog\/#website\",\"url\":\"https:\/\/www.visit-ulcinj.com\/blog\/\",\"name\":\"Lajme nga Ulqini\",\"description\":\"Lajme,Vijesti,Ulqini,Ulqin,Crna Gora,Mali i Zi\",\"potentialAction\":[{\"@type\":\"SearchAction\",\"target\":{\"@type\":\"EntryPoint\",\"urlTemplate\":\"https:\/\/www.visit-ulcinj.com\/blog\/?s={search_term_string}\"},\"query-input\":\"required name=search_term_string\"}],\"inLanguage\":\"en-US\"},{\"@type\":\"ImageObject\",\"inLanguage\":\"en-US\",\"@id\":\"https:\/\/www.visit-ulcinj.com\/blog\/2015\/07\/03\/nga-qendra-per-siguri-te-malit-te-zi-jane-vjedhur-20-snajper-dhe-municion\/#primaryimage\",\"url\":\"http:\/\/www.visit-ulcinj.com\/blog\/wp-content\/uploads\/2015\/07\/Snajper.jpg\",\"contentUrl\":\"http:\/\/www.visit-ulcinj.com\/blog\/wp-content\/uploads\/2015\/07\/Snajper.jpg\"},{\"@type\":\"WebPage\",\"@id\":\"https:\/\/www.visit-ulcinj.com\/blog\/2015\/07\/03\/nga-qendra-per-siguri-te-malit-te-zi-jane-vjedhur-20-snajper-dhe-municion\/#webpage\",\"url\":\"https:\/\/www.visit-ulcinj.com\/blog\/2015\/07\/03\/nga-qendra-per-siguri-te-malit-te-zi-jane-vjedhur-20-snajper-dhe-municion\/\",\"name\":\"Nga Qendra p\u00ebr siguri t\u00eb Malit t\u00eb Zi jan\u00eb vjedhur 20 snajper dhe municion - Lajme nga Ulqini\",\"isPartOf\":{\"@id\":\"https:\/\/www.visit-ulcinj.com\/blog\/#website\"},\"primaryImageOfPage\":{\"@id\":\"https:\/\/www.visit-ulcinj.com\/blog\/2015\/07\/03\/nga-qendra-per-siguri-te-malit-te-zi-jane-vjedhur-20-snajper-dhe-municion\/#primaryimage\"},\"datePublished\":\"2015-07-03T17:22:31+00:00\",\"dateModified\":\"2015-07-03T17:22:31+00:00\",\"author\":{\"@id\":\"https:\/\/www.visit-ulcinj.com\/blog\/#\/schema\/person\/dcab619c614d3038751c63bc2aadc06d\"},\"description\":\"Nga depoja e policis\u00eb n\u00eb nd\u00ebrtes\u00ebn e cila m\u00eb par\u00eb ka qen\u00eb Qendra p\u00ebr siguri n\u00eb Podgoric\u00eb, jan\u00eb vjedhur 30 snajper dhe nj\u00eb sasi e konsiderueshme e\",\"breadcrumb\":{\"@id\":\"https:\/\/www.visit-ulcinj.com\/blog\/2015\/07\/03\/nga-qendra-per-siguri-te-malit-te-zi-jane-vjedhur-20-snajper-dhe-municion\/#breadcrumb\"},\"inLanguage\":\"en-US\",\"potentialAction\":[{\"@type\":\"ReadAction\",\"target\":[\"https:\/\/www.visit-ulcinj.com\/blog\/2015\/07\/03\/nga-qendra-per-siguri-te-malit-te-zi-jane-vjedhur-20-snajper-dhe-municion\/\"]}]},{\"@type\":\"BreadcrumbList\",\"@id\":\"https:\/\/www.visit-ulcinj.com\/blog\/2015\/07\/03\/nga-qendra-per-siguri-te-malit-te-zi-jane-vjedhur-20-snajper-dhe-municion\/#breadcrumb\",\"itemListElement\":[{\"@type\":\"ListItem\",\"position\":1,\"name\":\"Nga Qendra p\u00ebr siguri t\u00eb Malit t\u00eb Zi jan\u00eb vjedhur 20 snajper dhe municion\"}]},{\"@type\":\"Person\",\"@id\":\"https:\/\/www.visit-ulcinj.com\/blog\/#\/schema\/person\/dcab619c614d3038751c63bc2aadc06d\",\"name\":\"ulqini\",\"sameAs\":[\"http:\/\/www.visit-ulcinj.com\"],\"url\":\"https:\/\/www.visit-ulcinj.com\/blog\/author\/admin\/\"}]}<\/script>\n<!-- \/ Yoast SEO plugin. -->","yoast_head_json":{"title":"Nga Qendra p\u00ebr siguri t\u00eb Malit t\u00eb Zi jan\u00eb vjedhur 20 snajper dhe municion - Lajme nga Ulqini","description":"Nga depoja e policis\u00eb n\u00eb nd\u00ebrtes\u00ebn e cila m\u00eb par\u00eb ka qen\u00eb Qendra p\u00ebr siguri n\u00eb Podgoric\u00eb, jan\u00eb vjedhur 30 snajper dhe nj\u00eb sasi e konsiderueshme e","robots":{"index":"index","follow":"follow","max-snippet":"max-snippet:-1","max-image-preview":"max-image-preview:large","max-video-preview":"max-video-preview:-1"},"canonical":"https:\/\/www.visit-ulcinj.com\/blog\/2015\/07\/03\/nga-qendra-per-siguri-te-malit-te-zi-jane-vjedhur-20-snajper-dhe-municion\/","og_locale":"en_US","og_type":"article","og_title":"Nga Qendra p\u00ebr siguri t\u00eb Malit t\u00eb Zi jan\u00eb vjedhur 20 snajper dhe municion - Lajme nga Ulqini","og_description":"Nga depoja e policis\u00eb n\u00eb nd\u00ebrtes\u00ebn e cila m\u00eb par\u00eb ka qen\u00eb Qendra p\u00ebr siguri n\u00eb Podgoric\u00eb, jan\u00eb vjedhur 30 snajper dhe nj\u00eb sasi e konsiderueshme e","og_url":"https:\/\/www.visit-ulcinj.com\/blog\/2015\/07\/03\/nga-qendra-per-siguri-te-malit-te-zi-jane-vjedhur-20-snajper-dhe-municion\/","og_site_name":"Lajme nga Ulqini","article_published_time":"2015-07-03T17:22:31+00:00","og_image":[{"url":"http:\/\/www.visit-ulcinj.com\/blog\/wp-content\/uploads\/2015\/07\/Snajper.jpg"}],"twitter_misc":{"Written by":"ulqini","Est. reading time":"1 minute"},"schema":{"@context":"https:\/\/schema.org","@graph":[{"@type":"WebSite","@id":"https:\/\/www.visit-ulcinj.com\/blog\/#website","url":"https:\/\/www.visit-ulcinj.com\/blog\/","name":"Lajme nga Ulqini","description":"Lajme,Vijesti,Ulqini,Ulqin,Crna Gora,Mali i Zi","potentialAction":[{"@type":"SearchAction","target":{"@type":"EntryPoint","urlTemplate":"https:\/\/www.visit-ulcinj.com\/blog\/?s={search_term_string}"},"query-input":"required name=search_term_string"}],"inLanguage":"en-US"},{"@type":"ImageObject","inLanguage":"en-US","@id":"https:\/\/www.visit-ulcinj.com\/blog\/2015\/07\/03\/nga-qendra-per-siguri-te-malit-te-zi-jane-vjedhur-20-snajper-dhe-municion\/#primaryimage","url":"http:\/\/www.visit-ulcinj.com\/blog\/wp-content\/uploads\/2015\/07\/Snajper.jpg","contentUrl":"http:\/\/www.visit-ulcinj.com\/blog\/wp-content\/uploads\/2015\/07\/Snajper.jpg"},{"@type":"WebPage","@id":"https:\/\/www.visit-ulcinj.com\/blog\/2015\/07\/03\/nga-qendra-per-siguri-te-malit-te-zi-jane-vjedhur-20-snajper-dhe-municion\/#webpage","url":"https:\/\/www.visit-ulcinj.com\/blog\/2015\/07\/03\/nga-qendra-per-siguri-te-malit-te-zi-jane-vjedhur-20-snajper-dhe-municion\/","name":"Nga Qendra p\u00ebr siguri t\u00eb Malit t\u00eb Zi jan\u00eb vjedhur 20 snajper dhe municion - Lajme nga Ulqini","isPartOf":{"@id":"https:\/\/www.visit-ulcinj.com\/blog\/#website"},"primaryImageOfPage":{"@id":"https:\/\/www.visit-ulcinj.com\/blog\/2015\/07\/03\/nga-qendra-per-siguri-te-malit-te-zi-jane-vjedhur-20-snajper-dhe-municion\/#primaryimage"},"datePublished":"2015-07-03T17:22:31+00:00","dateModified":"2015-07-03T17:22:31+00:00","author":{"@id":"https:\/\/www.visit-ulcinj.com\/blog\/#\/schema\/person\/dcab619c614d3038751c63bc2aadc06d"},"description":"Nga depoja e policis\u00eb n\u00eb nd\u00ebrtes\u00ebn e cila m\u00eb par\u00eb ka qen\u00eb Qendra p\u00ebr siguri n\u00eb Podgoric\u00eb, jan\u00eb vjedhur 30 snajper dhe nj\u00eb sasi e konsiderueshme e","breadcrumb":{"@id":"https:\/\/www.visit-ulcinj.com\/blog\/2015\/07\/03\/nga-qendra-per-siguri-te-malit-te-zi-jane-vjedhur-20-snajper-dhe-municion\/#breadcrumb"},"inLanguage":"en-US","potentialAction":[{"@type":"ReadAction","target":["https:\/\/www.visit-ulcinj.com\/blog\/2015\/07\/03\/nga-qendra-per-siguri-te-malit-te-zi-jane-vjedhur-20-snajper-dhe-municion\/"]}]},{"@type":"BreadcrumbList","@id":"https:\/\/www.visit-ulcinj.com\/blog\/2015\/07\/03\/nga-qendra-per-siguri-te-malit-te-zi-jane-vjedhur-20-snajper-dhe-municion\/#breadcrumb","itemListElement":[{"@type":"ListItem","position":1,"name":"Nga Qendra p\u00ebr siguri t\u00eb Malit t\u00eb Zi jan\u00eb vjedhur 20 snajper dhe municion"}]},{"@type":"Person","@id":"https:\/\/www.visit-ulcinj.com\/blog\/#\/schema\/person\/dcab619c614d3038751c63bc2aadc06d","name":"ulqini","sameAs":["http:\/\/www.visit-ulcinj.com"],"url":"https:\/\/www.visit-ulcinj.com\/blog\/author\/admin\/"}]}},"jetpack_featured_media_url":"","jetpack_sharing_enabled":true,"jetpack_shortlink":"https:\/\/wp.me\/pe6lTn-nLt","_links":{"self":[{"href":"https:\/\/www.visit-ulcinj.com\/blog\/wp-json\/wp\/v2\/posts\/91355"}],"collection":[{"href":"https:\/\/www.visit-ulcinj.com\/blog\/wp-json\/wp\/v2\/posts"}],"about":[{"href":"https:\/\/www.visit-ulcinj.com\/blog\/wp-json\/wp\/v2\/types\/post"}],"author":[{"embeddable":true,"href":"https:\/\/www.visit-ulcinj.com\/blog\/wp-json\/wp\/v2\/users\/1"}],"replies":[{"embeddable":true,"href":"https:\/\/www.visit-ulcinj.com\/blog\/wp-json\/wp\/v2\/comments?post=91355"}],"version-history":[{"count":1,"href":"https:\/\/www.visit-ulcinj.com\/blog\/wp-json\/wp\/v2\/posts\/91355\/revisions"}],"predecessor-version":[{"id":91357,"href":"https:\/\/www.visit-ulcinj.com\/blog\/wp-json\/wp\/v2\/posts\/91355\/revisions\/91357"}],"wp:attachment":[{"href":"https:\/\/www.visit-ulcinj.com\/blog\/wp-json\/wp\/v2\/media?parent=91355"}],"wp:term":[{"taxonomy":"category","embeddable":true,"href":"https:\/\/www.visit-ulcinj.com\/blog\/wp-json\/wp\/v2\/categories?post=91355"},{"taxonomy":"post_tag","embeddable":true,"href":"https:\/\/www.visit-ulcinj.com\/blog\/wp-json\/wp\/v2\/tags?post=91355"}],"curies":[{"name":"wp","href":"https:\/\/api.w.org\/{rel}","templated":true}]}}