{"id":91365,"date":"2015-07-03T19:31:42","date_gmt":"2015-07-03T18:31:42","guid":{"rendered":"http:\/\/www.visit-ulcinj.com\/blog\/?p=91365"},"modified":"2015-07-06T08:35:48","modified_gmt":"2015-07-06T07:35:48","slug":"nena-e-sabri-muratit-ndihmoni-te-shpetoj-djalin","status":"publish","type":"post","link":"https:\/\/www.visit-ulcinj.com\/blog\/2015\/07\/03\/nena-e-sabri-muratit-ndihmoni-te-shpetoj-djalin\/","title":{"rendered":"N\u00ebna e Sabri Muratit: M\u00eb ndihmoni t\u00eb shp\u00ebtoj djalin &#8211; Video"},"content":{"rendered":"<p><a href=\"http:\/\/www.visit-ulcinj.com\/blog\/wp-content\/uploads\/2015\/07\/N\u00ebna-e-Sabri-Muratit-M\u00eb-ndihmoni-t\u00eb-shp\u00ebtoj-djalin-Ulqin.jpg\"><img loading=\"lazy\" class=\"alignleft wp-image-91366\" src=\"http:\/\/www.visit-ulcinj.com\/blog\/wp-content\/uploads\/2015\/07\/N\u00ebna-e-Sabri-Muratit-M\u00eb-ndihmoni-t\u00eb-shp\u00ebtoj-djalin-Ulqin.jpg\" alt=\"N\u00ebna e Sabri Muratit-M\u00eb ndihmoni t\u00eb shp\u00ebtoj djalin-Ulqin\" width=\"508\" height=\"285\" srcset=\"https:\/\/www.visit-ulcinj.com\/blog\/wp-content\/uploads\/2015\/07\/N\u00ebna-e-Sabri-Muratit-M\u00eb-ndihmoni-t\u00eb-shp\u00ebtoj-djalin-Ulqin.jpg 693w, https:\/\/www.visit-ulcinj.com\/blog\/wp-content\/uploads\/2015\/07\/N\u00ebna-e-Sabri-Muratit-M\u00eb-ndihmoni-t\u00eb-shp\u00ebtoj-djalin-Ulqin-300x168.jpg 300w\" sizes=\"(max-width: 508px) 100vw, 508px\" \/><\/a>T\u00eb nderuar njerz t\u00eb vulentit t\u00eb mire, t\u00eb nderuar bashkvendas, kudo q\u00eb ndodheni, n\u00eb Ulqin, Europ\u00eb, Amerik\u00eb apo gjetiu, apelojm\u00eb p\u00ebr ndihm\u00eb p\u00ebr shokun ton\u00eb fqiun ton\u00eb dhe djalin ton\u00eb Sabri Muratoviqin nga Ulqini.<\/p>\n<p><a href=\"http:\/\/www.visit-ulcinj.com\/blog\/wp-content\/uploads\/2015\/02\/Sabri-Muratoviq-Sabrija-Muratovic-Ulqin-Ulcinj.jpg\"><img loading=\"lazy\" class=\"alignleft wp-image-88469 size-medium\" src=\"http:\/\/www.visit-ulcinj.com\/blog\/wp-content\/uploads\/2015\/02\/Sabri-Muratoviq-Sabrija-Muratovic-Ulqin-Ulcinj-210x300.jpg\" alt=\"Sabri-Muratoviq-Sabrija-Muratovic-Ulqin-Ulcinj\" width=\"210\" height=\"300\" srcset=\"https:\/\/www.visit-ulcinj.com\/blog\/wp-content\/uploads\/2015\/02\/Sabri-Muratoviq-Sabrija-Muratovic-Ulqin-Ulcinj-210x300.jpg 210w, https:\/\/www.visit-ulcinj.com\/blog\/wp-content\/uploads\/2015\/02\/Sabri-Muratoviq-Sabrija-Muratovic-Ulqin-Ulcinj.jpg 480w\" sizes=\"(max-width: 210px) 100vw, 210px\" \/><\/a>18 vje\u00e7ari Sabri Muratiqi ka nevoje per ndihme \u00ebsht\u00eb i s\u00ebmur\u00eb nga veshk\u00ebt dhe Mushk\u00ebria e zez\u00eb, dhe i duhet nderhyrje kirurgjikale sa m\u00e4 shpejt.<\/p>\n<p>Apelit i bashkangjitet m\u00eb fort dhe dhimbja e n\u00ebn\u00ebs s\u00eb tij\u00eb Meleqja \u201cM\u00eb ndihmoni ju lutem ta kuroj djalin n\u00eb Podgoric\u00eb apo gjetiu\u201d.<\/p>\n<p>Po a mundet vall\u00eb kjo familje, me kaq pak t\u00eb ardhura t\u00eb siguroj\u00eb parat\u00eb p\u00ebr operacion i cili do i shp\u00ebtonte jet\u00ebn e Sabris\u00eb?!<\/p>\n<p>Lajme nga Ulqini, TV Teuta, Ulqini Online, i ben\u00eb thirje p\u00ebr ndihm\u00eb njerzve t\u00eb vulentit t\u00eb mire dhe apelojm\u00eb ministrin e Sh\u00ebndet\u00ebsis\u00eb t\u00eb ndihmoj\u00eb financiarisht p\u00ebr nderhyrje kirurgjikale Sabri Muratoviqit.<\/p>\n<p><iframe loading=\"lazy\" src=\"https:\/\/www.youtube.com\/embed\/UxmTCVlyZms\" width=\"503\" height=\"330\" frameborder=\"0\" allowfullscreen=\"allowfullscreen\"><\/iframe><\/p>\n<p><a href=\"http:\/\/www.visit-ulcinj.com\/blog\/wp-content\/uploads\/2015\/07\/Sabri-Murati-Ulqin.jpg\"><img loading=\"lazy\" src=\"http:\/\/www.visit-ulcinj.com\/blog\/wp-content\/uploads\/2015\/07\/Sabri-Murati-Ulqin.jpg\" alt=\"Sabri-Murati-Ulqin\" width=\"508\" height=\"660\" class=\"alignleft size-full wp-image-91372\" \/><\/a><\/p>\n<p><a href=\"http:\/\/www.visit-ulcinj.com\/blog\/wp-content\/uploads\/2015\/02\/Muratovic-Melece-Prva-Banka-Ulcinj.jpg\"><img loading=\"lazy\" class=\"alignleft size-full wp-image-88468\" src=\"http:\/\/www.visit-ulcinj.com\/blog\/wp-content\/uploads\/2015\/02\/Muratovic-Melece-Prva-Banka-Ulcinj.jpg\" alt=\"Muratovic-Melece-Prva-Banka-Ulcinj\" width=\"508\" height=\"670\" \/><\/a><\/p>\n","protected":false},"excerpt":{"rendered":"<p>T\u00eb nderuar njerz t\u00eb vulentit t\u00eb mire, t\u00eb nderuar bashkvendas, kudo q\u00eb ndodheni, n\u00eb Ulqin, Europ\u00eb, Amerik\u00eb apo gjetiu, apelojm\u00eb p\u00ebr ndihm\u00eb p\u00ebr shokun ton\u00eb fqiun ton\u00eb dhe djalin ton\u00eb Sabri Muratoviqin nga Ulqini. 18 vje\u00e7ari Sabri Muratiqi ka nevoje per ndihme \u00ebsht\u00eb i s\u00ebmur\u00eb nga veshk\u00ebt dhe Mushk\u00ebria e zez\u00eb, dhe i duhet nderhyrje [&hellip;]<\/p>\n","protected":false},"author":1,"featured_media":0,"comment_status":"closed","ping_status":"closed","sticky":false,"template":"","format":"standard","meta":{"spay_email":"","jetpack_publicize_message":"","jetpack_is_tweetstorm":false,"jetpack_publicize_feature_enabled":true},"categories":[7,1],"tags":[],"jetpack_publicize_connections":[],"yoast_head":"<!-- This site is optimized with the Yoast SEO plugin v19.1 - https:\/\/yoast.com\/wordpress\/plugins\/seo\/ -->\n<title>N\u00ebna e Sabri Muratit: M\u00eb ndihmoni t\u00eb shp\u00ebtoj djalin - Video - Lajme nga Ulqini<\/title>\n<meta name=\"description\" content=\"T\u00eb nderuar njerz t\u00eb vulentit t\u00eb mire, t\u00eb nderuar bashkvendas, kudo q\u00eb ndodheni, n\u00eb Ulqin, Europ\u00eb, Amerik\u00eb apo gjetiu, apelojm\u00eb p\u00ebr ndihm\u00eb p\u00ebr shokun ton\u00eb\" \/>\n<meta name=\"robots\" content=\"index, follow, max-snippet:-1, max-image-preview:large, max-video-preview:-1\" \/>\n<link rel=\"canonical\" href=\"https:\/\/www.visit-ulcinj.com\/blog\/2015\/07\/03\/nena-e-sabri-muratit-ndihmoni-te-shpetoj-djalin\/\" \/>\n<meta property=\"og:locale\" content=\"en_US\" \/>\n<meta property=\"og:type\" content=\"article\" \/>\n<meta property=\"og:title\" content=\"N\u00ebna e Sabri Muratit: M\u00eb ndihmoni t\u00eb shp\u00ebtoj djalin - Video - Lajme nga Ulqini\" \/>\n<meta property=\"og:description\" content=\"T\u00eb nderuar njerz t\u00eb vulentit t\u00eb mire, t\u00eb nderuar bashkvendas, kudo q\u00eb ndodheni, n\u00eb Ulqin, Europ\u00eb, Amerik\u00eb apo gjetiu, apelojm\u00eb p\u00ebr ndihm\u00eb p\u00ebr shokun ton\u00eb\" \/>\n<meta property=\"og:url\" content=\"https:\/\/www.visit-ulcinj.com\/blog\/2015\/07\/03\/nena-e-sabri-muratit-ndihmoni-te-shpetoj-djalin\/\" \/>\n<meta property=\"og:site_name\" content=\"Lajme nga Ulqini\" \/>\n<meta property=\"article:published_time\" content=\"2015-07-03T18:31:42+00:00\" \/>\n<meta property=\"article:modified_time\" content=\"2015-07-06T07:35:48+00:00\" \/>\n<meta property=\"og:image\" content=\"http:\/\/www.visit-ulcinj.com\/blog\/wp-content\/uploads\/2015\/02\/Sabri-Muratoviq-Sabrija-Muratovic-Ulqin-Ulcinj-210x300.jpg\" \/>\n<meta name=\"twitter:label1\" content=\"Written by\" \/>\n\t<meta name=\"twitter:data1\" content=\"ulqini\" \/>\n\t<meta name=\"twitter:label2\" content=\"Est. reading time\" \/>\n\t<meta name=\"twitter:data2\" content=\"1 minute\" \/>\n<script type=\"application\/ld+json\" class=\"yoast-schema-graph\">{\"@context\":\"https:\/\/schema.org\",\"@graph\":[{\"@type\":\"WebSite\",\"@id\":\"https:\/\/www.visit-ulcinj.com\/blog\/#website\",\"url\":\"https:\/\/www.visit-ulcinj.com\/blog\/\",\"name\":\"Lajme nga Ulqini\",\"description\":\"Lajme,Vijesti,Ulqini,Ulqin,Crna Gora,Mali i Zi\",\"potentialAction\":[{\"@type\":\"SearchAction\",\"target\":{\"@type\":\"EntryPoint\",\"urlTemplate\":\"https:\/\/www.visit-ulcinj.com\/blog\/?s={search_term_string}\"},\"query-input\":\"required name=search_term_string\"}],\"inLanguage\":\"en-US\"},{\"@type\":\"ImageObject\",\"inLanguage\":\"en-US\",\"@id\":\"https:\/\/www.visit-ulcinj.com\/blog\/2015\/07\/03\/nena-e-sabri-muratit-ndihmoni-te-shpetoj-djalin\/#primaryimage\",\"url\":\"https:\/\/www.visit-ulcinj.com\/blog\/wp-content\/uploads\/2015\/02\/Sabri-Muratoviq-Sabrija-Muratovic-Ulqin-Ulcinj.jpg\",\"contentUrl\":\"https:\/\/www.visit-ulcinj.com\/blog\/wp-content\/uploads\/2015\/02\/Sabri-Muratoviq-Sabrija-Muratovic-Ulqin-Ulcinj.jpg\",\"width\":480,\"height\":685},{\"@type\":\"WebPage\",\"@id\":\"https:\/\/www.visit-ulcinj.com\/blog\/2015\/07\/03\/nena-e-sabri-muratit-ndihmoni-te-shpetoj-djalin\/#webpage\",\"url\":\"https:\/\/www.visit-ulcinj.com\/blog\/2015\/07\/03\/nena-e-sabri-muratit-ndihmoni-te-shpetoj-djalin\/\",\"name\":\"N\u00ebna e Sabri Muratit: M\u00eb ndihmoni t\u00eb shp\u00ebtoj djalin - Video - Lajme nga Ulqini\",\"isPartOf\":{\"@id\":\"https:\/\/www.visit-ulcinj.com\/blog\/#website\"},\"primaryImageOfPage\":{\"@id\":\"https:\/\/www.visit-ulcinj.com\/blog\/2015\/07\/03\/nena-e-sabri-muratit-ndihmoni-te-shpetoj-djalin\/#primaryimage\"},\"datePublished\":\"2015-07-03T18:31:42+00:00\",\"dateModified\":\"2015-07-06T07:35:48+00:00\",\"author\":{\"@id\":\"https:\/\/www.visit-ulcinj.com\/blog\/#\/schema\/person\/dcab619c614d3038751c63bc2aadc06d\"},\"description\":\"T\u00eb nderuar njerz t\u00eb vulentit t\u00eb mire, t\u00eb nderuar bashkvendas, kudo q\u00eb ndodheni, n\u00eb Ulqin, Europ\u00eb, Amerik\u00eb apo gjetiu, apelojm\u00eb p\u00ebr ndihm\u00eb p\u00ebr shokun ton\u00eb\",\"breadcrumb\":{\"@id\":\"https:\/\/www.visit-ulcinj.com\/blog\/2015\/07\/03\/nena-e-sabri-muratit-ndihmoni-te-shpetoj-djalin\/#breadcrumb\"},\"inLanguage\":\"en-US\",\"potentialAction\":[{\"@type\":\"ReadAction\",\"target\":[\"https:\/\/www.visit-ulcinj.com\/blog\/2015\/07\/03\/nena-e-sabri-muratit-ndihmoni-te-shpetoj-djalin\/\"]}]},{\"@type\":\"BreadcrumbList\",\"@id\":\"https:\/\/www.visit-ulcinj.com\/blog\/2015\/07\/03\/nena-e-sabri-muratit-ndihmoni-te-shpetoj-djalin\/#breadcrumb\",\"itemListElement\":[{\"@type\":\"ListItem\",\"position\":1,\"name\":\"N\u00ebna e Sabri Muratit: M\u00eb ndihmoni t\u00eb shp\u00ebtoj djalin &#8211; Video\"}]},{\"@type\":\"Person\",\"@id\":\"https:\/\/www.visit-ulcinj.com\/blog\/#\/schema\/person\/dcab619c614d3038751c63bc2aadc06d\",\"name\":\"ulqini\",\"sameAs\":[\"http:\/\/www.visit-ulcinj.com\"],\"url\":\"https:\/\/www.visit-ulcinj.com\/blog\/author\/admin\/\"}]}<\/script>\n<!-- \/ Yoast SEO plugin. -->","yoast_head_json":{"title":"N\u00ebna e Sabri Muratit: M\u00eb ndihmoni t\u00eb shp\u00ebtoj djalin - Video - Lajme nga Ulqini","description":"T\u00eb nderuar njerz t\u00eb vulentit t\u00eb mire, t\u00eb nderuar bashkvendas, kudo q\u00eb ndodheni, n\u00eb Ulqin, Europ\u00eb, Amerik\u00eb apo gjetiu, apelojm\u00eb p\u00ebr ndihm\u00eb p\u00ebr shokun ton\u00eb","robots":{"index":"index","follow":"follow","max-snippet":"max-snippet:-1","max-image-preview":"max-image-preview:large","max-video-preview":"max-video-preview:-1"},"canonical":"https:\/\/www.visit-ulcinj.com\/blog\/2015\/07\/03\/nena-e-sabri-muratit-ndihmoni-te-shpetoj-djalin\/","og_locale":"en_US","og_type":"article","og_title":"N\u00ebna e Sabri Muratit: M\u00eb ndihmoni t\u00eb shp\u00ebtoj djalin - Video - Lajme nga Ulqini","og_description":"T\u00eb nderuar njerz t\u00eb vulentit t\u00eb mire, t\u00eb nderuar bashkvendas, kudo q\u00eb ndodheni, n\u00eb Ulqin, Europ\u00eb, Amerik\u00eb apo gjetiu, apelojm\u00eb p\u00ebr ndihm\u00eb p\u00ebr shokun ton\u00eb","og_url":"https:\/\/www.visit-ulcinj.com\/blog\/2015\/07\/03\/nena-e-sabri-muratit-ndihmoni-te-shpetoj-djalin\/","og_site_name":"Lajme nga Ulqini","article_published_time":"2015-07-03T18:31:42+00:00","article_modified_time":"2015-07-06T07:35:48+00:00","og_image":[{"url":"http:\/\/www.visit-ulcinj.com\/blog\/wp-content\/uploads\/2015\/02\/Sabri-Muratoviq-Sabrija-Muratovic-Ulqin-Ulcinj-210x300.jpg"}],"twitter_misc":{"Written by":"ulqini","Est. reading time":"1 minute"},"schema":{"@context":"https:\/\/schema.org","@graph":[{"@type":"WebSite","@id":"https:\/\/www.visit-ulcinj.com\/blog\/#website","url":"https:\/\/www.visit-ulcinj.com\/blog\/","name":"Lajme nga Ulqini","description":"Lajme,Vijesti,Ulqini,Ulqin,Crna Gora,Mali i Zi","potentialAction":[{"@type":"SearchAction","target":{"@type":"EntryPoint","urlTemplate":"https:\/\/www.visit-ulcinj.com\/blog\/?s={search_term_string}"},"query-input":"required name=search_term_string"}],"inLanguage":"en-US"},{"@type":"ImageObject","inLanguage":"en-US","@id":"https:\/\/www.visit-ulcinj.com\/blog\/2015\/07\/03\/nena-e-sabri-muratit-ndihmoni-te-shpetoj-djalin\/#primaryimage","url":"https:\/\/www.visit-ulcinj.com\/blog\/wp-content\/uploads\/2015\/02\/Sabri-Muratoviq-Sabrija-Muratovic-Ulqin-Ulcinj.jpg","contentUrl":"https:\/\/www.visit-ulcinj.com\/blog\/wp-content\/uploads\/2015\/02\/Sabri-Muratoviq-Sabrija-Muratovic-Ulqin-Ulcinj.jpg","width":480,"height":685},{"@type":"WebPage","@id":"https:\/\/www.visit-ulcinj.com\/blog\/2015\/07\/03\/nena-e-sabri-muratit-ndihmoni-te-shpetoj-djalin\/#webpage","url":"https:\/\/www.visit-ulcinj.com\/blog\/2015\/07\/03\/nena-e-sabri-muratit-ndihmoni-te-shpetoj-djalin\/","name":"N\u00ebna e Sabri Muratit: M\u00eb ndihmoni t\u00eb shp\u00ebtoj djalin - Video - Lajme nga Ulqini","isPartOf":{"@id":"https:\/\/www.visit-ulcinj.com\/blog\/#website"},"primaryImageOfPage":{"@id":"https:\/\/www.visit-ulcinj.com\/blog\/2015\/07\/03\/nena-e-sabri-muratit-ndihmoni-te-shpetoj-djalin\/#primaryimage"},"datePublished":"2015-07-03T18:31:42+00:00","dateModified":"2015-07-06T07:35:48+00:00","author":{"@id":"https:\/\/www.visit-ulcinj.com\/blog\/#\/schema\/person\/dcab619c614d3038751c63bc2aadc06d"},"description":"T\u00eb nderuar njerz t\u00eb vulentit t\u00eb mire, t\u00eb nderuar bashkvendas, kudo q\u00eb ndodheni, n\u00eb Ulqin, Europ\u00eb, Amerik\u00eb apo gjetiu, apelojm\u00eb p\u00ebr ndihm\u00eb p\u00ebr shokun ton\u00eb","breadcrumb":{"@id":"https:\/\/www.visit-ulcinj.com\/blog\/2015\/07\/03\/nena-e-sabri-muratit-ndihmoni-te-shpetoj-djalin\/#breadcrumb"},"inLanguage":"en-US","potentialAction":[{"@type":"ReadAction","target":["https:\/\/www.visit-ulcinj.com\/blog\/2015\/07\/03\/nena-e-sabri-muratit-ndihmoni-te-shpetoj-djalin\/"]}]},{"@type":"BreadcrumbList","@id":"https:\/\/www.visit-ulcinj.com\/blog\/2015\/07\/03\/nena-e-sabri-muratit-ndihmoni-te-shpetoj-djalin\/#breadcrumb","itemListElement":[{"@type":"ListItem","position":1,"name":"N\u00ebna e Sabri Muratit: M\u00eb ndihmoni t\u00eb shp\u00ebtoj djalin &#8211; Video"}]},{"@type":"Person","@id":"https:\/\/www.visit-ulcinj.com\/blog\/#\/schema\/person\/dcab619c614d3038751c63bc2aadc06d","name":"ulqini","sameAs":["http:\/\/www.visit-ulcinj.com"],"url":"https:\/\/www.visit-ulcinj.com\/blog\/author\/admin\/"}]}},"jetpack_featured_media_url":"","jetpack_sharing_enabled":true,"jetpack_shortlink":"https:\/\/wp.me\/pe6lTn-nLD","_links":{"self":[{"href":"https:\/\/www.visit-ulcinj.com\/blog\/wp-json\/wp\/v2\/posts\/91365"}],"collection":[{"href":"https:\/\/www.visit-ulcinj.com\/blog\/wp-json\/wp\/v2\/posts"}],"about":[{"href":"https:\/\/www.visit-ulcinj.com\/blog\/wp-json\/wp\/v2\/types\/post"}],"author":[{"embeddable":true,"href":"https:\/\/www.visit-ulcinj.com\/blog\/wp-json\/wp\/v2\/users\/1"}],"replies":[{"embeddable":true,"href":"https:\/\/www.visit-ulcinj.com\/blog\/wp-json\/wp\/v2\/comments?post=91365"}],"version-history":[{"count":7,"href":"https:\/\/www.visit-ulcinj.com\/blog\/wp-json\/wp\/v2\/posts\/91365\/revisions"}],"predecessor-version":[{"id":91374,"href":"https:\/\/www.visit-ulcinj.com\/blog\/wp-json\/wp\/v2\/posts\/91365\/revisions\/91374"}],"wp:attachment":[{"href":"https:\/\/www.visit-ulcinj.com\/blog\/wp-json\/wp\/v2\/media?parent=91365"}],"wp:term":[{"taxonomy":"category","embeddable":true,"href":"https:\/\/www.visit-ulcinj.com\/blog\/wp-json\/wp\/v2\/categories?post=91365"},{"taxonomy":"post_tag","embeddable":true,"href":"https:\/\/www.visit-ulcinj.com\/blog\/wp-json\/wp\/v2\/tags?post=91365"}],"curies":[{"name":"wp","href":"https:\/\/api.w.org\/{rel}","templated":true}]}}