{"id":91375,"date":"2015-07-04T18:19:40","date_gmt":"2015-07-04T17:19:40","guid":{"rendered":"http:\/\/www.visit-ulcinj.com\/blog\/?p=91375"},"modified":"2015-07-04T18:24:01","modified_gmt":"2015-07-04T17:24:01","slug":"ulqini-fillon-te-mbushet-turiste","status":"publish","type":"post","link":"https:\/\/www.visit-ulcinj.com\/blog\/2015\/07\/04\/ulqini-fillon-te-mbushet-turiste\/","title":{"rendered":"Ulqini fillon t\u00eb mbushet me turist\u00eb"},"content":{"rendered":"<p><a href=\"http:\/\/www.visit-ulcinj.com\/blog\/wp-content\/uploads\/2015\/07\/Saranda-Beach-Ulqin-Ulqin-Ulcinj.jpg\"><img loading=\"lazy\" class=\"alignleft wp-image-91378\" src=\"http:\/\/www.visit-ulcinj.com\/blog\/wp-content\/uploads\/2015\/07\/Saranda-Beach-Ulqin-Ulqin-Ulcinj.jpg\" alt=\"Saranda Beach Ulqin Ulqin-Ulcinj\" width=\"509\" height=\"304\" \/><\/a>Duhet cekur se nga viti n\u00eb vit, Ulqini \u00ebsht\u00eb nj\u00eb nga destinacionet m\u00eb t\u00eb preferuar p\u00ebr turist\u00eb vendas dhe t\u00eb huaj. Shumica e turist\u00ebve pas nj\u00eb sezoni t\u00eb vaket p\u00ebr shkak t\u00eb muajit t\u00eb Ramazanit, pushuesit v\u00ebrshojn\u00eb drejt plazheve t\u00eb Ulqinit. N\u00eb or\u00ebt e para t\u00eb m\u00ebngjesit t\u00eb s\u00eb shtunes turist\u00ebt nga Zvicra, Franca, Austria, Gjermania, Belgjika, Hollandia,Kosova, Maqedonija etj, jan\u00eb nisur n\u00eb drejetim t\u00eb detit Adriatik. N\u00eb pik\u00ebn kufitare Debeli Brjeg dhe t\u00eb Muriqanit pritet fluksi i hyrjeve t\u00eb jet mjaft i madh. Vet\u00ebm gjat\u00eb dy or\u00ebve t\u00eb para t\u00eb m\u00ebngjesit kan\u00eb hyr\u00eb n\u00eb vendin ton\u00eb me mij\u00ebra automjete.<\/p>\n<p>N\u00eb dy dit\u00ebt e fundit n\u00eb Ulqin pritet vala e madhe e mysafir\u00ebve. Ky trend do t\u00eb vazhdohet edhe dit\u00ebt e ardhshme, kur pritet kulmi i sezonit reth 15 korikut.<\/p>\n<p>Dit\u00ebt e Ramazanit, shum\u00eb pushues i ka gjetur n\u00eb breg t\u00eb detit. Ulqini mbetet destinacioni i preferuar p\u00ebr pushuesit nga Kosova dhe Maqedonia, Bosna dhe Sanxhaku. Ata shprehen t\u00eb k\u00ebnaqur me kushtet e gjetura n\u00eb plazh por dhe \u00e7mimet q\u00eb sipas tyre nuk kan\u00eb p\u00ebsuar rritje.<\/p>\n<p><a href=\"http:\/\/www.visit-ulcinj.com\/blog\/wp-content\/uploads\/2015\/07\/Saranda-Beach-Ulqin-Ulqin-Ulcinj-1.jpg\"><img loading=\"lazy\" class=\"alignleft wp-image-91379\" src=\"http:\/\/www.visit-ulcinj.com\/blog\/wp-content\/uploads\/2015\/07\/Saranda-Beach-Ulqin-Ulqin-Ulcinj-1.jpg\" alt=\"Saranda Beach Ulqin Ulqin-Ulcinj-1\" width=\"508\" height=\"304\" \/><\/a><\/p>\n<p>Sikurse shprehet pronari i Saranda Beach n\u00eb plazhin e madh\u00eb, ku me mbylljen e muajit t\u00eb Ramazanit edhe bizneset p\u00ebr reth plazhit presin ringritjen e pun\u00ebs.<\/p>\n<p>Pronar\u00ebt e sht\u00ebpiave q\u00eb merret me turiz\u00ebm familjar, presin ardhjen e pushuesve nga gjitha trevat.. P\u00ebrgjat\u00eb zon\u00ebs s\u00eb plazhit dhomat me qera n\u00eb sht\u00ebpit\u00eb private q\u00eb pretotohen nga pushues Maqedonas, Bosna dhe Kosova jan\u00eb prej 6 euro deri 10 euro nata, nd\u00ebrsa hotelet buz\u00eb detit aplikojn\u00eb \u00e7mime q\u00eb shkojn\u00eb nga 15 deri 40 euro nata.<\/p>\n<p>Plazhet e Ulqinit jan\u00eb t\u00eb frekuentuar edhe nga turist\u00ebt e huaj, disa nga ata vijn\u00eb p\u00ebr her\u00eb t\u00eb par\u00eb, por ka edhe nga ata q\u00eb nuk i ka rezistuar nj\u00eb rikthimi t\u00eb dyt\u00eb.<\/p>\n<p>P\u00ebrve\u00e7 plazhit n\u00eb, pushuesit mund t\u00eb njihen edhe me nd\u00ebrtimet e mo\u00e7me t\u00eb Ulqinit, si kishat, xhamit\u00eb dhe monumente tjera kulturo &#8211; historike.<\/p>\n","protected":false},"excerpt":{"rendered":"<p>Duhet cekur se nga viti n\u00eb vit, Ulqini \u00ebsht\u00eb nj\u00eb nga destinacionet m\u00eb t\u00eb preferuar p\u00ebr turist\u00eb vendas dhe t\u00eb huaj. Shumica e turist\u00ebve pas nj\u00eb sezoni t\u00eb vaket p\u00ebr shkak t\u00eb muajit t\u00eb Ramazanit, pushuesit v\u00ebrshojn\u00eb drejt plazheve t\u00eb Ulqinit. N\u00eb or\u00ebt e para t\u00eb m\u00ebngjesit t\u00eb s\u00eb shtunes turist\u00ebt nga Zvicra, Franca, Austria, [&hellip;]<\/p>\n","protected":false},"author":1,"featured_media":0,"comment_status":"closed","ping_status":"closed","sticky":false,"template":"","format":"standard","meta":{"spay_email":"","jetpack_publicize_message":"","jetpack_is_tweetstorm":false,"jetpack_publicize_feature_enabled":true},"categories":[15],"tags":[],"jetpack_publicize_connections":[],"yoast_head":"<!-- This site is optimized with the Yoast SEO plugin v19.1 - https:\/\/yoast.com\/wordpress\/plugins\/seo\/ -->\n<title>Ulqini fillon t\u00eb mbushet me turist\u00eb - Lajme nga Ulqini<\/title>\n<meta name=\"description\" content=\"Duhet cekur se nga viti n\u00eb vit, Ulqini \u00ebsht\u00eb nj\u00eb nga destinacionet m\u00eb t\u00eb preferuar p\u00ebr turist\u00eb vendas dhe t\u00eb huaj. Shumica e turist\u00ebve pas nj\u00eb sezoni t\u00eb\" \/>\n<meta name=\"robots\" content=\"index, follow, max-snippet:-1, max-image-preview:large, max-video-preview:-1\" \/>\n<link rel=\"canonical\" href=\"https:\/\/www.visit-ulcinj.com\/blog\/2015\/07\/04\/ulqini-fillon-te-mbushet-turiste\/\" \/>\n<meta property=\"og:locale\" content=\"en_US\" \/>\n<meta property=\"og:type\" content=\"article\" \/>\n<meta property=\"og:title\" content=\"Ulqini fillon t\u00eb mbushet me turist\u00eb - Lajme nga Ulqini\" \/>\n<meta property=\"og:description\" content=\"Duhet cekur se nga viti n\u00eb vit, Ulqini \u00ebsht\u00eb nj\u00eb nga destinacionet m\u00eb t\u00eb preferuar p\u00ebr turist\u00eb vendas dhe t\u00eb huaj. Shumica e turist\u00ebve pas nj\u00eb sezoni t\u00eb\" \/>\n<meta property=\"og:url\" content=\"https:\/\/www.visit-ulcinj.com\/blog\/2015\/07\/04\/ulqini-fillon-te-mbushet-turiste\/\" \/>\n<meta property=\"og:site_name\" content=\"Lajme nga Ulqini\" \/>\n<meta property=\"article:published_time\" content=\"2015-07-04T17:19:40+00:00\" \/>\n<meta property=\"article:modified_time\" content=\"2015-07-04T17:24:01+00:00\" \/>\n<meta property=\"og:image\" content=\"http:\/\/www.visit-ulcinj.com\/blog\/wp-content\/uploads\/2015\/07\/Saranda-Beach-Ulqin-Ulqin-Ulcinj.jpg\" \/>\n<meta name=\"twitter:label1\" content=\"Written by\" \/>\n\t<meta name=\"twitter:data1\" content=\"ulqini\" \/>\n\t<meta name=\"twitter:label2\" content=\"Est. reading time\" \/>\n\t<meta name=\"twitter:data2\" content=\"2 minutes\" \/>\n<script type=\"application\/ld+json\" class=\"yoast-schema-graph\">{\"@context\":\"https:\/\/schema.org\",\"@graph\":[{\"@type\":\"WebSite\",\"@id\":\"https:\/\/www.visit-ulcinj.com\/blog\/#website\",\"url\":\"https:\/\/www.visit-ulcinj.com\/blog\/\",\"name\":\"Lajme nga Ulqini\",\"description\":\"Lajme,Vijesti,Ulqini,Ulqin,Crna Gora,Mali i Zi\",\"potentialAction\":[{\"@type\":\"SearchAction\",\"target\":{\"@type\":\"EntryPoint\",\"urlTemplate\":\"https:\/\/www.visit-ulcinj.com\/blog\/?s={search_term_string}\"},\"query-input\":\"required name=search_term_string\"}],\"inLanguage\":\"en-US\"},{\"@type\":\"ImageObject\",\"inLanguage\":\"en-US\",\"@id\":\"https:\/\/www.visit-ulcinj.com\/blog\/2015\/07\/04\/ulqini-fillon-te-mbushet-turiste\/#primaryimage\",\"url\":\"http:\/\/www.visit-ulcinj.com\/blog\/wp-content\/uploads\/2015\/07\/Saranda-Beach-Ulqin-Ulqin-Ulcinj.jpg\",\"contentUrl\":\"http:\/\/www.visit-ulcinj.com\/blog\/wp-content\/uploads\/2015\/07\/Saranda-Beach-Ulqin-Ulqin-Ulcinj.jpg\"},{\"@type\":\"WebPage\",\"@id\":\"https:\/\/www.visit-ulcinj.com\/blog\/2015\/07\/04\/ulqini-fillon-te-mbushet-turiste\/#webpage\",\"url\":\"https:\/\/www.visit-ulcinj.com\/blog\/2015\/07\/04\/ulqini-fillon-te-mbushet-turiste\/\",\"name\":\"Ulqini fillon t\u00eb mbushet me turist\u00eb - Lajme nga Ulqini\",\"isPartOf\":{\"@id\":\"https:\/\/www.visit-ulcinj.com\/blog\/#website\"},\"primaryImageOfPage\":{\"@id\":\"https:\/\/www.visit-ulcinj.com\/blog\/2015\/07\/04\/ulqini-fillon-te-mbushet-turiste\/#primaryimage\"},\"datePublished\":\"2015-07-04T17:19:40+00:00\",\"dateModified\":\"2015-07-04T17:24:01+00:00\",\"author\":{\"@id\":\"https:\/\/www.visit-ulcinj.com\/blog\/#\/schema\/person\/dcab619c614d3038751c63bc2aadc06d\"},\"description\":\"Duhet cekur se nga viti n\u00eb vit, Ulqini \u00ebsht\u00eb nj\u00eb nga destinacionet m\u00eb t\u00eb preferuar p\u00ebr turist\u00eb vendas dhe t\u00eb huaj. Shumica e turist\u00ebve pas nj\u00eb sezoni t\u00eb\",\"breadcrumb\":{\"@id\":\"https:\/\/www.visit-ulcinj.com\/blog\/2015\/07\/04\/ulqini-fillon-te-mbushet-turiste\/#breadcrumb\"},\"inLanguage\":\"en-US\",\"potentialAction\":[{\"@type\":\"ReadAction\",\"target\":[\"https:\/\/www.visit-ulcinj.com\/blog\/2015\/07\/04\/ulqini-fillon-te-mbushet-turiste\/\"]}]},{\"@type\":\"BreadcrumbList\",\"@id\":\"https:\/\/www.visit-ulcinj.com\/blog\/2015\/07\/04\/ulqini-fillon-te-mbushet-turiste\/#breadcrumb\",\"itemListElement\":[{\"@type\":\"ListItem\",\"position\":1,\"name\":\"Ulqini fillon t\u00eb mbushet me turist\u00eb\"}]},{\"@type\":\"Person\",\"@id\":\"https:\/\/www.visit-ulcinj.com\/blog\/#\/schema\/person\/dcab619c614d3038751c63bc2aadc06d\",\"name\":\"ulqini\",\"sameAs\":[\"http:\/\/www.visit-ulcinj.com\"],\"url\":\"https:\/\/www.visit-ulcinj.com\/blog\/author\/admin\/\"}]}<\/script>\n<!-- \/ Yoast SEO plugin. -->","yoast_head_json":{"title":"Ulqini fillon t\u00eb mbushet me turist\u00eb - Lajme nga Ulqini","description":"Duhet cekur se nga viti n\u00eb vit, Ulqini \u00ebsht\u00eb nj\u00eb nga destinacionet m\u00eb t\u00eb preferuar p\u00ebr turist\u00eb vendas dhe t\u00eb huaj. Shumica e turist\u00ebve pas nj\u00eb sezoni t\u00eb","robots":{"index":"index","follow":"follow","max-snippet":"max-snippet:-1","max-image-preview":"max-image-preview:large","max-video-preview":"max-video-preview:-1"},"canonical":"https:\/\/www.visit-ulcinj.com\/blog\/2015\/07\/04\/ulqini-fillon-te-mbushet-turiste\/","og_locale":"en_US","og_type":"article","og_title":"Ulqini fillon t\u00eb mbushet me turist\u00eb - Lajme nga Ulqini","og_description":"Duhet cekur se nga viti n\u00eb vit, Ulqini \u00ebsht\u00eb nj\u00eb nga destinacionet m\u00eb t\u00eb preferuar p\u00ebr turist\u00eb vendas dhe t\u00eb huaj. Shumica e turist\u00ebve pas nj\u00eb sezoni t\u00eb","og_url":"https:\/\/www.visit-ulcinj.com\/blog\/2015\/07\/04\/ulqini-fillon-te-mbushet-turiste\/","og_site_name":"Lajme nga Ulqini","article_published_time":"2015-07-04T17:19:40+00:00","article_modified_time":"2015-07-04T17:24:01+00:00","og_image":[{"url":"http:\/\/www.visit-ulcinj.com\/blog\/wp-content\/uploads\/2015\/07\/Saranda-Beach-Ulqin-Ulqin-Ulcinj.jpg"}],"twitter_misc":{"Written by":"ulqini","Est. reading time":"2 minutes"},"schema":{"@context":"https:\/\/schema.org","@graph":[{"@type":"WebSite","@id":"https:\/\/www.visit-ulcinj.com\/blog\/#website","url":"https:\/\/www.visit-ulcinj.com\/blog\/","name":"Lajme nga Ulqini","description":"Lajme,Vijesti,Ulqini,Ulqin,Crna Gora,Mali i Zi","potentialAction":[{"@type":"SearchAction","target":{"@type":"EntryPoint","urlTemplate":"https:\/\/www.visit-ulcinj.com\/blog\/?s={search_term_string}"},"query-input":"required name=search_term_string"}],"inLanguage":"en-US"},{"@type":"ImageObject","inLanguage":"en-US","@id":"https:\/\/www.visit-ulcinj.com\/blog\/2015\/07\/04\/ulqini-fillon-te-mbushet-turiste\/#primaryimage","url":"http:\/\/www.visit-ulcinj.com\/blog\/wp-content\/uploads\/2015\/07\/Saranda-Beach-Ulqin-Ulqin-Ulcinj.jpg","contentUrl":"http:\/\/www.visit-ulcinj.com\/blog\/wp-content\/uploads\/2015\/07\/Saranda-Beach-Ulqin-Ulqin-Ulcinj.jpg"},{"@type":"WebPage","@id":"https:\/\/www.visit-ulcinj.com\/blog\/2015\/07\/04\/ulqini-fillon-te-mbushet-turiste\/#webpage","url":"https:\/\/www.visit-ulcinj.com\/blog\/2015\/07\/04\/ulqini-fillon-te-mbushet-turiste\/","name":"Ulqini fillon t\u00eb mbushet me turist\u00eb - Lajme nga Ulqini","isPartOf":{"@id":"https:\/\/www.visit-ulcinj.com\/blog\/#website"},"primaryImageOfPage":{"@id":"https:\/\/www.visit-ulcinj.com\/blog\/2015\/07\/04\/ulqini-fillon-te-mbushet-turiste\/#primaryimage"},"datePublished":"2015-07-04T17:19:40+00:00","dateModified":"2015-07-04T17:24:01+00:00","author":{"@id":"https:\/\/www.visit-ulcinj.com\/blog\/#\/schema\/person\/dcab619c614d3038751c63bc2aadc06d"},"description":"Duhet cekur se nga viti n\u00eb vit, Ulqini \u00ebsht\u00eb nj\u00eb nga destinacionet m\u00eb t\u00eb preferuar p\u00ebr turist\u00eb vendas dhe t\u00eb huaj. Shumica e turist\u00ebve pas nj\u00eb sezoni t\u00eb","breadcrumb":{"@id":"https:\/\/www.visit-ulcinj.com\/blog\/2015\/07\/04\/ulqini-fillon-te-mbushet-turiste\/#breadcrumb"},"inLanguage":"en-US","potentialAction":[{"@type":"ReadAction","target":["https:\/\/www.visit-ulcinj.com\/blog\/2015\/07\/04\/ulqini-fillon-te-mbushet-turiste\/"]}]},{"@type":"BreadcrumbList","@id":"https:\/\/www.visit-ulcinj.com\/blog\/2015\/07\/04\/ulqini-fillon-te-mbushet-turiste\/#breadcrumb","itemListElement":[{"@type":"ListItem","position":1,"name":"Ulqini fillon t\u00eb mbushet me turist\u00eb"}]},{"@type":"Person","@id":"https:\/\/www.visit-ulcinj.com\/blog\/#\/schema\/person\/dcab619c614d3038751c63bc2aadc06d","name":"ulqini","sameAs":["http:\/\/www.visit-ulcinj.com"],"url":"https:\/\/www.visit-ulcinj.com\/blog\/author\/admin\/"}]}},"jetpack_featured_media_url":"","jetpack_sharing_enabled":true,"jetpack_shortlink":"https:\/\/wp.me\/pe6lTn-nLN","_links":{"self":[{"href":"https:\/\/www.visit-ulcinj.com\/blog\/wp-json\/wp\/v2\/posts\/91375"}],"collection":[{"href":"https:\/\/www.visit-ulcinj.com\/blog\/wp-json\/wp\/v2\/posts"}],"about":[{"href":"https:\/\/www.visit-ulcinj.com\/blog\/wp-json\/wp\/v2\/types\/post"}],"author":[{"embeddable":true,"href":"https:\/\/www.visit-ulcinj.com\/blog\/wp-json\/wp\/v2\/users\/1"}],"replies":[{"embeddable":true,"href":"https:\/\/www.visit-ulcinj.com\/blog\/wp-json\/wp\/v2\/comments?post=91375"}],"version-history":[{"count":3,"href":"https:\/\/www.visit-ulcinj.com\/blog\/wp-json\/wp\/v2\/posts\/91375\/revisions"}],"predecessor-version":[{"id":91382,"href":"https:\/\/www.visit-ulcinj.com\/blog\/wp-json\/wp\/v2\/posts\/91375\/revisions\/91382"}],"wp:attachment":[{"href":"https:\/\/www.visit-ulcinj.com\/blog\/wp-json\/wp\/v2\/media?parent=91375"}],"wp:term":[{"taxonomy":"category","embeddable":true,"href":"https:\/\/www.visit-ulcinj.com\/blog\/wp-json\/wp\/v2\/categories?post=91375"},{"taxonomy":"post_tag","embeddable":true,"href":"https:\/\/www.visit-ulcinj.com\/blog\/wp-json\/wp\/v2\/tags?post=91375"}],"curies":[{"name":"wp","href":"https:\/\/api.w.org\/{rel}","templated":true}]}}