{"id":91383,"date":"2015-07-05T13:09:37","date_gmt":"2015-07-05T12:09:37","guid":{"rendered":"http:\/\/www.visit-ulcinj.com\/blog\/?p=91383"},"modified":"2015-07-05T13:09:37","modified_gmt":"2015-07-05T12:09:37","slug":"shume-pis-ledri-dhe-era-shume-e-nxehte-video","status":"publish","type":"post","link":"https:\/\/www.visit-ulcinj.com\/blog\/2015\/07\/05\/shume-pis-ledri-dhe-era-shume-e-nxehte-video\/","title":{"rendered":"\u2018Shum\u00eb pis\u2019 Ledri dhe Era shum\u00eb e nxeht\u00eb &#8211; Video"},"content":{"rendered":"<div id=\"stcpDiv\">\n<div class=\"shortText\"><strong><a href=\"http:\/\/www.visit-ulcinj.com\/blog\/wp-content\/uploads\/2015\/07\/Ledri-Vula-dhe-Era-Istrefi.jpg\"><img loading=\"lazy\" class=\"alignleft wp-image-91384\" src=\"http:\/\/www.visit-ulcinj.com\/blog\/wp-content\/uploads\/2015\/07\/Ledri-Vula-dhe-Era-Istrefi.jpg\" alt=\"Ledri Vula dhe Era Istrefi\" width=\"508\" height=\"280\" \/><\/a>Ledri Vula dhe Era Istrefi kan\u00eb lansuar k\u00ebng\u00ebn mjaft t\u00eb pritur \u2018Shum\u00eb pis\u2019.<\/strong><\/div>\n<p>Me muzik\u00eb nga BigBang dhe tekst nga vet\u00eb artist\u00ebt, Ledri dhe Era kan\u00eb sjell\u00eb nj\u00eb k\u00ebng\u00eb q\u00eb padyshim do t\u00eb d\u00ebgjohet n\u00eb t\u00eb gjitha an\u00ebt k\u00ebt\u00eb ver\u00eb.<\/p>\n<p>Edhe videoklipi, realizuar nga ProVideo, shfaq dyshen n\u00eb bregdet me pamje shum\u00eb freskuese. (Lajmi.net)<\/p>\n<p><iframe loading=\"lazy\" width=\"508\" height=\"315\" src=\"https:\/\/www.youtube.com\/embed\/Y-uzF31z_2E\" frameborder=\"0\" allowfullscreen><\/iframe><\/p>\n","protected":false},"excerpt":{"rendered":"<p>Ledri Vula dhe Era Istrefi kan\u00eb lansuar k\u00ebng\u00ebn mjaft t\u00eb pritur \u2018Shum\u00eb pis\u2019. Me muzik\u00eb nga BigBang dhe tekst nga vet\u00eb artist\u00ebt, Ledri dhe Era kan\u00eb sjell\u00eb nj\u00eb k\u00ebng\u00eb q\u00eb padyshim do t\u00eb d\u00ebgjohet n\u00eb t\u00eb gjitha an\u00ebt k\u00ebt\u00eb ver\u00eb. Edhe videoklipi, realizuar nga ProVideo, shfaq dyshen n\u00eb bregdet me pamje shum\u00eb freskuese. (Lajmi.net)<\/p>\n","protected":false},"author":1,"featured_media":0,"comment_status":"closed","ping_status":"closed","sticky":false,"template":"","format":"standard","meta":{"spay_email":"","jetpack_publicize_message":"","jetpack_is_tweetstorm":false,"jetpack_publicize_feature_enabled":true},"categories":[1],"tags":[],"jetpack_publicize_connections":[],"yoast_head":"<!-- This site is optimized with the Yoast SEO plugin v19.1 - https:\/\/yoast.com\/wordpress\/plugins\/seo\/ -->\n<title>\u2018Shum\u00eb pis\u2019 Ledri dhe Era shum\u00eb e nxeht\u00eb - Video - Lajme nga Ulqini<\/title>\n<meta name=\"description\" content=\"Ledri Vula dhe Era Istrefi kan\u00eb lansuar k\u00ebng\u00ebn mjaft t\u00eb pritur \u2018Shum\u00eb pis\u2019. Me muzik\u00eb nga BigBang dhe tekst nga vet\u00eb artist\u00ebt, Ledri dhe Era kan\u00eb sjell\u00eb\" \/>\n<meta name=\"robots\" content=\"index, follow, max-snippet:-1, max-image-preview:large, max-video-preview:-1\" \/>\n<link rel=\"canonical\" href=\"https:\/\/www.visit-ulcinj.com\/blog\/2015\/07\/05\/shume-pis-ledri-dhe-era-shume-e-nxehte-video\/\" \/>\n<meta property=\"og:locale\" content=\"en_US\" \/>\n<meta property=\"og:type\" content=\"article\" \/>\n<meta property=\"og:title\" content=\"\u2018Shum\u00eb pis\u2019 Ledri dhe Era shum\u00eb e nxeht\u00eb - Video - Lajme nga Ulqini\" \/>\n<meta property=\"og:description\" content=\"Ledri Vula dhe Era Istrefi kan\u00eb lansuar k\u00ebng\u00ebn mjaft t\u00eb pritur \u2018Shum\u00eb pis\u2019. Me muzik\u00eb nga BigBang dhe tekst nga vet\u00eb artist\u00ebt, Ledri dhe Era kan\u00eb sjell\u00eb\" \/>\n<meta property=\"og:url\" content=\"https:\/\/www.visit-ulcinj.com\/blog\/2015\/07\/05\/shume-pis-ledri-dhe-era-shume-e-nxehte-video\/\" \/>\n<meta property=\"og:site_name\" content=\"Lajme nga Ulqini\" \/>\n<meta property=\"article:published_time\" content=\"2015-07-05T12:09:37+00:00\" \/>\n<meta property=\"og:image\" content=\"http:\/\/www.visit-ulcinj.com\/blog\/wp-content\/uploads\/2015\/07\/Ledri-Vula-dhe-Era-Istrefi.jpg\" \/>\n<meta name=\"twitter:label1\" content=\"Written by\" \/>\n\t<meta name=\"twitter:data1\" content=\"ulqini\" \/>\n<script type=\"application\/ld+json\" class=\"yoast-schema-graph\">{\"@context\":\"https:\/\/schema.org\",\"@graph\":[{\"@type\":\"WebSite\",\"@id\":\"https:\/\/www.visit-ulcinj.com\/blog\/#website\",\"url\":\"https:\/\/www.visit-ulcinj.com\/blog\/\",\"name\":\"Lajme nga Ulqini\",\"description\":\"Lajme,Vijesti,Ulqini,Ulqin,Crna Gora,Mali i Zi\",\"potentialAction\":[{\"@type\":\"SearchAction\",\"target\":{\"@type\":\"EntryPoint\",\"urlTemplate\":\"https:\/\/www.visit-ulcinj.com\/blog\/?s={search_term_string}\"},\"query-input\":\"required name=search_term_string\"}],\"inLanguage\":\"en-US\"},{\"@type\":\"ImageObject\",\"inLanguage\":\"en-US\",\"@id\":\"https:\/\/www.visit-ulcinj.com\/blog\/2015\/07\/05\/shume-pis-ledri-dhe-era-shume-e-nxehte-video\/#primaryimage\",\"url\":\"http:\/\/www.visit-ulcinj.com\/blog\/wp-content\/uploads\/2015\/07\/Ledri-Vula-dhe-Era-Istrefi.jpg\",\"contentUrl\":\"http:\/\/www.visit-ulcinj.com\/blog\/wp-content\/uploads\/2015\/07\/Ledri-Vula-dhe-Era-Istrefi.jpg\"},{\"@type\":\"WebPage\",\"@id\":\"https:\/\/www.visit-ulcinj.com\/blog\/2015\/07\/05\/shume-pis-ledri-dhe-era-shume-e-nxehte-video\/#webpage\",\"url\":\"https:\/\/www.visit-ulcinj.com\/blog\/2015\/07\/05\/shume-pis-ledri-dhe-era-shume-e-nxehte-video\/\",\"name\":\"\u2018Shum\u00eb pis\u2019 Ledri dhe Era shum\u00eb e nxeht\u00eb - Video - Lajme nga Ulqini\",\"isPartOf\":{\"@id\":\"https:\/\/www.visit-ulcinj.com\/blog\/#website\"},\"primaryImageOfPage\":{\"@id\":\"https:\/\/www.visit-ulcinj.com\/blog\/2015\/07\/05\/shume-pis-ledri-dhe-era-shume-e-nxehte-video\/#primaryimage\"},\"datePublished\":\"2015-07-05T12:09:37+00:00\",\"dateModified\":\"2015-07-05T12:09:37+00:00\",\"author\":{\"@id\":\"https:\/\/www.visit-ulcinj.com\/blog\/#\/schema\/person\/dcab619c614d3038751c63bc2aadc06d\"},\"description\":\"Ledri Vula dhe Era Istrefi kan\u00eb lansuar k\u00ebng\u00ebn mjaft t\u00eb pritur \u2018Shum\u00eb pis\u2019. Me muzik\u00eb nga BigBang dhe tekst nga vet\u00eb artist\u00ebt, Ledri dhe Era kan\u00eb sjell\u00eb\",\"breadcrumb\":{\"@id\":\"https:\/\/www.visit-ulcinj.com\/blog\/2015\/07\/05\/shume-pis-ledri-dhe-era-shume-e-nxehte-video\/#breadcrumb\"},\"inLanguage\":\"en-US\",\"potentialAction\":[{\"@type\":\"ReadAction\",\"target\":[\"https:\/\/www.visit-ulcinj.com\/blog\/2015\/07\/05\/shume-pis-ledri-dhe-era-shume-e-nxehte-video\/\"]}]},{\"@type\":\"BreadcrumbList\",\"@id\":\"https:\/\/www.visit-ulcinj.com\/blog\/2015\/07\/05\/shume-pis-ledri-dhe-era-shume-e-nxehte-video\/#breadcrumb\",\"itemListElement\":[{\"@type\":\"ListItem\",\"position\":1,\"name\":\"\u2018Shum\u00eb pis\u2019 Ledri dhe Era shum\u00eb e nxeht\u00eb &#8211; Video\"}]},{\"@type\":\"Person\",\"@id\":\"https:\/\/www.visit-ulcinj.com\/blog\/#\/schema\/person\/dcab619c614d3038751c63bc2aadc06d\",\"name\":\"ulqini\",\"sameAs\":[\"http:\/\/www.visit-ulcinj.com\"],\"url\":\"https:\/\/www.visit-ulcinj.com\/blog\/author\/admin\/\"}]}<\/script>\n<!-- \/ Yoast SEO plugin. -->","yoast_head_json":{"title":"\u2018Shum\u00eb pis\u2019 Ledri dhe Era shum\u00eb e nxeht\u00eb - Video - Lajme nga Ulqini","description":"Ledri Vula dhe Era Istrefi kan\u00eb lansuar k\u00ebng\u00ebn mjaft t\u00eb pritur \u2018Shum\u00eb pis\u2019. Me muzik\u00eb nga BigBang dhe tekst nga vet\u00eb artist\u00ebt, Ledri dhe Era kan\u00eb sjell\u00eb","robots":{"index":"index","follow":"follow","max-snippet":"max-snippet:-1","max-image-preview":"max-image-preview:large","max-video-preview":"max-video-preview:-1"},"canonical":"https:\/\/www.visit-ulcinj.com\/blog\/2015\/07\/05\/shume-pis-ledri-dhe-era-shume-e-nxehte-video\/","og_locale":"en_US","og_type":"article","og_title":"\u2018Shum\u00eb pis\u2019 Ledri dhe Era shum\u00eb e nxeht\u00eb - Video - Lajme nga Ulqini","og_description":"Ledri Vula dhe Era Istrefi kan\u00eb lansuar k\u00ebng\u00ebn mjaft t\u00eb pritur \u2018Shum\u00eb pis\u2019. Me muzik\u00eb nga BigBang dhe tekst nga vet\u00eb artist\u00ebt, Ledri dhe Era kan\u00eb sjell\u00eb","og_url":"https:\/\/www.visit-ulcinj.com\/blog\/2015\/07\/05\/shume-pis-ledri-dhe-era-shume-e-nxehte-video\/","og_site_name":"Lajme nga Ulqini","article_published_time":"2015-07-05T12:09:37+00:00","og_image":[{"url":"http:\/\/www.visit-ulcinj.com\/blog\/wp-content\/uploads\/2015\/07\/Ledri-Vula-dhe-Era-Istrefi.jpg"}],"twitter_misc":{"Written by":"ulqini"},"schema":{"@context":"https:\/\/schema.org","@graph":[{"@type":"WebSite","@id":"https:\/\/www.visit-ulcinj.com\/blog\/#website","url":"https:\/\/www.visit-ulcinj.com\/blog\/","name":"Lajme nga Ulqini","description":"Lajme,Vijesti,Ulqini,Ulqin,Crna Gora,Mali i Zi","potentialAction":[{"@type":"SearchAction","target":{"@type":"EntryPoint","urlTemplate":"https:\/\/www.visit-ulcinj.com\/blog\/?s={search_term_string}"},"query-input":"required name=search_term_string"}],"inLanguage":"en-US"},{"@type":"ImageObject","inLanguage":"en-US","@id":"https:\/\/www.visit-ulcinj.com\/blog\/2015\/07\/05\/shume-pis-ledri-dhe-era-shume-e-nxehte-video\/#primaryimage","url":"http:\/\/www.visit-ulcinj.com\/blog\/wp-content\/uploads\/2015\/07\/Ledri-Vula-dhe-Era-Istrefi.jpg","contentUrl":"http:\/\/www.visit-ulcinj.com\/blog\/wp-content\/uploads\/2015\/07\/Ledri-Vula-dhe-Era-Istrefi.jpg"},{"@type":"WebPage","@id":"https:\/\/www.visit-ulcinj.com\/blog\/2015\/07\/05\/shume-pis-ledri-dhe-era-shume-e-nxehte-video\/#webpage","url":"https:\/\/www.visit-ulcinj.com\/blog\/2015\/07\/05\/shume-pis-ledri-dhe-era-shume-e-nxehte-video\/","name":"\u2018Shum\u00eb pis\u2019 Ledri dhe Era shum\u00eb e nxeht\u00eb - Video - Lajme nga Ulqini","isPartOf":{"@id":"https:\/\/www.visit-ulcinj.com\/blog\/#website"},"primaryImageOfPage":{"@id":"https:\/\/www.visit-ulcinj.com\/blog\/2015\/07\/05\/shume-pis-ledri-dhe-era-shume-e-nxehte-video\/#primaryimage"},"datePublished":"2015-07-05T12:09:37+00:00","dateModified":"2015-07-05T12:09:37+00:00","author":{"@id":"https:\/\/www.visit-ulcinj.com\/blog\/#\/schema\/person\/dcab619c614d3038751c63bc2aadc06d"},"description":"Ledri Vula dhe Era Istrefi kan\u00eb lansuar k\u00ebng\u00ebn mjaft t\u00eb pritur \u2018Shum\u00eb pis\u2019. Me muzik\u00eb nga BigBang dhe tekst nga vet\u00eb artist\u00ebt, Ledri dhe Era kan\u00eb sjell\u00eb","breadcrumb":{"@id":"https:\/\/www.visit-ulcinj.com\/blog\/2015\/07\/05\/shume-pis-ledri-dhe-era-shume-e-nxehte-video\/#breadcrumb"},"inLanguage":"en-US","potentialAction":[{"@type":"ReadAction","target":["https:\/\/www.visit-ulcinj.com\/blog\/2015\/07\/05\/shume-pis-ledri-dhe-era-shume-e-nxehte-video\/"]}]},{"@type":"BreadcrumbList","@id":"https:\/\/www.visit-ulcinj.com\/blog\/2015\/07\/05\/shume-pis-ledri-dhe-era-shume-e-nxehte-video\/#breadcrumb","itemListElement":[{"@type":"ListItem","position":1,"name":"\u2018Shum\u00eb pis\u2019 Ledri dhe Era shum\u00eb e nxeht\u00eb &#8211; Video"}]},{"@type":"Person","@id":"https:\/\/www.visit-ulcinj.com\/blog\/#\/schema\/person\/dcab619c614d3038751c63bc2aadc06d","name":"ulqini","sameAs":["http:\/\/www.visit-ulcinj.com"],"url":"https:\/\/www.visit-ulcinj.com\/blog\/author\/admin\/"}]}},"jetpack_featured_media_url":"","jetpack_sharing_enabled":true,"jetpack_shortlink":"https:\/\/wp.me\/pe6lTn-nLV","_links":{"self":[{"href":"https:\/\/www.visit-ulcinj.com\/blog\/wp-json\/wp\/v2\/posts\/91383"}],"collection":[{"href":"https:\/\/www.visit-ulcinj.com\/blog\/wp-json\/wp\/v2\/posts"}],"about":[{"href":"https:\/\/www.visit-ulcinj.com\/blog\/wp-json\/wp\/v2\/types\/post"}],"author":[{"embeddable":true,"href":"https:\/\/www.visit-ulcinj.com\/blog\/wp-json\/wp\/v2\/users\/1"}],"replies":[{"embeddable":true,"href":"https:\/\/www.visit-ulcinj.com\/blog\/wp-json\/wp\/v2\/comments?post=91383"}],"version-history":[{"count":1,"href":"https:\/\/www.visit-ulcinj.com\/blog\/wp-json\/wp\/v2\/posts\/91383\/revisions"}],"predecessor-version":[{"id":91385,"href":"https:\/\/www.visit-ulcinj.com\/blog\/wp-json\/wp\/v2\/posts\/91383\/revisions\/91385"}],"wp:attachment":[{"href":"https:\/\/www.visit-ulcinj.com\/blog\/wp-json\/wp\/v2\/media?parent=91383"}],"wp:term":[{"taxonomy":"category","embeddable":true,"href":"https:\/\/www.visit-ulcinj.com\/blog\/wp-json\/wp\/v2\/categories?post=91383"},{"taxonomy":"post_tag","embeddable":true,"href":"https:\/\/www.visit-ulcinj.com\/blog\/wp-json\/wp\/v2\/tags?post=91383"}],"curies":[{"name":"wp","href":"https:\/\/api.w.org\/{rel}","templated":true}]}}