{"id":91388,"date":"2015-07-05T16:43:18","date_gmt":"2015-07-05T15:43:18","guid":{"rendered":"http:\/\/www.visit-ulcinj.com\/blog\/?p=91388"},"modified":"2015-07-05T16:44:32","modified_gmt":"2015-07-05T15:44:32","slug":"bardhi-uron-ambasadoren-uyehara-diten-e-pavaresise-te-shba","status":"publish","type":"post","link":"https:\/\/www.visit-ulcinj.com\/blog\/2015\/07\/05\/bardhi-uron-ambasadoren-uyehara-diten-e-pavaresise-te-shba\/","title":{"rendered":"Bardhi uron Ambasadoren Uyehara, dit\u00ebn e pavar\u00ebsis\u00eb t\u00eb SHBA"},"content":{"rendered":"<p><strong> <a href=\"http:\/\/www.visit-ulcinj.com\/blog\/wp-content\/uploads\/2014\/01\/Mehmet-Bardhi.jpg\"><img loading=\"lazy\" class=\"alignleft wp-image-79087\" src=\"http:\/\/www.visit-ulcinj.com\/blog\/wp-content\/uploads\/2014\/01\/Mehmet-Bardhi.jpg\" alt=\"Mehmet-Bardhi\" width=\"508\" height=\"336\" srcset=\"https:\/\/www.visit-ulcinj.com\/blog\/wp-content\/uploads\/2014\/01\/Mehmet-Bardhi.jpg 731w, https:\/\/www.visit-ulcinj.com\/blog\/wp-content\/uploads\/2014\/01\/Mehmet-Bardhi-300x198.jpg 300w\" sizes=\"(max-width: 508px) 100vw, 508px\" \/><\/a><strong>M BARDHI URON AMBASADOREN M A UYEHARA ME RASTIN E 4 KORRIKUT \u2013 DIT\u00cbS S\u00cb PAVAR\u00cbSIS\u00cb S\u00cb SHBA<br \/>\n<\/strong><\/p>\n<p><strong>N\u00eb Ulqin, m\u00eb 4 korrik 2015<\/strong><\/p>\n<p><strong>\u00a0<\/strong><\/p>\n<p><strong>AMBASADA E SHTETEVE T\u00cb BASHKUARA T\u00cb AMERIK\u00cbS N\u00cb PODGORIC\u00cb<\/strong><\/p>\n<p><strong>Ambasadores Shkelqesis\u00eb s\u00eb Saj<\/strong><\/p>\n<p><strong>Margaret En Uehara (Margaret <\/strong><strong>Ann Uyehara)<\/strong><\/p>\n<p><strong>Rruga Xhon Xhekson 2 (<\/strong><strong>John Jackson St.<\/strong><strong> 2 \/ <\/strong><strong>D<\/strong><strong>\u017e<\/strong><strong>ona D\u017eeksona 2)<\/p>\n<p><\/strong><\/p>\n<p><strong><span style=\"text-decoration: underline;\">P o d g o r i c \u00eb<\/span><\/strong><\/p>\n<p><strong>\u00a0<\/strong><\/p>\n<p><strong>Shk\u00eblqesia e Juaj Ambasadore Uyehara,<\/strong><\/p>\n<p>&nbsp;<\/p>\n<p>Meqen\u00ebse sivjet nuk pata rastin q\u00eb t\u00eb jem prezent dhe n\u00eb vend t\u2019ju uroj 4 korrikut \u2013 Dit\u00ebn e Pavar\u00ebsis\u00eb s\u00eb Shteteva t\u00eb Bashkuara t\u00eb Amerik\u00ebs, shfryt\u00ebzoj rastin, q\u00eb n\u00eb respektin Tuaj si Ambasadore dhe n\u00eb respekt e nderim t\u00eb Shteteve t\u00eb Bashkuara t\u00eb Amerik\u00ebs, shtetit t\u00eb v\u00ebrtet\u00eb, q\u00eb respekton, zbaton e avancon t\u00eb drejtat dhe lirin\u00eb e njeriut, individuale dhe ato kolrktive, shtetit ku tashm\u00eb gjet\u00ebn atdheun e dyt\u00eb me mij\u00ebra shqiptar\u00eb, nga t\u00eb gjitha trojet, po edhe nga Mali i Zi, t\u00eb cil\u00ebt u detyruan n\u00eb periudha t\u00eb ndryshme, madje edhe sot, p\u00ebr arsye t\u00eb shumta: nga mohimi i t\u00eb drejtave e lirive individuale dhe atyre kolektive, atyre politike e deri te ato ekonomike, t\u00eb l\u00ebshojn\u00eb vatrat e tyre st\u00ebrgjyshore, sot n\u00eb Malin e Zi, e t\u00eb vendos\u00ebn n\u00eb SHBA, q\u00eb ta b\u00ebj k\u00ebt\u00eb me an\u00eb t\u00eb k\u00ebsaj letre urimi.<\/p>\n<p>&nbsp;<\/p>\n<p><strong>Shk\u00eblqesia e Juaj Ambasadore Uyehara,<\/strong> m\u00eb lejoni q\u00eb n\u00eb em\u00ebr t\u00eb Lidhjes Demokratike n\u00eb Mal t\u00eb ZI (LD n\u00eb MZ), partis\u00eb s\u00eb par\u00eb politike t\u00eb shqiptar\u00ebve n\u00eb trojet e veta, sot n\u00eb Malin e Zi, e fomuar m\u00eb 09.09.1990, partis\u00eb q\u00eb me parim\u00ebsi e me p\u00ebrkushtueshm\u00ebri q\u00eb 25 vjet po mundohet t\u2019i p\u00ebrfaq\u00ebsoj\u00eb dhe t\u00eb mbroj\u00eb t\u00eb drejtat dhe lirit\u00eb pjes\u00ebtar\u00ebve t\u00eb kombit t\u00eb cilit i takon, po edhe t\u00eb tjer\u00ebve, p\u00ebr zhvillimin e demokracis\u00eb s\u00eb v\u00ebrtet\u00eb dhe prosperitetit ekonomik, t\u00eb cilat n\u00eb vazhdim\u00ebsi po edhe sot po na merren n\u00ebp\u00ebr k\u00ebmb\u00eb e po na cenohe e na mohohen, n\u00eb em\u00ebr t\u00eb udh\u00ebheq\u00ebsis\u00eb, t\u00eb an\u00ebtar\u00ebsis\u00eb s\u00eb saj dhe n\u00eb emrin tim personal, <strong>t\u2019ju uroj 4 korrikun &#8211; Dit\u00ebn e pavar\u00ebsis\u00eb s\u00eb SHBA.<\/strong><\/p>\n<p>&nbsp;<\/p>\n<p>Ju, u uroj mir\u00ebseardhje n\u00eb Malin e zi, si ambasadore fuqiplote e SHBA-ve, mikes s\u00eb v\u00ebrtet\u00eb t\u00eb popullit shqiptar, pa\u00e7i sh\u00ebndet dhe suksese n\u00eb jet\u00eb dhe n\u00eb pun\u00eb.<\/p>\n<p>&nbsp;<\/p>\n<p>Un\u00eb dhe LD n\u00eb MZ, jemi si gjithnj\u00eb t\u00eb hapur, p\u00ebr nj\u00eb bashk\u00ebpunim t\u00eb mir\u00eb e t\u00eb suksessh\u00ebm si edhe gjith\u00ebher\u00eb deri tash.<\/p>\n<p>&nbsp;<\/p>\n<p><strong>Me respekt.<\/strong><\/p>\n<p><strong>Mehmet BARDHI, profesor, kryetar i LD n\u00eb MZ<\/strong><\/p>\n<p><strong>Mehmet Bardhi<\/strong><\/p>\n<p><strong>E-mail: mbardhi@hotmail.com<\/strong><\/p>\n<p>&nbsp;<\/p>\n","protected":false},"excerpt":{"rendered":"<p>M BARDHI URON AMBASADOREN M A UYEHARA ME RASTIN E 4 KORRIKUT \u2013 DIT\u00cbS S\u00cb PAVAR\u00cbSIS\u00cb S\u00cb SHBA N\u00eb Ulqin, m\u00eb 4 korrik 2015 \u00a0 AMBASADA E SHTETEVE T\u00cb BASHKUARA T\u00cb AMERIK\u00cbS N\u00cb PODGORIC\u00cb Ambasadores Shkelqesis\u00eb s\u00eb Saj Margaret En Uehara (Margaret Ann Uyehara) Rruga Xhon Xhekson 2 (John Jackson St. 2 \/ D\u017eona D\u017eeksona [&hellip;]<\/p>\n","protected":false},"author":1,"featured_media":0,"comment_status":"closed","ping_status":"closed","sticky":false,"template":"","format":"standard","meta":{"spay_email":"","jetpack_publicize_message":"","jetpack_is_tweetstorm":false,"jetpack_publicize_feature_enabled":true},"categories":[14],"tags":[],"jetpack_publicize_connections":[],"yoast_head":"<!-- This site is optimized with the Yoast SEO plugin v19.1 - https:\/\/yoast.com\/wordpress\/plugins\/seo\/ -->\n<title>Bardhi uron Ambasadoren Uyehara, dit\u00ebn e pavar\u00ebsis\u00eb t\u00eb SHBA - Lajme nga Ulqini<\/title>\n<meta name=\"description\" content=\"M BARDHI URON AMBASADOREN M A UYEHARA ME RASTIN E 4 KORRIKUT \u2013 DIT\u00cbS S\u00cb PAVAR\u00cbSIS\u00cb S\u00cb SHBA N\u00eb Ulqin, m\u00eb 4 korrik 2015 \u00a0 AMBASADA E SHTETEVE T\u00cb BASHKUARA\" \/>\n<meta name=\"robots\" content=\"index, follow, max-snippet:-1, max-image-preview:large, max-video-preview:-1\" \/>\n<link rel=\"canonical\" href=\"https:\/\/www.visit-ulcinj.com\/blog\/2015\/07\/05\/bardhi-uron-ambasadoren-uyehara-diten-e-pavaresise-te-shba\/\" \/>\n<meta property=\"og:locale\" content=\"en_US\" \/>\n<meta property=\"og:type\" content=\"article\" \/>\n<meta property=\"og:title\" content=\"Bardhi uron Ambasadoren Uyehara, dit\u00ebn e pavar\u00ebsis\u00eb t\u00eb SHBA - Lajme nga Ulqini\" \/>\n<meta property=\"og:description\" content=\"M BARDHI URON AMBASADOREN M A UYEHARA ME RASTIN E 4 KORRIKUT \u2013 DIT\u00cbS S\u00cb PAVAR\u00cbSIS\u00cb S\u00cb SHBA N\u00eb Ulqin, m\u00eb 4 korrik 2015 \u00a0 AMBASADA E SHTETEVE T\u00cb BASHKUARA\" \/>\n<meta property=\"og:url\" content=\"https:\/\/www.visit-ulcinj.com\/blog\/2015\/07\/05\/bardhi-uron-ambasadoren-uyehara-diten-e-pavaresise-te-shba\/\" \/>\n<meta property=\"og:site_name\" content=\"Lajme nga Ulqini\" \/>\n<meta property=\"article:published_time\" content=\"2015-07-05T15:43:18+00:00\" \/>\n<meta property=\"article:modified_time\" content=\"2015-07-05T15:44:32+00:00\" \/>\n<meta property=\"og:image\" content=\"http:\/\/www.visit-ulcinj.com\/blog\/wp-content\/uploads\/2014\/01\/Mehmet-Bardhi.jpg\" \/>\n<meta name=\"twitter:label1\" content=\"Written by\" \/>\n\t<meta name=\"twitter:data1\" content=\"ulqini\" \/>\n\t<meta name=\"twitter:label2\" content=\"Est. reading time\" \/>\n\t<meta name=\"twitter:data2\" content=\"2 minutes\" \/>\n<script type=\"application\/ld+json\" class=\"yoast-schema-graph\">{\"@context\":\"https:\/\/schema.org\",\"@graph\":[{\"@type\":\"WebSite\",\"@id\":\"https:\/\/www.visit-ulcinj.com\/blog\/#website\",\"url\":\"https:\/\/www.visit-ulcinj.com\/blog\/\",\"name\":\"Lajme nga Ulqini\",\"description\":\"Lajme,Vijesti,Ulqini,Ulqin,Crna Gora,Mali i Zi\",\"potentialAction\":[{\"@type\":\"SearchAction\",\"target\":{\"@type\":\"EntryPoint\",\"urlTemplate\":\"https:\/\/www.visit-ulcinj.com\/blog\/?s={search_term_string}\"},\"query-input\":\"required name=search_term_string\"}],\"inLanguage\":\"en-US\"},{\"@type\":\"ImageObject\",\"inLanguage\":\"en-US\",\"@id\":\"https:\/\/www.visit-ulcinj.com\/blog\/2015\/07\/05\/bardhi-uron-ambasadoren-uyehara-diten-e-pavaresise-te-shba\/#primaryimage\",\"url\":\"https:\/\/www.visit-ulcinj.com\/blog\/wp-content\/uploads\/2014\/01\/Mehmet-Bardhi.jpg\",\"contentUrl\":\"https:\/\/www.visit-ulcinj.com\/blog\/wp-content\/uploads\/2014\/01\/Mehmet-Bardhi.jpg\",\"width\":731,\"height\":483},{\"@type\":\"WebPage\",\"@id\":\"https:\/\/www.visit-ulcinj.com\/blog\/2015\/07\/05\/bardhi-uron-ambasadoren-uyehara-diten-e-pavaresise-te-shba\/#webpage\",\"url\":\"https:\/\/www.visit-ulcinj.com\/blog\/2015\/07\/05\/bardhi-uron-ambasadoren-uyehara-diten-e-pavaresise-te-shba\/\",\"name\":\"Bardhi uron Ambasadoren Uyehara, dit\u00ebn e pavar\u00ebsis\u00eb t\u00eb SHBA - Lajme nga Ulqini\",\"isPartOf\":{\"@id\":\"https:\/\/www.visit-ulcinj.com\/blog\/#website\"},\"primaryImageOfPage\":{\"@id\":\"https:\/\/www.visit-ulcinj.com\/blog\/2015\/07\/05\/bardhi-uron-ambasadoren-uyehara-diten-e-pavaresise-te-shba\/#primaryimage\"},\"datePublished\":\"2015-07-05T15:43:18+00:00\",\"dateModified\":\"2015-07-05T15:44:32+00:00\",\"author\":{\"@id\":\"https:\/\/www.visit-ulcinj.com\/blog\/#\/schema\/person\/dcab619c614d3038751c63bc2aadc06d\"},\"description\":\"M BARDHI URON AMBASADOREN M A UYEHARA ME RASTIN E 4 KORRIKUT \u2013 DIT\u00cbS S\u00cb PAVAR\u00cbSIS\u00cb S\u00cb SHBA N\u00eb Ulqin, m\u00eb 4 korrik 2015 \u00a0 AMBASADA E SHTETEVE T\u00cb BASHKUARA\",\"breadcrumb\":{\"@id\":\"https:\/\/www.visit-ulcinj.com\/blog\/2015\/07\/05\/bardhi-uron-ambasadoren-uyehara-diten-e-pavaresise-te-shba\/#breadcrumb\"},\"inLanguage\":\"en-US\",\"potentialAction\":[{\"@type\":\"ReadAction\",\"target\":[\"https:\/\/www.visit-ulcinj.com\/blog\/2015\/07\/05\/bardhi-uron-ambasadoren-uyehara-diten-e-pavaresise-te-shba\/\"]}]},{\"@type\":\"BreadcrumbList\",\"@id\":\"https:\/\/www.visit-ulcinj.com\/blog\/2015\/07\/05\/bardhi-uron-ambasadoren-uyehara-diten-e-pavaresise-te-shba\/#breadcrumb\",\"itemListElement\":[{\"@type\":\"ListItem\",\"position\":1,\"name\":\"Bardhi uron Ambasadoren Uyehara, dit\u00ebn e pavar\u00ebsis\u00eb t\u00eb SHBA\"}]},{\"@type\":\"Person\",\"@id\":\"https:\/\/www.visit-ulcinj.com\/blog\/#\/schema\/person\/dcab619c614d3038751c63bc2aadc06d\",\"name\":\"ulqini\",\"sameAs\":[\"http:\/\/www.visit-ulcinj.com\"],\"url\":\"https:\/\/www.visit-ulcinj.com\/blog\/author\/admin\/\"}]}<\/script>\n<!-- \/ Yoast SEO plugin. -->","yoast_head_json":{"title":"Bardhi uron Ambasadoren Uyehara, dit\u00ebn e pavar\u00ebsis\u00eb t\u00eb SHBA - Lajme nga Ulqini","description":"M BARDHI URON AMBASADOREN M A UYEHARA ME RASTIN E 4 KORRIKUT \u2013 DIT\u00cbS S\u00cb PAVAR\u00cbSIS\u00cb S\u00cb SHBA N\u00eb Ulqin, m\u00eb 4 korrik 2015 \u00a0 AMBASADA E SHTETEVE T\u00cb BASHKUARA","robots":{"index":"index","follow":"follow","max-snippet":"max-snippet:-1","max-image-preview":"max-image-preview:large","max-video-preview":"max-video-preview:-1"},"canonical":"https:\/\/www.visit-ulcinj.com\/blog\/2015\/07\/05\/bardhi-uron-ambasadoren-uyehara-diten-e-pavaresise-te-shba\/","og_locale":"en_US","og_type":"article","og_title":"Bardhi uron Ambasadoren Uyehara, dit\u00ebn e pavar\u00ebsis\u00eb t\u00eb SHBA - Lajme nga Ulqini","og_description":"M BARDHI URON AMBASADOREN M A UYEHARA ME RASTIN E 4 KORRIKUT \u2013 DIT\u00cbS S\u00cb PAVAR\u00cbSIS\u00cb S\u00cb SHBA N\u00eb Ulqin, m\u00eb 4 korrik 2015 \u00a0 AMBASADA E SHTETEVE T\u00cb BASHKUARA","og_url":"https:\/\/www.visit-ulcinj.com\/blog\/2015\/07\/05\/bardhi-uron-ambasadoren-uyehara-diten-e-pavaresise-te-shba\/","og_site_name":"Lajme nga Ulqini","article_published_time":"2015-07-05T15:43:18+00:00","article_modified_time":"2015-07-05T15:44:32+00:00","og_image":[{"url":"http:\/\/www.visit-ulcinj.com\/blog\/wp-content\/uploads\/2014\/01\/Mehmet-Bardhi.jpg"}],"twitter_misc":{"Written by":"ulqini","Est. reading time":"2 minutes"},"schema":{"@context":"https:\/\/schema.org","@graph":[{"@type":"WebSite","@id":"https:\/\/www.visit-ulcinj.com\/blog\/#website","url":"https:\/\/www.visit-ulcinj.com\/blog\/","name":"Lajme nga Ulqini","description":"Lajme,Vijesti,Ulqini,Ulqin,Crna Gora,Mali i Zi","potentialAction":[{"@type":"SearchAction","target":{"@type":"EntryPoint","urlTemplate":"https:\/\/www.visit-ulcinj.com\/blog\/?s={search_term_string}"},"query-input":"required name=search_term_string"}],"inLanguage":"en-US"},{"@type":"ImageObject","inLanguage":"en-US","@id":"https:\/\/www.visit-ulcinj.com\/blog\/2015\/07\/05\/bardhi-uron-ambasadoren-uyehara-diten-e-pavaresise-te-shba\/#primaryimage","url":"https:\/\/www.visit-ulcinj.com\/blog\/wp-content\/uploads\/2014\/01\/Mehmet-Bardhi.jpg","contentUrl":"https:\/\/www.visit-ulcinj.com\/blog\/wp-content\/uploads\/2014\/01\/Mehmet-Bardhi.jpg","width":731,"height":483},{"@type":"WebPage","@id":"https:\/\/www.visit-ulcinj.com\/blog\/2015\/07\/05\/bardhi-uron-ambasadoren-uyehara-diten-e-pavaresise-te-shba\/#webpage","url":"https:\/\/www.visit-ulcinj.com\/blog\/2015\/07\/05\/bardhi-uron-ambasadoren-uyehara-diten-e-pavaresise-te-shba\/","name":"Bardhi uron Ambasadoren Uyehara, dit\u00ebn e pavar\u00ebsis\u00eb t\u00eb SHBA - Lajme nga Ulqini","isPartOf":{"@id":"https:\/\/www.visit-ulcinj.com\/blog\/#website"},"primaryImageOfPage":{"@id":"https:\/\/www.visit-ulcinj.com\/blog\/2015\/07\/05\/bardhi-uron-ambasadoren-uyehara-diten-e-pavaresise-te-shba\/#primaryimage"},"datePublished":"2015-07-05T15:43:18+00:00","dateModified":"2015-07-05T15:44:32+00:00","author":{"@id":"https:\/\/www.visit-ulcinj.com\/blog\/#\/schema\/person\/dcab619c614d3038751c63bc2aadc06d"},"description":"M BARDHI URON AMBASADOREN M A UYEHARA ME RASTIN E 4 KORRIKUT \u2013 DIT\u00cbS S\u00cb PAVAR\u00cbSIS\u00cb S\u00cb SHBA N\u00eb Ulqin, m\u00eb 4 korrik 2015 \u00a0 AMBASADA E SHTETEVE T\u00cb BASHKUARA","breadcrumb":{"@id":"https:\/\/www.visit-ulcinj.com\/blog\/2015\/07\/05\/bardhi-uron-ambasadoren-uyehara-diten-e-pavaresise-te-shba\/#breadcrumb"},"inLanguage":"en-US","potentialAction":[{"@type":"ReadAction","target":["https:\/\/www.visit-ulcinj.com\/blog\/2015\/07\/05\/bardhi-uron-ambasadoren-uyehara-diten-e-pavaresise-te-shba\/"]}]},{"@type":"BreadcrumbList","@id":"https:\/\/www.visit-ulcinj.com\/blog\/2015\/07\/05\/bardhi-uron-ambasadoren-uyehara-diten-e-pavaresise-te-shba\/#breadcrumb","itemListElement":[{"@type":"ListItem","position":1,"name":"Bardhi uron Ambasadoren Uyehara, dit\u00ebn e pavar\u00ebsis\u00eb t\u00eb SHBA"}]},{"@type":"Person","@id":"https:\/\/www.visit-ulcinj.com\/blog\/#\/schema\/person\/dcab619c614d3038751c63bc2aadc06d","name":"ulqini","sameAs":["http:\/\/www.visit-ulcinj.com"],"url":"https:\/\/www.visit-ulcinj.com\/blog\/author\/admin\/"}]}},"jetpack_featured_media_url":"","jetpack_sharing_enabled":true,"jetpack_shortlink":"https:\/\/wp.me\/pe6lTn-nM0","_links":{"self":[{"href":"https:\/\/www.visit-ulcinj.com\/blog\/wp-json\/wp\/v2\/posts\/91388"}],"collection":[{"href":"https:\/\/www.visit-ulcinj.com\/blog\/wp-json\/wp\/v2\/posts"}],"about":[{"href":"https:\/\/www.visit-ulcinj.com\/blog\/wp-json\/wp\/v2\/types\/post"}],"author":[{"embeddable":true,"href":"https:\/\/www.visit-ulcinj.com\/blog\/wp-json\/wp\/v2\/users\/1"}],"replies":[{"embeddable":true,"href":"https:\/\/www.visit-ulcinj.com\/blog\/wp-json\/wp\/v2\/comments?post=91388"}],"version-history":[{"count":2,"href":"https:\/\/www.visit-ulcinj.com\/blog\/wp-json\/wp\/v2\/posts\/91388\/revisions"}],"predecessor-version":[{"id":91390,"href":"https:\/\/www.visit-ulcinj.com\/blog\/wp-json\/wp\/v2\/posts\/91388\/revisions\/91390"}],"wp:attachment":[{"href":"https:\/\/www.visit-ulcinj.com\/blog\/wp-json\/wp\/v2\/media?parent=91388"}],"wp:term":[{"taxonomy":"category","embeddable":true,"href":"https:\/\/www.visit-ulcinj.com\/blog\/wp-json\/wp\/v2\/categories?post=91388"},{"taxonomy":"post_tag","embeddable":true,"href":"https:\/\/www.visit-ulcinj.com\/blog\/wp-json\/wp\/v2\/tags?post=91388"}],"curies":[{"name":"wp","href":"https:\/\/api.w.org\/{rel}","templated":true}]}}