{"id":91393,"date":"2015-07-05T16:59:12","date_gmt":"2015-07-05T15:59:12","guid":{"rendered":"http:\/\/www.visit-ulcinj.com\/blog\/?p=91393"},"modified":"2015-07-05T16:59:12","modified_gmt":"2015-07-05T15:59:12","slug":"skender-elezagic-v-d-predsjednika-oo-sdp-ulcinj","status":"publish","type":"post","link":"https:\/\/www.visit-ulcinj.com\/blog\/2015\/07\/05\/skender-elezagic-v-d-predsjednika-oo-sdp-ulcinj\/","title":{"rendered":"Skender Elezagi\u0107 v.d. predsjednika OO SDP Ulcinj"},"content":{"rendered":"<p id=\"articleIntro\"><a href=\"http:\/\/www.visit-ulcinj.com\/blog\/wp-content\/uploads\/2014\/12\/Skender-Elezagiq-Ulqin.jpg\"><img loading=\"lazy\" class=\"alignleft wp-image-87152\" src=\"http:\/\/www.visit-ulcinj.com\/blog\/wp-content\/uploads\/2014\/12\/Skender-Elezagiq-Ulqin.jpg\" alt=\"Skender Elezagiq-Ulqin\" width=\"508\" height=\"289\" srcset=\"https:\/\/www.visit-ulcinj.com\/blog\/wp-content\/uploads\/2014\/12\/Skender-Elezagiq-Ulqin.jpg 717w, https:\/\/www.visit-ulcinj.com\/blog\/wp-content\/uploads\/2014\/12\/Skender-Elezagiq-Ulqin-300x170.jpg 300w\" sizes=\"(max-width: 508px) 100vw, 508px\" \/><\/a>Sjednica OO SDP Ulcinj odr\u017eana je u subotu na kojoj je prisustvovala ogromna ve\u0107ina \u010dlanova OO koji su dali punu podr\u0161ku nastavku sprovo\u0111enja politike SDP-a i ideji jake, stabilne i jedinstvene partijske organizacije, saop\u0161tio je v.d. predsjednika OO SDP Ulcinj Skendera Elezagi\u0107a.<\/p>\n<div id=\"articleContent\">\n<p>Na sjednici je\u00a0Skender Elezagi\u0107, odbor u Skup\u0161tini Op\u0161tine Ulcinj jednoglasno\u00a0izabran\u00a0za\u00a0v.d.\u00a0predsjednika OO SDP Ulcinj i dogovoreno da se zapo\u010dnu aktivnosti na organizaciji op\u0161tinske izborne konvencije.<\/p>\n<p>-Iako smo svjesni posljedica\u00a0odlaska, makar i jednog \u010dlana SDP-a, sa zadovoljstvom isti\u010demo da je zadnjih dana izra\u017een priliv i poja\u010dano interesovanje gra\u0111ana Ulcinja i na\u0161ih simpatizera, tako da smo sigurni da \u0107e iz svega ovoga, makar kada je rije\u010d o SDP u Ulcinju, a ubje\u0111eni smo da \u0107e tako biti i na nivou dr\u017eave, Partija iza\u0107i\u00a0jedinstvenija i ja\u010da,\u00a0brojnija i\u00a0sa ve\u0107om podr\u0161kom u bira\u010dkom tijelu, navodi se u saop\u0161tenju.<\/p>\n<p>Sjednici su i ime rukovodstva SDP prisustvovali \u010dlanovi Predsjedni\u0161tva Osman Suba\u0161i\u0107 i Ramo Brali\u0107 i portparol Mirko Stani\u0107.<\/p>\n<p><strong>Izvor: PortalAnalitika<\/strong><\/p>\n<\/div>\n","protected":false},"excerpt":{"rendered":"<p>Sjednica OO SDP Ulcinj odr\u017eana je u subotu na kojoj je prisustvovala ogromna ve\u0107ina \u010dlanova OO koji su dali punu podr\u0161ku nastavku sprovo\u0111enja politike SDP-a i ideji jake, stabilne i jedinstvene partijske organizacije, saop\u0161tio je v.d. predsjednika OO SDP Ulcinj Skendera Elezagi\u0107a. Na sjednici je\u00a0Skender Elezagi\u0107, odbor u Skup\u0161tini Op\u0161tine Ulcinj jednoglasno\u00a0izabran\u00a0za\u00a0v.d.\u00a0predsjednika OO SDP Ulcinj [&hellip;]<\/p>\n","protected":false},"author":1,"featured_media":0,"comment_status":"closed","ping_status":"closed","sticky":false,"template":"","format":"standard","meta":{"spay_email":"","jetpack_publicize_message":"","jetpack_is_tweetstorm":false,"jetpack_publicize_feature_enabled":true},"categories":[8337],"tags":[],"jetpack_publicize_connections":[],"yoast_head":"<!-- This site is optimized with the Yoast SEO plugin v19.1 - https:\/\/yoast.com\/wordpress\/plugins\/seo\/ -->\n<title>Skender Elezagi\u0107 v.d. predsjednika OO SDP Ulcinj - Lajme nga Ulqini<\/title>\n<meta name=\"description\" content=\"Sjednica OO SDP Ulcinj odr\u017eana je u subotu na kojoj je prisustvovala ogromna ve\u0107ina \u010dlanova OO koji su dali punu podr\u0161ku nastavku sprovo\u0111enja politike\" \/>\n<meta name=\"robots\" content=\"index, follow, max-snippet:-1, max-image-preview:large, max-video-preview:-1\" \/>\n<link rel=\"canonical\" href=\"https:\/\/www.visit-ulcinj.com\/blog\/2015\/07\/05\/skender-elezagic-v-d-predsjednika-oo-sdp-ulcinj\/\" \/>\n<meta property=\"og:locale\" content=\"en_US\" \/>\n<meta property=\"og:type\" content=\"article\" \/>\n<meta property=\"og:title\" content=\"Skender Elezagi\u0107 v.d. predsjednika OO SDP Ulcinj - Lajme nga Ulqini\" \/>\n<meta property=\"og:description\" content=\"Sjednica OO SDP Ulcinj odr\u017eana je u subotu na kojoj je prisustvovala ogromna ve\u0107ina \u010dlanova OO koji su dali punu podr\u0161ku nastavku sprovo\u0111enja politike\" \/>\n<meta property=\"og:url\" content=\"https:\/\/www.visit-ulcinj.com\/blog\/2015\/07\/05\/skender-elezagic-v-d-predsjednika-oo-sdp-ulcinj\/\" \/>\n<meta property=\"og:site_name\" content=\"Lajme nga Ulqini\" \/>\n<meta property=\"article:published_time\" content=\"2015-07-05T15:59:12+00:00\" \/>\n<meta property=\"og:image\" content=\"http:\/\/www.visit-ulcinj.com\/blog\/wp-content\/uploads\/2014\/12\/Skender-Elezagiq-Ulqin.jpg\" \/>\n<meta name=\"twitter:label1\" content=\"Written by\" \/>\n\t<meta name=\"twitter:data1\" content=\"ulqini\" \/>\n\t<meta name=\"twitter:label2\" content=\"Est. reading time\" \/>\n\t<meta name=\"twitter:data2\" content=\"1 minute\" \/>\n<script type=\"application\/ld+json\" class=\"yoast-schema-graph\">{\"@context\":\"https:\/\/schema.org\",\"@graph\":[{\"@type\":\"WebSite\",\"@id\":\"https:\/\/www.visit-ulcinj.com\/blog\/#website\",\"url\":\"https:\/\/www.visit-ulcinj.com\/blog\/\",\"name\":\"Lajme nga Ulqini\",\"description\":\"Lajme,Vijesti,Ulqini,Ulqin,Crna Gora,Mali i Zi\",\"potentialAction\":[{\"@type\":\"SearchAction\",\"target\":{\"@type\":\"EntryPoint\",\"urlTemplate\":\"https:\/\/www.visit-ulcinj.com\/blog\/?s={search_term_string}\"},\"query-input\":\"required name=search_term_string\"}],\"inLanguage\":\"en-US\"},{\"@type\":\"ImageObject\",\"inLanguage\":\"en-US\",\"@id\":\"https:\/\/www.visit-ulcinj.com\/blog\/2015\/07\/05\/skender-elezagic-v-d-predsjednika-oo-sdp-ulcinj\/#primaryimage\",\"url\":\"https:\/\/www.visit-ulcinj.com\/blog\/wp-content\/uploads\/2014\/12\/Skender-Elezagiq-Ulqin.jpg\",\"contentUrl\":\"https:\/\/www.visit-ulcinj.com\/blog\/wp-content\/uploads\/2014\/12\/Skender-Elezagiq-Ulqin.jpg\",\"width\":717,\"height\":408},{\"@type\":\"WebPage\",\"@id\":\"https:\/\/www.visit-ulcinj.com\/blog\/2015\/07\/05\/skender-elezagic-v-d-predsjednika-oo-sdp-ulcinj\/#webpage\",\"url\":\"https:\/\/www.visit-ulcinj.com\/blog\/2015\/07\/05\/skender-elezagic-v-d-predsjednika-oo-sdp-ulcinj\/\",\"name\":\"Skender Elezagi\u0107 v.d. predsjednika OO SDP Ulcinj - Lajme nga Ulqini\",\"isPartOf\":{\"@id\":\"https:\/\/www.visit-ulcinj.com\/blog\/#website\"},\"primaryImageOfPage\":{\"@id\":\"https:\/\/www.visit-ulcinj.com\/blog\/2015\/07\/05\/skender-elezagic-v-d-predsjednika-oo-sdp-ulcinj\/#primaryimage\"},\"datePublished\":\"2015-07-05T15:59:12+00:00\",\"dateModified\":\"2015-07-05T15:59:12+00:00\",\"author\":{\"@id\":\"https:\/\/www.visit-ulcinj.com\/blog\/#\/schema\/person\/dcab619c614d3038751c63bc2aadc06d\"},\"description\":\"Sjednica OO SDP Ulcinj odr\u017eana je u subotu na kojoj je prisustvovala ogromna ve\u0107ina \u010dlanova OO koji su dali punu podr\u0161ku nastavku sprovo\u0111enja politike\",\"breadcrumb\":{\"@id\":\"https:\/\/www.visit-ulcinj.com\/blog\/2015\/07\/05\/skender-elezagic-v-d-predsjednika-oo-sdp-ulcinj\/#breadcrumb\"},\"inLanguage\":\"en-US\",\"potentialAction\":[{\"@type\":\"ReadAction\",\"target\":[\"https:\/\/www.visit-ulcinj.com\/blog\/2015\/07\/05\/skender-elezagic-v-d-predsjednika-oo-sdp-ulcinj\/\"]}]},{\"@type\":\"BreadcrumbList\",\"@id\":\"https:\/\/www.visit-ulcinj.com\/blog\/2015\/07\/05\/skender-elezagic-v-d-predsjednika-oo-sdp-ulcinj\/#breadcrumb\",\"itemListElement\":[{\"@type\":\"ListItem\",\"position\":1,\"name\":\"Skender Elezagi\u0107 v.d. predsjednika OO SDP Ulcinj\"}]},{\"@type\":\"Person\",\"@id\":\"https:\/\/www.visit-ulcinj.com\/blog\/#\/schema\/person\/dcab619c614d3038751c63bc2aadc06d\",\"name\":\"ulqini\",\"sameAs\":[\"http:\/\/www.visit-ulcinj.com\"],\"url\":\"https:\/\/www.visit-ulcinj.com\/blog\/author\/admin\/\"}]}<\/script>\n<!-- \/ Yoast SEO plugin. -->","yoast_head_json":{"title":"Skender Elezagi\u0107 v.d. predsjednika OO SDP Ulcinj - Lajme nga Ulqini","description":"Sjednica OO SDP Ulcinj odr\u017eana je u subotu na kojoj je prisustvovala ogromna ve\u0107ina \u010dlanova OO koji su dali punu podr\u0161ku nastavku sprovo\u0111enja politike","robots":{"index":"index","follow":"follow","max-snippet":"max-snippet:-1","max-image-preview":"max-image-preview:large","max-video-preview":"max-video-preview:-1"},"canonical":"https:\/\/www.visit-ulcinj.com\/blog\/2015\/07\/05\/skender-elezagic-v-d-predsjednika-oo-sdp-ulcinj\/","og_locale":"en_US","og_type":"article","og_title":"Skender Elezagi\u0107 v.d. predsjednika OO SDP Ulcinj - Lajme nga Ulqini","og_description":"Sjednica OO SDP Ulcinj odr\u017eana je u subotu na kojoj je prisustvovala ogromna ve\u0107ina \u010dlanova OO koji su dali punu podr\u0161ku nastavku sprovo\u0111enja politike","og_url":"https:\/\/www.visit-ulcinj.com\/blog\/2015\/07\/05\/skender-elezagic-v-d-predsjednika-oo-sdp-ulcinj\/","og_site_name":"Lajme nga Ulqini","article_published_time":"2015-07-05T15:59:12+00:00","og_image":[{"url":"http:\/\/www.visit-ulcinj.com\/blog\/wp-content\/uploads\/2014\/12\/Skender-Elezagiq-Ulqin.jpg"}],"twitter_misc":{"Written by":"ulqini","Est. reading time":"1 minute"},"schema":{"@context":"https:\/\/schema.org","@graph":[{"@type":"WebSite","@id":"https:\/\/www.visit-ulcinj.com\/blog\/#website","url":"https:\/\/www.visit-ulcinj.com\/blog\/","name":"Lajme nga Ulqini","description":"Lajme,Vijesti,Ulqini,Ulqin,Crna Gora,Mali i Zi","potentialAction":[{"@type":"SearchAction","target":{"@type":"EntryPoint","urlTemplate":"https:\/\/www.visit-ulcinj.com\/blog\/?s={search_term_string}"},"query-input":"required name=search_term_string"}],"inLanguage":"en-US"},{"@type":"ImageObject","inLanguage":"en-US","@id":"https:\/\/www.visit-ulcinj.com\/blog\/2015\/07\/05\/skender-elezagic-v-d-predsjednika-oo-sdp-ulcinj\/#primaryimage","url":"https:\/\/www.visit-ulcinj.com\/blog\/wp-content\/uploads\/2014\/12\/Skender-Elezagiq-Ulqin.jpg","contentUrl":"https:\/\/www.visit-ulcinj.com\/blog\/wp-content\/uploads\/2014\/12\/Skender-Elezagiq-Ulqin.jpg","width":717,"height":408},{"@type":"WebPage","@id":"https:\/\/www.visit-ulcinj.com\/blog\/2015\/07\/05\/skender-elezagic-v-d-predsjednika-oo-sdp-ulcinj\/#webpage","url":"https:\/\/www.visit-ulcinj.com\/blog\/2015\/07\/05\/skender-elezagic-v-d-predsjednika-oo-sdp-ulcinj\/","name":"Skender Elezagi\u0107 v.d. predsjednika OO SDP Ulcinj - Lajme nga Ulqini","isPartOf":{"@id":"https:\/\/www.visit-ulcinj.com\/blog\/#website"},"primaryImageOfPage":{"@id":"https:\/\/www.visit-ulcinj.com\/blog\/2015\/07\/05\/skender-elezagic-v-d-predsjednika-oo-sdp-ulcinj\/#primaryimage"},"datePublished":"2015-07-05T15:59:12+00:00","dateModified":"2015-07-05T15:59:12+00:00","author":{"@id":"https:\/\/www.visit-ulcinj.com\/blog\/#\/schema\/person\/dcab619c614d3038751c63bc2aadc06d"},"description":"Sjednica OO SDP Ulcinj odr\u017eana je u subotu na kojoj je prisustvovala ogromna ve\u0107ina \u010dlanova OO koji su dali punu podr\u0161ku nastavku sprovo\u0111enja politike","breadcrumb":{"@id":"https:\/\/www.visit-ulcinj.com\/blog\/2015\/07\/05\/skender-elezagic-v-d-predsjednika-oo-sdp-ulcinj\/#breadcrumb"},"inLanguage":"en-US","potentialAction":[{"@type":"ReadAction","target":["https:\/\/www.visit-ulcinj.com\/blog\/2015\/07\/05\/skender-elezagic-v-d-predsjednika-oo-sdp-ulcinj\/"]}]},{"@type":"BreadcrumbList","@id":"https:\/\/www.visit-ulcinj.com\/blog\/2015\/07\/05\/skender-elezagic-v-d-predsjednika-oo-sdp-ulcinj\/#breadcrumb","itemListElement":[{"@type":"ListItem","position":1,"name":"Skender Elezagi\u0107 v.d. predsjednika OO SDP Ulcinj"}]},{"@type":"Person","@id":"https:\/\/www.visit-ulcinj.com\/blog\/#\/schema\/person\/dcab619c614d3038751c63bc2aadc06d","name":"ulqini","sameAs":["http:\/\/www.visit-ulcinj.com"],"url":"https:\/\/www.visit-ulcinj.com\/blog\/author\/admin\/"}]}},"jetpack_featured_media_url":"","jetpack_sharing_enabled":true,"jetpack_shortlink":"https:\/\/wp.me\/pe6lTn-nM5","_links":{"self":[{"href":"https:\/\/www.visit-ulcinj.com\/blog\/wp-json\/wp\/v2\/posts\/91393"}],"collection":[{"href":"https:\/\/www.visit-ulcinj.com\/blog\/wp-json\/wp\/v2\/posts"}],"about":[{"href":"https:\/\/www.visit-ulcinj.com\/blog\/wp-json\/wp\/v2\/types\/post"}],"author":[{"embeddable":true,"href":"https:\/\/www.visit-ulcinj.com\/blog\/wp-json\/wp\/v2\/users\/1"}],"replies":[{"embeddable":true,"href":"https:\/\/www.visit-ulcinj.com\/blog\/wp-json\/wp\/v2\/comments?post=91393"}],"version-history":[{"count":1,"href":"https:\/\/www.visit-ulcinj.com\/blog\/wp-json\/wp\/v2\/posts\/91393\/revisions"}],"predecessor-version":[{"id":91394,"href":"https:\/\/www.visit-ulcinj.com\/blog\/wp-json\/wp\/v2\/posts\/91393\/revisions\/91394"}],"wp:attachment":[{"href":"https:\/\/www.visit-ulcinj.com\/blog\/wp-json\/wp\/v2\/media?parent=91393"}],"wp:term":[{"taxonomy":"category","embeddable":true,"href":"https:\/\/www.visit-ulcinj.com\/blog\/wp-json\/wp\/v2\/categories?post=91393"},{"taxonomy":"post_tag","embeddable":true,"href":"https:\/\/www.visit-ulcinj.com\/blog\/wp-json\/wp\/v2\/tags?post=91393"}],"curies":[{"name":"wp","href":"https:\/\/api.w.org\/{rel}","templated":true}]}}