{"id":91397,"date":"2015-07-05T17:30:37","date_gmt":"2015-07-05T16:30:37","guid":{"rendered":"http:\/\/www.visit-ulcinj.com\/blog\/?p=91397"},"modified":"2015-07-05T17:30:37","modified_gmt":"2015-07-05T16:30:37","slug":"zec-u-ulcinjskoj-rivijeri-kapaciteti-su-popunjeni","status":"publish","type":"post","link":"https:\/\/www.visit-ulcinj.com\/blog\/2015\/07\/05\/zec-u-ulcinjskoj-rivijeri-kapaciteti-su-popunjeni\/","title":{"rendered":"Zec: U Ulcinjskoj rivijeri kapaciteti su popunjeni"},"content":{"rendered":"<p id=\"articleIntro\">Sezona u \u201eUlcinjskoj rivijeri\u201c dobro je po\u010dela, kapaciteti su popunjeni, ponuda unaprije\u0111ena, a postoje indicije i da ce biti produ\u017eena do kraja oktobra. Mislim da \u0107e biti na nivou 2013. godine koju smatram rekordnom i po popunjenosti i po finansijskom bilansu &#8211; kazao je direktor HTP \u201eUlcinjska rivijera\u201c Radomir Mikan Zec.<\/p>\n<div id=\"articleContent\">\n<p><a href=\"http:\/\/www.visit-ulcinj.com\/blog\/wp-content\/uploads\/2014\/03\/Mikan-Zec.jpg\"><img loading=\"lazy\" class=\"alignleft wp-image-80826\" src=\"http:\/\/www.visit-ulcinj.com\/blog\/wp-content\/uploads\/2014\/03\/Mikan-Zec.jpg\" alt=\"Mikan-Zec\" width=\"508\" height=\"381\" srcset=\"https:\/\/www.visit-ulcinj.com\/blog\/wp-content\/uploads\/2014\/03\/Mikan-Zec.jpg 590w, https:\/\/www.visit-ulcinj.com\/blog\/wp-content\/uploads\/2014\/03\/Mikan-Zec-300x224.jpg 300w\" sizes=\"(max-width: 508px) 100vw, 508px\" \/><\/a>Kako dodaje, svih 1.000 le\u017eajeva na Velikoj pla\u017ei popunjeno je i gosti su uglavnom iz \u010ce\u0161ke i Crne Gore, dok su na Adi tradicionalno Njemci i \u010cesi, a ove godine ima vi\u0161e Rusa nego ranije.<\/p>\n<p>&#8211; Pro\u0161la godina nije za upore\u0111ivanje, jer je bila mnogo lo\u0161a zbog 44 ki\u0161na dana u kontinuitetu \u0161to se katastrofalno odrazilo na cijelo primorje. \u201eUlcinjskoj rivijeri\u201c, posebno Adi, ,,odnijelo\u201d je oko 1,6 milionaeura. Ova godina je mnogo bolje po\u010dela. Bolje su i vremenske prilike. Malo je poja\u010dan vjetar nego do sada, ali dobro je \u0161to nema ki\u0161nih dana. Po\u010dele su konacno pla\u017ee da se pune, pa o\u010dekujem da ova godina bude makar kao 2013, koja je napravila sve moguce rekorde i u smje\u0161tajnoj i vanpansionskoj potro\u0161nji &#8211; nagovje\u0161tava Mikan Zec.<\/p>\n<p>On dodaje da je prije 10 dana komisija Ministarstva turizma za standardizaciju i kategorizaciju\u00a0objekata dala hotelu ,,Belvi\u201d dvije zvjezdice, a Ada je dobila tri plus.<\/p>\n<p>&#8211; Na Velikoj pla\u017ei imamo 1.000 kreveta standarda tri zvjezdice. Ada je potpuno rekonstruisana i dotjerana i oboga\u0107en je vanpansionski sadr\u017eaj. Sada je hit u crnogorskom turizmu, zaklju\u010dio je Zec.<\/p>\n<p><strong>Izvor: PortalAnalitika<\/strong><\/p>\n<\/div>\n","protected":false},"excerpt":{"rendered":"<p>Sezona u \u201eUlcinjskoj rivijeri\u201c dobro je po\u010dela, kapaciteti su popunjeni, ponuda unaprije\u0111ena, a postoje indicije i da ce biti produ\u017eena do kraja oktobra. Mislim da \u0107e biti na nivou 2013. godine koju smatram rekordnom i po popunjenosti i po finansijskom bilansu &#8211; kazao je direktor HTP \u201eUlcinjska rivijera\u201c Radomir Mikan Zec. Kako dodaje, svih 1.000 [&hellip;]<\/p>\n","protected":false},"author":1,"featured_media":0,"comment_status":"closed","ping_status":"closed","sticky":false,"template":"","format":"standard","meta":{"spay_email":"","jetpack_publicize_message":"","jetpack_is_tweetstorm":false,"jetpack_publicize_feature_enabled":true},"categories":[6950],"tags":[],"jetpack_publicize_connections":[],"yoast_head":"<!-- This site is optimized with the Yoast SEO plugin v19.1 - https:\/\/yoast.com\/wordpress\/plugins\/seo\/ -->\n<title>Zec: U Ulcinjskoj rivijeri kapaciteti su popunjeni - Lajme nga Ulqini<\/title>\n<meta name=\"description\" content=\"Sezona u \u201eUlcinjskoj rivijeri\u201c dobro je po\u010dela, kapaciteti su popunjeni, ponuda unaprije\u0111ena, a postoje indicije i da ce biti produ\u017eena do kraja oktobra.\" \/>\n<meta name=\"robots\" content=\"index, follow, max-snippet:-1, max-image-preview:large, max-video-preview:-1\" \/>\n<link rel=\"canonical\" href=\"https:\/\/www.visit-ulcinj.com\/blog\/2015\/07\/05\/zec-u-ulcinjskoj-rivijeri-kapaciteti-su-popunjeni\/\" \/>\n<meta property=\"og:locale\" content=\"en_US\" \/>\n<meta property=\"og:type\" content=\"article\" \/>\n<meta property=\"og:title\" content=\"Zec: U Ulcinjskoj rivijeri kapaciteti su popunjeni - Lajme nga Ulqini\" \/>\n<meta property=\"og:description\" content=\"Sezona u \u201eUlcinjskoj rivijeri\u201c dobro je po\u010dela, kapaciteti su popunjeni, ponuda unaprije\u0111ena, a postoje indicije i da ce biti produ\u017eena do kraja oktobra.\" \/>\n<meta property=\"og:url\" content=\"https:\/\/www.visit-ulcinj.com\/blog\/2015\/07\/05\/zec-u-ulcinjskoj-rivijeri-kapaciteti-su-popunjeni\/\" \/>\n<meta property=\"og:site_name\" content=\"Lajme nga Ulqini\" \/>\n<meta property=\"article:published_time\" content=\"2015-07-05T16:30:37+00:00\" \/>\n<meta property=\"og:image\" content=\"http:\/\/www.visit-ulcinj.com\/blog\/wp-content\/uploads\/2014\/03\/Mikan-Zec.jpg\" \/>\n<meta name=\"twitter:label1\" content=\"Written by\" \/>\n\t<meta name=\"twitter:data1\" content=\"ulqini\" \/>\n\t<meta name=\"twitter:label2\" content=\"Est. reading time\" \/>\n\t<meta name=\"twitter:data2\" content=\"1 minute\" \/>\n<script type=\"application\/ld+json\" class=\"yoast-schema-graph\">{\"@context\":\"https:\/\/schema.org\",\"@graph\":[{\"@type\":\"WebSite\",\"@id\":\"https:\/\/www.visit-ulcinj.com\/blog\/#website\",\"url\":\"https:\/\/www.visit-ulcinj.com\/blog\/\",\"name\":\"Lajme nga Ulqini\",\"description\":\"Lajme,Vijesti,Ulqini,Ulqin,Crna Gora,Mali i Zi\",\"potentialAction\":[{\"@type\":\"SearchAction\",\"target\":{\"@type\":\"EntryPoint\",\"urlTemplate\":\"https:\/\/www.visit-ulcinj.com\/blog\/?s={search_term_string}\"},\"query-input\":\"required name=search_term_string\"}],\"inLanguage\":\"en-US\"},{\"@type\":\"ImageObject\",\"inLanguage\":\"en-US\",\"@id\":\"https:\/\/www.visit-ulcinj.com\/blog\/2015\/07\/05\/zec-u-ulcinjskoj-rivijeri-kapaciteti-su-popunjeni\/#primaryimage\",\"url\":\"https:\/\/www.visit-ulcinj.com\/blog\/wp-content\/uploads\/2014\/03\/Mikan-Zec.jpg\",\"contentUrl\":\"https:\/\/www.visit-ulcinj.com\/blog\/wp-content\/uploads\/2014\/03\/Mikan-Zec.jpg\",\"width\":590,\"height\":442},{\"@type\":\"WebPage\",\"@id\":\"https:\/\/www.visit-ulcinj.com\/blog\/2015\/07\/05\/zec-u-ulcinjskoj-rivijeri-kapaciteti-su-popunjeni\/#webpage\",\"url\":\"https:\/\/www.visit-ulcinj.com\/blog\/2015\/07\/05\/zec-u-ulcinjskoj-rivijeri-kapaciteti-su-popunjeni\/\",\"name\":\"Zec: U Ulcinjskoj rivijeri kapaciteti su popunjeni - Lajme nga Ulqini\",\"isPartOf\":{\"@id\":\"https:\/\/www.visit-ulcinj.com\/blog\/#website\"},\"primaryImageOfPage\":{\"@id\":\"https:\/\/www.visit-ulcinj.com\/blog\/2015\/07\/05\/zec-u-ulcinjskoj-rivijeri-kapaciteti-su-popunjeni\/#primaryimage\"},\"datePublished\":\"2015-07-05T16:30:37+00:00\",\"dateModified\":\"2015-07-05T16:30:37+00:00\",\"author\":{\"@id\":\"https:\/\/www.visit-ulcinj.com\/blog\/#\/schema\/person\/dcab619c614d3038751c63bc2aadc06d\"},\"description\":\"Sezona u \u201eUlcinjskoj rivijeri\u201c dobro je po\u010dela, kapaciteti su popunjeni, ponuda unaprije\u0111ena, a postoje indicije i da ce biti produ\u017eena do kraja oktobra.\",\"breadcrumb\":{\"@id\":\"https:\/\/www.visit-ulcinj.com\/blog\/2015\/07\/05\/zec-u-ulcinjskoj-rivijeri-kapaciteti-su-popunjeni\/#breadcrumb\"},\"inLanguage\":\"en-US\",\"potentialAction\":[{\"@type\":\"ReadAction\",\"target\":[\"https:\/\/www.visit-ulcinj.com\/blog\/2015\/07\/05\/zec-u-ulcinjskoj-rivijeri-kapaciteti-su-popunjeni\/\"]}]},{\"@type\":\"BreadcrumbList\",\"@id\":\"https:\/\/www.visit-ulcinj.com\/blog\/2015\/07\/05\/zec-u-ulcinjskoj-rivijeri-kapaciteti-su-popunjeni\/#breadcrumb\",\"itemListElement\":[{\"@type\":\"ListItem\",\"position\":1,\"name\":\"Zec: U Ulcinjskoj rivijeri kapaciteti su popunjeni\"}]},{\"@type\":\"Person\",\"@id\":\"https:\/\/www.visit-ulcinj.com\/blog\/#\/schema\/person\/dcab619c614d3038751c63bc2aadc06d\",\"name\":\"ulqini\",\"sameAs\":[\"http:\/\/www.visit-ulcinj.com\"],\"url\":\"https:\/\/www.visit-ulcinj.com\/blog\/author\/admin\/\"}]}<\/script>\n<!-- \/ Yoast SEO plugin. -->","yoast_head_json":{"title":"Zec: U Ulcinjskoj rivijeri kapaciteti su popunjeni - Lajme nga Ulqini","description":"Sezona u \u201eUlcinjskoj rivijeri\u201c dobro je po\u010dela, kapaciteti su popunjeni, ponuda unaprije\u0111ena, a postoje indicije i da ce biti produ\u017eena do kraja oktobra.","robots":{"index":"index","follow":"follow","max-snippet":"max-snippet:-1","max-image-preview":"max-image-preview:large","max-video-preview":"max-video-preview:-1"},"canonical":"https:\/\/www.visit-ulcinj.com\/blog\/2015\/07\/05\/zec-u-ulcinjskoj-rivijeri-kapaciteti-su-popunjeni\/","og_locale":"en_US","og_type":"article","og_title":"Zec: U Ulcinjskoj rivijeri kapaciteti su popunjeni - Lajme nga Ulqini","og_description":"Sezona u \u201eUlcinjskoj rivijeri\u201c dobro je po\u010dela, kapaciteti su popunjeni, ponuda unaprije\u0111ena, a postoje indicije i da ce biti produ\u017eena do kraja oktobra.","og_url":"https:\/\/www.visit-ulcinj.com\/blog\/2015\/07\/05\/zec-u-ulcinjskoj-rivijeri-kapaciteti-su-popunjeni\/","og_site_name":"Lajme nga Ulqini","article_published_time":"2015-07-05T16:30:37+00:00","og_image":[{"url":"http:\/\/www.visit-ulcinj.com\/blog\/wp-content\/uploads\/2014\/03\/Mikan-Zec.jpg"}],"twitter_misc":{"Written by":"ulqini","Est. reading time":"1 minute"},"schema":{"@context":"https:\/\/schema.org","@graph":[{"@type":"WebSite","@id":"https:\/\/www.visit-ulcinj.com\/blog\/#website","url":"https:\/\/www.visit-ulcinj.com\/blog\/","name":"Lajme nga Ulqini","description":"Lajme,Vijesti,Ulqini,Ulqin,Crna Gora,Mali i Zi","potentialAction":[{"@type":"SearchAction","target":{"@type":"EntryPoint","urlTemplate":"https:\/\/www.visit-ulcinj.com\/blog\/?s={search_term_string}"},"query-input":"required name=search_term_string"}],"inLanguage":"en-US"},{"@type":"ImageObject","inLanguage":"en-US","@id":"https:\/\/www.visit-ulcinj.com\/blog\/2015\/07\/05\/zec-u-ulcinjskoj-rivijeri-kapaciteti-su-popunjeni\/#primaryimage","url":"https:\/\/www.visit-ulcinj.com\/blog\/wp-content\/uploads\/2014\/03\/Mikan-Zec.jpg","contentUrl":"https:\/\/www.visit-ulcinj.com\/blog\/wp-content\/uploads\/2014\/03\/Mikan-Zec.jpg","width":590,"height":442},{"@type":"WebPage","@id":"https:\/\/www.visit-ulcinj.com\/blog\/2015\/07\/05\/zec-u-ulcinjskoj-rivijeri-kapaciteti-su-popunjeni\/#webpage","url":"https:\/\/www.visit-ulcinj.com\/blog\/2015\/07\/05\/zec-u-ulcinjskoj-rivijeri-kapaciteti-su-popunjeni\/","name":"Zec: U Ulcinjskoj rivijeri kapaciteti su popunjeni - Lajme nga Ulqini","isPartOf":{"@id":"https:\/\/www.visit-ulcinj.com\/blog\/#website"},"primaryImageOfPage":{"@id":"https:\/\/www.visit-ulcinj.com\/blog\/2015\/07\/05\/zec-u-ulcinjskoj-rivijeri-kapaciteti-su-popunjeni\/#primaryimage"},"datePublished":"2015-07-05T16:30:37+00:00","dateModified":"2015-07-05T16:30:37+00:00","author":{"@id":"https:\/\/www.visit-ulcinj.com\/blog\/#\/schema\/person\/dcab619c614d3038751c63bc2aadc06d"},"description":"Sezona u \u201eUlcinjskoj rivijeri\u201c dobro je po\u010dela, kapaciteti su popunjeni, ponuda unaprije\u0111ena, a postoje indicije i da ce biti produ\u017eena do kraja oktobra.","breadcrumb":{"@id":"https:\/\/www.visit-ulcinj.com\/blog\/2015\/07\/05\/zec-u-ulcinjskoj-rivijeri-kapaciteti-su-popunjeni\/#breadcrumb"},"inLanguage":"en-US","potentialAction":[{"@type":"ReadAction","target":["https:\/\/www.visit-ulcinj.com\/blog\/2015\/07\/05\/zec-u-ulcinjskoj-rivijeri-kapaciteti-su-popunjeni\/"]}]},{"@type":"BreadcrumbList","@id":"https:\/\/www.visit-ulcinj.com\/blog\/2015\/07\/05\/zec-u-ulcinjskoj-rivijeri-kapaciteti-su-popunjeni\/#breadcrumb","itemListElement":[{"@type":"ListItem","position":1,"name":"Zec: U Ulcinjskoj rivijeri kapaciteti su popunjeni"}]},{"@type":"Person","@id":"https:\/\/www.visit-ulcinj.com\/blog\/#\/schema\/person\/dcab619c614d3038751c63bc2aadc06d","name":"ulqini","sameAs":["http:\/\/www.visit-ulcinj.com"],"url":"https:\/\/www.visit-ulcinj.com\/blog\/author\/admin\/"}]}},"jetpack_featured_media_url":"","jetpack_sharing_enabled":true,"jetpack_shortlink":"https:\/\/wp.me\/pe6lTn-nM9","_links":{"self":[{"href":"https:\/\/www.visit-ulcinj.com\/blog\/wp-json\/wp\/v2\/posts\/91397"}],"collection":[{"href":"https:\/\/www.visit-ulcinj.com\/blog\/wp-json\/wp\/v2\/posts"}],"about":[{"href":"https:\/\/www.visit-ulcinj.com\/blog\/wp-json\/wp\/v2\/types\/post"}],"author":[{"embeddable":true,"href":"https:\/\/www.visit-ulcinj.com\/blog\/wp-json\/wp\/v2\/users\/1"}],"replies":[{"embeddable":true,"href":"https:\/\/www.visit-ulcinj.com\/blog\/wp-json\/wp\/v2\/comments?post=91397"}],"version-history":[{"count":1,"href":"https:\/\/www.visit-ulcinj.com\/blog\/wp-json\/wp\/v2\/posts\/91397\/revisions"}],"predecessor-version":[{"id":91398,"href":"https:\/\/www.visit-ulcinj.com\/blog\/wp-json\/wp\/v2\/posts\/91397\/revisions\/91398"}],"wp:attachment":[{"href":"https:\/\/www.visit-ulcinj.com\/blog\/wp-json\/wp\/v2\/media?parent=91397"}],"wp:term":[{"taxonomy":"category","embeddable":true,"href":"https:\/\/www.visit-ulcinj.com\/blog\/wp-json\/wp\/v2\/categories?post=91397"},{"taxonomy":"post_tag","embeddable":true,"href":"https:\/\/www.visit-ulcinj.com\/blog\/wp-json\/wp\/v2\/tags?post=91397"}],"curies":[{"name":"wp","href":"https:\/\/api.w.org\/{rel}","templated":true}]}}