{"id":91407,"date":"2015-07-06T16:59:17","date_gmt":"2015-07-06T15:59:17","guid":{"rendered":"http:\/\/www.visit-ulcinj.com\/blog\/?p=91407"},"modified":"2015-07-07T08:25:39","modified_gmt":"2015-07-07T07:25:39","slug":"termet-ne-tuze-lekundjet-ndjehen-edhe-ne-ulqin","status":"publish","type":"post","link":"https:\/\/www.visit-ulcinj.com\/blog\/2015\/07\/06\/termet-ne-tuze-lekundjet-ndjehen-edhe-ne-ulqin\/","title":{"rendered":"T\u00ebrmet n\u00eb Tuz\u00eb, l\u00ebkundjet ndjehen edhe n\u00eb Ulqin"},"content":{"rendered":"<p><a href=\"http:\/\/www.visit-ulcinj.com\/blog\/wp-content\/uploads\/2015\/07\/epicentar-Tuzi-podgorica.gif\"><img loading=\"lazy\" class=\"alignleft wp-image-91408\" src=\"http:\/\/www.visit-ulcinj.com\/blog\/wp-content\/uploads\/2015\/07\/epicentar-Tuzi-podgorica.gif\" alt=\"epicentar-Tuzi-podgorica\" width=\"508\" height=\"289\" \/><\/a>Kjo l\u00ebkundje t\u00ebrmeti asht\u00eb ndjer\u00eb prej Tirane deri n\u00eb Ulqin, epiqendra e t\u00eb cilit ka qen\u00eb n\u00eb Tuzi &#8211; Podgoric\u00eb te Malit te Zi.<\/p>\n<p>Sipas t\u00eb dh\u00ebnave t\u00eb Qendr\u00ebs Sizmiologjike Europiane dhe atij\u00eb t\u00eb Malit t\u00eb Zi, t\u00ebrmeti me mangitud\u00eb 4.1 ka pasur epiqendr\u00ebn 14 kilometra n\u00eb juglindje t\u00eb Podgoric\u00ebs dhe 7 kilometra n\u00eb lindje t\u00eb Tuzit.<\/p>\n<p>Thell\u00ebsia n\u00eb epiqend\u00ebr ka qen\u00eb 17 kilometra. B\u00ebhet e ditur se nuk ka d\u00ebme materiale apo n\u00eb njer\u00ebz.<\/p>\n<p><img loading=\"lazy\" class=\"alignnone\" src=\"http:\/\/www.visit-ulcinj.com\/blog\/wp-content\/uploads\/2014\/04\/c8a72.gif\" alt=\"\" width=\"508\" height=\"420\" \/><\/p>\n","protected":false},"excerpt":{"rendered":"<p>Kjo l\u00ebkundje t\u00ebrmeti asht\u00eb ndjer\u00eb prej Tirane deri n\u00eb Ulqin, epiqendra e t\u00eb cilit ka qen\u00eb n\u00eb Tuzi &#8211; Podgoric\u00eb te Malit te Zi. Sipas t\u00eb dh\u00ebnave t\u00eb Qendr\u00ebs Sizmiologjike Europiane dhe atij\u00eb t\u00eb Malit t\u00eb Zi, t\u00ebrmeti me mangitud\u00eb 4.1 ka pasur epiqendr\u00ebn 14 kilometra n\u00eb juglindje t\u00eb Podgoric\u00ebs dhe 7 kilometra n\u00eb lindje [&hellip;]<\/p>\n","protected":false},"author":1,"featured_media":0,"comment_status":"closed","ping_status":"closed","sticky":false,"template":"","format":"standard","meta":{"spay_email":"","jetpack_publicize_message":"","jetpack_is_tweetstorm":false,"jetpack_publicize_feature_enabled":true},"categories":[1,12],"tags":[],"jetpack_publicize_connections":[],"yoast_head":"<!-- This site is optimized with the Yoast SEO plugin v19.1 - https:\/\/yoast.com\/wordpress\/plugins\/seo\/ -->\n<title>T\u00ebrmet n\u00eb Tuz\u00eb, l\u00ebkundjet ndjehen edhe n\u00eb Ulqin - Lajme nga Ulqini<\/title>\n<meta name=\"description\" content=\"Kjo l\u00ebkundje t\u00ebrmeti asht\u00eb ndjer\u00eb prej Tirane deri n\u00eb Ulqin, epiqendra e t\u00eb cilit ka qen\u00eb n\u00eb Tuzi - Podgoric\u00eb te Malit te Zi. Sipas t\u00eb dh\u00ebnave t\u00eb Qendr\u00ebs\" \/>\n<meta name=\"robots\" content=\"index, follow, max-snippet:-1, max-image-preview:large, max-video-preview:-1\" \/>\n<link rel=\"canonical\" href=\"https:\/\/www.visit-ulcinj.com\/blog\/2015\/07\/06\/termet-ne-tuze-lekundjet-ndjehen-edhe-ne-ulqin\/\" \/>\n<meta property=\"og:locale\" content=\"en_US\" \/>\n<meta property=\"og:type\" content=\"article\" \/>\n<meta property=\"og:title\" content=\"T\u00ebrmet n\u00eb Tuz\u00eb, l\u00ebkundjet ndjehen edhe n\u00eb Ulqin - Lajme nga Ulqini\" \/>\n<meta property=\"og:description\" content=\"Kjo l\u00ebkundje t\u00ebrmeti asht\u00eb ndjer\u00eb prej Tirane deri n\u00eb Ulqin, epiqendra e t\u00eb cilit ka qen\u00eb n\u00eb Tuzi - Podgoric\u00eb te Malit te Zi. Sipas t\u00eb dh\u00ebnave t\u00eb Qendr\u00ebs\" \/>\n<meta property=\"og:url\" content=\"https:\/\/www.visit-ulcinj.com\/blog\/2015\/07\/06\/termet-ne-tuze-lekundjet-ndjehen-edhe-ne-ulqin\/\" \/>\n<meta property=\"og:site_name\" content=\"Lajme nga Ulqini\" \/>\n<meta property=\"article:published_time\" content=\"2015-07-06T15:59:17+00:00\" \/>\n<meta property=\"article:modified_time\" content=\"2015-07-07T07:25:39+00:00\" \/>\n<meta property=\"og:image\" content=\"http:\/\/www.visit-ulcinj.com\/blog\/wp-content\/uploads\/2015\/07\/epicentar-Tuzi-podgorica.gif\" \/>\n<meta name=\"twitter:label1\" content=\"Written by\" \/>\n\t<meta name=\"twitter:data1\" content=\"ulqini\" \/>\n<script type=\"application\/ld+json\" class=\"yoast-schema-graph\">{\"@context\":\"https:\/\/schema.org\",\"@graph\":[{\"@type\":\"WebSite\",\"@id\":\"https:\/\/www.visit-ulcinj.com\/blog\/#website\",\"url\":\"https:\/\/www.visit-ulcinj.com\/blog\/\",\"name\":\"Lajme nga Ulqini\",\"description\":\"Lajme,Vijesti,Ulqini,Ulqin,Crna Gora,Mali i Zi\",\"potentialAction\":[{\"@type\":\"SearchAction\",\"target\":{\"@type\":\"EntryPoint\",\"urlTemplate\":\"https:\/\/www.visit-ulcinj.com\/blog\/?s={search_term_string}\"},\"query-input\":\"required name=search_term_string\"}],\"inLanguage\":\"en-US\"},{\"@type\":\"ImageObject\",\"inLanguage\":\"en-US\",\"@id\":\"https:\/\/www.visit-ulcinj.com\/blog\/2015\/07\/06\/termet-ne-tuze-lekundjet-ndjehen-edhe-ne-ulqin\/#primaryimage\",\"url\":\"https:\/\/www.visit-ulcinj.com\/blog\/wp-content\/uploads\/2015\/07\/epicentar-Tuzi-podgorica.gif\",\"contentUrl\":\"https:\/\/www.visit-ulcinj.com\/blog\/wp-content\/uploads\/2015\/07\/epicentar-Tuzi-podgorica.gif\",\"width\":952,\"height\":541},{\"@type\":\"WebPage\",\"@id\":\"https:\/\/www.visit-ulcinj.com\/blog\/2015\/07\/06\/termet-ne-tuze-lekundjet-ndjehen-edhe-ne-ulqin\/#webpage\",\"url\":\"https:\/\/www.visit-ulcinj.com\/blog\/2015\/07\/06\/termet-ne-tuze-lekundjet-ndjehen-edhe-ne-ulqin\/\",\"name\":\"T\u00ebrmet n\u00eb Tuz\u00eb, l\u00ebkundjet ndjehen edhe n\u00eb Ulqin - Lajme nga Ulqini\",\"isPartOf\":{\"@id\":\"https:\/\/www.visit-ulcinj.com\/blog\/#website\"},\"primaryImageOfPage\":{\"@id\":\"https:\/\/www.visit-ulcinj.com\/blog\/2015\/07\/06\/termet-ne-tuze-lekundjet-ndjehen-edhe-ne-ulqin\/#primaryimage\"},\"datePublished\":\"2015-07-06T15:59:17+00:00\",\"dateModified\":\"2015-07-07T07:25:39+00:00\",\"author\":{\"@id\":\"https:\/\/www.visit-ulcinj.com\/blog\/#\/schema\/person\/dcab619c614d3038751c63bc2aadc06d\"},\"description\":\"Kjo l\u00ebkundje t\u00ebrmeti asht\u00eb ndjer\u00eb prej Tirane deri n\u00eb Ulqin, epiqendra e t\u00eb cilit ka qen\u00eb n\u00eb Tuzi - Podgoric\u00eb te Malit te Zi. Sipas t\u00eb dh\u00ebnave t\u00eb Qendr\u00ebs\",\"breadcrumb\":{\"@id\":\"https:\/\/www.visit-ulcinj.com\/blog\/2015\/07\/06\/termet-ne-tuze-lekundjet-ndjehen-edhe-ne-ulqin\/#breadcrumb\"},\"inLanguage\":\"en-US\",\"potentialAction\":[{\"@type\":\"ReadAction\",\"target\":[\"https:\/\/www.visit-ulcinj.com\/blog\/2015\/07\/06\/termet-ne-tuze-lekundjet-ndjehen-edhe-ne-ulqin\/\"]}]},{\"@type\":\"BreadcrumbList\",\"@id\":\"https:\/\/www.visit-ulcinj.com\/blog\/2015\/07\/06\/termet-ne-tuze-lekundjet-ndjehen-edhe-ne-ulqin\/#breadcrumb\",\"itemListElement\":[{\"@type\":\"ListItem\",\"position\":1,\"name\":\"T\u00ebrmet n\u00eb Tuz\u00eb, l\u00ebkundjet ndjehen edhe n\u00eb Ulqin\"}]},{\"@type\":\"Person\",\"@id\":\"https:\/\/www.visit-ulcinj.com\/blog\/#\/schema\/person\/dcab619c614d3038751c63bc2aadc06d\",\"name\":\"ulqini\",\"sameAs\":[\"http:\/\/www.visit-ulcinj.com\"],\"url\":\"https:\/\/www.visit-ulcinj.com\/blog\/author\/admin\/\"}]}<\/script>\n<!-- \/ Yoast SEO plugin. -->","yoast_head_json":{"title":"T\u00ebrmet n\u00eb Tuz\u00eb, l\u00ebkundjet ndjehen edhe n\u00eb Ulqin - Lajme nga Ulqini","description":"Kjo l\u00ebkundje t\u00ebrmeti asht\u00eb ndjer\u00eb prej Tirane deri n\u00eb Ulqin, epiqendra e t\u00eb cilit ka qen\u00eb n\u00eb Tuzi - Podgoric\u00eb te Malit te Zi. Sipas t\u00eb dh\u00ebnave t\u00eb Qendr\u00ebs","robots":{"index":"index","follow":"follow","max-snippet":"max-snippet:-1","max-image-preview":"max-image-preview:large","max-video-preview":"max-video-preview:-1"},"canonical":"https:\/\/www.visit-ulcinj.com\/blog\/2015\/07\/06\/termet-ne-tuze-lekundjet-ndjehen-edhe-ne-ulqin\/","og_locale":"en_US","og_type":"article","og_title":"T\u00ebrmet n\u00eb Tuz\u00eb, l\u00ebkundjet ndjehen edhe n\u00eb Ulqin - Lajme nga Ulqini","og_description":"Kjo l\u00ebkundje t\u00ebrmeti asht\u00eb ndjer\u00eb prej Tirane deri n\u00eb Ulqin, epiqendra e t\u00eb cilit ka qen\u00eb n\u00eb Tuzi - Podgoric\u00eb te Malit te Zi. Sipas t\u00eb dh\u00ebnave t\u00eb Qendr\u00ebs","og_url":"https:\/\/www.visit-ulcinj.com\/blog\/2015\/07\/06\/termet-ne-tuze-lekundjet-ndjehen-edhe-ne-ulqin\/","og_site_name":"Lajme nga Ulqini","article_published_time":"2015-07-06T15:59:17+00:00","article_modified_time":"2015-07-07T07:25:39+00:00","og_image":[{"url":"http:\/\/www.visit-ulcinj.com\/blog\/wp-content\/uploads\/2015\/07\/epicentar-Tuzi-podgorica.gif"}],"twitter_misc":{"Written by":"ulqini"},"schema":{"@context":"https:\/\/schema.org","@graph":[{"@type":"WebSite","@id":"https:\/\/www.visit-ulcinj.com\/blog\/#website","url":"https:\/\/www.visit-ulcinj.com\/blog\/","name":"Lajme nga Ulqini","description":"Lajme,Vijesti,Ulqini,Ulqin,Crna Gora,Mali i Zi","potentialAction":[{"@type":"SearchAction","target":{"@type":"EntryPoint","urlTemplate":"https:\/\/www.visit-ulcinj.com\/blog\/?s={search_term_string}"},"query-input":"required name=search_term_string"}],"inLanguage":"en-US"},{"@type":"ImageObject","inLanguage":"en-US","@id":"https:\/\/www.visit-ulcinj.com\/blog\/2015\/07\/06\/termet-ne-tuze-lekundjet-ndjehen-edhe-ne-ulqin\/#primaryimage","url":"https:\/\/www.visit-ulcinj.com\/blog\/wp-content\/uploads\/2015\/07\/epicentar-Tuzi-podgorica.gif","contentUrl":"https:\/\/www.visit-ulcinj.com\/blog\/wp-content\/uploads\/2015\/07\/epicentar-Tuzi-podgorica.gif","width":952,"height":541},{"@type":"WebPage","@id":"https:\/\/www.visit-ulcinj.com\/blog\/2015\/07\/06\/termet-ne-tuze-lekundjet-ndjehen-edhe-ne-ulqin\/#webpage","url":"https:\/\/www.visit-ulcinj.com\/blog\/2015\/07\/06\/termet-ne-tuze-lekundjet-ndjehen-edhe-ne-ulqin\/","name":"T\u00ebrmet n\u00eb Tuz\u00eb, l\u00ebkundjet ndjehen edhe n\u00eb Ulqin - Lajme nga Ulqini","isPartOf":{"@id":"https:\/\/www.visit-ulcinj.com\/blog\/#website"},"primaryImageOfPage":{"@id":"https:\/\/www.visit-ulcinj.com\/blog\/2015\/07\/06\/termet-ne-tuze-lekundjet-ndjehen-edhe-ne-ulqin\/#primaryimage"},"datePublished":"2015-07-06T15:59:17+00:00","dateModified":"2015-07-07T07:25:39+00:00","author":{"@id":"https:\/\/www.visit-ulcinj.com\/blog\/#\/schema\/person\/dcab619c614d3038751c63bc2aadc06d"},"description":"Kjo l\u00ebkundje t\u00ebrmeti asht\u00eb ndjer\u00eb prej Tirane deri n\u00eb Ulqin, epiqendra e t\u00eb cilit ka qen\u00eb n\u00eb Tuzi - Podgoric\u00eb te Malit te Zi. Sipas t\u00eb dh\u00ebnave t\u00eb Qendr\u00ebs","breadcrumb":{"@id":"https:\/\/www.visit-ulcinj.com\/blog\/2015\/07\/06\/termet-ne-tuze-lekundjet-ndjehen-edhe-ne-ulqin\/#breadcrumb"},"inLanguage":"en-US","potentialAction":[{"@type":"ReadAction","target":["https:\/\/www.visit-ulcinj.com\/blog\/2015\/07\/06\/termet-ne-tuze-lekundjet-ndjehen-edhe-ne-ulqin\/"]}]},{"@type":"BreadcrumbList","@id":"https:\/\/www.visit-ulcinj.com\/blog\/2015\/07\/06\/termet-ne-tuze-lekundjet-ndjehen-edhe-ne-ulqin\/#breadcrumb","itemListElement":[{"@type":"ListItem","position":1,"name":"T\u00ebrmet n\u00eb Tuz\u00eb, l\u00ebkundjet ndjehen edhe n\u00eb Ulqin"}]},{"@type":"Person","@id":"https:\/\/www.visit-ulcinj.com\/blog\/#\/schema\/person\/dcab619c614d3038751c63bc2aadc06d","name":"ulqini","sameAs":["http:\/\/www.visit-ulcinj.com"],"url":"https:\/\/www.visit-ulcinj.com\/blog\/author\/admin\/"}]}},"jetpack_featured_media_url":"","jetpack_sharing_enabled":true,"jetpack_shortlink":"https:\/\/wp.me\/pe6lTn-nMj","_links":{"self":[{"href":"https:\/\/www.visit-ulcinj.com\/blog\/wp-json\/wp\/v2\/posts\/91407"}],"collection":[{"href":"https:\/\/www.visit-ulcinj.com\/blog\/wp-json\/wp\/v2\/posts"}],"about":[{"href":"https:\/\/www.visit-ulcinj.com\/blog\/wp-json\/wp\/v2\/types\/post"}],"author":[{"embeddable":true,"href":"https:\/\/www.visit-ulcinj.com\/blog\/wp-json\/wp\/v2\/users\/1"}],"replies":[{"embeddable":true,"href":"https:\/\/www.visit-ulcinj.com\/blog\/wp-json\/wp\/v2\/comments?post=91407"}],"version-history":[{"count":1,"href":"https:\/\/www.visit-ulcinj.com\/blog\/wp-json\/wp\/v2\/posts\/91407\/revisions"}],"predecessor-version":[{"id":91409,"href":"https:\/\/www.visit-ulcinj.com\/blog\/wp-json\/wp\/v2\/posts\/91407\/revisions\/91409"}],"wp:attachment":[{"href":"https:\/\/www.visit-ulcinj.com\/blog\/wp-json\/wp\/v2\/media?parent=91407"}],"wp:term":[{"taxonomy":"category","embeddable":true,"href":"https:\/\/www.visit-ulcinj.com\/blog\/wp-json\/wp\/v2\/categories?post=91407"},{"taxonomy":"post_tag","embeddable":true,"href":"https:\/\/www.visit-ulcinj.com\/blog\/wp-json\/wp\/v2\/tags?post=91407"}],"curies":[{"name":"wp","href":"https:\/\/api.w.org\/{rel}","templated":true}]}}