{"id":91422,"date":"2015-07-07T09:09:49","date_gmt":"2015-07-07T08:09:49","guid":{"rendered":"http:\/\/www.visit-ulcinj.com\/blog\/?p=91422"},"modified":"2015-07-07T10:33:46","modified_gmt":"2015-07-07T09:33:46","slug":"treci-zemljotres-za-10-sati-u-crnu-goru","status":"publish","type":"post","link":"https:\/\/www.visit-ulcinj.com\/blog\/2015\/07\/07\/treci-zemljotres-za-10-sati-u-crnu-goru\/","title":{"rendered":"Tre\u0107i zemljotres za 10 sati u Crnu Goru"},"content":{"rendered":"<p><a href=\"http:\/\/www.visit-ulcinj.com\/blog\/wp-content\/uploads\/2015\/07\/epicentar-Tuzi-podgorica.gif\"><img loading=\"lazy\" class=\"alignleft wp-image-91408\" src=\"http:\/\/www.visit-ulcinj.com\/blog\/wp-content\/uploads\/2015\/07\/epicentar-Tuzi-podgorica.gif\" alt=\"epicentar-Tuzi-podgorica\" width=\"508\" height=\"289\" \/><\/a>Tre\u0107i zemljotres koji se u razmaku od ne\u0161to vi\u0161e od 10 sati dogodio blizu Podgorice probudio je gra\u0111ane glavnog grada, Tuzi i okolnih naselja.<\/p>\n<p>Zemljotres ja\u010dine 3.9\u00a0stepeni po Rihteru (prve informacije ukazivale da se radi o potresu od 4.3 stepena), prema Seizmolo\u0161kom zavodu Crne Gore,\u00a0potresao je u 1.58\u00a0isto podru\u010dje kao i prethodna dva zemljotresa koja su se dogodila u 15.42 i 16.08 sa epicentrom 12 kilometara jugoisto\u010dno od Podgorice<\/p>\n<p>Prvi zemljotres je tako\u0111e\u00a0bio ja\u010dine 3.9 stepeni po Rihteru, nakon \u010dega je za manje od pola sata uslijedio novi potres od 2.6 stepeni Rihtera.<\/p>\n<p>Procjenjuje se da niti jedan od ova tri zemljotresa nisu mogli na\u010diniti materijalnu \u0161tetu.<\/p>\n<p><strong>Vijesti Online<\/strong><\/p>\n<p><img loading=\"lazy\" class=\"alignnone\" src=\"http:\/\/www.visit-ulcinj.com\/blog\/wp-content\/uploads\/2014\/04\/c8a72.gif\" alt=\"\" width=\"508\" height=\"420\" \/><\/p>\n<p><strong>\u010cetvrti zemljotres za manje od 24 sata<\/strong><\/p>\n<p>Seizmolo\u0161ki zavod Crne Gore registrovao je danas u 11 sati i jedan minut zemljotres manje ja\u010dine, s epicentrom 13 kilometara jugoisto\u010dno od Podgorice.<\/p>\n<p>Ja\u010dina zemljotresa u \u017eari\u0161tu iznosila je tri jedinice Rihterove skale, \u0161to odgovara epicentralnom intenzitetu od IV stepena Merkalijeve skale (MCS).<\/p>\n<p>Prema preliminarnim podacima obrade, \u017eari\u0161te ovog zemljotresa locirano je na dubini od 18 km.<\/p>\n<p>&#8220;Na osnovu teorijskog modela makroseizmi\u010dkog polja ovog regiona, magnitude zemljotresa i dubine hipocentra, ovaj zemljotres nije mogao izazvati materijalne \u0161tete u epicentralnom podru\u010dju&#8221;, saop\u0161teno je iz Seizmolo\u0161kog zavoda. <\/p>\n<p>Podsje\u0107amo, to je \u010detvrti potres na podru\u010dju glavnog grada za posljednja 24 sata. Zemljotres ja\u010dine 3.9 Rihtera pogodio je ju\u010de centralni dio Crne Gore u 15 sati i 42 minuta, a pola sata kasnije uslijedio je novi potres, ja\u010dine 2.9 Rihtera.<\/p>\n<p>Izvor:RTCG<\/p>\n","protected":false},"excerpt":{"rendered":"<p>Tre\u0107i zemljotres koji se u razmaku od ne\u0161to vi\u0161e od 10 sati dogodio blizu Podgorice probudio je gra\u0111ane glavnog grada, Tuzi i okolnih naselja. Zemljotres ja\u010dine 3.9\u00a0stepeni po Rihteru (prve informacije ukazivale da se radi o potresu od 4.3 stepena), prema Seizmolo\u0161kom zavodu Crne Gore,\u00a0potresao je u 1.58\u00a0isto podru\u010dje kao i prethodna dva zemljotresa koja [&hellip;]<\/p>\n","protected":false},"author":1,"featured_media":0,"comment_status":"closed","ping_status":"closed","sticky":false,"template":"","format":"standard","meta":{"spay_email":"","jetpack_publicize_message":"","jetpack_is_tweetstorm":false,"jetpack_publicize_feature_enabled":true},"categories":[8337],"tags":[],"jetpack_publicize_connections":[],"yoast_head":"<!-- This site is optimized with the Yoast SEO plugin v19.1 - https:\/\/yoast.com\/wordpress\/plugins\/seo\/ -->\n<title>Tre\u0107i zemljotres za 10 sati u Crnu Goru - Lajme nga Ulqini<\/title>\n<meta name=\"description\" content=\"Tre\u0107i zemljotres koji se u razmaku od ne\u0161to vi\u0161e od 10 sati dogodio blizu Podgorice probudio je gra\u0111ane glavnog grada, Tuzi i okolnih naselja. Zemljotres\" \/>\n<meta name=\"robots\" content=\"index, follow, max-snippet:-1, max-image-preview:large, max-video-preview:-1\" \/>\n<link rel=\"canonical\" href=\"https:\/\/www.visit-ulcinj.com\/blog\/2015\/07\/07\/treci-zemljotres-za-10-sati-u-crnu-goru\/\" \/>\n<meta property=\"og:locale\" content=\"en_US\" \/>\n<meta property=\"og:type\" content=\"article\" \/>\n<meta property=\"og:title\" content=\"Tre\u0107i zemljotres za 10 sati u Crnu Goru - Lajme nga Ulqini\" \/>\n<meta property=\"og:description\" content=\"Tre\u0107i zemljotres koji se u razmaku od ne\u0161to vi\u0161e od 10 sati dogodio blizu Podgorice probudio je gra\u0111ane glavnog grada, Tuzi i okolnih naselja. Zemljotres\" \/>\n<meta property=\"og:url\" content=\"https:\/\/www.visit-ulcinj.com\/blog\/2015\/07\/07\/treci-zemljotres-za-10-sati-u-crnu-goru\/\" \/>\n<meta property=\"og:site_name\" content=\"Lajme nga Ulqini\" \/>\n<meta property=\"article:published_time\" content=\"2015-07-07T08:09:49+00:00\" \/>\n<meta property=\"article:modified_time\" content=\"2015-07-07T09:33:46+00:00\" \/>\n<meta property=\"og:image\" content=\"http:\/\/www.visit-ulcinj.com\/blog\/wp-content\/uploads\/2015\/07\/epicentar-Tuzi-podgorica.gif\" \/>\n<meta name=\"twitter:label1\" content=\"Written by\" \/>\n\t<meta name=\"twitter:data1\" content=\"ulqini\" \/>\n\t<meta name=\"twitter:label2\" content=\"Est. reading time\" \/>\n\t<meta name=\"twitter:data2\" content=\"1 minute\" \/>\n<script type=\"application\/ld+json\" class=\"yoast-schema-graph\">{\"@context\":\"https:\/\/schema.org\",\"@graph\":[{\"@type\":\"WebSite\",\"@id\":\"https:\/\/www.visit-ulcinj.com\/blog\/#website\",\"url\":\"https:\/\/www.visit-ulcinj.com\/blog\/\",\"name\":\"Lajme nga Ulqini\",\"description\":\"Lajme,Vijesti,Ulqini,Ulqin,Crna Gora,Mali i Zi\",\"potentialAction\":[{\"@type\":\"SearchAction\",\"target\":{\"@type\":\"EntryPoint\",\"urlTemplate\":\"https:\/\/www.visit-ulcinj.com\/blog\/?s={search_term_string}\"},\"query-input\":\"required name=search_term_string\"}],\"inLanguage\":\"en-US\"},{\"@type\":\"ImageObject\",\"inLanguage\":\"en-US\",\"@id\":\"https:\/\/www.visit-ulcinj.com\/blog\/2015\/07\/07\/treci-zemljotres-za-10-sati-u-crnu-goru\/#primaryimage\",\"url\":\"https:\/\/www.visit-ulcinj.com\/blog\/wp-content\/uploads\/2015\/07\/epicentar-Tuzi-podgorica.gif\",\"contentUrl\":\"https:\/\/www.visit-ulcinj.com\/blog\/wp-content\/uploads\/2015\/07\/epicentar-Tuzi-podgorica.gif\",\"width\":952,\"height\":541},{\"@type\":\"WebPage\",\"@id\":\"https:\/\/www.visit-ulcinj.com\/blog\/2015\/07\/07\/treci-zemljotres-za-10-sati-u-crnu-goru\/#webpage\",\"url\":\"https:\/\/www.visit-ulcinj.com\/blog\/2015\/07\/07\/treci-zemljotres-za-10-sati-u-crnu-goru\/\",\"name\":\"Tre\u0107i zemljotres za 10 sati u Crnu Goru - Lajme nga Ulqini\",\"isPartOf\":{\"@id\":\"https:\/\/www.visit-ulcinj.com\/blog\/#website\"},\"primaryImageOfPage\":{\"@id\":\"https:\/\/www.visit-ulcinj.com\/blog\/2015\/07\/07\/treci-zemljotres-za-10-sati-u-crnu-goru\/#primaryimage\"},\"datePublished\":\"2015-07-07T08:09:49+00:00\",\"dateModified\":\"2015-07-07T09:33:46+00:00\",\"author\":{\"@id\":\"https:\/\/www.visit-ulcinj.com\/blog\/#\/schema\/person\/dcab619c614d3038751c63bc2aadc06d\"},\"description\":\"Tre\u0107i zemljotres koji se u razmaku od ne\u0161to vi\u0161e od 10 sati dogodio blizu Podgorice probudio je gra\u0111ane glavnog grada, Tuzi i okolnih naselja. Zemljotres\",\"breadcrumb\":{\"@id\":\"https:\/\/www.visit-ulcinj.com\/blog\/2015\/07\/07\/treci-zemljotres-za-10-sati-u-crnu-goru\/#breadcrumb\"},\"inLanguage\":\"en-US\",\"potentialAction\":[{\"@type\":\"ReadAction\",\"target\":[\"https:\/\/www.visit-ulcinj.com\/blog\/2015\/07\/07\/treci-zemljotres-za-10-sati-u-crnu-goru\/\"]}]},{\"@type\":\"BreadcrumbList\",\"@id\":\"https:\/\/www.visit-ulcinj.com\/blog\/2015\/07\/07\/treci-zemljotres-za-10-sati-u-crnu-goru\/#breadcrumb\",\"itemListElement\":[{\"@type\":\"ListItem\",\"position\":1,\"name\":\"Tre\u0107i zemljotres za 10 sati u Crnu Goru\"}]},{\"@type\":\"Person\",\"@id\":\"https:\/\/www.visit-ulcinj.com\/blog\/#\/schema\/person\/dcab619c614d3038751c63bc2aadc06d\",\"name\":\"ulqini\",\"sameAs\":[\"http:\/\/www.visit-ulcinj.com\"],\"url\":\"https:\/\/www.visit-ulcinj.com\/blog\/author\/admin\/\"}]}<\/script>\n<!-- \/ Yoast SEO plugin. -->","yoast_head_json":{"title":"Tre\u0107i zemljotres za 10 sati u Crnu Goru - Lajme nga Ulqini","description":"Tre\u0107i zemljotres koji se u razmaku od ne\u0161to vi\u0161e od 10 sati dogodio blizu Podgorice probudio je gra\u0111ane glavnog grada, Tuzi i okolnih naselja. Zemljotres","robots":{"index":"index","follow":"follow","max-snippet":"max-snippet:-1","max-image-preview":"max-image-preview:large","max-video-preview":"max-video-preview:-1"},"canonical":"https:\/\/www.visit-ulcinj.com\/blog\/2015\/07\/07\/treci-zemljotres-za-10-sati-u-crnu-goru\/","og_locale":"en_US","og_type":"article","og_title":"Tre\u0107i zemljotres za 10 sati u Crnu Goru - Lajme nga Ulqini","og_description":"Tre\u0107i zemljotres koji se u razmaku od ne\u0161to vi\u0161e od 10 sati dogodio blizu Podgorice probudio je gra\u0111ane glavnog grada, Tuzi i okolnih naselja. Zemljotres","og_url":"https:\/\/www.visit-ulcinj.com\/blog\/2015\/07\/07\/treci-zemljotres-za-10-sati-u-crnu-goru\/","og_site_name":"Lajme nga Ulqini","article_published_time":"2015-07-07T08:09:49+00:00","article_modified_time":"2015-07-07T09:33:46+00:00","og_image":[{"url":"http:\/\/www.visit-ulcinj.com\/blog\/wp-content\/uploads\/2015\/07\/epicentar-Tuzi-podgorica.gif"}],"twitter_misc":{"Written by":"ulqini","Est. reading time":"1 minute"},"schema":{"@context":"https:\/\/schema.org","@graph":[{"@type":"WebSite","@id":"https:\/\/www.visit-ulcinj.com\/blog\/#website","url":"https:\/\/www.visit-ulcinj.com\/blog\/","name":"Lajme nga Ulqini","description":"Lajme,Vijesti,Ulqini,Ulqin,Crna Gora,Mali i Zi","potentialAction":[{"@type":"SearchAction","target":{"@type":"EntryPoint","urlTemplate":"https:\/\/www.visit-ulcinj.com\/blog\/?s={search_term_string}"},"query-input":"required name=search_term_string"}],"inLanguage":"en-US"},{"@type":"ImageObject","inLanguage":"en-US","@id":"https:\/\/www.visit-ulcinj.com\/blog\/2015\/07\/07\/treci-zemljotres-za-10-sati-u-crnu-goru\/#primaryimage","url":"https:\/\/www.visit-ulcinj.com\/blog\/wp-content\/uploads\/2015\/07\/epicentar-Tuzi-podgorica.gif","contentUrl":"https:\/\/www.visit-ulcinj.com\/blog\/wp-content\/uploads\/2015\/07\/epicentar-Tuzi-podgorica.gif","width":952,"height":541},{"@type":"WebPage","@id":"https:\/\/www.visit-ulcinj.com\/blog\/2015\/07\/07\/treci-zemljotres-za-10-sati-u-crnu-goru\/#webpage","url":"https:\/\/www.visit-ulcinj.com\/blog\/2015\/07\/07\/treci-zemljotres-za-10-sati-u-crnu-goru\/","name":"Tre\u0107i zemljotres za 10 sati u Crnu Goru - Lajme nga Ulqini","isPartOf":{"@id":"https:\/\/www.visit-ulcinj.com\/blog\/#website"},"primaryImageOfPage":{"@id":"https:\/\/www.visit-ulcinj.com\/blog\/2015\/07\/07\/treci-zemljotres-za-10-sati-u-crnu-goru\/#primaryimage"},"datePublished":"2015-07-07T08:09:49+00:00","dateModified":"2015-07-07T09:33:46+00:00","author":{"@id":"https:\/\/www.visit-ulcinj.com\/blog\/#\/schema\/person\/dcab619c614d3038751c63bc2aadc06d"},"description":"Tre\u0107i zemljotres koji se u razmaku od ne\u0161to vi\u0161e od 10 sati dogodio blizu Podgorice probudio je gra\u0111ane glavnog grada, Tuzi i okolnih naselja. Zemljotres","breadcrumb":{"@id":"https:\/\/www.visit-ulcinj.com\/blog\/2015\/07\/07\/treci-zemljotres-za-10-sati-u-crnu-goru\/#breadcrumb"},"inLanguage":"en-US","potentialAction":[{"@type":"ReadAction","target":["https:\/\/www.visit-ulcinj.com\/blog\/2015\/07\/07\/treci-zemljotres-za-10-sati-u-crnu-goru\/"]}]},{"@type":"BreadcrumbList","@id":"https:\/\/www.visit-ulcinj.com\/blog\/2015\/07\/07\/treci-zemljotres-za-10-sati-u-crnu-goru\/#breadcrumb","itemListElement":[{"@type":"ListItem","position":1,"name":"Tre\u0107i zemljotres za 10 sati u Crnu Goru"}]},{"@type":"Person","@id":"https:\/\/www.visit-ulcinj.com\/blog\/#\/schema\/person\/dcab619c614d3038751c63bc2aadc06d","name":"ulqini","sameAs":["http:\/\/www.visit-ulcinj.com"],"url":"https:\/\/www.visit-ulcinj.com\/blog\/author\/admin\/"}]}},"jetpack_featured_media_url":"","jetpack_sharing_enabled":true,"jetpack_shortlink":"https:\/\/wp.me\/pe6lTn-nMy","_links":{"self":[{"href":"https:\/\/www.visit-ulcinj.com\/blog\/wp-json\/wp\/v2\/posts\/91422"}],"collection":[{"href":"https:\/\/www.visit-ulcinj.com\/blog\/wp-json\/wp\/v2\/posts"}],"about":[{"href":"https:\/\/www.visit-ulcinj.com\/blog\/wp-json\/wp\/v2\/types\/post"}],"author":[{"embeddable":true,"href":"https:\/\/www.visit-ulcinj.com\/blog\/wp-json\/wp\/v2\/users\/1"}],"replies":[{"embeddable":true,"href":"https:\/\/www.visit-ulcinj.com\/blog\/wp-json\/wp\/v2\/comments?post=91422"}],"version-history":[{"count":2,"href":"https:\/\/www.visit-ulcinj.com\/blog\/wp-json\/wp\/v2\/posts\/91422\/revisions"}],"predecessor-version":[{"id":91442,"href":"https:\/\/www.visit-ulcinj.com\/blog\/wp-json\/wp\/v2\/posts\/91422\/revisions\/91442"}],"wp:attachment":[{"href":"https:\/\/www.visit-ulcinj.com\/blog\/wp-json\/wp\/v2\/media?parent=91422"}],"wp:term":[{"taxonomy":"category","embeddable":true,"href":"https:\/\/www.visit-ulcinj.com\/blog\/wp-json\/wp\/v2\/categories?post=91422"},{"taxonomy":"post_tag","embeddable":true,"href":"https:\/\/www.visit-ulcinj.com\/blog\/wp-json\/wp\/v2\/tags?post=91422"}],"curies":[{"name":"wp","href":"https:\/\/api.w.org\/{rel}","templated":true}]}}