{"id":91436,"date":"2015-07-07T10:16:26","date_gmt":"2015-07-07T09:16:26","guid":{"rendered":"http:\/\/www.visit-ulcinj.com\/blog\/?p=91436"},"modified":"2015-07-07T10:18:12","modified_gmt":"2015-07-07T09:18:12","slug":"edelweiss-uvesce-let-na-relaciji-podgorica-cirih","status":"publish","type":"post","link":"https:\/\/www.visit-ulcinj.com\/blog\/2015\/07\/07\/edelweiss-uvesce-let-na-relaciji-podgorica-cirih\/","title":{"rendered":"Edelweiss uve\u0161\u0107e let na relaciji Podgorica\u2013Cirih"},"content":{"rendered":"<p><a href=\"http:\/\/www.visit-ulcinj.com\/blog\/wp-content\/uploads\/2015\/07\/Edelweiss-Air-Airbus-A330.jpg\"><img loading=\"lazy\" class=\"alignleft wp-image-91437\" src=\"http:\/\/www.visit-ulcinj.com\/blog\/wp-content\/uploads\/2015\/07\/Edelweiss-Air-Airbus-A330.jpg\" alt=\"Edelweiss-Air-Airbus-A330\" width=\"508\" height=\"295\" \/><\/a>Kako je navedeno na sajtu kompanije, prvi let je planiran za srijedu, kada bi avion iz Ciriha u Podgoricu trebalo da sleti u osam sati i 25 minuta.<\/p>\n<p>Tim povodom, Swiss International Air Lines (SWISS), partner avio kompanije Edelweiss i Aerodromi Crne Gore u srijedu organizuju konferenciju za novinare.<\/p>\n<p>\u201cPo\u010dev\u0161i sa ljetnjim redom letjenja za ovu godinu, avio kompanija Edelweiss tri puta sedmi\u010dno \u0107e saobra\u0107ati ka Crnoj Gori\u201d, saop\u0161teno je iz Aerodroma Crne Gore.<\/p>\n<p>Let na liniji Cirih\u2013Podgorica\u2013Cirih obavlja\u0107e se avionom tipa Airbus A320.<\/p>\n<p><strong>Izvor: TVCG<\/strong><\/p>\n<p><strong>Link: <\/strong><a href=\"https:\/\/www.flyedelweiss.com\/en\/pages\/home.aspx\" target=\"_blank\"><strong>https:\/\/www.flyedelweiss.com\/en\/pages\/home.asp<\/strong>x<\/a><\/p>\n","protected":false},"excerpt":{"rendered":"<p>Kako je navedeno na sajtu kompanije, prvi let je planiran za srijedu, kada bi avion iz Ciriha u Podgoricu trebalo da sleti u osam sati i 25 minuta. Tim povodom, Swiss International Air Lines (SWISS), partner avio kompanije Edelweiss i Aerodromi Crne Gore u srijedu organizuju konferenciju za novinare. \u201cPo\u010dev\u0161i sa ljetnjim redom letjenja za [&hellip;]<\/p>\n","protected":false},"author":1,"featured_media":0,"comment_status":"closed","ping_status":"closed","sticky":false,"template":"","format":"standard","meta":{"spay_email":"","jetpack_publicize_message":"","jetpack_is_tweetstorm":false,"jetpack_publicize_feature_enabled":true},"categories":[8337],"tags":[],"jetpack_publicize_connections":[],"yoast_head":"<!-- This site is optimized with the Yoast SEO plugin v19.1 - https:\/\/yoast.com\/wordpress\/plugins\/seo\/ -->\n<title>Edelweiss uve\u0161\u0107e let na relaciji Podgorica\u2013Cirih - Lajme nga Ulqini<\/title>\n<meta name=\"description\" content=\"Kako je navedeno na sajtu kompanije, prvi let je planiran za srijedu, kada bi avion iz Ciriha u Podgoricu trebalo da sleti u osam sati i 25 minuta. Tim\" \/>\n<meta name=\"robots\" content=\"index, follow, max-snippet:-1, max-image-preview:large, max-video-preview:-1\" \/>\n<link rel=\"canonical\" href=\"https:\/\/www.visit-ulcinj.com\/blog\/2015\/07\/07\/edelweiss-uvesce-let-na-relaciji-podgorica-cirih\/\" \/>\n<meta property=\"og:locale\" content=\"en_US\" \/>\n<meta property=\"og:type\" content=\"article\" \/>\n<meta property=\"og:title\" content=\"Edelweiss uve\u0161\u0107e let na relaciji Podgorica\u2013Cirih - Lajme nga Ulqini\" \/>\n<meta property=\"og:description\" content=\"Kako je navedeno na sajtu kompanije, prvi let je planiran za srijedu, kada bi avion iz Ciriha u Podgoricu trebalo da sleti u osam sati i 25 minuta. Tim\" \/>\n<meta property=\"og:url\" content=\"https:\/\/www.visit-ulcinj.com\/blog\/2015\/07\/07\/edelweiss-uvesce-let-na-relaciji-podgorica-cirih\/\" \/>\n<meta property=\"og:site_name\" content=\"Lajme nga Ulqini\" \/>\n<meta property=\"article:published_time\" content=\"2015-07-07T09:16:26+00:00\" \/>\n<meta property=\"article:modified_time\" content=\"2015-07-07T09:18:12+00:00\" \/>\n<meta property=\"og:image\" content=\"http:\/\/www.visit-ulcinj.com\/blog\/wp-content\/uploads\/2015\/07\/Edelweiss-Air-Airbus-A330.jpg\" \/>\n<meta name=\"twitter:label1\" content=\"Written by\" \/>\n\t<meta name=\"twitter:data1\" content=\"ulqini\" \/>\n\t<meta name=\"twitter:label2\" content=\"Est. reading time\" \/>\n\t<meta name=\"twitter:data2\" content=\"1 minute\" \/>\n<script type=\"application\/ld+json\" class=\"yoast-schema-graph\">{\"@context\":\"https:\/\/schema.org\",\"@graph\":[{\"@type\":\"WebSite\",\"@id\":\"https:\/\/www.visit-ulcinj.com\/blog\/#website\",\"url\":\"https:\/\/www.visit-ulcinj.com\/blog\/\",\"name\":\"Lajme nga Ulqini\",\"description\":\"Lajme,Vijesti,Ulqini,Ulqin,Crna Gora,Mali i Zi\",\"potentialAction\":[{\"@type\":\"SearchAction\",\"target\":{\"@type\":\"EntryPoint\",\"urlTemplate\":\"https:\/\/www.visit-ulcinj.com\/blog\/?s={search_term_string}\"},\"query-input\":\"required name=search_term_string\"}],\"inLanguage\":\"en-US\"},{\"@type\":\"ImageObject\",\"inLanguage\":\"en-US\",\"@id\":\"https:\/\/www.visit-ulcinj.com\/blog\/2015\/07\/07\/edelweiss-uvesce-let-na-relaciji-podgorica-cirih\/#primaryimage\",\"url\":\"http:\/\/www.visit-ulcinj.com\/blog\/wp-content\/uploads\/2015\/07\/Edelweiss-Air-Airbus-A330.jpg\",\"contentUrl\":\"http:\/\/www.visit-ulcinj.com\/blog\/wp-content\/uploads\/2015\/07\/Edelweiss-Air-Airbus-A330.jpg\"},{\"@type\":\"WebPage\",\"@id\":\"https:\/\/www.visit-ulcinj.com\/blog\/2015\/07\/07\/edelweiss-uvesce-let-na-relaciji-podgorica-cirih\/#webpage\",\"url\":\"https:\/\/www.visit-ulcinj.com\/blog\/2015\/07\/07\/edelweiss-uvesce-let-na-relaciji-podgorica-cirih\/\",\"name\":\"Edelweiss uve\u0161\u0107e let na relaciji Podgorica\u2013Cirih - Lajme nga Ulqini\",\"isPartOf\":{\"@id\":\"https:\/\/www.visit-ulcinj.com\/blog\/#website\"},\"primaryImageOfPage\":{\"@id\":\"https:\/\/www.visit-ulcinj.com\/blog\/2015\/07\/07\/edelweiss-uvesce-let-na-relaciji-podgorica-cirih\/#primaryimage\"},\"datePublished\":\"2015-07-07T09:16:26+00:00\",\"dateModified\":\"2015-07-07T09:18:12+00:00\",\"author\":{\"@id\":\"https:\/\/www.visit-ulcinj.com\/blog\/#\/schema\/person\/dcab619c614d3038751c63bc2aadc06d\"},\"description\":\"Kako je navedeno na sajtu kompanije, prvi let je planiran za srijedu, kada bi avion iz Ciriha u Podgoricu trebalo da sleti u osam sati i 25 minuta. Tim\",\"breadcrumb\":{\"@id\":\"https:\/\/www.visit-ulcinj.com\/blog\/2015\/07\/07\/edelweiss-uvesce-let-na-relaciji-podgorica-cirih\/#breadcrumb\"},\"inLanguage\":\"en-US\",\"potentialAction\":[{\"@type\":\"ReadAction\",\"target\":[\"https:\/\/www.visit-ulcinj.com\/blog\/2015\/07\/07\/edelweiss-uvesce-let-na-relaciji-podgorica-cirih\/\"]}]},{\"@type\":\"BreadcrumbList\",\"@id\":\"https:\/\/www.visit-ulcinj.com\/blog\/2015\/07\/07\/edelweiss-uvesce-let-na-relaciji-podgorica-cirih\/#breadcrumb\",\"itemListElement\":[{\"@type\":\"ListItem\",\"position\":1,\"name\":\"Edelweiss uve\u0161\u0107e let na relaciji Podgorica\u2013Cirih\"}]},{\"@type\":\"Person\",\"@id\":\"https:\/\/www.visit-ulcinj.com\/blog\/#\/schema\/person\/dcab619c614d3038751c63bc2aadc06d\",\"name\":\"ulqini\",\"sameAs\":[\"http:\/\/www.visit-ulcinj.com\"],\"url\":\"https:\/\/www.visit-ulcinj.com\/blog\/author\/admin\/\"}]}<\/script>\n<!-- \/ Yoast SEO plugin. -->","yoast_head_json":{"title":"Edelweiss uve\u0161\u0107e let na relaciji Podgorica\u2013Cirih - Lajme nga Ulqini","description":"Kako je navedeno na sajtu kompanije, prvi let je planiran za srijedu, kada bi avion iz Ciriha u Podgoricu trebalo da sleti u osam sati i 25 minuta. Tim","robots":{"index":"index","follow":"follow","max-snippet":"max-snippet:-1","max-image-preview":"max-image-preview:large","max-video-preview":"max-video-preview:-1"},"canonical":"https:\/\/www.visit-ulcinj.com\/blog\/2015\/07\/07\/edelweiss-uvesce-let-na-relaciji-podgorica-cirih\/","og_locale":"en_US","og_type":"article","og_title":"Edelweiss uve\u0161\u0107e let na relaciji Podgorica\u2013Cirih - Lajme nga Ulqini","og_description":"Kako je navedeno na sajtu kompanije, prvi let je planiran za srijedu, kada bi avion iz Ciriha u Podgoricu trebalo da sleti u osam sati i 25 minuta. Tim","og_url":"https:\/\/www.visit-ulcinj.com\/blog\/2015\/07\/07\/edelweiss-uvesce-let-na-relaciji-podgorica-cirih\/","og_site_name":"Lajme nga Ulqini","article_published_time":"2015-07-07T09:16:26+00:00","article_modified_time":"2015-07-07T09:18:12+00:00","og_image":[{"url":"http:\/\/www.visit-ulcinj.com\/blog\/wp-content\/uploads\/2015\/07\/Edelweiss-Air-Airbus-A330.jpg"}],"twitter_misc":{"Written by":"ulqini","Est. reading time":"1 minute"},"schema":{"@context":"https:\/\/schema.org","@graph":[{"@type":"WebSite","@id":"https:\/\/www.visit-ulcinj.com\/blog\/#website","url":"https:\/\/www.visit-ulcinj.com\/blog\/","name":"Lajme nga Ulqini","description":"Lajme,Vijesti,Ulqini,Ulqin,Crna Gora,Mali i Zi","potentialAction":[{"@type":"SearchAction","target":{"@type":"EntryPoint","urlTemplate":"https:\/\/www.visit-ulcinj.com\/blog\/?s={search_term_string}"},"query-input":"required name=search_term_string"}],"inLanguage":"en-US"},{"@type":"ImageObject","inLanguage":"en-US","@id":"https:\/\/www.visit-ulcinj.com\/blog\/2015\/07\/07\/edelweiss-uvesce-let-na-relaciji-podgorica-cirih\/#primaryimage","url":"http:\/\/www.visit-ulcinj.com\/blog\/wp-content\/uploads\/2015\/07\/Edelweiss-Air-Airbus-A330.jpg","contentUrl":"http:\/\/www.visit-ulcinj.com\/blog\/wp-content\/uploads\/2015\/07\/Edelweiss-Air-Airbus-A330.jpg"},{"@type":"WebPage","@id":"https:\/\/www.visit-ulcinj.com\/blog\/2015\/07\/07\/edelweiss-uvesce-let-na-relaciji-podgorica-cirih\/#webpage","url":"https:\/\/www.visit-ulcinj.com\/blog\/2015\/07\/07\/edelweiss-uvesce-let-na-relaciji-podgorica-cirih\/","name":"Edelweiss uve\u0161\u0107e let na relaciji Podgorica\u2013Cirih - Lajme nga Ulqini","isPartOf":{"@id":"https:\/\/www.visit-ulcinj.com\/blog\/#website"},"primaryImageOfPage":{"@id":"https:\/\/www.visit-ulcinj.com\/blog\/2015\/07\/07\/edelweiss-uvesce-let-na-relaciji-podgorica-cirih\/#primaryimage"},"datePublished":"2015-07-07T09:16:26+00:00","dateModified":"2015-07-07T09:18:12+00:00","author":{"@id":"https:\/\/www.visit-ulcinj.com\/blog\/#\/schema\/person\/dcab619c614d3038751c63bc2aadc06d"},"description":"Kako je navedeno na sajtu kompanije, prvi let je planiran za srijedu, kada bi avion iz Ciriha u Podgoricu trebalo da sleti u osam sati i 25 minuta. Tim","breadcrumb":{"@id":"https:\/\/www.visit-ulcinj.com\/blog\/2015\/07\/07\/edelweiss-uvesce-let-na-relaciji-podgorica-cirih\/#breadcrumb"},"inLanguage":"en-US","potentialAction":[{"@type":"ReadAction","target":["https:\/\/www.visit-ulcinj.com\/blog\/2015\/07\/07\/edelweiss-uvesce-let-na-relaciji-podgorica-cirih\/"]}]},{"@type":"BreadcrumbList","@id":"https:\/\/www.visit-ulcinj.com\/blog\/2015\/07\/07\/edelweiss-uvesce-let-na-relaciji-podgorica-cirih\/#breadcrumb","itemListElement":[{"@type":"ListItem","position":1,"name":"Edelweiss uve\u0161\u0107e let na relaciji Podgorica\u2013Cirih"}]},{"@type":"Person","@id":"https:\/\/www.visit-ulcinj.com\/blog\/#\/schema\/person\/dcab619c614d3038751c63bc2aadc06d","name":"ulqini","sameAs":["http:\/\/www.visit-ulcinj.com"],"url":"https:\/\/www.visit-ulcinj.com\/blog\/author\/admin\/"}]}},"jetpack_featured_media_url":"","jetpack_sharing_enabled":true,"jetpack_shortlink":"https:\/\/wp.me\/pe6lTn-nMM","_links":{"self":[{"href":"https:\/\/www.visit-ulcinj.com\/blog\/wp-json\/wp\/v2\/posts\/91436"}],"collection":[{"href":"https:\/\/www.visit-ulcinj.com\/blog\/wp-json\/wp\/v2\/posts"}],"about":[{"href":"https:\/\/www.visit-ulcinj.com\/blog\/wp-json\/wp\/v2\/types\/post"}],"author":[{"embeddable":true,"href":"https:\/\/www.visit-ulcinj.com\/blog\/wp-json\/wp\/v2\/users\/1"}],"replies":[{"embeddable":true,"href":"https:\/\/www.visit-ulcinj.com\/blog\/wp-json\/wp\/v2\/comments?post=91436"}],"version-history":[{"count":2,"href":"https:\/\/www.visit-ulcinj.com\/blog\/wp-json\/wp\/v2\/posts\/91436\/revisions"}],"predecessor-version":[{"id":91439,"href":"https:\/\/www.visit-ulcinj.com\/blog\/wp-json\/wp\/v2\/posts\/91436\/revisions\/91439"}],"wp:attachment":[{"href":"https:\/\/www.visit-ulcinj.com\/blog\/wp-json\/wp\/v2\/media?parent=91436"}],"wp:term":[{"taxonomy":"category","embeddable":true,"href":"https:\/\/www.visit-ulcinj.com\/blog\/wp-json\/wp\/v2\/categories?post=91436"},{"taxonomy":"post_tag","embeddable":true,"href":"https:\/\/www.visit-ulcinj.com\/blog\/wp-json\/wp\/v2\/tags?post=91436"}],"curies":[{"name":"wp","href":"https:\/\/api.w.org\/{rel}","templated":true}]}}